{"id":110173,"date":"2018-08-04T08:44:54","date_gmt":"2018-08-04T06:44:54","guid":{"rendered":"https:\/\/www.prijedordanas.com\/?p=110173"},"modified":"2018-08-04T08:44:54","modified_gmt":"2018-08-04T06:44:54","slug":"na-pet-direktorskih-mjesta-prijavljeno-sedam-kandidata","status":"publish","type":"post","link":"https:\/\/www.prijedordanas.com\/?p=110173","title":{"rendered":"NA PET DIREKTORSKIH MJESTA PRIJAVLJENO SEDAM KANDIDATA"},"content":{"rendered":"<p><a href=\"https:\/\/www.prijedordanas.com\/wp-content\/uploads\/2018\/08\/zamisliba-skupstina-grada-prijedora-novi-stari-direktori.jpg\"><img loading=\"lazy\" decoding=\"async\" src=\"https:\/\/www.prijedordanas.com\/wp-content\/uploads\/2018\/08\/zamisliba-skupstina-grada-prijedora-novi-stari-direktori-300x225.jpg\" alt=\"\" width=\"300\" height=\"225\" class=\"alignleft size-medium wp-image-110174\" srcset=\"https:\/\/www.prijedordanas.com\/wp-content\/uploads\/2018\/08\/zamisliba-skupstina-grada-prijedora-novi-stari-direktori-300x225.jpg 300w, https:\/\/www.prijedordanas.com\/wp-content\/uploads\/2018\/08\/zamisliba-skupstina-grada-prijedora-novi-stari-direktori-100x75.jpg 100w, https:\/\/www.prijedordanas.com\/wp-content\/uploads\/2018\/08\/zamisliba-skupstina-grada-prijedora-novi-stari-direktori-640x480.jpg 640w, https:\/\/www.prijedordanas.com\/wp-content\/uploads\/2018\/08\/zamisliba-skupstina-grada-prijedora-novi-stari-direktori.jpg 667w\" sizes=\"(max-width: 300px) 100vw, 300px\" \/><\/a>Na konkurs za \u010dista\u010dice te 2008. godine u novoj zgradi Vlade Republike Srpske, prijavilo se 1.200 osoba. Primalo se 30. Milorad Dodik, u to vrijeme bio je premijer, opet morao promijeniti broj telefona.<\/p>\n<p>Grad Prijedor jedne godine bio raspisao konkurs za vi\u0161e desetina radnih mjesta, \u0161to u samoj gradskoj administraciji, \u0161to u ustanovama i organizacijama koje je grad osnovao. Prijavilo se vi\u0161e stotina kandidata. Tada\u0161nji gradona\u010delnik isto morao promijeniti broj telefona.<\/p>\n<p>U maju ove godine, raspisan je javni konkurs za direktore pet javnih ustanova \u010diji je osniva\u010d grad Prijedor. Broj prijavljenih kandidata je sedam. Bi\u0107e da niko nije morao mijenjati broj telefona.<\/p>\n<p>Ko prati redovno sjednice lokalnog parlamenta, sjeti\u0107e se i situacija jedan na jedan gdje se na svaku raspisanu funkciju prijavljivao samo po jedan kandidat. \u010cime se institucija javnog konkursa obesmi\u0161ljava, a demokratija ni ne poku\u0161ava odglumiti.<\/p>\n<p>Mogu se sjetiti samo jedne diskusije protiv ovakve prakse za ovih 16 godina, koliko pratim rad prijedorske skup\u0161tine. Do\u0161la je od jednog tada opozicionog odbornika prilikom jednog od imenovanja na\u010delnika op\u0161tinskih odjeljenja gdje je broj prijavljenih kandidata bio za samo jedan ve\u0107i od broja raspisanih funkcija. Namjerno ne navodim ime ni stranku odbornika jer ne postoji nikakav pokazatelj da se isto ne de\u0161ava u lokalnim zajednicama u kojima je stranka iz koje on dolazi na vlasti. Odgovor vladaju\u0107ih bio je jednako glup koliko i svako ko bi u njega povjerovao: konkurs je bio javan, otvoren za sve, mogao se prijaviti ko je htio, mi ne znamo za\u0161to se nije prijavilo vi\u0161e kandidata.<\/p>\n<p>Ovaj put, od pet gradskih javnih ustanova za tri su konkurisali samo aktuelni direktori koji tu du\u017enost obavljaju u vi\u0161e mandata i sada su ponovo imenovani na \u010detiri godine. To su Turisti\u010dka organizacija, Dom zdravlja i Gradska apoteka na \u010dijem \u010delu ostaju Amira Gani\u0107, Slavica Popovi\u0107 i Milan Kubat.<\/p>\n<p>Za direktora Galerije Sreten Stojanovi\u0107, osim Tihomira Ilija\u0161evi\u0107a koji je na toj funkciji od 2006. godine, konkurisao je jo\u0161 jedan kandidat (u materijalima se na navodi ime), ali je Komisija za izbor i imenovanje bila stava da on ne ispunjava uslove konkursa.<\/p>\n<p>Za kino \u201eKozara\u201c, konkurisale su dosada\u0161nja direktorica Safira Karahod\u017ei\u0107 i Anita Hod\u017ei\u0107, koja je i imenovana, budu\u0107i da, kako navodi Komisija za izbor i imenovanje, \u201edruga kandidatkinja nije pristupila zakazanom intervjuu\u201c. U rje\u0161enjima o imenovanju novih\/starih direktora, koje su odbornici usvojili jednoglasno i bez diskusije, ne pi\u0161e da je do jedine kadrovske promjene do\u0161lo zato \u0161to je u ovom sazivu ne\u0161to druga\u010diji omjer snaga partija iz kojih dolaze kandidatkinje. I Safirin SDP BiH i Anitin SDA u pro\u0161lom su sazivu imali po dva odbornika, dok je u sada\u0161njem 3:1 za Anitine. \u2018Ta \u0107e konkurs\u2026<\/p>\n<p>Za razliku od ovih pet imenovanja, gdje se sa statusa vr\u0161ioca du\u017enosti pre\u0161lo na pune mandate, u druga dva slu\u010daja razmatrana na ju\u010dera\u0161njoj sjednici napravljen je presedan gdje su se nedavna imenovanja dvojice funkcionera obnovila, ali opet u v.d. statusu, a ne u punom mandatu. Prvi \u010dovjek Prijedora, gradona\u010delnik Milenko \u0110akovi\u0107, objasnio je to ovako:<\/p>\n<p>\u201ePo po\u010detnom dogovoru za odre\u0111ena lica koja imenujemo na funkcije kao vr\u0161ioce du\u017enosti, ja sam definisao stav, kao ovla\u0161teno lice za predlaganje, da \u0107e za sva ova lica napraviti se prostor za takozvani testni rad. Po\u0161to su ovo bitni poslovi koji se obavaljaju pokazivanjem i dokazivanjem na poslu, oni koji ispune te kriterijume na kraju \u0107emo ih definisati i predlo\u017eiti za rje\u0161avanje kompeltnog trajnog rje\u0161enja na tim poslovima.\u201c<\/p>\n<p>Tako jeTihomir Timarac imenovan za vr\u0161ioca du\u017enosti na\u010delnika Odjeljenja za saobra\u0107aj, komunalne poslove i za\u0161titu \u017eivotne sredine i imovinsko-stambene poslove (na tu du\u017enost imenovan je po\u010detkom marta nakon \u0161to je smijenjen Radan Vukadinovi\u0107), a Aleksandar Drlja\u010da za vr\u0161ioca du\u017enosti direktora Agencije za ekonomski razvoj \u201ePREDA-PD\u201c (na tu du\u017enost imenovan je krajem maja nakon \u0161to je smijenjen Mi\u0161o Relji\u0107). Timar\u010devo imenovanje bilo je na dnevnom redu, dok je Drlja\u010dino uba\u010deno naknadno. Obojici je dat rok od 90 dana da se doka\u017eu. Po\u010dev od danas pa za vrijeme i nakon predizborne kampanje. Po skliskom terenu i u rovito vrijeme. Sve kako i stoji u op\u0161tim i posebnim uslovima konkursa.<\/p>\n<p>Zamisli.ba<\/p>\n","protected":false},"excerpt":{"rendered":"<p>Na konkurs za \u010dista\u010dice te 2008. godine u novoj zgradi Vlade Republike Srpske, prijavilo se 1.200 osoba. Primalo se 30. Milorad Dodik, u to vrijeme bio je premijer, opet morao [&hellip;]<\/p>\n","protected":false},"author":1,"featured_media":0,"comment_status":"closed","ping_status":"open","sticky":false,"template":"","format":"standard","meta":{"_monsterinsights_skip_tracking":false,"_monsterinsights_sitenote_active":false,"_monsterinsights_sitenote_note":"","_monsterinsights_sitenote_category":0,"footnotes":""},"categories":[4],"tags":[],"yoast_head":"<!-- This site is optimized with the Yoast SEO plugin v21.6 - https:\/\/yoast.com\/wordpress\/plugins\/seo\/ -->\n<title>NA PET DIREKTORSKIH MJESTA PRIJAVLJENO SEDAM KANDIDATA - PrijedorDanas.com - Prijedorski gradski portal<\/title>\n<meta name=\"robots\" content=\"index, follow, max-snippet:-1, max-image-preview:large, max-video-preview:-1\" \/>\n<link rel=\"canonical\" href=\"https:\/\/www.prijedordanas.com\/?p=110173\" \/>\n<meta property=\"og:locale\" content=\"en_US\" \/>\n<meta property=\"og:type\" content=\"article\" \/>\n<meta property=\"og:title\" content=\"NA PET DIREKTORSKIH MJESTA PRIJAVLJENO SEDAM KANDIDATA - PrijedorDanas.com - Prijedorski gradski portal\" \/>\n<meta property=\"og:description\" content=\"Na konkurs za \u010dista\u010dice te 2008. godine u novoj zgradi Vlade Republike Srpske, prijavilo se 1.200 osoba. Primalo se 30. Milorad Dodik, u to vrijeme bio je premijer, opet morao [&hellip;]\" \/>\n<meta property=\"og:url\" content=\"https:\/\/www.prijedordanas.com\/?p=110173\" \/>\n<meta property=\"og:site_name\" content=\"PrijedorDanas.com - Prijedorski gradski portal\" \/>\n<meta property=\"article:publisher\" content=\"https:\/\/www.facebook.com\/PrijedorDanasCom\/\" \/>\n<meta property=\"article:published_time\" content=\"2018-08-04T06:44:54+00:00\" \/>\n<meta property=\"og:image\" content=\"https:\/\/www.prijedordanas.com\/wp-content\/uploads\/2018\/08\/zamisliba-skupstina-grada-prijedora-novi-stari-direktori-300x225.jpg\" \/>\n<meta name=\"author\" content=\"admin\" \/>\n<meta name=\"twitter:card\" content=\"summary_large_image\" \/>\n<meta name=\"twitter:label1\" content=\"Written by\" \/>\n\t<meta name=\"twitter:data1\" content=\"admin\" \/>\n\t<meta name=\"twitter:label2\" content=\"Est. reading time\" \/>\n\t<meta name=\"twitter:data2\" content=\"4 minutes\" \/>\n<script type=\"application\/ld+json\" class=\"yoast-schema-graph\">{\"@context\":\"https:\/\/schema.org\",\"@graph\":[{\"@type\":\"Article\",\"@id\":\"https:\/\/www.prijedordanas.com\/?p=110173#article\",\"isPartOf\":{\"@id\":\"https:\/\/www.prijedordanas.com\/?p=110173\"},\"author\":{\"name\":\"admin\",\"@id\":\"https:\/\/www.prijedordanas.com\/#\/schema\/person\/4e08ccf29b506ca916ff86d46bb700e6\"},\"headline\":\"NA PET DIREKTORSKIH MJESTA PRIJAVLJENO SEDAM KANDIDATA\",\"datePublished\":\"2018-08-04T06:44:54+00:00\",\"dateModified\":\"2018-08-04T06:44:54+00:00\",\"mainEntityOfPage\":{\"@id\":\"https:\/\/www.prijedordanas.com\/?p=110173\"},\"wordCount\":737,\"publisher\":{\"@id\":\"https:\/\/www.prijedordanas.com\/#organization\"},\"articleSection\":[\"Dru\u0161tvo\"],\"inLanguage\":\"en-US\"},{\"@type\":\"WebPage\",\"@id\":\"https:\/\/www.prijedordanas.com\/?p=110173\",\"url\":\"https:\/\/www.prijedordanas.com\/?p=110173\",\"name\":\"NA PET DIREKTORSKIH MJESTA PRIJAVLJENO SEDAM KANDIDATA - PrijedorDanas.com - Prijedorski gradski portal\",\"isPartOf\":{\"@id\":\"https:\/\/www.prijedordanas.com\/#website\"},\"datePublished\":\"2018-08-04T06:44:54+00:00\",\"dateModified\":\"2018-08-04T06:44:54+00:00\",\"breadcrumb\":{\"@id\":\"https:\/\/www.prijedordanas.com\/?p=110173#breadcrumb\"},\"inLanguage\":\"en-US\",\"potentialAction\":[{\"@type\":\"ReadAction\",\"target\":[\"https:\/\/www.prijedordanas.com\/?p=110173\"]}]},{\"@type\":\"BreadcrumbList\",\"@id\":\"https:\/\/www.prijedordanas.com\/?p=110173#breadcrumb\",\"itemListElement\":[{\"@type\":\"ListItem\",\"position\":1,\"name\":\"Home\",\"item\":\"https:\/\/www.prijedordanas.com\/\"},{\"@type\":\"ListItem\",\"position\":2,\"name\":\"NA PET DIREKTORSKIH MJESTA PRIJAVLJENO SEDAM KANDIDATA\"}]},{\"@type\":\"WebSite\",\"@id\":\"https:\/\/www.prijedordanas.com\/#website\",\"url\":\"https:\/\/www.prijedordanas.com\/\",\"name\":\"PrijedorDanas.com - Prijedorski gradski portal\",\"description\":\"Portal o doga\u0111anjima u gradu Prijedoru\",\"publisher\":{\"@id\":\"https:\/\/www.prijedordanas.com\/#organization\"},\"potentialAction\":[{\"@type\":\"SearchAction\",\"target\":{\"@type\":\"EntryPoint\",\"urlTemplate\":\"https:\/\/www.prijedordanas.com\/?s={search_term_string}\"},\"query-input\":\"required name=search_term_string\"}],\"inLanguage\":\"en-US\"},{\"@type\":\"Organization\",\"@id\":\"https:\/\/www.prijedordanas.com\/#organization\",\"name\":\"PrijedorDanas.com\",\"url\":\"https:\/\/www.prijedordanas.com\/\",\"logo\":{\"@type\":\"ImageObject\",\"inLanguage\":\"en-US\",\"@id\":\"https:\/\/www.prijedordanas.com\/#\/schema\/logo\/image\/\",\"url\":\"http:\/\/www.prijedordanas.com\/wp-content\/uploads\/2021\/12\/logopng.png\",\"contentUrl\":\"http:\/\/www.prijedordanas.com\/wp-content\/uploads\/2021\/12\/logopng.png\",\"width\":1019,\"height\":776,\"caption\":\"PrijedorDanas.com\"},\"image\":{\"@id\":\"https:\/\/www.prijedordanas.com\/#\/schema\/logo\/image\/\"},\"sameAs\":[\"https:\/\/www.facebook.com\/PrijedorDanasCom\/\"]},{\"@type\":\"Person\",\"@id\":\"https:\/\/www.prijedordanas.com\/#\/schema\/person\/4e08ccf29b506ca916ff86d46bb700e6\",\"name\":\"admin\",\"image\":{\"@type\":\"ImageObject\",\"inLanguage\":\"en-US\",\"@id\":\"https:\/\/www.prijedordanas.com\/#\/schema\/person\/image\/\",\"url\":\"https:\/\/secure.gravatar.com\/avatar\/1d3fc949d550f0b53a5f0d51e06dfd79?s=96&d=mm&r=g\",\"contentUrl\":\"https:\/\/secure.gravatar.com\/avatar\/1d3fc949d550f0b53a5f0d51e06dfd79?s=96&d=mm&r=g\",\"caption\":\"admin\"},\"url\":\"https:\/\/www.prijedordanas.com\/?author=1\"}]}<\/script>\n<!-- \/ Yoast SEO plugin. -->","yoast_head_json":{"title":"NA PET DIREKTORSKIH MJESTA PRIJAVLJENO SEDAM KANDIDATA - PrijedorDanas.com - Prijedorski gradski portal","robots":{"index":"index","follow":"follow","max-snippet":"max-snippet:-1","max-image-preview":"max-image-preview:large","max-video-preview":"max-video-preview:-1"},"canonical":"https:\/\/www.prijedordanas.com\/?p=110173","og_locale":"en_US","og_type":"article","og_title":"NA PET DIREKTORSKIH MJESTA PRIJAVLJENO SEDAM KANDIDATA - PrijedorDanas.com - Prijedorski gradski portal","og_description":"Na konkurs za \u010dista\u010dice te 2008. godine u novoj zgradi Vlade Republike Srpske, prijavilo se 1.200 osoba. Primalo se 30. Milorad Dodik, u to vrijeme bio je premijer, opet morao [&hellip;]","og_url":"https:\/\/www.prijedordanas.com\/?p=110173","og_site_name":"PrijedorDanas.com - Prijedorski gradski portal","article_publisher":"https:\/\/www.facebook.com\/PrijedorDanasCom\/","article_published_time":"2018-08-04T06:44:54+00:00","og_image":[{"url":"https:\/\/www.prijedordanas.com\/wp-content\/uploads\/2018\/08\/zamisliba-skupstina-grada-prijedora-novi-stari-direktori-300x225.jpg"}],"author":"admin","twitter_card":"summary_large_image","twitter_misc":{"Written by":"admin","Est. reading time":"4 minutes"},"schema":{"@context":"https:\/\/schema.org","@graph":[{"@type":"Article","@id":"https:\/\/www.prijedordanas.com\/?p=110173#article","isPartOf":{"@id":"https:\/\/www.prijedordanas.com\/?p=110173"},"author":{"name":"admin","@id":"https:\/\/www.prijedordanas.com\/#\/schema\/person\/4e08ccf29b506ca916ff86d46bb700e6"},"headline":"NA PET DIREKTORSKIH MJESTA PRIJAVLJENO SEDAM KANDIDATA","datePublished":"2018-08-04T06:44:54+00:00","dateModified":"2018-08-04T06:44:54+00:00","mainEntityOfPage":{"@id":"https:\/\/www.prijedordanas.com\/?p=110173"},"wordCount":737,"publisher":{"@id":"https:\/\/www.prijedordanas.com\/#organization"},"articleSection":["Dru\u0161tvo"],"inLanguage":"en-US"},{"@type":"WebPage","@id":"https:\/\/www.prijedordanas.com\/?p=110173","url":"https:\/\/www.prijedordanas.com\/?p=110173","name":"NA PET DIREKTORSKIH MJESTA PRIJAVLJENO SEDAM KANDIDATA - PrijedorDanas.com - Prijedorski gradski portal","isPartOf":{"@id":"https:\/\/www.prijedordanas.com\/#website"},"datePublished":"2018-08-04T06:44:54+00:00","dateModified":"2018-08-04T06:44:54+00:00","breadcrumb":{"@id":"https:\/\/www.prijedordanas.com\/?p=110173#breadcrumb"},"inLanguage":"en-US","potentialAction":[{"@type":"ReadAction","target":["https:\/\/www.prijedordanas.com\/?p=110173"]}]},{"@type":"BreadcrumbList","@id":"https:\/\/www.prijedordanas.com\/?p=110173#breadcrumb","itemListElement":[{"@type":"ListItem","position":1,"name":"Home","item":"https:\/\/www.prijedordanas.com\/"},{"@type":"ListItem","position":2,"name":"NA PET DIREKTORSKIH MJESTA PRIJAVLJENO SEDAM KANDIDATA"}]},{"@type":"WebSite","@id":"https:\/\/www.prijedordanas.com\/#website","url":"https:\/\/www.prijedordanas.com\/","name":"PrijedorDanas.com - Prijedorski gradski portal","description":"Portal o doga\u0111anjima u gradu Prijedoru","publisher":{"@id":"https:\/\/www.prijedordanas.com\/#organization"},"potentialAction":[{"@type":"SearchAction","target":{"@type":"EntryPoint","urlTemplate":"https:\/\/www.prijedordanas.com\/?s={search_term_string}"},"query-input":"required name=search_term_string"}],"inLanguage":"en-US"},{"@type":"Organization","@id":"https:\/\/www.prijedordanas.com\/#organization","name":"PrijedorDanas.com","url":"https:\/\/www.prijedordanas.com\/","logo":{"@type":"ImageObject","inLanguage":"en-US","@id":"https:\/\/www.prijedordanas.com\/#\/schema\/logo\/image\/","url":"http:\/\/www.prijedordanas.com\/wp-content\/uploads\/2021\/12\/logopng.png","contentUrl":"http:\/\/www.prijedordanas.com\/wp-content\/uploads\/2021\/12\/logopng.png","width":1019,"height":776,"caption":"PrijedorDanas.com"},"image":{"@id":"https:\/\/www.prijedordanas.com\/#\/schema\/logo\/image\/"},"sameAs":["https:\/\/www.facebook.com\/PrijedorDanasCom\/"]},{"@type":"Person","@id":"https:\/\/www.prijedordanas.com\/#\/schema\/person\/4e08ccf29b506ca916ff86d46bb700e6","name":"admin","image":{"@type":"ImageObject","inLanguage":"en-US","@id":"https:\/\/www.prijedordanas.com\/#\/schema\/person\/image\/","url":"https:\/\/secure.gravatar.com\/avatar\/1d3fc949d550f0b53a5f0d51e06dfd79?s=96&d=mm&r=g","contentUrl":"https:\/\/secure.gravatar.com\/avatar\/1d3fc949d550f0b53a5f0d51e06dfd79?s=96&d=mm&r=g","caption":"admin"},"url":"https:\/\/www.prijedordanas.com\/?author=1"}]}},"_links":{"self":[{"href":"https:\/\/www.prijedordanas.com\/index.php?rest_route=\/wp\/v2\/posts\/110173"}],"collection":[{"href":"https:\/\/www.prijedordanas.com\/index.php?rest_route=\/wp\/v2\/posts"}],"about":[{"href":"https:\/\/www.prijedordanas.com\/index.php?rest_route=\/wp\/v2\/types\/post"}],"author":[{"embeddable":true,"href":"https:\/\/www.prijedordanas.com\/index.php?rest_route=\/wp\/v2\/users\/1"}],"replies":[{"embeddable":true,"href":"https:\/\/www.prijedordanas.com\/index.php?rest_route=%2Fwp%2Fv2%2Fcomments&post=110173"}],"version-history":[{"count":1,"href":"https:\/\/www.prijedordanas.com\/index.php?rest_route=\/wp\/v2\/posts\/110173\/revisions"}],"predecessor-version":[{"id":110175,"href":"https:\/\/www.prijedordanas.com\/index.php?rest_route=\/wp\/v2\/posts\/110173\/revisions\/110175"}],"wp:attachment":[{"href":"https:\/\/www.prijedordanas.com\/index.php?rest_route=%2Fwp%2Fv2%2Fmedia&parent=110173"}],"wp:term":[{"taxonomy":"category","embeddable":true,"href":"https:\/\/www.prijedordanas.com\/index.php?rest_route=%2Fwp%2Fv2%2Fcategories&post=110173"},{"taxonomy":"post_tag","embeddable":true,"href":"https:\/\/www.prijedordanas.com\/index.php?rest_route=%2Fwp%2Fv2%2Ftags&post=110173"}],"curies":[{"name":"wp","href":"https:\/\/api.w.org\/{rel}","templated":true}]}}