{"id":109965,"date":"2018-07-31T21:13:22","date_gmt":"2018-07-31T19:13:22","guid":{"rendered":"https:\/\/www.prijedordanas.com\/?p=109965"},"modified":"2018-07-31T21:13:22","modified_gmt":"2018-07-31T19:13:22","slug":"trodnevna-manifestacija-kozara-puls-fest-ove-godine-s-novim-konceptom-video","status":"publish","type":"post","link":"https:\/\/www.prijedordanas.com\/?p=109965","title":{"rendered":"TRODNEVNA MANIFESTACIJA \u201eKOZARA PULS FEST\u201c OVE GODINE S NOVIM KONCEPTOM &#8211; VIDEO"},"content":{"rendered":"<p><a href=\"https:\/\/www.prijedordanas.com\/wp-content\/uploads\/2018\/07\/rtrs-kpf-treci-dan.jpg\"><img loading=\"lazy\" decoding=\"async\" src=\"https:\/\/www.prijedordanas.com\/wp-content\/uploads\/2018\/07\/rtrs-kpf-treci-dan-300x217.jpg\" alt=\"\" width=\"300\" height=\"217\" class=\"alignleft size-medium wp-image-109966\" srcset=\"https:\/\/www.prijedordanas.com\/wp-content\/uploads\/2018\/07\/rtrs-kpf-treci-dan-300x217.jpg 300w, https:\/\/www.prijedordanas.com\/wp-content\/uploads\/2018\/07\/rtrs-kpf-treci-dan-100x72.jpg 100w, https:\/\/www.prijedordanas.com\/wp-content\/uploads\/2018\/07\/rtrs-kpf-treci-dan.jpg 690w\" sizes=\"(max-width: 300px) 100vw, 300px\" \/><\/a>Trodnevna manifestacija &#8220;Kozara puls fest&#8221; ove godine s novim konceptom. Dvodnevni muzi\u010dki spaktakl, prire\u0111en je za muzi\u010dke sladokusce, dok je danas, tre\u0107eg dana manifestacije, odr\u017ean sajam, doma\u0107ih proizvo\u0111a\u010da hrane i pi\u0107a.<\/p>\n<p>Nakon dvije ve\u010deri dobre zabave uz brojne rok i pop izvo\u0111a\u010de, s prostora cijele biv\u0161e \u0408ugoslavije, danas su se svi gosti na Kozari, mogli osvje\u017eiti uz hranu i pi\u0107e \u2013 doma\u0107e proizvode ovda\u0161njih malih i ve\u0107ih proizvo\u0111a\u010da. <\/p>\n<p>&#8220;Imam sok od aronije, hladno cije\u0111eni sto posto prirodni. Imam svje\u017eu aroniju, \u010daj od aronije&#8221;, naveo je izlaga\u010d iz Prijedora Ranko \u0110urica.<\/p>\n<p>&#8220;Veoma zna\u010dajnoje \u0161to predstavljamo svoje proizvode&#8221;, rekao je izlaga\u010d iz Prijedora Stojan Peji\u0107.<\/p>\n<p>&#8220;Danas predstavljamo dio na\u0161e proizvodnje i svakako da svaka prezentacija i upoznavanje ljudi sa apsolutno doma\u0107im proizvodom mo\u017ee i mora da bude sa dobrim odazivom&#8221;, izjavila je izlaga\u010d iz \u0408apre, Novi Grad Nada Ne\u0161kovi\u0107 Rajili\u0107.<\/p>\n<p>Cilj sajma hrane i pi\u0107a jeste promocija doma\u0107ih proizvo\u0111a\u010da koji nastoje da razviju svoje brendove. <\/p>\n<p>&#8220;Kako festival raste, kako broj posjetilaca raste, tako i medijska pa\u017enja raste. Da ih poklonimo na\u0161im doma\u0107im proizvo\u0111a\u010dima, pospje\u0161imo njihov razvoj i njihovu prodaju&#8221;, naveo je organizator manifestacije &#8220;Kozara Puls Fest&#8221; Dra\u017een Vrhovac.<\/p>\n<p>Pokazatelj uspjeha ove manifestacije jeste popunjenost svih izlo\u017ebenih kapaciteta. Sve to dodatni je plus za kraji\u0161ku ljepoticu. <\/p>\n<p>&#8220;Svaka manifestacija koja privla\u010di posjetioce, zna\u010dajna je prije svega za Nacionalni park, jer je to jedna nova ponuda u Nacionalnom parku i sigurno jedna nova promocija nacionalnog parka Kozara&#8221;, istakao je direktor Nacionalnog parka Kozara Dragan Rom\u010devi\u0107.<\/p>\n<p>Sa sajmom hrane i pi\u0107a, zavr\u0161en je &#8220;Kozara puls fest&#8221;, koji je za sljede\u0107u godinu dao te\u017eak zadatak organizatorima \u2013 da nadma\u0161e ovogodi\u0161nji uspjeh.<\/p>\n<p>RTRS<\/p>\n<div style=\"width: 640px;\" class=\"wp-video\"><!--[if lt IE 9]><script>document.createElement('video');<\/script><![endif]-->\n<video class=\"wp-video-shortcode\" id=\"video-109965-1\" width=\"640\" height=\"360\" preload=\"metadata\" controls=\"controls\"><source type=\"video\/mp4\" src=\"http:\/\/arh3.rtrs.tv\/arhiva\/2018\/07\/29\/tvclip029617.mp4?_=1\" \/><a href=\"http:\/\/arh3.rtrs.tv\/arhiva\/2018\/07\/29\/tvclip029617.mp4\">http:\/\/arh3.rtrs.tv\/arhiva\/2018\/07\/29\/tvclip029617.mp4<\/a><\/video><\/div>\n","protected":false},"excerpt":{"rendered":"<p>Trodnevna manifestacija &#8220;Kozara puls fest&#8221; ove godine s novim konceptom. Dvodnevni muzi\u010dki spaktakl, prire\u0111en je za muzi\u010dke sladokusce, dok je danas, tre\u0107eg dana manifestacije, odr\u017ean sajam, doma\u0107ih proizvo\u0111a\u010da hrane i [&hellip;]<\/p>\n","protected":false},"author":1,"featured_media":0,"comment_status":"closed","ping_status":"open","sticky":false,"template":"","format":"standard","meta":{"_monsterinsights_skip_tracking":false,"_monsterinsights_sitenote_active":false,"_monsterinsights_sitenote_note":"","_monsterinsights_sitenote_category":0,"footnotes":""},"categories":[3],"tags":[],"yoast_head":"<!-- This site is optimized with the Yoast SEO plugin v21.6 - https:\/\/yoast.com\/wordpress\/plugins\/seo\/ -->\n<title>TRODNEVNA MANIFESTACIJA \u201eKOZARA PULS FEST\u201c OVE GODINE S NOVIM KONCEPTOM - VIDEO - PrijedorDanas.com - Prijedorski gradski portal<\/title>\n<meta name=\"robots\" content=\"index, follow, max-snippet:-1, max-image-preview:large, max-video-preview:-1\" \/>\n<link rel=\"canonical\" href=\"https:\/\/www.prijedordanas.com\/?p=109965\" \/>\n<meta property=\"og:locale\" content=\"en_US\" \/>\n<meta property=\"og:type\" content=\"article\" \/>\n<meta property=\"og:title\" content=\"TRODNEVNA MANIFESTACIJA \u201eKOZARA PULS FEST\u201c OVE GODINE S NOVIM KONCEPTOM - VIDEO - PrijedorDanas.com - Prijedorski gradski portal\" \/>\n<meta property=\"og:description\" content=\"Trodnevna manifestacija &#8220;Kozara puls fest&#8221; ove godine s novim konceptom. Dvodnevni muzi\u010dki spaktakl, prire\u0111en je za muzi\u010dke sladokusce, dok je danas, tre\u0107eg dana manifestacije, odr\u017ean sajam, doma\u0107ih proizvo\u0111a\u010da hrane i [&hellip;]\" \/>\n<meta property=\"og:url\" content=\"https:\/\/www.prijedordanas.com\/?p=109965\" \/>\n<meta property=\"og:site_name\" content=\"PrijedorDanas.com - Prijedorski gradski portal\" \/>\n<meta property=\"article:publisher\" content=\"https:\/\/www.facebook.com\/PrijedorDanasCom\/\" \/>\n<meta property=\"article:published_time\" content=\"2018-07-31T19:13:22+00:00\" \/>\n<meta property=\"og:image\" content=\"https:\/\/www.prijedordanas.com\/wp-content\/uploads\/2018\/07\/rtrs-kpf-treci-dan-300x217.jpg\" \/>\n<meta name=\"author\" content=\"admin\" \/>\n<meta name=\"twitter:card\" content=\"summary_large_image\" \/>\n<meta name=\"twitter:label1\" content=\"Written by\" \/>\n\t<meta name=\"twitter:data1\" content=\"admin\" \/>\n\t<meta name=\"twitter:label2\" content=\"Est. reading time\" \/>\n\t<meta name=\"twitter:data2\" content=\"2 minutes\" \/>\n<script type=\"application\/ld+json\" class=\"yoast-schema-graph\">{\"@context\":\"https:\/\/schema.org\",\"@graph\":[{\"@type\":\"Article\",\"@id\":\"https:\/\/www.prijedordanas.com\/?p=109965#article\",\"isPartOf\":{\"@id\":\"https:\/\/www.prijedordanas.com\/?p=109965\"},\"author\":{\"name\":\"admin\",\"@id\":\"https:\/\/www.prijedordanas.com\/#\/schema\/person\/4e08ccf29b506ca916ff86d46bb700e6\"},\"headline\":\"TRODNEVNA MANIFESTACIJA \u201eKOZARA PULS FEST\u201c OVE GODINE S NOVIM KONCEPTOM &#8211; VIDEO\",\"datePublished\":\"2018-07-31T19:13:22+00:00\",\"dateModified\":\"2018-07-31T19:13:22+00:00\",\"mainEntityOfPage\":{\"@id\":\"https:\/\/www.prijedordanas.com\/?p=109965\"},\"wordCount\":331,\"publisher\":{\"@id\":\"https:\/\/www.prijedordanas.com\/#organization\"},\"articleSection\":[\"\u017divot\"],\"inLanguage\":\"en-US\"},{\"@type\":\"WebPage\",\"@id\":\"https:\/\/www.prijedordanas.com\/?p=109965\",\"url\":\"https:\/\/www.prijedordanas.com\/?p=109965\",\"name\":\"TRODNEVNA MANIFESTACIJA \u201eKOZARA PULS FEST\u201c OVE GODINE S NOVIM KONCEPTOM - VIDEO - PrijedorDanas.com - Prijedorski gradski portal\",\"isPartOf\":{\"@id\":\"https:\/\/www.prijedordanas.com\/#website\"},\"datePublished\":\"2018-07-31T19:13:22+00:00\",\"dateModified\":\"2018-07-31T19:13:22+00:00\",\"breadcrumb\":{\"@id\":\"https:\/\/www.prijedordanas.com\/?p=109965#breadcrumb\"},\"inLanguage\":\"en-US\",\"potentialAction\":[{\"@type\":\"ReadAction\",\"target\":[\"https:\/\/www.prijedordanas.com\/?p=109965\"]}]},{\"@type\":\"BreadcrumbList\",\"@id\":\"https:\/\/www.prijedordanas.com\/?p=109965#breadcrumb\",\"itemListElement\":[{\"@type\":\"ListItem\",\"position\":1,\"name\":\"Home\",\"item\":\"https:\/\/www.prijedordanas.com\/\"},{\"@type\":\"ListItem\",\"position\":2,\"name\":\"TRODNEVNA MANIFESTACIJA \u201eKOZARA PULS FEST\u201c OVE GODINE S NOVIM KONCEPTOM &#8211; VIDEO\"}]},{\"@type\":\"WebSite\",\"@id\":\"https:\/\/www.prijedordanas.com\/#website\",\"url\":\"https:\/\/www.prijedordanas.com\/\",\"name\":\"PrijedorDanas.com - Prijedorski gradski portal\",\"description\":\"Portal o doga\u0111anjima u gradu Prijedoru\",\"publisher\":{\"@id\":\"https:\/\/www.prijedordanas.com\/#organization\"},\"potentialAction\":[{\"@type\":\"SearchAction\",\"target\":{\"@type\":\"EntryPoint\",\"urlTemplate\":\"https:\/\/www.prijedordanas.com\/?s={search_term_string}\"},\"query-input\":\"required name=search_term_string\"}],\"inLanguage\":\"en-US\"},{\"@type\":\"Organization\",\"@id\":\"https:\/\/www.prijedordanas.com\/#organization\",\"name\":\"PrijedorDanas.com\",\"url\":\"https:\/\/www.prijedordanas.com\/\",\"logo\":{\"@type\":\"ImageObject\",\"inLanguage\":\"en-US\",\"@id\":\"https:\/\/www.prijedordanas.com\/#\/schema\/logo\/image\/\",\"url\":\"http:\/\/www.prijedordanas.com\/wp-content\/uploads\/2021\/12\/logopng.png\",\"contentUrl\":\"http:\/\/www.prijedordanas.com\/wp-content\/uploads\/2021\/12\/logopng.png\",\"width\":1019,\"height\":776,\"caption\":\"PrijedorDanas.com\"},\"image\":{\"@id\":\"https:\/\/www.prijedordanas.com\/#\/schema\/logo\/image\/\"},\"sameAs\":[\"https:\/\/www.facebook.com\/PrijedorDanasCom\/\"]},{\"@type\":\"Person\",\"@id\":\"https:\/\/www.prijedordanas.com\/#\/schema\/person\/4e08ccf29b506ca916ff86d46bb700e6\",\"name\":\"admin\",\"image\":{\"@type\":\"ImageObject\",\"inLanguage\":\"en-US\",\"@id\":\"https:\/\/www.prijedordanas.com\/#\/schema\/person\/image\/\",\"url\":\"https:\/\/secure.gravatar.com\/avatar\/1d3fc949d550f0b53a5f0d51e06dfd79?s=96&d=mm&r=g\",\"contentUrl\":\"https:\/\/secure.gravatar.com\/avatar\/1d3fc949d550f0b53a5f0d51e06dfd79?s=96&d=mm&r=g\",\"caption\":\"admin\"},\"url\":\"https:\/\/www.prijedordanas.com\/?author=1\"}]}<\/script>\n<!-- \/ Yoast SEO plugin. -->","yoast_head_json":{"title":"TRODNEVNA MANIFESTACIJA \u201eKOZARA PULS FEST\u201c OVE GODINE S NOVIM KONCEPTOM - VIDEO - PrijedorDanas.com - Prijedorski gradski portal","robots":{"index":"index","follow":"follow","max-snippet":"max-snippet:-1","max-image-preview":"max-image-preview:large","max-video-preview":"max-video-preview:-1"},"canonical":"https:\/\/www.prijedordanas.com\/?p=109965","og_locale":"en_US","og_type":"article","og_title":"TRODNEVNA MANIFESTACIJA \u201eKOZARA PULS FEST\u201c OVE GODINE S NOVIM KONCEPTOM - VIDEO - PrijedorDanas.com - Prijedorski gradski portal","og_description":"Trodnevna manifestacija &#8220;Kozara puls fest&#8221; ove godine s novim konceptom. Dvodnevni muzi\u010dki spaktakl, prire\u0111en je za muzi\u010dke sladokusce, dok je danas, tre\u0107eg dana manifestacije, odr\u017ean sajam, doma\u0107ih proizvo\u0111a\u010da hrane i [&hellip;]","og_url":"https:\/\/www.prijedordanas.com\/?p=109965","og_site_name":"PrijedorDanas.com - Prijedorski gradski portal","article_publisher":"https:\/\/www.facebook.com\/PrijedorDanasCom\/","article_published_time":"2018-07-31T19:13:22+00:00","og_image":[{"url":"https:\/\/www.prijedordanas.com\/wp-content\/uploads\/2018\/07\/rtrs-kpf-treci-dan-300x217.jpg"}],"author":"admin","twitter_card":"summary_large_image","twitter_misc":{"Written by":"admin","Est. reading time":"2 minutes"},"schema":{"@context":"https:\/\/schema.org","@graph":[{"@type":"Article","@id":"https:\/\/www.prijedordanas.com\/?p=109965#article","isPartOf":{"@id":"https:\/\/www.prijedordanas.com\/?p=109965"},"author":{"name":"admin","@id":"https:\/\/www.prijedordanas.com\/#\/schema\/person\/4e08ccf29b506ca916ff86d46bb700e6"},"headline":"TRODNEVNA MANIFESTACIJA \u201eKOZARA PULS FEST\u201c OVE GODINE S NOVIM KONCEPTOM &#8211; VIDEO","datePublished":"2018-07-31T19:13:22+00:00","dateModified":"2018-07-31T19:13:22+00:00","mainEntityOfPage":{"@id":"https:\/\/www.prijedordanas.com\/?p=109965"},"wordCount":331,"publisher":{"@id":"https:\/\/www.prijedordanas.com\/#organization"},"articleSection":["\u017divot"],"inLanguage":"en-US"},{"@type":"WebPage","@id":"https:\/\/www.prijedordanas.com\/?p=109965","url":"https:\/\/www.prijedordanas.com\/?p=109965","name":"TRODNEVNA MANIFESTACIJA \u201eKOZARA PULS FEST\u201c OVE GODINE S NOVIM KONCEPTOM - VIDEO - PrijedorDanas.com - Prijedorski gradski portal","isPartOf":{"@id":"https:\/\/www.prijedordanas.com\/#website"},"datePublished":"2018-07-31T19:13:22+00:00","dateModified":"2018-07-31T19:13:22+00:00","breadcrumb":{"@id":"https:\/\/www.prijedordanas.com\/?p=109965#breadcrumb"},"inLanguage":"en-US","potentialAction":[{"@type":"ReadAction","target":["https:\/\/www.prijedordanas.com\/?p=109965"]}]},{"@type":"BreadcrumbList","@id":"https:\/\/www.prijedordanas.com\/?p=109965#breadcrumb","itemListElement":[{"@type":"ListItem","position":1,"name":"Home","item":"https:\/\/www.prijedordanas.com\/"},{"@type":"ListItem","position":2,"name":"TRODNEVNA MANIFESTACIJA \u201eKOZARA PULS FEST\u201c OVE GODINE S NOVIM KONCEPTOM &#8211; VIDEO"}]},{"@type":"WebSite","@id":"https:\/\/www.prijedordanas.com\/#website","url":"https:\/\/www.prijedordanas.com\/","name":"PrijedorDanas.com - Prijedorski gradski portal","description":"Portal o doga\u0111anjima u gradu Prijedoru","publisher":{"@id":"https:\/\/www.prijedordanas.com\/#organization"},"potentialAction":[{"@type":"SearchAction","target":{"@type":"EntryPoint","urlTemplate":"https:\/\/www.prijedordanas.com\/?s={search_term_string}"},"query-input":"required name=search_term_string"}],"inLanguage":"en-US"},{"@type":"Organization","@id":"https:\/\/www.prijedordanas.com\/#organization","name":"PrijedorDanas.com","url":"https:\/\/www.prijedordanas.com\/","logo":{"@type":"ImageObject","inLanguage":"en-US","@id":"https:\/\/www.prijedordanas.com\/#\/schema\/logo\/image\/","url":"http:\/\/www.prijedordanas.com\/wp-content\/uploads\/2021\/12\/logopng.png","contentUrl":"http:\/\/www.prijedordanas.com\/wp-content\/uploads\/2021\/12\/logopng.png","width":1019,"height":776,"caption":"PrijedorDanas.com"},"image":{"@id":"https:\/\/www.prijedordanas.com\/#\/schema\/logo\/image\/"},"sameAs":["https:\/\/www.facebook.com\/PrijedorDanasCom\/"]},{"@type":"Person","@id":"https:\/\/www.prijedordanas.com\/#\/schema\/person\/4e08ccf29b506ca916ff86d46bb700e6","name":"admin","image":{"@type":"ImageObject","inLanguage":"en-US","@id":"https:\/\/www.prijedordanas.com\/#\/schema\/person\/image\/","url":"https:\/\/secure.gravatar.com\/avatar\/1d3fc949d550f0b53a5f0d51e06dfd79?s=96&d=mm&r=g","contentUrl":"https:\/\/secure.gravatar.com\/avatar\/1d3fc949d550f0b53a5f0d51e06dfd79?s=96&d=mm&r=g","caption":"admin"},"url":"https:\/\/www.prijedordanas.com\/?author=1"}]}},"_links":{"self":[{"href":"https:\/\/www.prijedordanas.com\/index.php?rest_route=\/wp\/v2\/posts\/109965"}],"collection":[{"href":"https:\/\/www.prijedordanas.com\/index.php?rest_route=\/wp\/v2\/posts"}],"about":[{"href":"https:\/\/www.prijedordanas.com\/index.php?rest_route=\/wp\/v2\/types\/post"}],"author":[{"embeddable":true,"href":"https:\/\/www.prijedordanas.com\/index.php?rest_route=\/wp\/v2\/users\/1"}],"replies":[{"embeddable":true,"href":"https:\/\/www.prijedordanas.com\/index.php?rest_route=%2Fwp%2Fv2%2Fcomments&post=109965"}],"version-history":[{"count":1,"href":"https:\/\/www.prijedordanas.com\/index.php?rest_route=\/wp\/v2\/posts\/109965\/revisions"}],"predecessor-version":[{"id":109967,"href":"https:\/\/www.prijedordanas.com\/index.php?rest_route=\/wp\/v2\/posts\/109965\/revisions\/109967"}],"wp:attachment":[{"href":"https:\/\/www.prijedordanas.com\/index.php?rest_route=%2Fwp%2Fv2%2Fmedia&parent=109965"}],"wp:term":[{"taxonomy":"category","embeddable":true,"href":"https:\/\/www.prijedordanas.com\/index.php?rest_route=%2Fwp%2Fv2%2Fcategories&post=109965"},{"taxonomy":"post_tag","embeddable":true,"href":"https:\/\/www.prijedordanas.com\/index.php?rest_route=%2Fwp%2Fv2%2Ftags&post=109965"}],"curies":[{"name":"wp","href":"https:\/\/api.w.org\/{rel}","templated":true}]}}