{"id":109679,"date":"2018-07-25T15:12:20","date_gmt":"2018-07-25T13:12:20","guid":{"rendered":"https:\/\/www.prijedordanas.com\/?p=109679"},"modified":"2018-07-25T15:12:20","modified_gmt":"2018-07-25T13:12:20","slug":"nenad-grujicic-promovise-maternji-jezik-u-prijedoru","status":"publish","type":"post","link":"https:\/\/www.prijedordanas.com\/?p=109679","title":{"rendered":"NENAD GRUJI\u010cI\u0106 PROMOVI\u0160E \u201eMATERNJI JEZIK\u201c U PRIJEDORU"},"content":{"rendered":"<p><a href=\"https:\/\/www.prijedordanas.com\/wp-content\/uploads\/2018\/07\/maternji-jezik.jpg\"><img loading=\"lazy\" decoding=\"async\" src=\"https:\/\/www.prijedordanas.com\/wp-content\/uploads\/2018\/07\/maternji-jezik-263x300.jpg\" alt=\"\" width=\"263\" height=\"300\" class=\"alignleft size-medium wp-image-109680\" srcset=\"https:\/\/www.prijedordanas.com\/wp-content\/uploads\/2018\/07\/maternji-jezik-263x300.jpg 263w, https:\/\/www.prijedordanas.com\/wp-content\/uploads\/2018\/07\/maternji-jezik-88x100.jpg 88w, https:\/\/www.prijedordanas.com\/wp-content\/uploads\/2018\/07\/maternji-jezik.jpg 526w\" sizes=\"(max-width: 263px) 100vw, 263px\" \/><\/a>U poznatoj galeriji \u201eSreten Stojanovic\u0301\u201c u Prijedoru, u \u010detvrtak, 26. jula, u 20:30 \u010dasova bic\u0301e predstavljeno \u010detvrto dopunjeno izdanje kultne prve knjige pjesama Nenada Gruji\u010dic\u0301a \u201eMaternji jezik\u201c, koju je nadavno objavila beogradska \u201eProsveta\u201c. Ovaj \u010duveni pjesni\u010dki prvenac pojavio se pre \u010detiri decenije (1978) u Beogradu, u poznatoj ediciji \u201ePegaz\u201c Knji\u017eevne omaldine Srbije. <\/p>\n<p>O toj knjizi je neuobi\u010dajeno mnogo pisano jo\u0161 u Jugoslaviji, pa sve do dana\u0161njih dana. Preko \u010detrdeset kriti\u010dara i pesnika potpisali su svoje tekstove i misli o prvjena\u010dkoj zbirci pjesama \u201eMaternji jezik\u201c Nenada Gruji\u010dic\u0301a u \u201eLetopisu Matice srpske\u201c, \u201eKnji\u017eevnoj re\u010di\u201c, \u201cKnji\u017eevnim novinama\u201c, &#8221;Politici\u201c, \u201eOslobo\u0111enju\u201c, \u201eVe\u010dernjim novostima\u201c, \u201eDnevniku\u201c, \u201eNedeljnoj Dalmaciji\u201c, \u201eOdjeku\u201c, \u201ePoljima\u201c, \u201eLicima\u201c, \u201eMladosti\u201c, \u201eGlasu omladine\u201c, \u201eStudentu\u201c, \u201eNa\u0161im danima\u201c, \u201eZbivanjima\u201c, \u201eBagdali\u201c i drugim \u010dasopisima i listovima.<\/p>\n<p>Pored autora \u201eMaternjeg jezika\u201c, na promociji u pjesnikovom zavi\u010daju, u Prijedoru, gdje je Gruji\u010dic\u0301 2005. godine na Kozari primio i nagradu \u201eSkender Kulenovic\u0301\u201c, nastupic\u0301e Mirko Vukovic\u0301, Milan Milo\u0161evic\u0301 i Jovana Matija\u0161. <\/p>\n<p><a href=\"https:\/\/www.prijedordanas.com\/wp-content\/uploads\/2018\/07\/grujicic-plakat.jpg\"><img loading=\"lazy\" decoding=\"async\" src=\"https:\/\/www.prijedordanas.com\/wp-content\/uploads\/2018\/07\/grujicic-plakat-210x300.jpg\" alt=\"\" width=\"210\" height=\"300\" class=\"alignleft size-medium wp-image-109681\" srcset=\"https:\/\/www.prijedordanas.com\/wp-content\/uploads\/2018\/07\/grujicic-plakat-210x300.jpg 210w, https:\/\/www.prijedordanas.com\/wp-content\/uploads\/2018\/07\/grujicic-plakat-70x100.jpg 70w, https:\/\/www.prijedordanas.com\/wp-content\/uploads\/2018\/07\/grujicic-plakat.jpg 419w\" sizes=\"(max-width: 210px) 100vw, 210px\" \/><\/a>Vec\u0301 sutradan, 27. jula \u201eMaternji jezik\u201c c\u0301e biti promovisan na manifestaciji \u201eRijeka misli\u201c u Novom Gradu, gdje c\u0301e knjigu predstaviti Srec\u0301ko Mar\u010deta i Enes Ki\u0161evic\u0301, te 28. jula u spomen-biblioteci osnovne \u0161kole \u201eBranko C\u0301opic\u0301\u201c u Ha\u0161anima, kao i 3. avgusta u Narodnoj biblioteci u Vlasenici, gdje c\u0301e o knjizi govoriti Ac\u0301im Todorovic\u0301 i Nedjeljko \u017dugic\u0301.<\/p>\n<p>Tako\u0111e, 10. avgusta u Kne\u017eevini Gornja Dragotinja i Marini, kod Prijedora, gdje je Gruji\u010dic\u0301 pro\u0161le godine promovisan u ambasadora ove jedinstvene kne\u017eevine na Balkanu, bic\u0301e promovisana njegova poznata antologija kraji\u0161kih ojka\u010da \u201ePjevaj, ori, prozore otvori\u201c, \u0161esto dopunjeno izdanje, gdje c\u0301e pored autora nastupiti i Milan Milo\u0161evic\u0301 i Olivera Brdar, kao i pjeva\u010di i glumci, koji c\u0301e izvoditi \u017eenske i mu\u0161ke antologijske primjere ojka\u010dkog desetera\u010dkog rimanovanog dvostiha. <\/p>\n<p>Izjava povodom gostovanja u Republici Srpskoj:<\/p>\n<p>\u201ePoslije predstavljanja novog izdanja Maternjeg jezika nedavno u Beogradu, Novom Sadu i Sremskim Karlovcima, nac\u0301i c\u0301u se u zavi\u010dajnim predjelima na arkadijskim stazama djetinjstva gdje o\u010dekujem nadahnute promocije. Prije svega, u Prijedoru, radosti moje rane mladosti, kada sam svoje prve pjesme pisao na obali rijeke Gomjenice i Sane, i potom objavljivao u Kozarskom vjesniku, kao i ne\u0161to ranije, kao dje\u010dak, u Malim novinama i Veseloj svesci, a onda, kao srednjo\u0161kolac iz Potkozarja, u beogradskom Frontu i zagreba\u010dkom Tinu. Tako sam iz Prijedora djelovao kao pjesnik, mla\u0111ani i netaknuti. A onda kao student knji\u017eevnosti u Novom Sadu, objavljujem svoju prvu knjigu \u201eMaternji jezik\u201c u Beogradu, koja je bila i ostala divno \u010dudo. Uz nju sam nau\u010dio da prepoznajem dobre i lo\u0161e ljude na knji\u017eevnoj sceni. Umio sam da \u010dujem i primjenim korisne savjete od starijih pjesnika i pisaca, kao \u0161to sam znao i da odbijem nastup sa onima koji su bili licemjerni i negativni, razni ostapbenderovski likovi. Danas mladim pjesnicima redovno govorim da moraju imati sli\u010dno \u010dulo iliti senzor da prepoznaju takve pojave i idu svojim putem. Kao i da \u0161to prije u svom bic\u0301u otkriju i aktiviraju talenat za talenat ili ultra-svijest o uro\u0111enom talentu i sopsobnost ozbiljnog vo\u0111enja sopstvene stvarala\u010dke putanje na javnoj sceni. Dakle, da neprestano i poneseno rade, potpuno posvec\u0301eni svome daru i zanatu koji sti\u010du kroz vrijeme, da nipo\u0161to ne konzumiraju alkohol i narkotike, da se klonu dnevnopoliti\u010dkog va\u0161ari\u0161ta i partijskog ispiranja uma. Pjesni\u010dka inspiracija je po svome izvoru bogolika i tra\u017ei zdravu li\u010dnost i nepokolebivu vjeru u maternju melodiju sopstvenoga talenta.\u201c<\/p>\n","protected":false},"excerpt":{"rendered":"<p>U poznatoj galeriji \u201eSreten Stojanovic\u0301\u201c u Prijedoru, u \u010detvrtak, 26. jula, u 20:30 \u010dasova bic\u0301e predstavljeno \u010detvrto dopunjeno izdanje kultne prve knjige pjesama Nenada Gruji\u010dic\u0301a \u201eMaternji jezik\u201c, koju je nadavno [&hellip;]<\/p>\n","protected":false},"author":1,"featured_media":0,"comment_status":"closed","ping_status":"open","sticky":false,"template":"","format":"standard","meta":{"_monsterinsights_skip_tracking":false,"_monsterinsights_sitenote_active":false,"_monsterinsights_sitenote_note":"","_monsterinsights_sitenote_category":0,"footnotes":""},"categories":[6],"tags":[],"yoast_head":"<!-- This site is optimized with the Yoast SEO plugin v21.6 - https:\/\/yoast.com\/wordpress\/plugins\/seo\/ -->\n<title>NENAD GRUJI\u010cI\u0106 PROMOVI\u0160E \u201eMATERNJI JEZIK\u201c U PRIJEDORU - PrijedorDanas.com - Prijedorski gradski portal<\/title>\n<meta name=\"robots\" content=\"index, follow, max-snippet:-1, max-image-preview:large, max-video-preview:-1\" \/>\n<link rel=\"canonical\" href=\"https:\/\/www.prijedordanas.com\/?p=109679\" \/>\n<meta property=\"og:locale\" content=\"en_US\" \/>\n<meta property=\"og:type\" content=\"article\" \/>\n<meta property=\"og:title\" content=\"NENAD GRUJI\u010cI\u0106 PROMOVI\u0160E \u201eMATERNJI JEZIK\u201c U PRIJEDORU - PrijedorDanas.com - Prijedorski gradski portal\" \/>\n<meta property=\"og:description\" content=\"U poznatoj galeriji \u201eSreten Stojanovic\u0301\u201c u Prijedoru, u \u010detvrtak, 26. jula, u 20:30 \u010dasova bic\u0301e predstavljeno \u010detvrto dopunjeno izdanje kultne prve knjige pjesama Nenada Gruji\u010dic\u0301a \u201eMaternji jezik\u201c, koju je nadavno [&hellip;]\" \/>\n<meta property=\"og:url\" content=\"https:\/\/www.prijedordanas.com\/?p=109679\" \/>\n<meta property=\"og:site_name\" content=\"PrijedorDanas.com - Prijedorski gradski portal\" \/>\n<meta property=\"article:publisher\" content=\"https:\/\/www.facebook.com\/PrijedorDanasCom\/\" \/>\n<meta property=\"article:published_time\" content=\"2018-07-25T13:12:20+00:00\" \/>\n<meta property=\"og:image\" content=\"https:\/\/www.prijedordanas.com\/wp-content\/uploads\/2018\/07\/maternji-jezik-263x300.jpg\" \/>\n<meta name=\"author\" content=\"admin\" \/>\n<meta name=\"twitter:card\" content=\"summary_large_image\" \/>\n<meta name=\"twitter:label1\" content=\"Written by\" \/>\n\t<meta name=\"twitter:data1\" content=\"admin\" \/>\n\t<meta name=\"twitter:label2\" content=\"Est. reading time\" \/>\n\t<meta name=\"twitter:data2\" content=\"3 minutes\" \/>\n<script type=\"application\/ld+json\" class=\"yoast-schema-graph\">{\"@context\":\"https:\/\/schema.org\",\"@graph\":[{\"@type\":\"Article\",\"@id\":\"https:\/\/www.prijedordanas.com\/?p=109679#article\",\"isPartOf\":{\"@id\":\"https:\/\/www.prijedordanas.com\/?p=109679\"},\"author\":{\"name\":\"admin\",\"@id\":\"https:\/\/www.prijedordanas.com\/#\/schema\/person\/4e08ccf29b506ca916ff86d46bb700e6\"},\"headline\":\"NENAD GRUJI\u010cI\u0106 PROMOVI\u0160E \u201eMATERNJI JEZIK\u201c U PRIJEDORU\",\"datePublished\":\"2018-07-25T13:12:20+00:00\",\"dateModified\":\"2018-07-25T13:12:20+00:00\",\"mainEntityOfPage\":{\"@id\":\"https:\/\/www.prijedordanas.com\/?p=109679\"},\"wordCount\":604,\"publisher\":{\"@id\":\"https:\/\/www.prijedordanas.com\/#organization\"},\"articleSection\":[\"Kultura\"],\"inLanguage\":\"en-US\"},{\"@type\":\"WebPage\",\"@id\":\"https:\/\/www.prijedordanas.com\/?p=109679\",\"url\":\"https:\/\/www.prijedordanas.com\/?p=109679\",\"name\":\"NENAD GRUJI\u010cI\u0106 PROMOVI\u0160E \u201eMATERNJI JEZIK\u201c U PRIJEDORU - PrijedorDanas.com - Prijedorski gradski portal\",\"isPartOf\":{\"@id\":\"https:\/\/www.prijedordanas.com\/#website\"},\"datePublished\":\"2018-07-25T13:12:20+00:00\",\"dateModified\":\"2018-07-25T13:12:20+00:00\",\"breadcrumb\":{\"@id\":\"https:\/\/www.prijedordanas.com\/?p=109679#breadcrumb\"},\"inLanguage\":\"en-US\",\"potentialAction\":[{\"@type\":\"ReadAction\",\"target\":[\"https:\/\/www.prijedordanas.com\/?p=109679\"]}]},{\"@type\":\"BreadcrumbList\",\"@id\":\"https:\/\/www.prijedordanas.com\/?p=109679#breadcrumb\",\"itemListElement\":[{\"@type\":\"ListItem\",\"position\":1,\"name\":\"Home\",\"item\":\"https:\/\/www.prijedordanas.com\/\"},{\"@type\":\"ListItem\",\"position\":2,\"name\":\"NENAD GRUJI\u010cI\u0106 PROMOVI\u0160E \u201eMATERNJI JEZIK\u201c U PRIJEDORU\"}]},{\"@type\":\"WebSite\",\"@id\":\"https:\/\/www.prijedordanas.com\/#website\",\"url\":\"https:\/\/www.prijedordanas.com\/\",\"name\":\"PrijedorDanas.com - Prijedorski gradski portal\",\"description\":\"Portal o doga\u0111anjima u gradu Prijedoru\",\"publisher\":{\"@id\":\"https:\/\/www.prijedordanas.com\/#organization\"},\"potentialAction\":[{\"@type\":\"SearchAction\",\"target\":{\"@type\":\"EntryPoint\",\"urlTemplate\":\"https:\/\/www.prijedordanas.com\/?s={search_term_string}\"},\"query-input\":\"required name=search_term_string\"}],\"inLanguage\":\"en-US\"},{\"@type\":\"Organization\",\"@id\":\"https:\/\/www.prijedordanas.com\/#organization\",\"name\":\"PrijedorDanas.com\",\"url\":\"https:\/\/www.prijedordanas.com\/\",\"logo\":{\"@type\":\"ImageObject\",\"inLanguage\":\"en-US\",\"@id\":\"https:\/\/www.prijedordanas.com\/#\/schema\/logo\/image\/\",\"url\":\"http:\/\/www.prijedordanas.com\/wp-content\/uploads\/2021\/12\/logopng.png\",\"contentUrl\":\"http:\/\/www.prijedordanas.com\/wp-content\/uploads\/2021\/12\/logopng.png\",\"width\":1019,\"height\":776,\"caption\":\"PrijedorDanas.com\"},\"image\":{\"@id\":\"https:\/\/www.prijedordanas.com\/#\/schema\/logo\/image\/\"},\"sameAs\":[\"https:\/\/www.facebook.com\/PrijedorDanasCom\/\"]},{\"@type\":\"Person\",\"@id\":\"https:\/\/www.prijedordanas.com\/#\/schema\/person\/4e08ccf29b506ca916ff86d46bb700e6\",\"name\":\"admin\",\"image\":{\"@type\":\"ImageObject\",\"inLanguage\":\"en-US\",\"@id\":\"https:\/\/www.prijedordanas.com\/#\/schema\/person\/image\/\",\"url\":\"https:\/\/secure.gravatar.com\/avatar\/1d3fc949d550f0b53a5f0d51e06dfd79?s=96&d=mm&r=g\",\"contentUrl\":\"https:\/\/secure.gravatar.com\/avatar\/1d3fc949d550f0b53a5f0d51e06dfd79?s=96&d=mm&r=g\",\"caption\":\"admin\"},\"url\":\"https:\/\/www.prijedordanas.com\/?author=1\"}]}<\/script>\n<!-- \/ Yoast SEO plugin. -->","yoast_head_json":{"title":"NENAD GRUJI\u010cI\u0106 PROMOVI\u0160E \u201eMATERNJI JEZIK\u201c U PRIJEDORU - PrijedorDanas.com - Prijedorski gradski portal","robots":{"index":"index","follow":"follow","max-snippet":"max-snippet:-1","max-image-preview":"max-image-preview:large","max-video-preview":"max-video-preview:-1"},"canonical":"https:\/\/www.prijedordanas.com\/?p=109679","og_locale":"en_US","og_type":"article","og_title":"NENAD GRUJI\u010cI\u0106 PROMOVI\u0160E \u201eMATERNJI JEZIK\u201c U PRIJEDORU - PrijedorDanas.com - Prijedorski gradski portal","og_description":"U poznatoj galeriji \u201eSreten Stojanovic\u0301\u201c u Prijedoru, u \u010detvrtak, 26. jula, u 20:30 \u010dasova bic\u0301e predstavljeno \u010detvrto dopunjeno izdanje kultne prve knjige pjesama Nenada Gruji\u010dic\u0301a \u201eMaternji jezik\u201c, koju je nadavno [&hellip;]","og_url":"https:\/\/www.prijedordanas.com\/?p=109679","og_site_name":"PrijedorDanas.com - Prijedorski gradski portal","article_publisher":"https:\/\/www.facebook.com\/PrijedorDanasCom\/","article_published_time":"2018-07-25T13:12:20+00:00","og_image":[{"url":"https:\/\/www.prijedordanas.com\/wp-content\/uploads\/2018\/07\/maternji-jezik-263x300.jpg"}],"author":"admin","twitter_card":"summary_large_image","twitter_misc":{"Written by":"admin","Est. reading time":"3 minutes"},"schema":{"@context":"https:\/\/schema.org","@graph":[{"@type":"Article","@id":"https:\/\/www.prijedordanas.com\/?p=109679#article","isPartOf":{"@id":"https:\/\/www.prijedordanas.com\/?p=109679"},"author":{"name":"admin","@id":"https:\/\/www.prijedordanas.com\/#\/schema\/person\/4e08ccf29b506ca916ff86d46bb700e6"},"headline":"NENAD GRUJI\u010cI\u0106 PROMOVI\u0160E \u201eMATERNJI JEZIK\u201c U PRIJEDORU","datePublished":"2018-07-25T13:12:20+00:00","dateModified":"2018-07-25T13:12:20+00:00","mainEntityOfPage":{"@id":"https:\/\/www.prijedordanas.com\/?p=109679"},"wordCount":604,"publisher":{"@id":"https:\/\/www.prijedordanas.com\/#organization"},"articleSection":["Kultura"],"inLanguage":"en-US"},{"@type":"WebPage","@id":"https:\/\/www.prijedordanas.com\/?p=109679","url":"https:\/\/www.prijedordanas.com\/?p=109679","name":"NENAD GRUJI\u010cI\u0106 PROMOVI\u0160E \u201eMATERNJI JEZIK\u201c U PRIJEDORU - PrijedorDanas.com - Prijedorski gradski portal","isPartOf":{"@id":"https:\/\/www.prijedordanas.com\/#website"},"datePublished":"2018-07-25T13:12:20+00:00","dateModified":"2018-07-25T13:12:20+00:00","breadcrumb":{"@id":"https:\/\/www.prijedordanas.com\/?p=109679#breadcrumb"},"inLanguage":"en-US","potentialAction":[{"@type":"ReadAction","target":["https:\/\/www.prijedordanas.com\/?p=109679"]}]},{"@type":"BreadcrumbList","@id":"https:\/\/www.prijedordanas.com\/?p=109679#breadcrumb","itemListElement":[{"@type":"ListItem","position":1,"name":"Home","item":"https:\/\/www.prijedordanas.com\/"},{"@type":"ListItem","position":2,"name":"NENAD GRUJI\u010cI\u0106 PROMOVI\u0160E \u201eMATERNJI JEZIK\u201c U PRIJEDORU"}]},{"@type":"WebSite","@id":"https:\/\/www.prijedordanas.com\/#website","url":"https:\/\/www.prijedordanas.com\/","name":"PrijedorDanas.com - Prijedorski gradski portal","description":"Portal o doga\u0111anjima u gradu Prijedoru","publisher":{"@id":"https:\/\/www.prijedordanas.com\/#organization"},"potentialAction":[{"@type":"SearchAction","target":{"@type":"EntryPoint","urlTemplate":"https:\/\/www.prijedordanas.com\/?s={search_term_string}"},"query-input":"required name=search_term_string"}],"inLanguage":"en-US"},{"@type":"Organization","@id":"https:\/\/www.prijedordanas.com\/#organization","name":"PrijedorDanas.com","url":"https:\/\/www.prijedordanas.com\/","logo":{"@type":"ImageObject","inLanguage":"en-US","@id":"https:\/\/www.prijedordanas.com\/#\/schema\/logo\/image\/","url":"http:\/\/www.prijedordanas.com\/wp-content\/uploads\/2021\/12\/logopng.png","contentUrl":"http:\/\/www.prijedordanas.com\/wp-content\/uploads\/2021\/12\/logopng.png","width":1019,"height":776,"caption":"PrijedorDanas.com"},"image":{"@id":"https:\/\/www.prijedordanas.com\/#\/schema\/logo\/image\/"},"sameAs":["https:\/\/www.facebook.com\/PrijedorDanasCom\/"]},{"@type":"Person","@id":"https:\/\/www.prijedordanas.com\/#\/schema\/person\/4e08ccf29b506ca916ff86d46bb700e6","name":"admin","image":{"@type":"ImageObject","inLanguage":"en-US","@id":"https:\/\/www.prijedordanas.com\/#\/schema\/person\/image\/","url":"https:\/\/secure.gravatar.com\/avatar\/1d3fc949d550f0b53a5f0d51e06dfd79?s=96&d=mm&r=g","contentUrl":"https:\/\/secure.gravatar.com\/avatar\/1d3fc949d550f0b53a5f0d51e06dfd79?s=96&d=mm&r=g","caption":"admin"},"url":"https:\/\/www.prijedordanas.com\/?author=1"}]}},"_links":{"self":[{"href":"https:\/\/www.prijedordanas.com\/index.php?rest_route=\/wp\/v2\/posts\/109679"}],"collection":[{"href":"https:\/\/www.prijedordanas.com\/index.php?rest_route=\/wp\/v2\/posts"}],"about":[{"href":"https:\/\/www.prijedordanas.com\/index.php?rest_route=\/wp\/v2\/types\/post"}],"author":[{"embeddable":true,"href":"https:\/\/www.prijedordanas.com\/index.php?rest_route=\/wp\/v2\/users\/1"}],"replies":[{"embeddable":true,"href":"https:\/\/www.prijedordanas.com\/index.php?rest_route=%2Fwp%2Fv2%2Fcomments&post=109679"}],"version-history":[{"count":1,"href":"https:\/\/www.prijedordanas.com\/index.php?rest_route=\/wp\/v2\/posts\/109679\/revisions"}],"predecessor-version":[{"id":109682,"href":"https:\/\/www.prijedordanas.com\/index.php?rest_route=\/wp\/v2\/posts\/109679\/revisions\/109682"}],"wp:attachment":[{"href":"https:\/\/www.prijedordanas.com\/index.php?rest_route=%2Fwp%2Fv2%2Fmedia&parent=109679"}],"wp:term":[{"taxonomy":"category","embeddable":true,"href":"https:\/\/www.prijedordanas.com\/index.php?rest_route=%2Fwp%2Fv2%2Fcategories&post=109679"},{"taxonomy":"post_tag","embeddable":true,"href":"https:\/\/www.prijedordanas.com\/index.php?rest_route=%2Fwp%2Fv2%2Ftags&post=109679"}],"curies":[{"name":"wp","href":"https:\/\/api.w.org\/{rel}","templated":true}]}}