{"id":108345,"date":"2018-07-03T19:46:20","date_gmt":"2018-07-03T17:46:20","guid":{"rendered":"https:\/\/www.prijedordanas.com\/?p=108345"},"modified":"2018-07-03T19:46:20","modified_gmt":"2018-07-03T17:46:20","slug":"muzej-kozare-prijedor-izlozba-crtezi-foto-video","status":"publish","type":"post","link":"https:\/\/www.prijedordanas.com\/?p=108345","title":{"rendered":"MUZEJ KOZARE PRIJEDOR: IZLO\u017dBA \u201eCRTE\u017dI\u201c \u2013 FOTO\/VIDEO"},"content":{"rendered":"<p><a href=\"https:\/\/www.prijedordanas.com\/wp-content\/uploads\/2018\/07\/izlozba-spasic-crtezi-1.jpg\"><img loading=\"lazy\" decoding=\"async\" class=\"alignleft size-medium wp-image-108348\" src=\"https:\/\/www.prijedordanas.com\/wp-content\/uploads\/2018\/07\/izlozba-spasic-crtezi-1-300x300.jpg\" alt=\"\" width=\"300\" height=\"300\" srcset=\"https:\/\/www.prijedordanas.com\/wp-content\/uploads\/2018\/07\/izlozba-spasic-crtezi-1-300x300.jpg 300w, https:\/\/www.prijedordanas.com\/wp-content\/uploads\/2018\/07\/izlozba-spasic-crtezi-1-150x150.jpg 150w, https:\/\/www.prijedordanas.com\/wp-content\/uploads\/2018\/07\/izlozba-spasic-crtezi-1-100x100.jpg 100w, https:\/\/www.prijedordanas.com\/wp-content\/uploads\/2018\/07\/izlozba-spasic-crtezi-1-50x50.jpg 50w, https:\/\/www.prijedordanas.com\/wp-content\/uploads\/2018\/07\/izlozba-spasic-crtezi-1.jpg 600w\" sizes=\"(max-width: 300px) 100vw, 300px\" \/><\/a>U Muzeju Kozare aktuelna je izlo\u017eba \u201cCrte\u017ei\u201d, autora Jovana Spasi\u0107a. Ovo je jo\u0161 jedna u nizu manifestacija koja se organizuje u okviru Prijedorskog kulturnog ljeta.<\/p>\n<p>Spasi\u0107 se Prijedor\u010danima predstavio radovima nastalim u posljednje dvije godine. Kako i sam ka\u017ee, uglavnom crta portrete \u010dlanova svoje porodice i bliskih prijatelja.<\/p>\n<p>\u2013 Ono \u0161to ja radim na ovim crte\u017eima jeste kombinacija razli\u010ditih materijala i kombinovanje razli\u010ditih tekstura. Ono \u0161to je bitno na mojim crte\u017eima jeste ta boja, koja jo\u0161 vi\u0161e nagla\u0161ava to emotivno stanje \u2013 rekao je autor.<\/p>\n<p>Direktor Muzeja Kozare, Zoran Radonji\u0107, ka\u017ee da autor koristi liniju kao osnovno izra\u017eajno sredstvo, koje kombinuje sa drugim likovnim tehnikama.<\/p>\n<p>Zbog toga su njegovi crte\u017ei izuzetno interesantni.<\/p>\n<p>\u2013 Ovdje imamo i mno\u0161tvo nekih drugih likovnih tehnika, tipi\u010dnih za neke druge tehnike. Sve ove tehnike i materijali na kraju dovode do jednog bogatog, raznovrsnog, ali istovremeno i jasnog i jednostavnog likovnog izraza \u2013 dodao je Radonji\u0107.<\/p>\n<p>Izlo\u017eba \u201cCrte\u017ei\u201d bi\u0107e otvorena do 7. jula.<\/p>\n<p>Na njoj je predstavljeno 18 radova.<\/p>\n<p>Srpskacafe.com-ELTA TV<\/p>\n<p><iframe loading=\"lazy\" width=\"500\" height=\"281\" src=\"https:\/\/www.youtube.com\/embed\/EaK5yXlmLDc?feature=oembed\" frameborder=\"0\" allow=\"autoplay; encrypted-media\" allowfullscreen><\/iframe><\/p>\n<p><a href=\"https:\/\/www.prijedordanas.com\/wp-content\/uploads\/2018\/07\/izlozba-spasic-crtezi-2.jpg\"><img loading=\"lazy\" decoding=\"async\" src=\"https:\/\/www.prijedordanas.com\/wp-content\/uploads\/2018\/07\/izlozba-spasic-crtezi-2-300x222.jpg\" alt=\"\" width=\"300\" height=\"222\" class=\"alignleft size-medium wp-image-108349\" srcset=\"https:\/\/www.prijedordanas.com\/wp-content\/uploads\/2018\/07\/izlozba-spasic-crtezi-2-300x222.jpg 300w, https:\/\/www.prijedordanas.com\/wp-content\/uploads\/2018\/07\/izlozba-spasic-crtezi-2-100x74.jpg 100w, https:\/\/www.prijedordanas.com\/wp-content\/uploads\/2018\/07\/izlozba-spasic-crtezi-2.jpg 675w\" sizes=\"(max-width: 300px) 100vw, 300px\" \/><\/a> <a href=\"https:\/\/www.prijedordanas.com\/wp-content\/uploads\/2018\/07\/izlozba-spasic-crtezi-3.jpg\"><img loading=\"lazy\" decoding=\"async\" src=\"https:\/\/www.prijedordanas.com\/wp-content\/uploads\/2018\/07\/izlozba-spasic-crtezi-3-300x222.jpg\" alt=\"\" width=\"300\" height=\"222\" class=\"alignleft size-medium wp-image-108350\" srcset=\"https:\/\/www.prijedordanas.com\/wp-content\/uploads\/2018\/07\/izlozba-spasic-crtezi-3-300x222.jpg 300w, https:\/\/www.prijedordanas.com\/wp-content\/uploads\/2018\/07\/izlozba-spasic-crtezi-3-100x74.jpg 100w, https:\/\/www.prijedordanas.com\/wp-content\/uploads\/2018\/07\/izlozba-spasic-crtezi-3.jpg 675w\" sizes=\"(max-width: 300px) 100vw, 300px\" \/><\/a> <a href=\"https:\/\/www.prijedordanas.com\/wp-content\/uploads\/2018\/07\/izlozba-spasic-crtezi-4.jpg\"><img loading=\"lazy\" decoding=\"async\" src=\"https:\/\/www.prijedordanas.com\/wp-content\/uploads\/2018\/07\/izlozba-spasic-crtezi-4-300x222.jpg\" alt=\"\" width=\"300\" height=\"222\" class=\"alignleft size-medium wp-image-108351\" srcset=\"https:\/\/www.prijedordanas.com\/wp-content\/uploads\/2018\/07\/izlozba-spasic-crtezi-4-300x222.jpg 300w, https:\/\/www.prijedordanas.com\/wp-content\/uploads\/2018\/07\/izlozba-spasic-crtezi-4-100x74.jpg 100w, https:\/\/www.prijedordanas.com\/wp-content\/uploads\/2018\/07\/izlozba-spasic-crtezi-4.jpg 675w\" sizes=\"(max-width: 300px) 100vw, 300px\" \/><\/a> <a href=\"https:\/\/www.prijedordanas.com\/wp-content\/uploads\/2018\/07\/izlozba-spasic-crtezi-5.jpg\"><img loading=\"lazy\" decoding=\"async\" src=\"https:\/\/www.prijedordanas.com\/wp-content\/uploads\/2018\/07\/izlozba-spasic-crtezi-5-300x222.jpg\" alt=\"\" width=\"300\" height=\"222\" class=\"alignleft size-medium wp-image-108352\" srcset=\"https:\/\/www.prijedordanas.com\/wp-content\/uploads\/2018\/07\/izlozba-spasic-crtezi-5-300x222.jpg 300w, https:\/\/www.prijedordanas.com\/wp-content\/uploads\/2018\/07\/izlozba-spasic-crtezi-5-100x74.jpg 100w, https:\/\/www.prijedordanas.com\/wp-content\/uploads\/2018\/07\/izlozba-spasic-crtezi-5.jpg 675w\" sizes=\"(max-width: 300px) 100vw, 300px\" \/><\/a> <a href=\"https:\/\/www.prijedordanas.com\/wp-content\/uploads\/2018\/07\/izlozba-spasic-crtezi-6.jpg\"><img loading=\"lazy\" decoding=\"async\" src=\"https:\/\/www.prijedordanas.com\/wp-content\/uploads\/2018\/07\/izlozba-spasic-crtezi-6-300x222.jpg\" alt=\"\" width=\"300\" height=\"222\" class=\"alignleft size-medium wp-image-108353\" srcset=\"https:\/\/www.prijedordanas.com\/wp-content\/uploads\/2018\/07\/izlozba-spasic-crtezi-6-300x222.jpg 300w, https:\/\/www.prijedordanas.com\/wp-content\/uploads\/2018\/07\/izlozba-spasic-crtezi-6-100x74.jpg 100w, https:\/\/www.prijedordanas.com\/wp-content\/uploads\/2018\/07\/izlozba-spasic-crtezi-6.jpg 675w\" sizes=\"(max-width: 300px) 100vw, 300px\" \/><\/a><\/p>\n","protected":false},"excerpt":{"rendered":"<p>U Muzeju Kozare aktuelna je izlo\u017eba \u201cCrte\u017ei\u201d, autora Jovana Spasi\u0107a. Ovo je jo\u0161 jedna u nizu manifestacija koja se organizuje u okviru Prijedorskog kulturnog ljeta. Spasi\u0107 se Prijedor\u010danima predstavio radovima [&hellip;]<\/p>\n","protected":false},"author":1,"featured_media":0,"comment_status":"closed","ping_status":"open","sticky":false,"template":"","format":"standard","meta":{"_monsterinsights_skip_tracking":false,"_monsterinsights_sitenote_active":false,"_monsterinsights_sitenote_note":"","_monsterinsights_sitenote_category":0,"footnotes":""},"categories":[6],"tags":[],"yoast_head":"<!-- This site is optimized with the Yoast SEO plugin v21.6 - https:\/\/yoast.com\/wordpress\/plugins\/seo\/ -->\n<title>MUZEJ KOZARE PRIJEDOR: IZLO\u017dBA \u201eCRTE\u017dI\u201c \u2013 FOTO\/VIDEO - PrijedorDanas.com - Prijedorski gradski portal<\/title>\n<meta name=\"robots\" content=\"index, follow, max-snippet:-1, max-image-preview:large, max-video-preview:-1\" \/>\n<link rel=\"canonical\" href=\"https:\/\/www.prijedordanas.com\/?p=108345\" \/>\n<meta property=\"og:locale\" content=\"en_US\" \/>\n<meta property=\"og:type\" content=\"article\" \/>\n<meta property=\"og:title\" content=\"MUZEJ KOZARE PRIJEDOR: IZLO\u017dBA \u201eCRTE\u017dI\u201c \u2013 FOTO\/VIDEO - PrijedorDanas.com - Prijedorski gradski portal\" \/>\n<meta property=\"og:description\" content=\"U Muzeju Kozare aktuelna je izlo\u017eba \u201cCrte\u017ei\u201d, autora Jovana Spasi\u0107a. Ovo je jo\u0161 jedna u nizu manifestacija koja se organizuje u okviru Prijedorskog kulturnog ljeta. Spasi\u0107 se Prijedor\u010danima predstavio radovima [&hellip;]\" \/>\n<meta property=\"og:url\" content=\"https:\/\/www.prijedordanas.com\/?p=108345\" \/>\n<meta property=\"og:site_name\" content=\"PrijedorDanas.com - Prijedorski gradski portal\" \/>\n<meta property=\"article:publisher\" content=\"https:\/\/www.facebook.com\/PrijedorDanasCom\/\" \/>\n<meta property=\"article:published_time\" content=\"2018-07-03T17:46:20+00:00\" \/>\n<meta property=\"og:image\" content=\"https:\/\/www.prijedordanas.com\/wp-content\/uploads\/2018\/07\/izlozba-spasic-crtezi-1-300x300.jpg\" \/>\n<meta name=\"author\" content=\"admin\" \/>\n<meta name=\"twitter:card\" content=\"summary_large_image\" \/>\n<meta name=\"twitter:label1\" content=\"Written by\" \/>\n\t<meta name=\"twitter:data1\" content=\"admin\" \/>\n\t<meta name=\"twitter:label2\" content=\"Est. reading time\" \/>\n\t<meta name=\"twitter:data2\" content=\"1 minute\" \/>\n<script type=\"application\/ld+json\" class=\"yoast-schema-graph\">{\"@context\":\"https:\/\/schema.org\",\"@graph\":[{\"@type\":\"Article\",\"@id\":\"https:\/\/www.prijedordanas.com\/?p=108345#article\",\"isPartOf\":{\"@id\":\"https:\/\/www.prijedordanas.com\/?p=108345\"},\"author\":{\"name\":\"admin\",\"@id\":\"https:\/\/www.prijedordanas.com\/#\/schema\/person\/4e08ccf29b506ca916ff86d46bb700e6\"},\"headline\":\"MUZEJ KOZARE PRIJEDOR: IZLO\u017dBA \u201eCRTE\u017dI\u201c \u2013 FOTO\/VIDEO\",\"datePublished\":\"2018-07-03T17:46:20+00:00\",\"dateModified\":\"2018-07-03T17:46:20+00:00\",\"mainEntityOfPage\":{\"@id\":\"https:\/\/www.prijedordanas.com\/?p=108345\"},\"wordCount\":193,\"publisher\":{\"@id\":\"https:\/\/www.prijedordanas.com\/#organization\"},\"articleSection\":[\"Kultura\"],\"inLanguage\":\"en-US\"},{\"@type\":\"WebPage\",\"@id\":\"https:\/\/www.prijedordanas.com\/?p=108345\",\"url\":\"https:\/\/www.prijedordanas.com\/?p=108345\",\"name\":\"MUZEJ KOZARE PRIJEDOR: IZLO\u017dBA \u201eCRTE\u017dI\u201c \u2013 FOTO\/VIDEO - PrijedorDanas.com - Prijedorski gradski portal\",\"isPartOf\":{\"@id\":\"https:\/\/www.prijedordanas.com\/#website\"},\"datePublished\":\"2018-07-03T17:46:20+00:00\",\"dateModified\":\"2018-07-03T17:46:20+00:00\",\"breadcrumb\":{\"@id\":\"https:\/\/www.prijedordanas.com\/?p=108345#breadcrumb\"},\"inLanguage\":\"en-US\",\"potentialAction\":[{\"@type\":\"ReadAction\",\"target\":[\"https:\/\/www.prijedordanas.com\/?p=108345\"]}]},{\"@type\":\"BreadcrumbList\",\"@id\":\"https:\/\/www.prijedordanas.com\/?p=108345#breadcrumb\",\"itemListElement\":[{\"@type\":\"ListItem\",\"position\":1,\"name\":\"Home\",\"item\":\"https:\/\/www.prijedordanas.com\/\"},{\"@type\":\"ListItem\",\"position\":2,\"name\":\"MUZEJ KOZARE PRIJEDOR: IZLO\u017dBA \u201eCRTE\u017dI\u201c \u2013 FOTO\/VIDEO\"}]},{\"@type\":\"WebSite\",\"@id\":\"https:\/\/www.prijedordanas.com\/#website\",\"url\":\"https:\/\/www.prijedordanas.com\/\",\"name\":\"PrijedorDanas.com - Prijedorski gradski portal\",\"description\":\"Portal o doga\u0111anjima u gradu Prijedoru\",\"publisher\":{\"@id\":\"https:\/\/www.prijedordanas.com\/#organization\"},\"potentialAction\":[{\"@type\":\"SearchAction\",\"target\":{\"@type\":\"EntryPoint\",\"urlTemplate\":\"https:\/\/www.prijedordanas.com\/?s={search_term_string}\"},\"query-input\":\"required name=search_term_string\"}],\"inLanguage\":\"en-US\"},{\"@type\":\"Organization\",\"@id\":\"https:\/\/www.prijedordanas.com\/#organization\",\"name\":\"PrijedorDanas.com\",\"url\":\"https:\/\/www.prijedordanas.com\/\",\"logo\":{\"@type\":\"ImageObject\",\"inLanguage\":\"en-US\",\"@id\":\"https:\/\/www.prijedordanas.com\/#\/schema\/logo\/image\/\",\"url\":\"http:\/\/www.prijedordanas.com\/wp-content\/uploads\/2021\/12\/logopng.png\",\"contentUrl\":\"http:\/\/www.prijedordanas.com\/wp-content\/uploads\/2021\/12\/logopng.png\",\"width\":1019,\"height\":776,\"caption\":\"PrijedorDanas.com\"},\"image\":{\"@id\":\"https:\/\/www.prijedordanas.com\/#\/schema\/logo\/image\/\"},\"sameAs\":[\"https:\/\/www.facebook.com\/PrijedorDanasCom\/\"]},{\"@type\":\"Person\",\"@id\":\"https:\/\/www.prijedordanas.com\/#\/schema\/person\/4e08ccf29b506ca916ff86d46bb700e6\",\"name\":\"admin\",\"image\":{\"@type\":\"ImageObject\",\"inLanguage\":\"en-US\",\"@id\":\"https:\/\/www.prijedordanas.com\/#\/schema\/person\/image\/\",\"url\":\"https:\/\/secure.gravatar.com\/avatar\/1d3fc949d550f0b53a5f0d51e06dfd79?s=96&d=mm&r=g\",\"contentUrl\":\"https:\/\/secure.gravatar.com\/avatar\/1d3fc949d550f0b53a5f0d51e06dfd79?s=96&d=mm&r=g\",\"caption\":\"admin\"},\"url\":\"https:\/\/www.prijedordanas.com\/?author=1\"}]}<\/script>\n<!-- \/ Yoast SEO plugin. -->","yoast_head_json":{"title":"MUZEJ KOZARE PRIJEDOR: IZLO\u017dBA \u201eCRTE\u017dI\u201c \u2013 FOTO\/VIDEO - PrijedorDanas.com - Prijedorski gradski portal","robots":{"index":"index","follow":"follow","max-snippet":"max-snippet:-1","max-image-preview":"max-image-preview:large","max-video-preview":"max-video-preview:-1"},"canonical":"https:\/\/www.prijedordanas.com\/?p=108345","og_locale":"en_US","og_type":"article","og_title":"MUZEJ KOZARE PRIJEDOR: IZLO\u017dBA \u201eCRTE\u017dI\u201c \u2013 FOTO\/VIDEO - PrijedorDanas.com - Prijedorski gradski portal","og_description":"U Muzeju Kozare aktuelna je izlo\u017eba \u201cCrte\u017ei\u201d, autora Jovana Spasi\u0107a. Ovo je jo\u0161 jedna u nizu manifestacija koja se organizuje u okviru Prijedorskog kulturnog ljeta. Spasi\u0107 se Prijedor\u010danima predstavio radovima [&hellip;]","og_url":"https:\/\/www.prijedordanas.com\/?p=108345","og_site_name":"PrijedorDanas.com - Prijedorski gradski portal","article_publisher":"https:\/\/www.facebook.com\/PrijedorDanasCom\/","article_published_time":"2018-07-03T17:46:20+00:00","og_image":[{"url":"https:\/\/www.prijedordanas.com\/wp-content\/uploads\/2018\/07\/izlozba-spasic-crtezi-1-300x300.jpg"}],"author":"admin","twitter_card":"summary_large_image","twitter_misc":{"Written by":"admin","Est. reading time":"1 minute"},"schema":{"@context":"https:\/\/schema.org","@graph":[{"@type":"Article","@id":"https:\/\/www.prijedordanas.com\/?p=108345#article","isPartOf":{"@id":"https:\/\/www.prijedordanas.com\/?p=108345"},"author":{"name":"admin","@id":"https:\/\/www.prijedordanas.com\/#\/schema\/person\/4e08ccf29b506ca916ff86d46bb700e6"},"headline":"MUZEJ KOZARE PRIJEDOR: IZLO\u017dBA \u201eCRTE\u017dI\u201c \u2013 FOTO\/VIDEO","datePublished":"2018-07-03T17:46:20+00:00","dateModified":"2018-07-03T17:46:20+00:00","mainEntityOfPage":{"@id":"https:\/\/www.prijedordanas.com\/?p=108345"},"wordCount":193,"publisher":{"@id":"https:\/\/www.prijedordanas.com\/#organization"},"articleSection":["Kultura"],"inLanguage":"en-US"},{"@type":"WebPage","@id":"https:\/\/www.prijedordanas.com\/?p=108345","url":"https:\/\/www.prijedordanas.com\/?p=108345","name":"MUZEJ KOZARE PRIJEDOR: IZLO\u017dBA \u201eCRTE\u017dI\u201c \u2013 FOTO\/VIDEO - PrijedorDanas.com - Prijedorski gradski portal","isPartOf":{"@id":"https:\/\/www.prijedordanas.com\/#website"},"datePublished":"2018-07-03T17:46:20+00:00","dateModified":"2018-07-03T17:46:20+00:00","breadcrumb":{"@id":"https:\/\/www.prijedordanas.com\/?p=108345#breadcrumb"},"inLanguage":"en-US","potentialAction":[{"@type":"ReadAction","target":["https:\/\/www.prijedordanas.com\/?p=108345"]}]},{"@type":"BreadcrumbList","@id":"https:\/\/www.prijedordanas.com\/?p=108345#breadcrumb","itemListElement":[{"@type":"ListItem","position":1,"name":"Home","item":"https:\/\/www.prijedordanas.com\/"},{"@type":"ListItem","position":2,"name":"MUZEJ KOZARE PRIJEDOR: IZLO\u017dBA \u201eCRTE\u017dI\u201c \u2013 FOTO\/VIDEO"}]},{"@type":"WebSite","@id":"https:\/\/www.prijedordanas.com\/#website","url":"https:\/\/www.prijedordanas.com\/","name":"PrijedorDanas.com - Prijedorski gradski portal","description":"Portal o doga\u0111anjima u gradu Prijedoru","publisher":{"@id":"https:\/\/www.prijedordanas.com\/#organization"},"potentialAction":[{"@type":"SearchAction","target":{"@type":"EntryPoint","urlTemplate":"https:\/\/www.prijedordanas.com\/?s={search_term_string}"},"query-input":"required name=search_term_string"}],"inLanguage":"en-US"},{"@type":"Organization","@id":"https:\/\/www.prijedordanas.com\/#organization","name":"PrijedorDanas.com","url":"https:\/\/www.prijedordanas.com\/","logo":{"@type":"ImageObject","inLanguage":"en-US","@id":"https:\/\/www.prijedordanas.com\/#\/schema\/logo\/image\/","url":"http:\/\/www.prijedordanas.com\/wp-content\/uploads\/2021\/12\/logopng.png","contentUrl":"http:\/\/www.prijedordanas.com\/wp-content\/uploads\/2021\/12\/logopng.png","width":1019,"height":776,"caption":"PrijedorDanas.com"},"image":{"@id":"https:\/\/www.prijedordanas.com\/#\/schema\/logo\/image\/"},"sameAs":["https:\/\/www.facebook.com\/PrijedorDanasCom\/"]},{"@type":"Person","@id":"https:\/\/www.prijedordanas.com\/#\/schema\/person\/4e08ccf29b506ca916ff86d46bb700e6","name":"admin","image":{"@type":"ImageObject","inLanguage":"en-US","@id":"https:\/\/www.prijedordanas.com\/#\/schema\/person\/image\/","url":"https:\/\/secure.gravatar.com\/avatar\/1d3fc949d550f0b53a5f0d51e06dfd79?s=96&d=mm&r=g","contentUrl":"https:\/\/secure.gravatar.com\/avatar\/1d3fc949d550f0b53a5f0d51e06dfd79?s=96&d=mm&r=g","caption":"admin"},"url":"https:\/\/www.prijedordanas.com\/?author=1"}]}},"_links":{"self":[{"href":"https:\/\/www.prijedordanas.com\/index.php?rest_route=\/wp\/v2\/posts\/108345"}],"collection":[{"href":"https:\/\/www.prijedordanas.com\/index.php?rest_route=\/wp\/v2\/posts"}],"about":[{"href":"https:\/\/www.prijedordanas.com\/index.php?rest_route=\/wp\/v2\/types\/post"}],"author":[{"embeddable":true,"href":"https:\/\/www.prijedordanas.com\/index.php?rest_route=\/wp\/v2\/users\/1"}],"replies":[{"embeddable":true,"href":"https:\/\/www.prijedordanas.com\/index.php?rest_route=%2Fwp%2Fv2%2Fcomments&post=108345"}],"version-history":[{"count":1,"href":"https:\/\/www.prijedordanas.com\/index.php?rest_route=\/wp\/v2\/posts\/108345\/revisions"}],"predecessor-version":[{"id":108354,"href":"https:\/\/www.prijedordanas.com\/index.php?rest_route=\/wp\/v2\/posts\/108345\/revisions\/108354"}],"wp:attachment":[{"href":"https:\/\/www.prijedordanas.com\/index.php?rest_route=%2Fwp%2Fv2%2Fmedia&parent=108345"}],"wp:term":[{"taxonomy":"category","embeddable":true,"href":"https:\/\/www.prijedordanas.com\/index.php?rest_route=%2Fwp%2Fv2%2Fcategories&post=108345"},{"taxonomy":"post_tag","embeddable":true,"href":"https:\/\/www.prijedordanas.com\/index.php?rest_route=%2Fwp%2Fv2%2Ftags&post=108345"}],"curies":[{"name":"wp","href":"https:\/\/api.w.org\/{rel}","templated":true}]}}