{"id":108087,"date":"2018-06-29T23:18:42","date_gmt":"2018-06-29T21:18:42","guid":{"rendered":"https:\/\/www.prijedordanas.com\/?p=108087"},"modified":"2018-06-29T23:18:42","modified_gmt":"2018-06-29T21:18:42","slug":"gradska-organizacija-crvenog-krsta-prijedor-u-novim-prostorijama-foto","status":"publish","type":"post","link":"https:\/\/www.prijedordanas.com\/?p=108087","title":{"rendered":"GRADSKA ORGANIZACIJA CRVENOG KRSTA PRIJEDOR U NOVIM PROSTORIJAMA \u2013 FOTO"},"content":{"rendered":"<p><a href=\"https:\/\/www.prijedordanas.com\/wp-content\/uploads\/2018\/06\/crveni-krst-prijedor-nove-prostorije-1.jpg\"><img loading=\"lazy\" decoding=\"async\" class=\"alignleft size-medium wp-image-108088\" src=\"https:\/\/www.prijedordanas.com\/wp-content\/uploads\/2018\/06\/crveni-krst-prijedor-nove-prostorije-1-300x222.jpg\" alt=\"\" width=\"300\" height=\"222\" srcset=\"https:\/\/www.prijedordanas.com\/wp-content\/uploads\/2018\/06\/crveni-krst-prijedor-nove-prostorije-1-300x222.jpg 300w, https:\/\/www.prijedordanas.com\/wp-content\/uploads\/2018\/06\/crveni-krst-prijedor-nove-prostorije-1-100x74.jpg 100w, https:\/\/www.prijedordanas.com\/wp-content\/uploads\/2018\/06\/crveni-krst-prijedor-nove-prostorije-1.jpg 675w\" sizes=\"(max-width: 300px) 100vw, 300px\" \/><\/a>Gradska organizacija Crvenog krsta Prijedor i zvani\u010dno je otvorila svoje nove prostorije koje je u naselju Pe\u0107ani obezbjedila Gradska uprava.<\/p>\n<p>Na prigodnoj ceremoniji, sve\u010danu vrpcu na ulazu u novi prostor zajedno su presjekli gradona\u010delnik Milenko \u0110akovi\u0107 i sekretar GO CK Prijedor Zoran Veselinovi\u0107 koji je istakao da su svi \u010dlanovi i volonteri ove organizacije sretni da su dobili nov i funkcionalan prostor za rad.<\/p>\n<p>-Potrudi\u0107emo se da na\u0161i rezultati budu jo\u0161 bolji. Veliku zahvalnost dugujemo aktuelnom gradona\u010delniku \u0110akovi\u0107u kao i nekada\u0161njem Marku Pavi\u0107u koji je prepoznao zna\u010daj i potrebe prijedorskog Crvenog krsta \u2013 dodao je Veselinovi\u0107.<\/p>\n<p><a href=\"https:\/\/www.prijedordanas.com\/wp-content\/uploads\/2018\/06\/crveni-krst-prijedor-nove-prostorije-3.jpg\"><img loading=\"lazy\" decoding=\"async\" class=\"alignleft size-medium wp-image-108089\" src=\"https:\/\/www.prijedordanas.com\/wp-content\/uploads\/2018\/06\/crveni-krst-prijedor-nove-prostorije-3-300x222.jpg\" alt=\"\" width=\"300\" height=\"222\" srcset=\"https:\/\/www.prijedordanas.com\/wp-content\/uploads\/2018\/06\/crveni-krst-prijedor-nove-prostorije-3-300x222.jpg 300w, https:\/\/www.prijedordanas.com\/wp-content\/uploads\/2018\/06\/crveni-krst-prijedor-nove-prostorije-3-100x74.jpg 100w, https:\/\/www.prijedordanas.com\/wp-content\/uploads\/2018\/06\/crveni-krst-prijedor-nove-prostorije-3.jpg 675w\" sizes=\"(max-width: 300px) 100vw, 300px\" \/><\/a>-Crveni krst je ponos grada Prijedora a sada su ovoj humanitarnoj organizaciji obezbije\u0111eni dobri uslovi za rad. Tokom mnogih doga\u0111aja u prethodnom vremenu pokazali su da su spremni za obavljanje najslo\u017eenijih funkcija u slu\u010daju vanrednih okolnosti \u2013 rekao je gradona\u010delnik \u0110akovi\u0107.<\/p>\n<p>Na dana\u0161njoj sve\u010danosti uru\u010dene su i zahvalnice svim institucijama i subjektima koji su podr\u017eali rad Gradske organizacije Crvenog krsta Prijedor te omogu\u0107ili preseljenje u nove prostorije koje se nalaze u prvoj &#8220;bora\u010dkoj&#8221; zgradi.<\/p>\n<p>Tekst i foto &#8211; Aleksandar Drakuli\u0107 \u2013 <a href=\"https:\/\/www.prijedordanas.com\" target=\"_blank\" rel=\"noopener noreferrer\">www.prijedordanas.com<\/a><\/p>\n<p><a href=\"https:\/\/www.prijedordanas.com\/wp-content\/uploads\/2018\/06\/crveni-krst-prijedor-nove-prostorije-4.jpg\"><img loading=\"lazy\" decoding=\"async\" src=\"https:\/\/www.prijedordanas.com\/wp-content\/uploads\/2018\/06\/crveni-krst-prijedor-nove-prostorije-4-300x222.jpg\" alt=\"\" width=\"300\" height=\"222\" class=\"alignleft size-medium wp-image-108090\" srcset=\"https:\/\/www.prijedordanas.com\/wp-content\/uploads\/2018\/06\/crveni-krst-prijedor-nove-prostorije-4-300x222.jpg 300w, https:\/\/www.prijedordanas.com\/wp-content\/uploads\/2018\/06\/crveni-krst-prijedor-nove-prostorije-4-100x74.jpg 100w, https:\/\/www.prijedordanas.com\/wp-content\/uploads\/2018\/06\/crveni-krst-prijedor-nove-prostorije-4.jpg 675w\" sizes=\"(max-width: 300px) 100vw, 300px\" \/><\/a> <a href=\"https:\/\/www.prijedordanas.com\/wp-content\/uploads\/2018\/06\/crveni-krst-prijedor-nove-prostorije-5.jpg\"><img loading=\"lazy\" decoding=\"async\" src=\"https:\/\/www.prijedordanas.com\/wp-content\/uploads\/2018\/06\/crveni-krst-prijedor-nove-prostorije-5-300x222.jpg\" alt=\"\" width=\"300\" height=\"222\" class=\"alignleft size-medium wp-image-108091\" srcset=\"https:\/\/www.prijedordanas.com\/wp-content\/uploads\/2018\/06\/crveni-krst-prijedor-nove-prostorije-5-300x222.jpg 300w, https:\/\/www.prijedordanas.com\/wp-content\/uploads\/2018\/06\/crveni-krst-prijedor-nove-prostorije-5-100x74.jpg 100w, https:\/\/www.prijedordanas.com\/wp-content\/uploads\/2018\/06\/crveni-krst-prijedor-nove-prostorije-5.jpg 675w\" sizes=\"(max-width: 300px) 100vw, 300px\" \/><\/a> <a href=\"https:\/\/www.prijedordanas.com\/wp-content\/uploads\/2018\/06\/crveni-krst-prijedor-nove-prostorije-2.jpg\"><img loading=\"lazy\" decoding=\"async\" src=\"https:\/\/www.prijedordanas.com\/wp-content\/uploads\/2018\/06\/crveni-krst-prijedor-nove-prostorije-2-270x300.jpg\" alt=\"\" width=\"270\" height=\"300\" class=\"alignleft size-medium wp-image-108092\" srcset=\"https:\/\/www.prijedordanas.com\/wp-content\/uploads\/2018\/06\/crveni-krst-prijedor-nove-prostorije-2-270x300.jpg 270w, https:\/\/www.prijedordanas.com\/wp-content\/uploads\/2018\/06\/crveni-krst-prijedor-nove-prostorije-2-90x100.jpg 90w, https:\/\/www.prijedordanas.com\/wp-content\/uploads\/2018\/06\/crveni-krst-prijedor-nove-prostorije-2.jpg 540w\" sizes=\"(max-width: 270px) 100vw, 270px\" \/><\/a> <a href=\"https:\/\/www.prijedordanas.com\/wp-content\/uploads\/2018\/06\/crveni-krst-prijedor-nove-prostorije-7.jpg\"><img loading=\"lazy\" decoding=\"async\" src=\"https:\/\/www.prijedordanas.com\/wp-content\/uploads\/2018\/06\/crveni-krst-prijedor-nove-prostorije-7-300x222.jpg\" alt=\"\" width=\"300\" height=\"222\" class=\"alignleft size-medium wp-image-108093\" srcset=\"https:\/\/www.prijedordanas.com\/wp-content\/uploads\/2018\/06\/crveni-krst-prijedor-nove-prostorije-7-300x222.jpg 300w, https:\/\/www.prijedordanas.com\/wp-content\/uploads\/2018\/06\/crveni-krst-prijedor-nove-prostorije-7-100x74.jpg 100w, https:\/\/www.prijedordanas.com\/wp-content\/uploads\/2018\/06\/crveni-krst-prijedor-nove-prostorije-7.jpg 675w\" sizes=\"(max-width: 300px) 100vw, 300px\" \/><\/a> <a href=\"https:\/\/www.prijedordanas.com\/wp-content\/uploads\/2018\/06\/crveni-krst-prijedor-nove-prostorije-8.jpg\"><img loading=\"lazy\" decoding=\"async\" src=\"https:\/\/www.prijedordanas.com\/wp-content\/uploads\/2018\/06\/crveni-krst-prijedor-nove-prostorije-8-300x222.jpg\" alt=\"\" width=\"300\" height=\"222\" class=\"alignleft size-medium wp-image-108095\" srcset=\"https:\/\/www.prijedordanas.com\/wp-content\/uploads\/2018\/06\/crveni-krst-prijedor-nove-prostorije-8-300x222.jpg 300w, https:\/\/www.prijedordanas.com\/wp-content\/uploads\/2018\/06\/crveni-krst-prijedor-nove-prostorije-8-100x74.jpg 100w, https:\/\/www.prijedordanas.com\/wp-content\/uploads\/2018\/06\/crveni-krst-prijedor-nove-prostorije-8.jpg 675w\" sizes=\"(max-width: 300px) 100vw, 300px\" \/><\/a><\/p>\n","protected":false},"excerpt":{"rendered":"<p>Gradska organizacija Crvenog krsta Prijedor i zvani\u010dno je otvorila svoje nove prostorije koje je u naselju Pe\u0107ani obezbjedila Gradska uprava. Na prigodnoj ceremoniji, sve\u010danu vrpcu na ulazu u novi prostor [&hellip;]<\/p>\n","protected":false},"author":1,"featured_media":0,"comment_status":"closed","ping_status":"open","sticky":false,"template":"","format":"standard","meta":{"_monsterinsights_skip_tracking":false,"_monsterinsights_sitenote_active":false,"_monsterinsights_sitenote_note":"","_monsterinsights_sitenote_category":0,"footnotes":""},"categories":[4],"tags":[],"yoast_head":"<!-- This site is optimized with the Yoast SEO plugin v21.6 - https:\/\/yoast.com\/wordpress\/plugins\/seo\/ -->\n<title>GRADSKA ORGANIZACIJA CRVENOG KRSTA PRIJEDOR U NOVIM PROSTORIJAMA \u2013 FOTO - PrijedorDanas.com - Prijedorski gradski portal<\/title>\n<meta name=\"robots\" content=\"index, follow, max-snippet:-1, max-image-preview:large, max-video-preview:-1\" \/>\n<link rel=\"canonical\" href=\"https:\/\/www.prijedordanas.com\/?p=108087\" \/>\n<meta property=\"og:locale\" content=\"en_US\" \/>\n<meta property=\"og:type\" content=\"article\" \/>\n<meta property=\"og:title\" content=\"GRADSKA ORGANIZACIJA CRVENOG KRSTA PRIJEDOR U NOVIM PROSTORIJAMA \u2013 FOTO - PrijedorDanas.com - Prijedorski gradski portal\" \/>\n<meta property=\"og:description\" content=\"Gradska organizacija Crvenog krsta Prijedor i zvani\u010dno je otvorila svoje nove prostorije koje je u naselju Pe\u0107ani obezbjedila Gradska uprava. Na prigodnoj ceremoniji, sve\u010danu vrpcu na ulazu u novi prostor [&hellip;]\" \/>\n<meta property=\"og:url\" content=\"https:\/\/www.prijedordanas.com\/?p=108087\" \/>\n<meta property=\"og:site_name\" content=\"PrijedorDanas.com - Prijedorski gradski portal\" \/>\n<meta property=\"article:publisher\" content=\"https:\/\/www.facebook.com\/PrijedorDanasCom\/\" \/>\n<meta property=\"article:published_time\" content=\"2018-06-29T21:18:42+00:00\" \/>\n<meta property=\"og:image\" content=\"https:\/\/www.prijedordanas.com\/wp-content\/uploads\/2018\/06\/crveni-krst-prijedor-nove-prostorije-1-300x222.jpg\" \/>\n<meta name=\"author\" content=\"admin\" \/>\n<meta name=\"twitter:card\" content=\"summary_large_image\" \/>\n<meta name=\"twitter:label1\" content=\"Written by\" \/>\n\t<meta name=\"twitter:data1\" content=\"admin\" \/>\n\t<meta name=\"twitter:label2\" content=\"Est. reading time\" \/>\n\t<meta name=\"twitter:data2\" content=\"1 minute\" \/>\n<script type=\"application\/ld+json\" class=\"yoast-schema-graph\">{\"@context\":\"https:\/\/schema.org\",\"@graph\":[{\"@type\":\"Article\",\"@id\":\"https:\/\/www.prijedordanas.com\/?p=108087#article\",\"isPartOf\":{\"@id\":\"https:\/\/www.prijedordanas.com\/?p=108087\"},\"author\":{\"name\":\"admin\",\"@id\":\"https:\/\/www.prijedordanas.com\/#\/schema\/person\/4e08ccf29b506ca916ff86d46bb700e6\"},\"headline\":\"GRADSKA ORGANIZACIJA CRVENOG KRSTA PRIJEDOR U NOVIM PROSTORIJAMA \u2013 FOTO\",\"datePublished\":\"2018-06-29T21:18:42+00:00\",\"dateModified\":\"2018-06-29T21:18:42+00:00\",\"mainEntityOfPage\":{\"@id\":\"https:\/\/www.prijedordanas.com\/?p=108087\"},\"wordCount\":208,\"publisher\":{\"@id\":\"https:\/\/www.prijedordanas.com\/#organization\"},\"articleSection\":[\"Dru\u0161tvo\"],\"inLanguage\":\"en-US\"},{\"@type\":\"WebPage\",\"@id\":\"https:\/\/www.prijedordanas.com\/?p=108087\",\"url\":\"https:\/\/www.prijedordanas.com\/?p=108087\",\"name\":\"GRADSKA ORGANIZACIJA CRVENOG KRSTA PRIJEDOR U NOVIM PROSTORIJAMA \u2013 FOTO - PrijedorDanas.com - Prijedorski gradski portal\",\"isPartOf\":{\"@id\":\"https:\/\/www.prijedordanas.com\/#website\"},\"datePublished\":\"2018-06-29T21:18:42+00:00\",\"dateModified\":\"2018-06-29T21:18:42+00:00\",\"breadcrumb\":{\"@id\":\"https:\/\/www.prijedordanas.com\/?p=108087#breadcrumb\"},\"inLanguage\":\"en-US\",\"potentialAction\":[{\"@type\":\"ReadAction\",\"target\":[\"https:\/\/www.prijedordanas.com\/?p=108087\"]}]},{\"@type\":\"BreadcrumbList\",\"@id\":\"https:\/\/www.prijedordanas.com\/?p=108087#breadcrumb\",\"itemListElement\":[{\"@type\":\"ListItem\",\"position\":1,\"name\":\"Home\",\"item\":\"https:\/\/www.prijedordanas.com\/\"},{\"@type\":\"ListItem\",\"position\":2,\"name\":\"GRADSKA ORGANIZACIJA CRVENOG KRSTA PRIJEDOR U NOVIM PROSTORIJAMA \u2013 FOTO\"}]},{\"@type\":\"WebSite\",\"@id\":\"https:\/\/www.prijedordanas.com\/#website\",\"url\":\"https:\/\/www.prijedordanas.com\/\",\"name\":\"PrijedorDanas.com - Prijedorski gradski portal\",\"description\":\"Portal o doga\u0111anjima u gradu Prijedoru\",\"publisher\":{\"@id\":\"https:\/\/www.prijedordanas.com\/#organization\"},\"potentialAction\":[{\"@type\":\"SearchAction\",\"target\":{\"@type\":\"EntryPoint\",\"urlTemplate\":\"https:\/\/www.prijedordanas.com\/?s={search_term_string}\"},\"query-input\":\"required name=search_term_string\"}],\"inLanguage\":\"en-US\"},{\"@type\":\"Organization\",\"@id\":\"https:\/\/www.prijedordanas.com\/#organization\",\"name\":\"PrijedorDanas.com\",\"url\":\"https:\/\/www.prijedordanas.com\/\",\"logo\":{\"@type\":\"ImageObject\",\"inLanguage\":\"en-US\",\"@id\":\"https:\/\/www.prijedordanas.com\/#\/schema\/logo\/image\/\",\"url\":\"http:\/\/www.prijedordanas.com\/wp-content\/uploads\/2021\/12\/logopng.png\",\"contentUrl\":\"http:\/\/www.prijedordanas.com\/wp-content\/uploads\/2021\/12\/logopng.png\",\"width\":1019,\"height\":776,\"caption\":\"PrijedorDanas.com\"},\"image\":{\"@id\":\"https:\/\/www.prijedordanas.com\/#\/schema\/logo\/image\/\"},\"sameAs\":[\"https:\/\/www.facebook.com\/PrijedorDanasCom\/\"]},{\"@type\":\"Person\",\"@id\":\"https:\/\/www.prijedordanas.com\/#\/schema\/person\/4e08ccf29b506ca916ff86d46bb700e6\",\"name\":\"admin\",\"image\":{\"@type\":\"ImageObject\",\"inLanguage\":\"en-US\",\"@id\":\"https:\/\/www.prijedordanas.com\/#\/schema\/person\/image\/\",\"url\":\"https:\/\/secure.gravatar.com\/avatar\/1d3fc949d550f0b53a5f0d51e06dfd79?s=96&d=mm&r=g\",\"contentUrl\":\"https:\/\/secure.gravatar.com\/avatar\/1d3fc949d550f0b53a5f0d51e06dfd79?s=96&d=mm&r=g\",\"caption\":\"admin\"},\"url\":\"https:\/\/www.prijedordanas.com\/?author=1\"}]}<\/script>\n<!-- \/ Yoast SEO plugin. -->","yoast_head_json":{"title":"GRADSKA ORGANIZACIJA CRVENOG KRSTA PRIJEDOR U NOVIM PROSTORIJAMA \u2013 FOTO - PrijedorDanas.com - Prijedorski gradski portal","robots":{"index":"index","follow":"follow","max-snippet":"max-snippet:-1","max-image-preview":"max-image-preview:large","max-video-preview":"max-video-preview:-1"},"canonical":"https:\/\/www.prijedordanas.com\/?p=108087","og_locale":"en_US","og_type":"article","og_title":"GRADSKA ORGANIZACIJA CRVENOG KRSTA PRIJEDOR U NOVIM PROSTORIJAMA \u2013 FOTO - PrijedorDanas.com - Prijedorski gradski portal","og_description":"Gradska organizacija Crvenog krsta Prijedor i zvani\u010dno je otvorila svoje nove prostorije koje je u naselju Pe\u0107ani obezbjedila Gradska uprava. Na prigodnoj ceremoniji, sve\u010danu vrpcu na ulazu u novi prostor [&hellip;]","og_url":"https:\/\/www.prijedordanas.com\/?p=108087","og_site_name":"PrijedorDanas.com - Prijedorski gradski portal","article_publisher":"https:\/\/www.facebook.com\/PrijedorDanasCom\/","article_published_time":"2018-06-29T21:18:42+00:00","og_image":[{"url":"https:\/\/www.prijedordanas.com\/wp-content\/uploads\/2018\/06\/crveni-krst-prijedor-nove-prostorije-1-300x222.jpg"}],"author":"admin","twitter_card":"summary_large_image","twitter_misc":{"Written by":"admin","Est. reading time":"1 minute"},"schema":{"@context":"https:\/\/schema.org","@graph":[{"@type":"Article","@id":"https:\/\/www.prijedordanas.com\/?p=108087#article","isPartOf":{"@id":"https:\/\/www.prijedordanas.com\/?p=108087"},"author":{"name":"admin","@id":"https:\/\/www.prijedordanas.com\/#\/schema\/person\/4e08ccf29b506ca916ff86d46bb700e6"},"headline":"GRADSKA ORGANIZACIJA CRVENOG KRSTA PRIJEDOR U NOVIM PROSTORIJAMA \u2013 FOTO","datePublished":"2018-06-29T21:18:42+00:00","dateModified":"2018-06-29T21:18:42+00:00","mainEntityOfPage":{"@id":"https:\/\/www.prijedordanas.com\/?p=108087"},"wordCount":208,"publisher":{"@id":"https:\/\/www.prijedordanas.com\/#organization"},"articleSection":["Dru\u0161tvo"],"inLanguage":"en-US"},{"@type":"WebPage","@id":"https:\/\/www.prijedordanas.com\/?p=108087","url":"https:\/\/www.prijedordanas.com\/?p=108087","name":"GRADSKA ORGANIZACIJA CRVENOG KRSTA PRIJEDOR U NOVIM PROSTORIJAMA \u2013 FOTO - PrijedorDanas.com - Prijedorski gradski portal","isPartOf":{"@id":"https:\/\/www.prijedordanas.com\/#website"},"datePublished":"2018-06-29T21:18:42+00:00","dateModified":"2018-06-29T21:18:42+00:00","breadcrumb":{"@id":"https:\/\/www.prijedordanas.com\/?p=108087#breadcrumb"},"inLanguage":"en-US","potentialAction":[{"@type":"ReadAction","target":["https:\/\/www.prijedordanas.com\/?p=108087"]}]},{"@type":"BreadcrumbList","@id":"https:\/\/www.prijedordanas.com\/?p=108087#breadcrumb","itemListElement":[{"@type":"ListItem","position":1,"name":"Home","item":"https:\/\/www.prijedordanas.com\/"},{"@type":"ListItem","position":2,"name":"GRADSKA ORGANIZACIJA CRVENOG KRSTA PRIJEDOR U NOVIM PROSTORIJAMA \u2013 FOTO"}]},{"@type":"WebSite","@id":"https:\/\/www.prijedordanas.com\/#website","url":"https:\/\/www.prijedordanas.com\/","name":"PrijedorDanas.com - Prijedorski gradski portal","description":"Portal o doga\u0111anjima u gradu Prijedoru","publisher":{"@id":"https:\/\/www.prijedordanas.com\/#organization"},"potentialAction":[{"@type":"SearchAction","target":{"@type":"EntryPoint","urlTemplate":"https:\/\/www.prijedordanas.com\/?s={search_term_string}"},"query-input":"required name=search_term_string"}],"inLanguage":"en-US"},{"@type":"Organization","@id":"https:\/\/www.prijedordanas.com\/#organization","name":"PrijedorDanas.com","url":"https:\/\/www.prijedordanas.com\/","logo":{"@type":"ImageObject","inLanguage":"en-US","@id":"https:\/\/www.prijedordanas.com\/#\/schema\/logo\/image\/","url":"http:\/\/www.prijedordanas.com\/wp-content\/uploads\/2021\/12\/logopng.png","contentUrl":"http:\/\/www.prijedordanas.com\/wp-content\/uploads\/2021\/12\/logopng.png","width":1019,"height":776,"caption":"PrijedorDanas.com"},"image":{"@id":"https:\/\/www.prijedordanas.com\/#\/schema\/logo\/image\/"},"sameAs":["https:\/\/www.facebook.com\/PrijedorDanasCom\/"]},{"@type":"Person","@id":"https:\/\/www.prijedordanas.com\/#\/schema\/person\/4e08ccf29b506ca916ff86d46bb700e6","name":"admin","image":{"@type":"ImageObject","inLanguage":"en-US","@id":"https:\/\/www.prijedordanas.com\/#\/schema\/person\/image\/","url":"https:\/\/secure.gravatar.com\/avatar\/1d3fc949d550f0b53a5f0d51e06dfd79?s=96&d=mm&r=g","contentUrl":"https:\/\/secure.gravatar.com\/avatar\/1d3fc949d550f0b53a5f0d51e06dfd79?s=96&d=mm&r=g","caption":"admin"},"url":"https:\/\/www.prijedordanas.com\/?author=1"}]}},"_links":{"self":[{"href":"https:\/\/www.prijedordanas.com\/index.php?rest_route=\/wp\/v2\/posts\/108087"}],"collection":[{"href":"https:\/\/www.prijedordanas.com\/index.php?rest_route=\/wp\/v2\/posts"}],"about":[{"href":"https:\/\/www.prijedordanas.com\/index.php?rest_route=\/wp\/v2\/types\/post"}],"author":[{"embeddable":true,"href":"https:\/\/www.prijedordanas.com\/index.php?rest_route=\/wp\/v2\/users\/1"}],"replies":[{"embeddable":true,"href":"https:\/\/www.prijedordanas.com\/index.php?rest_route=%2Fwp%2Fv2%2Fcomments&post=108087"}],"version-history":[{"count":1,"href":"https:\/\/www.prijedordanas.com\/index.php?rest_route=\/wp\/v2\/posts\/108087\/revisions"}],"predecessor-version":[{"id":108096,"href":"https:\/\/www.prijedordanas.com\/index.php?rest_route=\/wp\/v2\/posts\/108087\/revisions\/108096"}],"wp:attachment":[{"href":"https:\/\/www.prijedordanas.com\/index.php?rest_route=%2Fwp%2Fv2%2Fmedia&parent=108087"}],"wp:term":[{"taxonomy":"category","embeddable":true,"href":"https:\/\/www.prijedordanas.com\/index.php?rest_route=%2Fwp%2Fv2%2Fcategories&post=108087"},{"taxonomy":"post_tag","embeddable":true,"href":"https:\/\/www.prijedordanas.com\/index.php?rest_route=%2Fwp%2Fv2%2Ftags&post=108087"}],"curies":[{"name":"wp","href":"https:\/\/api.w.org\/{rel}","templated":true}]}}