{"id":108029,"date":"2018-06-29T07:22:12","date_gmt":"2018-06-29T05:22:12","guid":{"rendered":"https:\/\/www.prijedordanas.com\/?p=108029"},"modified":"2018-06-29T07:22:12","modified_gmt":"2018-06-29T05:22:12","slug":"kulturno-zabavni-karavan-selo-veselo-domacini-nadjacali-goste","status":"publish","type":"post","link":"https:\/\/www.prijedordanas.com\/?p=108029","title":{"rendered":"KULTURNO-ZABAVNI KARAVAN \u201eSELO VESELO\u201c: DOMA\u0106INI NADJA\u010cALI GOSTE"},"content":{"rendered":"<p><a href=\"https:\/\/www.prijedordanas.com\/wp-content\/uploads\/2018\/06\/glas-selo-veselo-rasavci.jpg\"><img loading=\"lazy\" decoding=\"async\" src=\"https:\/\/www.prijedordanas.com\/wp-content\/uploads\/2018\/06\/glas-selo-veselo-rasavci-300x217.jpg\" alt=\"\" width=\"300\" height=\"217\" class=\"alignleft size-medium wp-image-108030\" srcset=\"https:\/\/www.prijedordanas.com\/wp-content\/uploads\/2018\/06\/glas-selo-veselo-rasavci-300x217.jpg 300w, https:\/\/www.prijedordanas.com\/wp-content\/uploads\/2018\/06\/glas-selo-veselo-rasavci-100x72.jpg 100w, https:\/\/www.prijedordanas.com\/wp-content\/uploads\/2018\/06\/glas-selo-veselo-rasavci.jpg 690w\" sizes=\"(max-width: 300px) 100vw, 300px\" \/><\/a>Selo Rasavci bilo je doma\u0107in i ujedno i pobjednik prve ovosezonske manifestacije \u201cSelo veselo\u201d, u okviru koje su se, osim ove ekipe, mje\u0161tani Peji\u0107a i Rakeli\u0107a takmi\u010dili u poljoprivrednom kvizu i tradicionalnim igrama.<\/p>\n<p>Brojni gledaoci bodrili su svoje ekipe dok su odmjeravale snage u bacanju kamena s ramena, povla\u010denju konopca i drugim disciplinama. U kulturno-umjetni\u010dkom programu nastupili su \u010dlanovi Folklorne sekcije \u201cRasavci\u201d, izvorne grupe, narodni umjetnici, muzi\u010dari i vokalni solisti.<\/p>\n<p>&#8211; Ova manifestacija odr\u017eava tradiciju na\u0161eg naroda i nadam se da \u0107e sli\u010dna okupljanja biti jo\u0161 masovnija i \u010de\u0161\u0107a &#8211; rekao je predsjednik Savjeta mjesne zajednice Rasavci Pero Milo\u0161evi\u0107.<\/p>\n<p>U ime pokrovitelja manifestacije, grada Prijedora, kulturno-zabavnom karavanu prisustvovala je na\u010delnik Odjeljenja za dru\u0161tvene djelatnosti Monja Kasalovi\u0107, koja je istakla zna\u010daj ove manifestacije za dru\u0161tveni \u017eivot u ruralnim sredinama i podsjetila da je \u201cSelo veselo\u201d dio \u201cPrijedorskog kulturnog ljeta\u201d.<\/p>\n<p>Organizator karavana Sa\u0161a Goronja zadovoljan je atmosferom i odzivom mje\u0161tana.<\/p>\n<p>&#8211; Ljudi su se okupili u velikom broju u \u017eelji da se zabave i dru\u017ee. \u010cini mi se da \u201cSelo veselo\u201d zaista \u017eivi i sve je vi\u0161e sela koja \u017eele da budu doma\u0107ini ovoj manifestaciji, jer su prepoznali njen zna\u010daj, kao i na\u0161 grad koji je od po\u010detka njen pokrovitelj &#8211; izjavio je Goronja.<\/p>\n<p>Glas Srpske<\/p>\n","protected":false},"excerpt":{"rendered":"<p>Selo Rasavci bilo je doma\u0107in i ujedno i pobjednik prve ovosezonske manifestacije \u201cSelo veselo\u201d, u okviru koje su se, osim ove ekipe, mje\u0161tani Peji\u0107a i Rakeli\u0107a takmi\u010dili u poljoprivrednom kvizu [&hellip;]<\/p>\n","protected":false},"author":1,"featured_media":0,"comment_status":"closed","ping_status":"open","sticky":false,"template":"","format":"standard","meta":{"_monsterinsights_skip_tracking":false,"_monsterinsights_sitenote_active":false,"_monsterinsights_sitenote_note":"","_monsterinsights_sitenote_category":0,"footnotes":""},"categories":[3],"tags":[],"yoast_head":"<!-- This site is optimized with the Yoast SEO plugin v21.6 - https:\/\/yoast.com\/wordpress\/plugins\/seo\/ -->\n<title>KULTURNO-ZABAVNI KARAVAN \u201eSELO VESELO\u201c: DOMA\u0106INI NADJA\u010cALI GOSTE - PrijedorDanas.com - Prijedorski gradski portal<\/title>\n<meta name=\"robots\" content=\"index, follow, max-snippet:-1, max-image-preview:large, max-video-preview:-1\" \/>\n<link rel=\"canonical\" href=\"https:\/\/www.prijedordanas.com\/?p=108029\" \/>\n<meta property=\"og:locale\" content=\"en_US\" \/>\n<meta property=\"og:type\" content=\"article\" \/>\n<meta property=\"og:title\" content=\"KULTURNO-ZABAVNI KARAVAN \u201eSELO VESELO\u201c: DOMA\u0106INI NADJA\u010cALI GOSTE - PrijedorDanas.com - Prijedorski gradski portal\" \/>\n<meta property=\"og:description\" content=\"Selo Rasavci bilo je doma\u0107in i ujedno i pobjednik prve ovosezonske manifestacije \u201cSelo veselo\u201d, u okviru koje su se, osim ove ekipe, mje\u0161tani Peji\u0107a i Rakeli\u0107a takmi\u010dili u poljoprivrednom kvizu [&hellip;]\" \/>\n<meta property=\"og:url\" content=\"https:\/\/www.prijedordanas.com\/?p=108029\" \/>\n<meta property=\"og:site_name\" content=\"PrijedorDanas.com - Prijedorski gradski portal\" \/>\n<meta property=\"article:publisher\" content=\"https:\/\/www.facebook.com\/PrijedorDanasCom\/\" \/>\n<meta property=\"article:published_time\" content=\"2018-06-29T05:22:12+00:00\" \/>\n<meta property=\"og:image\" content=\"https:\/\/www.prijedordanas.com\/wp-content\/uploads\/2018\/06\/glas-selo-veselo-rasavci-300x217.jpg\" \/>\n<meta name=\"author\" content=\"admin\" \/>\n<meta name=\"twitter:card\" content=\"summary_large_image\" \/>\n<meta name=\"twitter:label1\" content=\"Written by\" \/>\n\t<meta name=\"twitter:data1\" content=\"admin\" \/>\n\t<meta name=\"twitter:label2\" content=\"Est. reading time\" \/>\n\t<meta name=\"twitter:data2\" content=\"1 minute\" \/>\n<script type=\"application\/ld+json\" class=\"yoast-schema-graph\">{\"@context\":\"https:\/\/schema.org\",\"@graph\":[{\"@type\":\"Article\",\"@id\":\"https:\/\/www.prijedordanas.com\/?p=108029#article\",\"isPartOf\":{\"@id\":\"https:\/\/www.prijedordanas.com\/?p=108029\"},\"author\":{\"name\":\"admin\",\"@id\":\"https:\/\/www.prijedordanas.com\/#\/schema\/person\/4e08ccf29b506ca916ff86d46bb700e6\"},\"headline\":\"KULTURNO-ZABAVNI KARAVAN \u201eSELO VESELO\u201c: DOMA\u0106INI NADJA\u010cALI GOSTE\",\"datePublished\":\"2018-06-29T05:22:12+00:00\",\"dateModified\":\"2018-06-29T05:22:12+00:00\",\"mainEntityOfPage\":{\"@id\":\"https:\/\/www.prijedordanas.com\/?p=108029\"},\"wordCount\":237,\"publisher\":{\"@id\":\"https:\/\/www.prijedordanas.com\/#organization\"},\"articleSection\":[\"\u017divot\"],\"inLanguage\":\"en-US\"},{\"@type\":\"WebPage\",\"@id\":\"https:\/\/www.prijedordanas.com\/?p=108029\",\"url\":\"https:\/\/www.prijedordanas.com\/?p=108029\",\"name\":\"KULTURNO-ZABAVNI KARAVAN \u201eSELO VESELO\u201c: DOMA\u0106INI NADJA\u010cALI GOSTE - PrijedorDanas.com - Prijedorski gradski portal\",\"isPartOf\":{\"@id\":\"https:\/\/www.prijedordanas.com\/#website\"},\"datePublished\":\"2018-06-29T05:22:12+00:00\",\"dateModified\":\"2018-06-29T05:22:12+00:00\",\"breadcrumb\":{\"@id\":\"https:\/\/www.prijedordanas.com\/?p=108029#breadcrumb\"},\"inLanguage\":\"en-US\",\"potentialAction\":[{\"@type\":\"ReadAction\",\"target\":[\"https:\/\/www.prijedordanas.com\/?p=108029\"]}]},{\"@type\":\"BreadcrumbList\",\"@id\":\"https:\/\/www.prijedordanas.com\/?p=108029#breadcrumb\",\"itemListElement\":[{\"@type\":\"ListItem\",\"position\":1,\"name\":\"Home\",\"item\":\"https:\/\/www.prijedordanas.com\/\"},{\"@type\":\"ListItem\",\"position\":2,\"name\":\"KULTURNO-ZABAVNI KARAVAN \u201eSELO VESELO\u201c: DOMA\u0106INI NADJA\u010cALI GOSTE\"}]},{\"@type\":\"WebSite\",\"@id\":\"https:\/\/www.prijedordanas.com\/#website\",\"url\":\"https:\/\/www.prijedordanas.com\/\",\"name\":\"PrijedorDanas.com - Prijedorski gradski portal\",\"description\":\"Portal o doga\u0111anjima u gradu Prijedoru\",\"publisher\":{\"@id\":\"https:\/\/www.prijedordanas.com\/#organization\"},\"potentialAction\":[{\"@type\":\"SearchAction\",\"target\":{\"@type\":\"EntryPoint\",\"urlTemplate\":\"https:\/\/www.prijedordanas.com\/?s={search_term_string}\"},\"query-input\":\"required name=search_term_string\"}],\"inLanguage\":\"en-US\"},{\"@type\":\"Organization\",\"@id\":\"https:\/\/www.prijedordanas.com\/#organization\",\"name\":\"PrijedorDanas.com\",\"url\":\"https:\/\/www.prijedordanas.com\/\",\"logo\":{\"@type\":\"ImageObject\",\"inLanguage\":\"en-US\",\"@id\":\"https:\/\/www.prijedordanas.com\/#\/schema\/logo\/image\/\",\"url\":\"http:\/\/www.prijedordanas.com\/wp-content\/uploads\/2021\/12\/logopng.png\",\"contentUrl\":\"http:\/\/www.prijedordanas.com\/wp-content\/uploads\/2021\/12\/logopng.png\",\"width\":1019,\"height\":776,\"caption\":\"PrijedorDanas.com\"},\"image\":{\"@id\":\"https:\/\/www.prijedordanas.com\/#\/schema\/logo\/image\/\"},\"sameAs\":[\"https:\/\/www.facebook.com\/PrijedorDanasCom\/\"]},{\"@type\":\"Person\",\"@id\":\"https:\/\/www.prijedordanas.com\/#\/schema\/person\/4e08ccf29b506ca916ff86d46bb700e6\",\"name\":\"admin\",\"image\":{\"@type\":\"ImageObject\",\"inLanguage\":\"en-US\",\"@id\":\"https:\/\/www.prijedordanas.com\/#\/schema\/person\/image\/\",\"url\":\"https:\/\/secure.gravatar.com\/avatar\/1d3fc949d550f0b53a5f0d51e06dfd79?s=96&d=mm&r=g\",\"contentUrl\":\"https:\/\/secure.gravatar.com\/avatar\/1d3fc949d550f0b53a5f0d51e06dfd79?s=96&d=mm&r=g\",\"caption\":\"admin\"},\"url\":\"https:\/\/www.prijedordanas.com\/?author=1\"}]}<\/script>\n<!-- \/ Yoast SEO plugin. -->","yoast_head_json":{"title":"KULTURNO-ZABAVNI KARAVAN \u201eSELO VESELO\u201c: DOMA\u0106INI NADJA\u010cALI GOSTE - PrijedorDanas.com - Prijedorski gradski portal","robots":{"index":"index","follow":"follow","max-snippet":"max-snippet:-1","max-image-preview":"max-image-preview:large","max-video-preview":"max-video-preview:-1"},"canonical":"https:\/\/www.prijedordanas.com\/?p=108029","og_locale":"en_US","og_type":"article","og_title":"KULTURNO-ZABAVNI KARAVAN \u201eSELO VESELO\u201c: DOMA\u0106INI NADJA\u010cALI GOSTE - PrijedorDanas.com - Prijedorski gradski portal","og_description":"Selo Rasavci bilo je doma\u0107in i ujedno i pobjednik prve ovosezonske manifestacije \u201cSelo veselo\u201d, u okviru koje su se, osim ove ekipe, mje\u0161tani Peji\u0107a i Rakeli\u0107a takmi\u010dili u poljoprivrednom kvizu [&hellip;]","og_url":"https:\/\/www.prijedordanas.com\/?p=108029","og_site_name":"PrijedorDanas.com - Prijedorski gradski portal","article_publisher":"https:\/\/www.facebook.com\/PrijedorDanasCom\/","article_published_time":"2018-06-29T05:22:12+00:00","og_image":[{"url":"https:\/\/www.prijedordanas.com\/wp-content\/uploads\/2018\/06\/glas-selo-veselo-rasavci-300x217.jpg"}],"author":"admin","twitter_card":"summary_large_image","twitter_misc":{"Written by":"admin","Est. reading time":"1 minute"},"schema":{"@context":"https:\/\/schema.org","@graph":[{"@type":"Article","@id":"https:\/\/www.prijedordanas.com\/?p=108029#article","isPartOf":{"@id":"https:\/\/www.prijedordanas.com\/?p=108029"},"author":{"name":"admin","@id":"https:\/\/www.prijedordanas.com\/#\/schema\/person\/4e08ccf29b506ca916ff86d46bb700e6"},"headline":"KULTURNO-ZABAVNI KARAVAN \u201eSELO VESELO\u201c: DOMA\u0106INI NADJA\u010cALI GOSTE","datePublished":"2018-06-29T05:22:12+00:00","dateModified":"2018-06-29T05:22:12+00:00","mainEntityOfPage":{"@id":"https:\/\/www.prijedordanas.com\/?p=108029"},"wordCount":237,"publisher":{"@id":"https:\/\/www.prijedordanas.com\/#organization"},"articleSection":["\u017divot"],"inLanguage":"en-US"},{"@type":"WebPage","@id":"https:\/\/www.prijedordanas.com\/?p=108029","url":"https:\/\/www.prijedordanas.com\/?p=108029","name":"KULTURNO-ZABAVNI KARAVAN \u201eSELO VESELO\u201c: DOMA\u0106INI NADJA\u010cALI GOSTE - PrijedorDanas.com - Prijedorski gradski portal","isPartOf":{"@id":"https:\/\/www.prijedordanas.com\/#website"},"datePublished":"2018-06-29T05:22:12+00:00","dateModified":"2018-06-29T05:22:12+00:00","breadcrumb":{"@id":"https:\/\/www.prijedordanas.com\/?p=108029#breadcrumb"},"inLanguage":"en-US","potentialAction":[{"@type":"ReadAction","target":["https:\/\/www.prijedordanas.com\/?p=108029"]}]},{"@type":"BreadcrumbList","@id":"https:\/\/www.prijedordanas.com\/?p=108029#breadcrumb","itemListElement":[{"@type":"ListItem","position":1,"name":"Home","item":"https:\/\/www.prijedordanas.com\/"},{"@type":"ListItem","position":2,"name":"KULTURNO-ZABAVNI KARAVAN \u201eSELO VESELO\u201c: DOMA\u0106INI NADJA\u010cALI GOSTE"}]},{"@type":"WebSite","@id":"https:\/\/www.prijedordanas.com\/#website","url":"https:\/\/www.prijedordanas.com\/","name":"PrijedorDanas.com - Prijedorski gradski portal","description":"Portal o doga\u0111anjima u gradu Prijedoru","publisher":{"@id":"https:\/\/www.prijedordanas.com\/#organization"},"potentialAction":[{"@type":"SearchAction","target":{"@type":"EntryPoint","urlTemplate":"https:\/\/www.prijedordanas.com\/?s={search_term_string}"},"query-input":"required name=search_term_string"}],"inLanguage":"en-US"},{"@type":"Organization","@id":"https:\/\/www.prijedordanas.com\/#organization","name":"PrijedorDanas.com","url":"https:\/\/www.prijedordanas.com\/","logo":{"@type":"ImageObject","inLanguage":"en-US","@id":"https:\/\/www.prijedordanas.com\/#\/schema\/logo\/image\/","url":"http:\/\/www.prijedordanas.com\/wp-content\/uploads\/2021\/12\/logopng.png","contentUrl":"http:\/\/www.prijedordanas.com\/wp-content\/uploads\/2021\/12\/logopng.png","width":1019,"height":776,"caption":"PrijedorDanas.com"},"image":{"@id":"https:\/\/www.prijedordanas.com\/#\/schema\/logo\/image\/"},"sameAs":["https:\/\/www.facebook.com\/PrijedorDanasCom\/"]},{"@type":"Person","@id":"https:\/\/www.prijedordanas.com\/#\/schema\/person\/4e08ccf29b506ca916ff86d46bb700e6","name":"admin","image":{"@type":"ImageObject","inLanguage":"en-US","@id":"https:\/\/www.prijedordanas.com\/#\/schema\/person\/image\/","url":"https:\/\/secure.gravatar.com\/avatar\/1d3fc949d550f0b53a5f0d51e06dfd79?s=96&d=mm&r=g","contentUrl":"https:\/\/secure.gravatar.com\/avatar\/1d3fc949d550f0b53a5f0d51e06dfd79?s=96&d=mm&r=g","caption":"admin"},"url":"https:\/\/www.prijedordanas.com\/?author=1"}]}},"_links":{"self":[{"href":"https:\/\/www.prijedordanas.com\/index.php?rest_route=\/wp\/v2\/posts\/108029"}],"collection":[{"href":"https:\/\/www.prijedordanas.com\/index.php?rest_route=\/wp\/v2\/posts"}],"about":[{"href":"https:\/\/www.prijedordanas.com\/index.php?rest_route=\/wp\/v2\/types\/post"}],"author":[{"embeddable":true,"href":"https:\/\/www.prijedordanas.com\/index.php?rest_route=\/wp\/v2\/users\/1"}],"replies":[{"embeddable":true,"href":"https:\/\/www.prijedordanas.com\/index.php?rest_route=%2Fwp%2Fv2%2Fcomments&post=108029"}],"version-history":[{"count":1,"href":"https:\/\/www.prijedordanas.com\/index.php?rest_route=\/wp\/v2\/posts\/108029\/revisions"}],"predecessor-version":[{"id":108031,"href":"https:\/\/www.prijedordanas.com\/index.php?rest_route=\/wp\/v2\/posts\/108029\/revisions\/108031"}],"wp:attachment":[{"href":"https:\/\/www.prijedordanas.com\/index.php?rest_route=%2Fwp%2Fv2%2Fmedia&parent=108029"}],"wp:term":[{"taxonomy":"category","embeddable":true,"href":"https:\/\/www.prijedordanas.com\/index.php?rest_route=%2Fwp%2Fv2%2Fcategories&post=108029"},{"taxonomy":"post_tag","embeddable":true,"href":"https:\/\/www.prijedordanas.com\/index.php?rest_route=%2Fwp%2Fv2%2Ftags&post=108029"}],"curies":[{"name":"wp","href":"https:\/\/api.w.org\/{rel}","templated":true}]}}