{"id":107949,"date":"2018-06-28T11:30:21","date_gmt":"2018-06-28T09:30:21","guid":{"rendered":"https:\/\/www.prijedordanas.com\/?p=107949"},"modified":"2018-06-28T11:30:21","modified_gmt":"2018-06-28T09:30:21","slug":"sudar-na-putu-banjaluka-prijedor-vozac-ispao-iz-auta-foto","status":"publish","type":"post","link":"https:\/\/www.prijedordanas.com\/?p=107949","title":{"rendered":"SUDAR NA PUTU BANJALUKA-PRIJEDOR: VOZA\u010c ISPAO IZ AUTA &#8211; FOTO"},"content":{"rendered":"<p><a href=\"https:\/\/www.prijedordanas.com\/wp-content\/uploads\/2018\/06\/nezavisne-sudar-mercedes-reno-1.jpg\"><img loading=\"lazy\" decoding=\"async\" src=\"https:\/\/www.prijedordanas.com\/wp-content\/uploads\/2018\/06\/nezavisne-sudar-mercedes-reno-1-300x222.jpg\" alt=\"\" width=\"300\" height=\"222\" class=\"alignleft size-medium wp-image-107950\" srcset=\"https:\/\/www.prijedordanas.com\/wp-content\/uploads\/2018\/06\/nezavisne-sudar-mercedes-reno-1-300x222.jpg 300w, https:\/\/www.prijedordanas.com\/wp-content\/uploads\/2018\/06\/nezavisne-sudar-mercedes-reno-1-100x74.jpg 100w, https:\/\/www.prijedordanas.com\/wp-content\/uploads\/2018\/06\/nezavisne-sudar-mercedes-reno-1.jpg 675w\" sizes=\"(max-width: 300px) 100vw, 300px\" \/><\/a>U sudaru mercedesa i renoa klio, na putu Banjaluka &#8211; Prijedor, voza\u010d renoa ispao je iz vozila, ali pukom sre\u0107om, ni on, niti iko iz oba automobila, nije te\u017ee povrije\u0111en.<\/p>\n<p>Novinar &#8220;Nezavisnih&#8221; sa lica mjesta javlja da je saobra\u0107aj usporen, te da se obavlja uvi\u0111aj.<\/p>\n<p>U renou su bila dvojica mladi\u0107a iz Biha\u0107a, dok su u mercedesu bili mu\u0161karac i \u017eena, koja je prevezena u bolnicu.<\/p>\n<p>Voza\u010d klia \u017eali se na povredu noge, te o\u010dekuje vozilo Hitne pomo\u0107i.<\/p>\n<p>Hamid Hasanagi\u0107 (25), voza\u010d klia, rekao je novinaru &#8220;Nezavisnih&#8221; da je najva\u017enije da niko nije nastradao.<\/p>\n<p>&#8220;Moglo je sva\u0161ta da se desi. Dobro smo pro\u0161li&#8221;, kazao je mladi Bi\u0161\u0107anin.<\/p>\n<p>On je dodao da je, nakon udara, ispao iz klia, ali da nije te\u017ee povrije\u0111en. Sre\u0107a je, ka\u017ee, to \u0161to nisu imali putnika na zadnjem sjedi\u0161tu, jer je zadnja lijeva strana auta o\u0161te\u0107ena do neprepoznatljivosti.<\/p>\n<p>Nezavisne novine<\/p>\n<p><a href=\"https:\/\/www.prijedordanas.com\/wp-content\/uploads\/2018\/06\/nezavisne-sudar-mercedes-reno-2.jpg\"><img loading=\"lazy\" decoding=\"async\" src=\"https:\/\/www.prijedordanas.com\/wp-content\/uploads\/2018\/06\/nezavisne-sudar-mercedes-reno-2-300x222.jpg\" alt=\"\" width=\"300\" height=\"222\" class=\"alignleft size-medium wp-image-107951\" srcset=\"https:\/\/www.prijedordanas.com\/wp-content\/uploads\/2018\/06\/nezavisne-sudar-mercedes-reno-2-300x222.jpg 300w, https:\/\/www.prijedordanas.com\/wp-content\/uploads\/2018\/06\/nezavisne-sudar-mercedes-reno-2-100x74.jpg 100w, https:\/\/www.prijedordanas.com\/wp-content\/uploads\/2018\/06\/nezavisne-sudar-mercedes-reno-2.jpg 675w\" sizes=\"(max-width: 300px) 100vw, 300px\" \/><\/a> <a href=\"https:\/\/www.prijedordanas.com\/wp-content\/uploads\/2018\/06\/nezavisne-sudar-mercedes-reno-3.jpg\"><img loading=\"lazy\" decoding=\"async\" src=\"https:\/\/www.prijedordanas.com\/wp-content\/uploads\/2018\/06\/nezavisne-sudar-mercedes-reno-3-300x222.jpg\" alt=\"\" width=\"300\" height=\"222\" class=\"alignleft size-medium wp-image-107952\" srcset=\"https:\/\/www.prijedordanas.com\/wp-content\/uploads\/2018\/06\/nezavisne-sudar-mercedes-reno-3-300x222.jpg 300w, https:\/\/www.prijedordanas.com\/wp-content\/uploads\/2018\/06\/nezavisne-sudar-mercedes-reno-3-100x74.jpg 100w, https:\/\/www.prijedordanas.com\/wp-content\/uploads\/2018\/06\/nezavisne-sudar-mercedes-reno-3.jpg 675w\" sizes=\"(max-width: 300px) 100vw, 300px\" \/><\/a> <a href=\"https:\/\/www.prijedordanas.com\/wp-content\/uploads\/2018\/06\/nezavisne-sudar-mercedes-reno-4.jpg\"><img loading=\"lazy\" decoding=\"async\" src=\"https:\/\/www.prijedordanas.com\/wp-content\/uploads\/2018\/06\/nezavisne-sudar-mercedes-reno-4-300x222.jpg\" alt=\"\" width=\"300\" height=\"222\" class=\"alignleft size-medium wp-image-107953\" srcset=\"https:\/\/www.prijedordanas.com\/wp-content\/uploads\/2018\/06\/nezavisne-sudar-mercedes-reno-4-300x222.jpg 300w, https:\/\/www.prijedordanas.com\/wp-content\/uploads\/2018\/06\/nezavisne-sudar-mercedes-reno-4-100x74.jpg 100w, https:\/\/www.prijedordanas.com\/wp-content\/uploads\/2018\/06\/nezavisne-sudar-mercedes-reno-4.jpg 675w\" sizes=\"(max-width: 300px) 100vw, 300px\" \/><\/a> <a href=\"https:\/\/www.prijedordanas.com\/wp-content\/uploads\/2018\/06\/nezavisne-sudar-mercedes-reno-5.jpg\"><img loading=\"lazy\" decoding=\"async\" src=\"https:\/\/www.prijedordanas.com\/wp-content\/uploads\/2018\/06\/nezavisne-sudar-mercedes-reno-5-300x222.jpg\" alt=\"\" width=\"300\" height=\"222\" class=\"alignleft size-medium wp-image-107954\" srcset=\"https:\/\/www.prijedordanas.com\/wp-content\/uploads\/2018\/06\/nezavisne-sudar-mercedes-reno-5-300x222.jpg 300w, https:\/\/www.prijedordanas.com\/wp-content\/uploads\/2018\/06\/nezavisne-sudar-mercedes-reno-5-100x74.jpg 100w, https:\/\/www.prijedordanas.com\/wp-content\/uploads\/2018\/06\/nezavisne-sudar-mercedes-reno-5.jpg 675w\" sizes=\"(max-width: 300px) 100vw, 300px\" \/><\/a> <a href=\"https:\/\/www.prijedordanas.com\/wp-content\/uploads\/2018\/06\/nezavisne-sudar-mercedes-reno-6.jpg\"><img loading=\"lazy\" decoding=\"async\" src=\"https:\/\/www.prijedordanas.com\/wp-content\/uploads\/2018\/06\/nezavisne-sudar-mercedes-reno-6-300x200.jpg\" alt=\"\" width=\"300\" height=\"200\" class=\"alignleft size-medium wp-image-107955\" srcset=\"https:\/\/www.prijedordanas.com\/wp-content\/uploads\/2018\/06\/nezavisne-sudar-mercedes-reno-6-300x200.jpg 300w, https:\/\/www.prijedordanas.com\/wp-content\/uploads\/2018\/06\/nezavisne-sudar-mercedes-reno-6-100x67.jpg 100w, https:\/\/www.prijedordanas.com\/wp-content\/uploads\/2018\/06\/nezavisne-sudar-mercedes-reno-6-480x320.jpg 480w, https:\/\/www.prijedordanas.com\/wp-content\/uploads\/2018\/06\/nezavisne-sudar-mercedes-reno-6.jpg 600w\" sizes=\"(max-width: 300px) 100vw, 300px\" \/><\/a> <a href=\"https:\/\/www.prijedordanas.com\/wp-content\/uploads\/2018\/06\/nezavisne-sudar-mercedes-reno-7.jpg\"><img loading=\"lazy\" decoding=\"async\" src=\"https:\/\/www.prijedordanas.com\/wp-content\/uploads\/2018\/06\/nezavisne-sudar-mercedes-reno-7-300x200.jpg\" alt=\"\" width=\"300\" height=\"200\" class=\"alignleft size-medium wp-image-107956\" srcset=\"https:\/\/www.prijedordanas.com\/wp-content\/uploads\/2018\/06\/nezavisne-sudar-mercedes-reno-7-300x200.jpg 300w, https:\/\/www.prijedordanas.com\/wp-content\/uploads\/2018\/06\/nezavisne-sudar-mercedes-reno-7-100x67.jpg 100w, https:\/\/www.prijedordanas.com\/wp-content\/uploads\/2018\/06\/nezavisne-sudar-mercedes-reno-7-480x320.jpg 480w, https:\/\/www.prijedordanas.com\/wp-content\/uploads\/2018\/06\/nezavisne-sudar-mercedes-reno-7.jpg 600w\" sizes=\"(max-width: 300px) 100vw, 300px\" \/><\/a> <a href=\"https:\/\/www.prijedordanas.com\/wp-content\/uploads\/2018\/06\/nezavisne-sudar-mercedes-reno-8.jpg\"><img loading=\"lazy\" decoding=\"async\" src=\"https:\/\/www.prijedordanas.com\/wp-content\/uploads\/2018\/06\/nezavisne-sudar-mercedes-reno-8-300x200.jpg\" alt=\"\" width=\"300\" height=\"200\" class=\"alignleft size-medium wp-image-107957\" srcset=\"https:\/\/www.prijedordanas.com\/wp-content\/uploads\/2018\/06\/nezavisne-sudar-mercedes-reno-8-300x200.jpg 300w, https:\/\/www.prijedordanas.com\/wp-content\/uploads\/2018\/06\/nezavisne-sudar-mercedes-reno-8-100x67.jpg 100w, https:\/\/www.prijedordanas.com\/wp-content\/uploads\/2018\/06\/nezavisne-sudar-mercedes-reno-8-480x320.jpg 480w, https:\/\/www.prijedordanas.com\/wp-content\/uploads\/2018\/06\/nezavisne-sudar-mercedes-reno-8.jpg 600w\" sizes=\"(max-width: 300px) 100vw, 300px\" \/><\/a><\/p>\n","protected":false},"excerpt":{"rendered":"<p>U sudaru mercedesa i renoa klio, na putu Banjaluka &#8211; Prijedor, voza\u010d renoa ispao je iz vozila, ali pukom sre\u0107om, ni on, niti iko iz oba automobila, nije te\u017ee povrije\u0111en. [&hellip;]<\/p>\n","protected":false},"author":1,"featured_media":0,"comment_status":"closed","ping_status":"open","sticky":false,"template":"","format":"standard","meta":{"_monsterinsights_skip_tracking":false,"_monsterinsights_sitenote_active":false,"_monsterinsights_sitenote_note":"","_monsterinsights_sitenote_category":0,"footnotes":""},"categories":[5],"tags":[],"yoast_head":"<!-- This site is optimized with the Yoast SEO plugin v21.6 - https:\/\/yoast.com\/wordpress\/plugins\/seo\/ -->\n<title>SUDAR NA PUTU BANJALUKA-PRIJEDOR: VOZA\u010c ISPAO IZ AUTA - FOTO - PrijedorDanas.com - Prijedorski gradski portal<\/title>\n<meta name=\"robots\" content=\"index, follow, max-snippet:-1, max-image-preview:large, max-video-preview:-1\" \/>\n<link rel=\"canonical\" href=\"https:\/\/www.prijedordanas.com\/?p=107949\" \/>\n<meta property=\"og:locale\" content=\"en_US\" \/>\n<meta property=\"og:type\" content=\"article\" \/>\n<meta property=\"og:title\" content=\"SUDAR NA PUTU BANJALUKA-PRIJEDOR: VOZA\u010c ISPAO IZ AUTA - FOTO - PrijedorDanas.com - Prijedorski gradski portal\" \/>\n<meta property=\"og:description\" content=\"U sudaru mercedesa i renoa klio, na putu Banjaluka &#8211; Prijedor, voza\u010d renoa ispao je iz vozila, ali pukom sre\u0107om, ni on, niti iko iz oba automobila, nije te\u017ee povrije\u0111en. [&hellip;]\" \/>\n<meta property=\"og:url\" content=\"https:\/\/www.prijedordanas.com\/?p=107949\" \/>\n<meta property=\"og:site_name\" content=\"PrijedorDanas.com - Prijedorski gradski portal\" \/>\n<meta property=\"article:publisher\" content=\"https:\/\/www.facebook.com\/PrijedorDanasCom\/\" \/>\n<meta property=\"article:published_time\" content=\"2018-06-28T09:30:21+00:00\" \/>\n<meta property=\"og:image\" content=\"https:\/\/www.prijedordanas.com\/wp-content\/uploads\/2018\/06\/nezavisne-sudar-mercedes-reno-1-300x222.jpg\" \/>\n<meta name=\"author\" content=\"admin\" \/>\n<meta name=\"twitter:card\" content=\"summary_large_image\" \/>\n<meta name=\"twitter:label1\" content=\"Written by\" \/>\n\t<meta name=\"twitter:data1\" content=\"admin\" \/>\n\t<meta name=\"twitter:label2\" content=\"Est. reading time\" \/>\n\t<meta name=\"twitter:data2\" content=\"1 minute\" \/>\n<script type=\"application\/ld+json\" class=\"yoast-schema-graph\">{\"@context\":\"https:\/\/schema.org\",\"@graph\":[{\"@type\":\"Article\",\"@id\":\"https:\/\/www.prijedordanas.com\/?p=107949#article\",\"isPartOf\":{\"@id\":\"https:\/\/www.prijedordanas.com\/?p=107949\"},\"author\":{\"name\":\"admin\",\"@id\":\"https:\/\/www.prijedordanas.com\/#\/schema\/person\/4e08ccf29b506ca916ff86d46bb700e6\"},\"headline\":\"SUDAR NA PUTU BANJALUKA-PRIJEDOR: VOZA\u010c ISPAO IZ AUTA &#8211; FOTO\",\"datePublished\":\"2018-06-28T09:30:21+00:00\",\"dateModified\":\"2018-06-28T09:30:21+00:00\",\"mainEntityOfPage\":{\"@id\":\"https:\/\/www.prijedordanas.com\/?p=107949\"},\"wordCount\":174,\"publisher\":{\"@id\":\"https:\/\/www.prijedordanas.com\/#organization\"},\"articleSection\":[\"Hronika\"],\"inLanguage\":\"en-US\"},{\"@type\":\"WebPage\",\"@id\":\"https:\/\/www.prijedordanas.com\/?p=107949\",\"url\":\"https:\/\/www.prijedordanas.com\/?p=107949\",\"name\":\"SUDAR NA PUTU BANJALUKA-PRIJEDOR: VOZA\u010c ISPAO IZ AUTA - FOTO - PrijedorDanas.com - Prijedorski gradski portal\",\"isPartOf\":{\"@id\":\"https:\/\/www.prijedordanas.com\/#website\"},\"datePublished\":\"2018-06-28T09:30:21+00:00\",\"dateModified\":\"2018-06-28T09:30:21+00:00\",\"breadcrumb\":{\"@id\":\"https:\/\/www.prijedordanas.com\/?p=107949#breadcrumb\"},\"inLanguage\":\"en-US\",\"potentialAction\":[{\"@type\":\"ReadAction\",\"target\":[\"https:\/\/www.prijedordanas.com\/?p=107949\"]}]},{\"@type\":\"BreadcrumbList\",\"@id\":\"https:\/\/www.prijedordanas.com\/?p=107949#breadcrumb\",\"itemListElement\":[{\"@type\":\"ListItem\",\"position\":1,\"name\":\"Home\",\"item\":\"https:\/\/www.prijedordanas.com\/\"},{\"@type\":\"ListItem\",\"position\":2,\"name\":\"SUDAR NA PUTU BANJALUKA-PRIJEDOR: VOZA\u010c ISPAO IZ AUTA &#8211; FOTO\"}]},{\"@type\":\"WebSite\",\"@id\":\"https:\/\/www.prijedordanas.com\/#website\",\"url\":\"https:\/\/www.prijedordanas.com\/\",\"name\":\"PrijedorDanas.com - Prijedorski gradski portal\",\"description\":\"Portal o doga\u0111anjima u gradu Prijedoru\",\"publisher\":{\"@id\":\"https:\/\/www.prijedordanas.com\/#organization\"},\"potentialAction\":[{\"@type\":\"SearchAction\",\"target\":{\"@type\":\"EntryPoint\",\"urlTemplate\":\"https:\/\/www.prijedordanas.com\/?s={search_term_string}\"},\"query-input\":\"required name=search_term_string\"}],\"inLanguage\":\"en-US\"},{\"@type\":\"Organization\",\"@id\":\"https:\/\/www.prijedordanas.com\/#organization\",\"name\":\"PrijedorDanas.com\",\"url\":\"https:\/\/www.prijedordanas.com\/\",\"logo\":{\"@type\":\"ImageObject\",\"inLanguage\":\"en-US\",\"@id\":\"https:\/\/www.prijedordanas.com\/#\/schema\/logo\/image\/\",\"url\":\"http:\/\/www.prijedordanas.com\/wp-content\/uploads\/2021\/12\/logopng.png\",\"contentUrl\":\"http:\/\/www.prijedordanas.com\/wp-content\/uploads\/2021\/12\/logopng.png\",\"width\":1019,\"height\":776,\"caption\":\"PrijedorDanas.com\"},\"image\":{\"@id\":\"https:\/\/www.prijedordanas.com\/#\/schema\/logo\/image\/\"},\"sameAs\":[\"https:\/\/www.facebook.com\/PrijedorDanasCom\/\"]},{\"@type\":\"Person\",\"@id\":\"https:\/\/www.prijedordanas.com\/#\/schema\/person\/4e08ccf29b506ca916ff86d46bb700e6\",\"name\":\"admin\",\"image\":{\"@type\":\"ImageObject\",\"inLanguage\":\"en-US\",\"@id\":\"https:\/\/www.prijedordanas.com\/#\/schema\/person\/image\/\",\"url\":\"https:\/\/secure.gravatar.com\/avatar\/1d3fc949d550f0b53a5f0d51e06dfd79?s=96&d=mm&r=g\",\"contentUrl\":\"https:\/\/secure.gravatar.com\/avatar\/1d3fc949d550f0b53a5f0d51e06dfd79?s=96&d=mm&r=g\",\"caption\":\"admin\"},\"url\":\"https:\/\/www.prijedordanas.com\/?author=1\"}]}<\/script>\n<!-- \/ Yoast SEO plugin. -->","yoast_head_json":{"title":"SUDAR NA PUTU BANJALUKA-PRIJEDOR: VOZA\u010c ISPAO IZ AUTA - FOTO - PrijedorDanas.com - Prijedorski gradski portal","robots":{"index":"index","follow":"follow","max-snippet":"max-snippet:-1","max-image-preview":"max-image-preview:large","max-video-preview":"max-video-preview:-1"},"canonical":"https:\/\/www.prijedordanas.com\/?p=107949","og_locale":"en_US","og_type":"article","og_title":"SUDAR NA PUTU BANJALUKA-PRIJEDOR: VOZA\u010c ISPAO IZ AUTA - FOTO - PrijedorDanas.com - Prijedorski gradski portal","og_description":"U sudaru mercedesa i renoa klio, na putu Banjaluka &#8211; Prijedor, voza\u010d renoa ispao je iz vozila, ali pukom sre\u0107om, ni on, niti iko iz oba automobila, nije te\u017ee povrije\u0111en. [&hellip;]","og_url":"https:\/\/www.prijedordanas.com\/?p=107949","og_site_name":"PrijedorDanas.com - Prijedorski gradski portal","article_publisher":"https:\/\/www.facebook.com\/PrijedorDanasCom\/","article_published_time":"2018-06-28T09:30:21+00:00","og_image":[{"url":"https:\/\/www.prijedordanas.com\/wp-content\/uploads\/2018\/06\/nezavisne-sudar-mercedes-reno-1-300x222.jpg"}],"author":"admin","twitter_card":"summary_large_image","twitter_misc":{"Written by":"admin","Est. reading time":"1 minute"},"schema":{"@context":"https:\/\/schema.org","@graph":[{"@type":"Article","@id":"https:\/\/www.prijedordanas.com\/?p=107949#article","isPartOf":{"@id":"https:\/\/www.prijedordanas.com\/?p=107949"},"author":{"name":"admin","@id":"https:\/\/www.prijedordanas.com\/#\/schema\/person\/4e08ccf29b506ca916ff86d46bb700e6"},"headline":"SUDAR NA PUTU BANJALUKA-PRIJEDOR: VOZA\u010c ISPAO IZ AUTA &#8211; FOTO","datePublished":"2018-06-28T09:30:21+00:00","dateModified":"2018-06-28T09:30:21+00:00","mainEntityOfPage":{"@id":"https:\/\/www.prijedordanas.com\/?p=107949"},"wordCount":174,"publisher":{"@id":"https:\/\/www.prijedordanas.com\/#organization"},"articleSection":["Hronika"],"inLanguage":"en-US"},{"@type":"WebPage","@id":"https:\/\/www.prijedordanas.com\/?p=107949","url":"https:\/\/www.prijedordanas.com\/?p=107949","name":"SUDAR NA PUTU BANJALUKA-PRIJEDOR: VOZA\u010c ISPAO IZ AUTA - FOTO - PrijedorDanas.com - Prijedorski gradski portal","isPartOf":{"@id":"https:\/\/www.prijedordanas.com\/#website"},"datePublished":"2018-06-28T09:30:21+00:00","dateModified":"2018-06-28T09:30:21+00:00","breadcrumb":{"@id":"https:\/\/www.prijedordanas.com\/?p=107949#breadcrumb"},"inLanguage":"en-US","potentialAction":[{"@type":"ReadAction","target":["https:\/\/www.prijedordanas.com\/?p=107949"]}]},{"@type":"BreadcrumbList","@id":"https:\/\/www.prijedordanas.com\/?p=107949#breadcrumb","itemListElement":[{"@type":"ListItem","position":1,"name":"Home","item":"https:\/\/www.prijedordanas.com\/"},{"@type":"ListItem","position":2,"name":"SUDAR NA PUTU BANJALUKA-PRIJEDOR: VOZA\u010c ISPAO IZ AUTA &#8211; FOTO"}]},{"@type":"WebSite","@id":"https:\/\/www.prijedordanas.com\/#website","url":"https:\/\/www.prijedordanas.com\/","name":"PrijedorDanas.com - Prijedorski gradski portal","description":"Portal o doga\u0111anjima u gradu Prijedoru","publisher":{"@id":"https:\/\/www.prijedordanas.com\/#organization"},"potentialAction":[{"@type":"SearchAction","target":{"@type":"EntryPoint","urlTemplate":"https:\/\/www.prijedordanas.com\/?s={search_term_string}"},"query-input":"required name=search_term_string"}],"inLanguage":"en-US"},{"@type":"Organization","@id":"https:\/\/www.prijedordanas.com\/#organization","name":"PrijedorDanas.com","url":"https:\/\/www.prijedordanas.com\/","logo":{"@type":"ImageObject","inLanguage":"en-US","@id":"https:\/\/www.prijedordanas.com\/#\/schema\/logo\/image\/","url":"http:\/\/www.prijedordanas.com\/wp-content\/uploads\/2021\/12\/logopng.png","contentUrl":"http:\/\/www.prijedordanas.com\/wp-content\/uploads\/2021\/12\/logopng.png","width":1019,"height":776,"caption":"PrijedorDanas.com"},"image":{"@id":"https:\/\/www.prijedordanas.com\/#\/schema\/logo\/image\/"},"sameAs":["https:\/\/www.facebook.com\/PrijedorDanasCom\/"]},{"@type":"Person","@id":"https:\/\/www.prijedordanas.com\/#\/schema\/person\/4e08ccf29b506ca916ff86d46bb700e6","name":"admin","image":{"@type":"ImageObject","inLanguage":"en-US","@id":"https:\/\/www.prijedordanas.com\/#\/schema\/person\/image\/","url":"https:\/\/secure.gravatar.com\/avatar\/1d3fc949d550f0b53a5f0d51e06dfd79?s=96&d=mm&r=g","contentUrl":"https:\/\/secure.gravatar.com\/avatar\/1d3fc949d550f0b53a5f0d51e06dfd79?s=96&d=mm&r=g","caption":"admin"},"url":"https:\/\/www.prijedordanas.com\/?author=1"}]}},"_links":{"self":[{"href":"https:\/\/www.prijedordanas.com\/index.php?rest_route=\/wp\/v2\/posts\/107949"}],"collection":[{"href":"https:\/\/www.prijedordanas.com\/index.php?rest_route=\/wp\/v2\/posts"}],"about":[{"href":"https:\/\/www.prijedordanas.com\/index.php?rest_route=\/wp\/v2\/types\/post"}],"author":[{"embeddable":true,"href":"https:\/\/www.prijedordanas.com\/index.php?rest_route=\/wp\/v2\/users\/1"}],"replies":[{"embeddable":true,"href":"https:\/\/www.prijedordanas.com\/index.php?rest_route=%2Fwp%2Fv2%2Fcomments&post=107949"}],"version-history":[{"count":1,"href":"https:\/\/www.prijedordanas.com\/index.php?rest_route=\/wp\/v2\/posts\/107949\/revisions"}],"predecessor-version":[{"id":107958,"href":"https:\/\/www.prijedordanas.com\/index.php?rest_route=\/wp\/v2\/posts\/107949\/revisions\/107958"}],"wp:attachment":[{"href":"https:\/\/www.prijedordanas.com\/index.php?rest_route=%2Fwp%2Fv2%2Fmedia&parent=107949"}],"wp:term":[{"taxonomy":"category","embeddable":true,"href":"https:\/\/www.prijedordanas.com\/index.php?rest_route=%2Fwp%2Fv2%2Fcategories&post=107949"},{"taxonomy":"post_tag","embeddable":true,"href":"https:\/\/www.prijedordanas.com\/index.php?rest_route=%2Fwp%2Fv2%2Ftags&post=107949"}],"curies":[{"name":"wp","href":"https:\/\/api.w.org\/{rel}","templated":true}]}}