{"id":107935,"date":"2018-06-28T08:05:45","date_gmt":"2018-06-28T06:05:45","guid":{"rendered":"https:\/\/www.prijedordanas.com\/?p=107935"},"modified":"2018-06-28T08:09:12","modified_gmt":"2018-06-28T06:09:12","slug":"konferencija-beba-u-dvorani-mladost","status":"publish","type":"post","link":"https:\/\/www.prijedordanas.com\/?p=107935","title":{"rendered":"\u201cKONFERENCIJA BEBA\u201d U DVORANI \u201cMLADOST\u201c"},"content":{"rendered":"<p><a href=\"https:\/\/www.prijedordanas.com\/wp-content\/uploads\/2015\/06\/konferencija-beba-2013-detalj.jpg\"><img loading=\"lazy\" decoding=\"async\" src=\"https:\/\/www.prijedordanas.com\/wp-content\/uploads\/2015\/06\/konferencija-beba-2013-detalj-300x200.jpg\" alt=\"\" width=\"300\" height=\"200\" class=\"alignleft size-medium wp-image-24662\" srcset=\"https:\/\/www.prijedordanas.com\/wp-content\/uploads\/2015\/06\/konferencija-beba-2013-detalj-300x200.jpg 300w, https:\/\/www.prijedordanas.com\/wp-content\/uploads\/2015\/06\/konferencija-beba-2013-detalj-150x100.jpg 150w, https:\/\/www.prijedordanas.com\/wp-content\/uploads\/2015\/06\/konferencija-beba-2013-detalj-200x133.jpg 200w, https:\/\/www.prijedordanas.com\/wp-content\/uploads\/2015\/06\/konferencija-beba-2013-detalj-250x166.jpg 250w, https:\/\/www.prijedordanas.com\/wp-content\/uploads\/2015\/06\/konferencija-beba-2013-detalj-480x320.jpg 480w, https:\/\/www.prijedordanas.com\/wp-content\/uploads\/2015\/06\/konferencija-beba-2013-detalj.jpg 600w\" sizes=\"(max-width: 300px) 100vw, 300px\" \/><\/a>U na\u0161em gradu danas se po deseti put odr\u017eava \u201cKonferencija beba\u201d.<\/p>\n<p>Zbog ki\u0161e i lo\u0161eg vremena ova tradicionalna manifestacija bi\u0107e odr\u017eana u dvorani \u201eMladost\u201c u Prijedoru.<\/p>\n<p>Od 8:30 do 9:15 \u010dasova predvi\u0111ena je registracija beba u\u010desnika.<\/p>\n<p>Radi se o bebama ro\u0111enim u periodu od 29.06.2017. godine do 27.06.2018. godine.<\/p>\n<p>Za 9:30 \u010dasova planirano je otvaranje manifestacije i obra\u0107anje gradona\u010delnika Prijedora Milenka \u0110akovic\u0301a.<\/p>\n<p><a href=\"https:\/\/www.prijedordanas.com\/wp-content\/uploads\/2016\/06\/konferencija-beba-2016-16.jpg\"><img loading=\"lazy\" decoding=\"async\" src=\"https:\/\/www.prijedordanas.com\/wp-content\/uploads\/2016\/06\/konferencija-beba-2016-16-300x199.jpg\" alt=\"\" width=\"300\" height=\"199\" class=\"alignleft size-medium wp-image-54169\" srcset=\"https:\/\/www.prijedordanas.com\/wp-content\/uploads\/2016\/06\/konferencija-beba-2016-16-300x200.jpg 300w, https:\/\/www.prijedordanas.com\/wp-content\/uploads\/2016\/06\/konferencija-beba-2016-16-768x509.jpg 768w, https:\/\/www.prijedordanas.com\/wp-content\/uploads\/2016\/06\/konferencija-beba-2016-16-480x320.jpg 480w, https:\/\/www.prijedordanas.com\/wp-content\/uploads\/2016\/06\/konferencija-beba-2016-16.jpg 800w\" sizes=\"(max-width: 300px) 100vw, 300px\" \/><\/a>On \u0107e tom prilikom nagraditi tri bebe ro\u0111ene 27.maja, na Slavu grada, a to su Arsenije Babic\u0301, Sara Vidi\u010devic\u0301 i Mila \u010celebic\u0301.<\/p>\n<p>Bi\u0107e izabrano i nagra\u0111eno tro\u010dlano Predsjedni\u0161tvo Konferencije beba koje \u010dine najmla\u0111a i najstarija beba registrovana na manifestaciji kao i beba sa najvi\u0161e brac\u0301e i sestara.<\/p>\n<p>Nakon toga \u0107e biti prire\u0111en kratak kulturno-umjetni\u010dki program u kojem u\u010destvuju u\u010denici O\u0160 \u201ePetar Ko\u010dic\u0301\u201c Prijedor.<\/p>\n<p>Potom slijedi podjela nagrada koje tradicionalno obezbje\u0111uju brojni sponzori.<\/p>\n<p>Nagrade se dodjeljuju po sistemu izvla\u010denja brojeva dobijenih prilikom registracije beba dok se ne podijele svi poklon paketi.<\/p>\n<p>Tekst i foto arhiva &#8211; Aleksandar Drakuli\u0107 \u2013 <a href=\"https:\/\/www.prijedordanas.com\" target=\"_blank\" rel=\"noopener noreferrer\">www.prijedordanas.com<\/a><\/p>\n","protected":false},"excerpt":{"rendered":"<p>U na\u0161em gradu danas se po deseti put odr\u017eava \u201cKonferencija beba\u201d. Zbog ki\u0161e i lo\u0161eg vremena ova tradicionalna manifestacija bi\u0107e odr\u017eana u dvorani \u201eMladost\u201c u Prijedoru. Od 8:30 do 9:15 [&hellip;]<\/p>\n","protected":false},"author":1,"featured_media":0,"comment_status":"closed","ping_status":"open","sticky":false,"template":"","format":"standard","meta":{"_monsterinsights_skip_tracking":false,"_monsterinsights_sitenote_active":false,"_monsterinsights_sitenote_note":"","_monsterinsights_sitenote_category":0,"footnotes":""},"categories":[4],"tags":[],"yoast_head":"<!-- This site is optimized with the Yoast SEO plugin v21.6 - https:\/\/yoast.com\/wordpress\/plugins\/seo\/ -->\n<title>\u201cKONFERENCIJA BEBA\u201d U DVORANI \u201cMLADOST\u201c - PrijedorDanas.com - Prijedorski gradski portal<\/title>\n<meta name=\"robots\" content=\"index, follow, max-snippet:-1, max-image-preview:large, max-video-preview:-1\" \/>\n<link rel=\"canonical\" href=\"https:\/\/www.prijedordanas.com\/?p=107935\" \/>\n<meta property=\"og:locale\" content=\"en_US\" \/>\n<meta property=\"og:type\" content=\"article\" \/>\n<meta property=\"og:title\" content=\"\u201cKONFERENCIJA BEBA\u201d U DVORANI \u201cMLADOST\u201c - PrijedorDanas.com - Prijedorski gradski portal\" \/>\n<meta property=\"og:description\" content=\"U na\u0161em gradu danas se po deseti put odr\u017eava \u201cKonferencija beba\u201d. Zbog ki\u0161e i lo\u0161eg vremena ova tradicionalna manifestacija bi\u0107e odr\u017eana u dvorani \u201eMladost\u201c u Prijedoru. Od 8:30 do 9:15 [&hellip;]\" \/>\n<meta property=\"og:url\" content=\"https:\/\/www.prijedordanas.com\/?p=107935\" \/>\n<meta property=\"og:site_name\" content=\"PrijedorDanas.com - Prijedorski gradski portal\" \/>\n<meta property=\"article:publisher\" content=\"https:\/\/www.facebook.com\/PrijedorDanasCom\/\" \/>\n<meta property=\"article:published_time\" content=\"2018-06-28T06:05:45+00:00\" \/>\n<meta property=\"article:modified_time\" content=\"2018-06-28T06:09:12+00:00\" \/>\n<meta property=\"og:image\" content=\"https:\/\/www.prijedordanas.com\/wp-content\/uploads\/2015\/06\/konferencija-beba-2013-detalj-300x200.jpg\" \/>\n<meta name=\"author\" content=\"admin\" \/>\n<meta name=\"twitter:card\" content=\"summary_large_image\" \/>\n<meta name=\"twitter:label1\" content=\"Written by\" \/>\n\t<meta name=\"twitter:data1\" content=\"admin\" \/>\n\t<meta name=\"twitter:label2\" content=\"Est. reading time\" \/>\n\t<meta name=\"twitter:data2\" content=\"1 minute\" \/>\n<script type=\"application\/ld+json\" class=\"yoast-schema-graph\">{\"@context\":\"https:\/\/schema.org\",\"@graph\":[{\"@type\":\"Article\",\"@id\":\"https:\/\/www.prijedordanas.com\/?p=107935#article\",\"isPartOf\":{\"@id\":\"https:\/\/www.prijedordanas.com\/?p=107935\"},\"author\":{\"name\":\"admin\",\"@id\":\"https:\/\/www.prijedordanas.com\/#\/schema\/person\/4e08ccf29b506ca916ff86d46bb700e6\"},\"headline\":\"\u201cKONFERENCIJA BEBA\u201d U DVORANI \u201cMLADOST\u201c\",\"datePublished\":\"2018-06-28T06:05:45+00:00\",\"dateModified\":\"2018-06-28T06:09:12+00:00\",\"mainEntityOfPage\":{\"@id\":\"https:\/\/www.prijedordanas.com\/?p=107935\"},\"wordCount\":190,\"publisher\":{\"@id\":\"https:\/\/www.prijedordanas.com\/#organization\"},\"articleSection\":[\"Dru\u0161tvo\"],\"inLanguage\":\"en-US\"},{\"@type\":\"WebPage\",\"@id\":\"https:\/\/www.prijedordanas.com\/?p=107935\",\"url\":\"https:\/\/www.prijedordanas.com\/?p=107935\",\"name\":\"\u201cKONFERENCIJA BEBA\u201d U DVORANI \u201cMLADOST\u201c - PrijedorDanas.com - Prijedorski gradski portal\",\"isPartOf\":{\"@id\":\"https:\/\/www.prijedordanas.com\/#website\"},\"datePublished\":\"2018-06-28T06:05:45+00:00\",\"dateModified\":\"2018-06-28T06:09:12+00:00\",\"breadcrumb\":{\"@id\":\"https:\/\/www.prijedordanas.com\/?p=107935#breadcrumb\"},\"inLanguage\":\"en-US\",\"potentialAction\":[{\"@type\":\"ReadAction\",\"target\":[\"https:\/\/www.prijedordanas.com\/?p=107935\"]}]},{\"@type\":\"BreadcrumbList\",\"@id\":\"https:\/\/www.prijedordanas.com\/?p=107935#breadcrumb\",\"itemListElement\":[{\"@type\":\"ListItem\",\"position\":1,\"name\":\"Home\",\"item\":\"https:\/\/www.prijedordanas.com\/\"},{\"@type\":\"ListItem\",\"position\":2,\"name\":\"\u201cKONFERENCIJA BEBA\u201d U DVORANI \u201cMLADOST\u201c\"}]},{\"@type\":\"WebSite\",\"@id\":\"https:\/\/www.prijedordanas.com\/#website\",\"url\":\"https:\/\/www.prijedordanas.com\/\",\"name\":\"PrijedorDanas.com - Prijedorski gradski portal\",\"description\":\"Portal o doga\u0111anjima u gradu Prijedoru\",\"publisher\":{\"@id\":\"https:\/\/www.prijedordanas.com\/#organization\"},\"potentialAction\":[{\"@type\":\"SearchAction\",\"target\":{\"@type\":\"EntryPoint\",\"urlTemplate\":\"https:\/\/www.prijedordanas.com\/?s={search_term_string}\"},\"query-input\":\"required name=search_term_string\"}],\"inLanguage\":\"en-US\"},{\"@type\":\"Organization\",\"@id\":\"https:\/\/www.prijedordanas.com\/#organization\",\"name\":\"PrijedorDanas.com\",\"url\":\"https:\/\/www.prijedordanas.com\/\",\"logo\":{\"@type\":\"ImageObject\",\"inLanguage\":\"en-US\",\"@id\":\"https:\/\/www.prijedordanas.com\/#\/schema\/logo\/image\/\",\"url\":\"http:\/\/www.prijedordanas.com\/wp-content\/uploads\/2021\/12\/logopng.png\",\"contentUrl\":\"http:\/\/www.prijedordanas.com\/wp-content\/uploads\/2021\/12\/logopng.png\",\"width\":1019,\"height\":776,\"caption\":\"PrijedorDanas.com\"},\"image\":{\"@id\":\"https:\/\/www.prijedordanas.com\/#\/schema\/logo\/image\/\"},\"sameAs\":[\"https:\/\/www.facebook.com\/PrijedorDanasCom\/\"]},{\"@type\":\"Person\",\"@id\":\"https:\/\/www.prijedordanas.com\/#\/schema\/person\/4e08ccf29b506ca916ff86d46bb700e6\",\"name\":\"admin\",\"image\":{\"@type\":\"ImageObject\",\"inLanguage\":\"en-US\",\"@id\":\"https:\/\/www.prijedordanas.com\/#\/schema\/person\/image\/\",\"url\":\"https:\/\/secure.gravatar.com\/avatar\/1d3fc949d550f0b53a5f0d51e06dfd79?s=96&d=mm&r=g\",\"contentUrl\":\"https:\/\/secure.gravatar.com\/avatar\/1d3fc949d550f0b53a5f0d51e06dfd79?s=96&d=mm&r=g\",\"caption\":\"admin\"},\"url\":\"https:\/\/www.prijedordanas.com\/?author=1\"}]}<\/script>\n<!-- \/ Yoast SEO plugin. -->","yoast_head_json":{"title":"\u201cKONFERENCIJA BEBA\u201d U DVORANI \u201cMLADOST\u201c - PrijedorDanas.com - Prijedorski gradski portal","robots":{"index":"index","follow":"follow","max-snippet":"max-snippet:-1","max-image-preview":"max-image-preview:large","max-video-preview":"max-video-preview:-1"},"canonical":"https:\/\/www.prijedordanas.com\/?p=107935","og_locale":"en_US","og_type":"article","og_title":"\u201cKONFERENCIJA BEBA\u201d U DVORANI \u201cMLADOST\u201c - PrijedorDanas.com - Prijedorski gradski portal","og_description":"U na\u0161em gradu danas se po deseti put odr\u017eava \u201cKonferencija beba\u201d. Zbog ki\u0161e i lo\u0161eg vremena ova tradicionalna manifestacija bi\u0107e odr\u017eana u dvorani \u201eMladost\u201c u Prijedoru. Od 8:30 do 9:15 [&hellip;]","og_url":"https:\/\/www.prijedordanas.com\/?p=107935","og_site_name":"PrijedorDanas.com - Prijedorski gradski portal","article_publisher":"https:\/\/www.facebook.com\/PrijedorDanasCom\/","article_published_time":"2018-06-28T06:05:45+00:00","article_modified_time":"2018-06-28T06:09:12+00:00","og_image":[{"url":"https:\/\/www.prijedordanas.com\/wp-content\/uploads\/2015\/06\/konferencija-beba-2013-detalj-300x200.jpg"}],"author":"admin","twitter_card":"summary_large_image","twitter_misc":{"Written by":"admin","Est. reading time":"1 minute"},"schema":{"@context":"https:\/\/schema.org","@graph":[{"@type":"Article","@id":"https:\/\/www.prijedordanas.com\/?p=107935#article","isPartOf":{"@id":"https:\/\/www.prijedordanas.com\/?p=107935"},"author":{"name":"admin","@id":"https:\/\/www.prijedordanas.com\/#\/schema\/person\/4e08ccf29b506ca916ff86d46bb700e6"},"headline":"\u201cKONFERENCIJA BEBA\u201d U DVORANI \u201cMLADOST\u201c","datePublished":"2018-06-28T06:05:45+00:00","dateModified":"2018-06-28T06:09:12+00:00","mainEntityOfPage":{"@id":"https:\/\/www.prijedordanas.com\/?p=107935"},"wordCount":190,"publisher":{"@id":"https:\/\/www.prijedordanas.com\/#organization"},"articleSection":["Dru\u0161tvo"],"inLanguage":"en-US"},{"@type":"WebPage","@id":"https:\/\/www.prijedordanas.com\/?p=107935","url":"https:\/\/www.prijedordanas.com\/?p=107935","name":"\u201cKONFERENCIJA BEBA\u201d U DVORANI \u201cMLADOST\u201c - PrijedorDanas.com - Prijedorski gradski portal","isPartOf":{"@id":"https:\/\/www.prijedordanas.com\/#website"},"datePublished":"2018-06-28T06:05:45+00:00","dateModified":"2018-06-28T06:09:12+00:00","breadcrumb":{"@id":"https:\/\/www.prijedordanas.com\/?p=107935#breadcrumb"},"inLanguage":"en-US","potentialAction":[{"@type":"ReadAction","target":["https:\/\/www.prijedordanas.com\/?p=107935"]}]},{"@type":"BreadcrumbList","@id":"https:\/\/www.prijedordanas.com\/?p=107935#breadcrumb","itemListElement":[{"@type":"ListItem","position":1,"name":"Home","item":"https:\/\/www.prijedordanas.com\/"},{"@type":"ListItem","position":2,"name":"\u201cKONFERENCIJA BEBA\u201d U DVORANI \u201cMLADOST\u201c"}]},{"@type":"WebSite","@id":"https:\/\/www.prijedordanas.com\/#website","url":"https:\/\/www.prijedordanas.com\/","name":"PrijedorDanas.com - Prijedorski gradski portal","description":"Portal o doga\u0111anjima u gradu Prijedoru","publisher":{"@id":"https:\/\/www.prijedordanas.com\/#organization"},"potentialAction":[{"@type":"SearchAction","target":{"@type":"EntryPoint","urlTemplate":"https:\/\/www.prijedordanas.com\/?s={search_term_string}"},"query-input":"required name=search_term_string"}],"inLanguage":"en-US"},{"@type":"Organization","@id":"https:\/\/www.prijedordanas.com\/#organization","name":"PrijedorDanas.com","url":"https:\/\/www.prijedordanas.com\/","logo":{"@type":"ImageObject","inLanguage":"en-US","@id":"https:\/\/www.prijedordanas.com\/#\/schema\/logo\/image\/","url":"http:\/\/www.prijedordanas.com\/wp-content\/uploads\/2021\/12\/logopng.png","contentUrl":"http:\/\/www.prijedordanas.com\/wp-content\/uploads\/2021\/12\/logopng.png","width":1019,"height":776,"caption":"PrijedorDanas.com"},"image":{"@id":"https:\/\/www.prijedordanas.com\/#\/schema\/logo\/image\/"},"sameAs":["https:\/\/www.facebook.com\/PrijedorDanasCom\/"]},{"@type":"Person","@id":"https:\/\/www.prijedordanas.com\/#\/schema\/person\/4e08ccf29b506ca916ff86d46bb700e6","name":"admin","image":{"@type":"ImageObject","inLanguage":"en-US","@id":"https:\/\/www.prijedordanas.com\/#\/schema\/person\/image\/","url":"https:\/\/secure.gravatar.com\/avatar\/1d3fc949d550f0b53a5f0d51e06dfd79?s=96&d=mm&r=g","contentUrl":"https:\/\/secure.gravatar.com\/avatar\/1d3fc949d550f0b53a5f0d51e06dfd79?s=96&d=mm&r=g","caption":"admin"},"url":"https:\/\/www.prijedordanas.com\/?author=1"}]}},"_links":{"self":[{"href":"https:\/\/www.prijedordanas.com\/index.php?rest_route=\/wp\/v2\/posts\/107935"}],"collection":[{"href":"https:\/\/www.prijedordanas.com\/index.php?rest_route=\/wp\/v2\/posts"}],"about":[{"href":"https:\/\/www.prijedordanas.com\/index.php?rest_route=\/wp\/v2\/types\/post"}],"author":[{"embeddable":true,"href":"https:\/\/www.prijedordanas.com\/index.php?rest_route=\/wp\/v2\/users\/1"}],"replies":[{"embeddable":true,"href":"https:\/\/www.prijedordanas.com\/index.php?rest_route=%2Fwp%2Fv2%2Fcomments&post=107935"}],"version-history":[{"count":3,"href":"https:\/\/www.prijedordanas.com\/index.php?rest_route=\/wp\/v2\/posts\/107935\/revisions"}],"predecessor-version":[{"id":107938,"href":"https:\/\/www.prijedordanas.com\/index.php?rest_route=\/wp\/v2\/posts\/107935\/revisions\/107938"}],"wp:attachment":[{"href":"https:\/\/www.prijedordanas.com\/index.php?rest_route=%2Fwp%2Fv2%2Fmedia&parent=107935"}],"wp:term":[{"taxonomy":"category","embeddable":true,"href":"https:\/\/www.prijedordanas.com\/index.php?rest_route=%2Fwp%2Fv2%2Fcategories&post=107935"},{"taxonomy":"post_tag","embeddable":true,"href":"https:\/\/www.prijedordanas.com\/index.php?rest_route=%2Fwp%2Fv2%2Ftags&post=107935"}],"curies":[{"name":"wp","href":"https:\/\/api.w.org\/{rel}","templated":true}]}}