{"id":106553,"date":"2018-06-04T12:03:57","date_gmt":"2018-06-04T10:03:57","guid":{"rendered":"https:\/\/www.prijedordanas.com\/?p=106553"},"modified":"2018-06-04T12:03:57","modified_gmt":"2018-06-04T10:03:57","slug":"opstine-za-primjer-bore-se-za-svako-radno-mjesto-i-svakog-stanovnika-prijedor-gradi-fabriku-za-slovence","status":"publish","type":"post","link":"https:\/\/www.prijedordanas.com\/?p=106553","title":{"rendered":"OP\u0160TINE ZA PRIMJER-BORE SE ZA SVAKO RADNO MJESTO I SVAKOG STANOVNIKA: PRIJEDOR GRADI FABRIKU ZA SLOVENCE"},"content":{"rendered":"<p><a href=\"https:\/\/www.prijedordanas.com\/wp-content\/uploads\/2018\/06\/blic-borba-za-radna-mjesta.jpg\"><img loading=\"lazy\" decoding=\"async\" class=\"alignleft size-medium wp-image-106554\" src=\"https:\/\/www.prijedordanas.com\/wp-content\/uploads\/2018\/06\/blic-borba-za-radna-mjesta-300x218.jpg\" alt=\"\" width=\"300\" height=\"218\" srcset=\"https:\/\/www.prijedordanas.com\/wp-content\/uploads\/2018\/06\/blic-borba-za-radna-mjesta-300x218.jpg 300w, https:\/\/www.prijedordanas.com\/wp-content\/uploads\/2018\/06\/blic-borba-za-radna-mjesta-100x73.jpg 100w, https:\/\/www.prijedordanas.com\/wp-content\/uploads\/2018\/06\/blic-borba-za-radna-mjesta.jpg 689w\" sizes=\"(max-width: 300px) 100vw, 300px\" \/><\/a>Svjesni da je nezaposlenost klju\u010dni razlog za iseljavanje stanovni\u0161tva, neke lokalne vlasti \u010dine sve kako bi privukle investitore i svojim sugra\u0111anima obezbijedile posao.<\/p>\n<p>Uz Banjaluku, koja kao administrativni i univerzitetski centar RS nudi mnoge mogu\u0107nosti kakve manji gradovi ne mogu imati, po stopi zaposlenosti stanovni\u0161tva rekorderi u Srpskoj su Derventa, Kotor Varo\u0161 i Kostajnica. U stopu ih prate po preduzetni\u010dkom duhu jo\u0161 od prije rata poznati Lakta\u0161i, a i grad Prijedor \u010dini sve vi\u0161e napora da privu\u010de poslodavce, te da mlade ljude motivi\u0161e da u\u010de vje\u0161tine koje \u0107e im omogu\u0107iti da se zaposle.<\/p>\n<p>Grad gradi fabriku na kredit za Slovence<\/p>\n<p>Grad Prijedor se \u010dak zadu\u017eio, kako bi poslodavcu iz Slovenije sagradio objekat za fabriku, samo da bi Prijedor\u010dani dobili, u perspektivi, oko 400 radnih mjesta.<\/p>\n<p><a href=\"https:\/\/www.prijedordanas.com\/wp-content\/uploads\/2018\/04\/industrijska-zona-nova-saobracajnica-4.jpg\"><img loading=\"lazy\" decoding=\"async\" src=\"https:\/\/www.prijedordanas.com\/wp-content\/uploads\/2018\/04\/industrijska-zona-nova-saobracajnica-4-300x222.jpg\" alt=\"\" width=\"300\" height=\"222\" class=\"alignleft size-medium wp-image-103304\" srcset=\"https:\/\/www.prijedordanas.com\/wp-content\/uploads\/2018\/04\/industrijska-zona-nova-saobracajnica-4-300x222.jpg 300w, https:\/\/www.prijedordanas.com\/wp-content\/uploads\/2018\/04\/industrijska-zona-nova-saobracajnica-4-100x74.jpg 100w, https:\/\/www.prijedordanas.com\/wp-content\/uploads\/2018\/04\/industrijska-zona-nova-saobracajnica-4.jpg 675w\" sizes=\"(max-width: 300px) 100vw, 300px\" \/><\/a>Naime, grad je podigao 2,4 miliona KM kredita za kapitalne projekte, a najve\u0107i dio tog novca, \u010dak 1.375.000 KM gradska uprava \u0107e potro\u0161iti na izgradnju objekta u poslovnoj zoni \u201cCelpak\u201d, namjenjenog slovena\u010dkoj firmi \u201cKolektor\u201d, da pokrene proizvodnju dijelova za elektro motore i pumpi za gorivo.<\/p>\n<p>\u2013 Slovenci, koji ve\u0107 posluju u Lakta\u0161ima i Srpcu, trebalo bi da odmah zaposle 50 ljudi, a broj radnika \u0107e se vremenom uve\u0107ati na 400 \u2013 rekao je gradona\u010delnik Prijedora Milenko \u0110akovi\u0107.<\/p>\n<p>Kotorvaro\u0161ani nisu gradili fabrike za investiture, jer za to nije ni bilo potrebe, po\u0161to ovaj gradi\u0107 na Vrbanji ima dugu industrijsku tradiciju. Napu\u0161tene predratne fabrike, ili lokacije na kojima su se one nalazile, zahvaljuju\u0107i okretnoj op\u0161tinskoj vlasti, \u201cpopunjene\u201d su hiljadama radnika, koji proizvode sportsku opremu, obu\u0107u, \u010darape, bicikle, dijelove za automobile ili stolariju.<\/p>\n<p>Investitori, doma\u0107i, strani, ali i Kotorvaro\u0161ani koji su se vratili iz izbjegli\u0161ta, rado ula\u017eu u ovu op\u0161tinu. Tako Kotor Varo\u0161 danas ima 5.200 zaposlenih, uglavnom u industriji, te prema procjenama op\u0161tinara, svega nekoliko stotina \u201crealno nezaposlenih\u201d stanovnika, dok ostali, koji se \u201cvode na birou\u201d, ustvari rade na crno u Njema\u010dkoj ili Austriji. Procenat zaposlenih u Kotor Varo\u0161u danas je za 6,7 odsto ve\u0107i nego prije rata.<\/p>\n<p>Na\u010delnik ne\u0107e da smeta privrednicima<\/p>\n<p>Tajna kotorvaro\u0161kog privrednog buma je jednostavna: lokalni politi\u010dari se ve\u0107 godinama trude da privrednicima budu na usluzi.<\/p>\n<p>\u2013 Trudimo se da im pomognemo, a ako im ne mo\u017eemo pomo\u0107i, onda da im bar ne smetamo \u2013 ka\u017ee lakonski na\u010delnik op\u0161tine Zdenko Sakan.<\/p>\n<p>Portparol op\u0161tine Slobodan Petrovi\u0107 je rje\u010ditiji. Obja\u0161njava da se ovdje prema potrebama privrede \u201ckroji\u201d i \u201c\u0161tima\u201d sve, od obrazovanja do infrastrukture. Tako je u Srednjo\u0161kolskom centru ukinuta gimnazija, a uvedeni smjerovi za obu\u0107are i CNC tehni\u010dare. Op\u0161tina je potpisala i sporazum sa banjalu\u010dkim Ma\u0161inskim fakultetom o obrazovanju in\u017eenjera. Sljede\u0107i zadatak je asfaltiranje puta prema Kne\u017eevu, odakle dolazi veliki broj radnika.<\/p>\n<p>\u2013 Izlazimo im u susret i kada je u pitanju izdavanje dozvola. Svi papiri, potrebni za pokretanje biznisa, u Kotor Varo\u0161u se mogu zavr\u0161iti za najvi\u0161e dva dana. Kada kupi nekretnine u cilju pokretanja biznisa, investitoru op\u0161tina obezbijedi infrastrukturu \u2013 ka\u017ee Petrovi\u0107 i podsje\u0107a da je Kotor Varo\u0161 dobio i BRC sertifikat, kao lokalna zajednica sa povoljnim poslovnim okru\u017eenjem.<\/p>\n<p>Uz \u010detiri fabrike koje zapo\u0161ljavaju ve\u0107inu Kotorvaro\u0161ana, ali i radnika koji na posao svako jutro dolaze iz Banjaluke, Kne\u017eeva, \u010celinca i Lakta\u0161a, nedavno je otvorena jo\u0161 jedna.<\/p>\n<p>\u2013 Bra\u0107a Zeba, a to je povratni\u010dka porodica, otvorili su pogon za proizvodnju bravarije za izvoz. Za sada zapo\u0161ljavaju 15 radnika, ali spremni su da pro\u0161ire proizvodnju \u2013 ka\u017ee Petrovi\u0107.<\/p>\n<p>Lakta\u0161ani se laktaju za kancelariju, ali ne\u0107e u fabriku<\/p>\n<p>Pro\u0161irenje proizvodnje u Kortor Varo\u0161i sve je ve\u0107i problem i to zbog \u2013 nedostatka radnika, pogotovo kvalifikovanih metalaca. Sa sli\u010dnim problemima se suo\u010dava i op\u0161tina Lakta\u0161i, jedna od najrazvijenijih u RS. Zato je nedavno odr\u017eana manifestacija \u201cDani zapo\u0161ljavanja\u201d, na kojoj je vi\u0161e od 20 poslodavaca sa podru\u010dja ove op\u0161tine ponudilo vi\u0161e od 350 radnih mjesta, uglavnom na poslovima fabri\u010dkih radnika, skladi\u0161tara, monta\u017eera, kontrolora, voza\u010da, te in\u017eenjera ma\u0161instva i gra\u0111evine.<\/p>\n<p>Manifestaciju su organizovali op\u0161tina Lakta\u0161i i agencija \u201cLir evolucija\u201d, u saradnji sa Agencijom za posredovanje u zapo\u0161ljavanju \u201cSpektar\u201d, te partnerima Zavodom za zapo\u0161ljavanje RS, P\u010delarskom zadrugom \u201cKrajinamed\u201d i \u0160kolom u\u010denika u privredi Banjaluka, a u okviru projekta \u201cJa\u010danje lokalnih partnerstava za unapre\u0111enje tr\u017ei\u0161ta rada i pove\u0107anje zaposlenosti\u201d kojeg finansiraju EU i Me\u0111unarodna organizacija rada.<\/p>\n<p>\u2013 I kod nas ve\u0107ina \u017eeli da se zaposli u administraciji, dok ih industrija i fabrike mnogo ne interesuju. Nastojimo privu\u0107i investitore, u tome uveliko uspijevamo, ali kada treba obezbediti radnike onda to ide te\u0161ko i sporo \u2013 ka\u017ee na\u010delnik Lakta\u0161a Ranko Karapetrovi\u0107. Dodaje da se u op\u0161tini trude da pomognu i privrednicima, a i onima koji tra\u017ee posao.<\/p>\n<p>Privredni bum na granici Evropske unije<\/p>\n<p>Kostajnica, mala op\u0161tina na granici prema Hrvatskoj u posljednjih pet godina se naglo razvija, a privreda ove op\u0161tine se zasniva na tekstilnoj i drvnoj industriji. Preduze\u0107a su uglavnom izvozno orijentisana.<\/p>\n<p>Od 1.300 zaposlenih u Kostajnici njih 900 radi u proizvodnji. Jedna od inostranih firmi koje su ovdje otvorile pogone je italijanski proizvo\u0111a\u010d opreme za bicikle \u201cKajak\u201d. Prije pet godina po\u010deli su sa 50 radnika i svake godine pro\u0161iruju proizvodnju, pa sada zapo\u0161ljavaju 230 Kostajni\u010dana.<\/p>\n<p>EuroBlic-srpskainfo.com<\/p>\n","protected":false},"excerpt":{"rendered":"<p>Svjesni da je nezaposlenost klju\u010dni razlog za iseljavanje stanovni\u0161tva, neke lokalne vlasti \u010dine sve kako bi privukle investitore i svojim sugra\u0111anima obezbijedile posao. Uz Banjaluku, koja kao administrativni i univerzitetski [&hellip;]<\/p>\n","protected":false},"author":1,"featured_media":0,"comment_status":"closed","ping_status":"open","sticky":false,"template":"","format":"standard","meta":{"_monsterinsights_skip_tracking":false,"_monsterinsights_sitenote_active":false,"_monsterinsights_sitenote_note":"","_monsterinsights_sitenote_category":0,"footnotes":""},"categories":[4],"tags":[1026],"yoast_head":"<!-- This site is optimized with the Yoast SEO plugin v21.6 - https:\/\/yoast.com\/wordpress\/plugins\/seo\/ -->\n<title>OP\u0160TINE ZA PRIMJER-BORE SE ZA SVAKO RADNO MJESTO I SVAKOG STANOVNIKA: PRIJEDOR GRADI FABRIKU ZA SLOVENCE - PrijedorDanas.com - Prijedorski gradski portal<\/title>\n<meta name=\"robots\" content=\"index, follow, max-snippet:-1, max-image-preview:large, max-video-preview:-1\" \/>\n<link rel=\"canonical\" href=\"https:\/\/www.prijedordanas.com\/?p=106553\" \/>\n<meta property=\"og:locale\" content=\"en_US\" \/>\n<meta property=\"og:type\" content=\"article\" \/>\n<meta property=\"og:title\" content=\"OP\u0160TINE ZA PRIMJER-BORE SE ZA SVAKO RADNO MJESTO I SVAKOG STANOVNIKA: PRIJEDOR GRADI FABRIKU ZA SLOVENCE - PrijedorDanas.com - Prijedorski gradski portal\" \/>\n<meta property=\"og:description\" content=\"Svjesni da je nezaposlenost klju\u010dni razlog za iseljavanje stanovni\u0161tva, neke lokalne vlasti \u010dine sve kako bi privukle investitore i svojim sugra\u0111anima obezbijedile posao. Uz Banjaluku, koja kao administrativni i univerzitetski [&hellip;]\" \/>\n<meta property=\"og:url\" content=\"https:\/\/www.prijedordanas.com\/?p=106553\" \/>\n<meta property=\"og:site_name\" content=\"PrijedorDanas.com - Prijedorski gradski portal\" \/>\n<meta property=\"article:publisher\" content=\"https:\/\/www.facebook.com\/PrijedorDanasCom\/\" \/>\n<meta property=\"article:published_time\" content=\"2018-06-04T10:03:57+00:00\" \/>\n<meta property=\"og:image\" content=\"https:\/\/www.prijedordanas.com\/wp-content\/uploads\/2018\/06\/blic-borba-za-radna-mjesta-300x218.jpg\" \/>\n<meta name=\"author\" content=\"admin\" \/>\n<meta name=\"twitter:card\" content=\"summary_large_image\" \/>\n<meta name=\"twitter:label1\" content=\"Written by\" \/>\n\t<meta name=\"twitter:data1\" content=\"admin\" \/>\n\t<meta name=\"twitter:label2\" content=\"Est. reading time\" \/>\n\t<meta name=\"twitter:data2\" content=\"5 minutes\" \/>\n<script type=\"application\/ld+json\" class=\"yoast-schema-graph\">{\"@context\":\"https:\/\/schema.org\",\"@graph\":[{\"@type\":\"Article\",\"@id\":\"https:\/\/www.prijedordanas.com\/?p=106553#article\",\"isPartOf\":{\"@id\":\"https:\/\/www.prijedordanas.com\/?p=106553\"},\"author\":{\"name\":\"admin\",\"@id\":\"https:\/\/www.prijedordanas.com\/#\/schema\/person\/4e08ccf29b506ca916ff86d46bb700e6\"},\"headline\":\"OP\u0160TINE ZA PRIMJER-BORE SE ZA SVAKO RADNO MJESTO I SVAKOG STANOVNIKA: PRIJEDOR GRADI FABRIKU ZA SLOVENCE\",\"datePublished\":\"2018-06-04T10:03:57+00:00\",\"dateModified\":\"2018-06-04T10:03:57+00:00\",\"mainEntityOfPage\":{\"@id\":\"https:\/\/www.prijedordanas.com\/?p=106553\"},\"wordCount\":933,\"publisher\":{\"@id\":\"https:\/\/www.prijedordanas.com\/#organization\"},\"keywords\":[\"radna mjesta\"],\"articleSection\":[\"Dru\u0161tvo\"],\"inLanguage\":\"en-US\"},{\"@type\":\"WebPage\",\"@id\":\"https:\/\/www.prijedordanas.com\/?p=106553\",\"url\":\"https:\/\/www.prijedordanas.com\/?p=106553\",\"name\":\"OP\u0160TINE ZA PRIMJER-BORE SE ZA SVAKO RADNO MJESTO I SVAKOG STANOVNIKA: PRIJEDOR GRADI FABRIKU ZA SLOVENCE - PrijedorDanas.com - Prijedorski gradski portal\",\"isPartOf\":{\"@id\":\"https:\/\/www.prijedordanas.com\/#website\"},\"datePublished\":\"2018-06-04T10:03:57+00:00\",\"dateModified\":\"2018-06-04T10:03:57+00:00\",\"breadcrumb\":{\"@id\":\"https:\/\/www.prijedordanas.com\/?p=106553#breadcrumb\"},\"inLanguage\":\"en-US\",\"potentialAction\":[{\"@type\":\"ReadAction\",\"target\":[\"https:\/\/www.prijedordanas.com\/?p=106553\"]}]},{\"@type\":\"BreadcrumbList\",\"@id\":\"https:\/\/www.prijedordanas.com\/?p=106553#breadcrumb\",\"itemListElement\":[{\"@type\":\"ListItem\",\"position\":1,\"name\":\"Home\",\"item\":\"https:\/\/www.prijedordanas.com\/\"},{\"@type\":\"ListItem\",\"position\":2,\"name\":\"OP\u0160TINE ZA PRIMJER-BORE SE ZA SVAKO RADNO MJESTO I SVAKOG STANOVNIKA: PRIJEDOR GRADI FABRIKU ZA SLOVENCE\"}]},{\"@type\":\"WebSite\",\"@id\":\"https:\/\/www.prijedordanas.com\/#website\",\"url\":\"https:\/\/www.prijedordanas.com\/\",\"name\":\"PrijedorDanas.com - Prijedorski gradski portal\",\"description\":\"Portal o doga\u0111anjima u gradu Prijedoru\",\"publisher\":{\"@id\":\"https:\/\/www.prijedordanas.com\/#organization\"},\"potentialAction\":[{\"@type\":\"SearchAction\",\"target\":{\"@type\":\"EntryPoint\",\"urlTemplate\":\"https:\/\/www.prijedordanas.com\/?s={search_term_string}\"},\"query-input\":\"required name=search_term_string\"}],\"inLanguage\":\"en-US\"},{\"@type\":\"Organization\",\"@id\":\"https:\/\/www.prijedordanas.com\/#organization\",\"name\":\"PrijedorDanas.com\",\"url\":\"https:\/\/www.prijedordanas.com\/\",\"logo\":{\"@type\":\"ImageObject\",\"inLanguage\":\"en-US\",\"@id\":\"https:\/\/www.prijedordanas.com\/#\/schema\/logo\/image\/\",\"url\":\"http:\/\/www.prijedordanas.com\/wp-content\/uploads\/2021\/12\/logopng.png\",\"contentUrl\":\"http:\/\/www.prijedordanas.com\/wp-content\/uploads\/2021\/12\/logopng.png\",\"width\":1019,\"height\":776,\"caption\":\"PrijedorDanas.com\"},\"image\":{\"@id\":\"https:\/\/www.prijedordanas.com\/#\/schema\/logo\/image\/\"},\"sameAs\":[\"https:\/\/www.facebook.com\/PrijedorDanasCom\/\"]},{\"@type\":\"Person\",\"@id\":\"https:\/\/www.prijedordanas.com\/#\/schema\/person\/4e08ccf29b506ca916ff86d46bb700e6\",\"name\":\"admin\",\"image\":{\"@type\":\"ImageObject\",\"inLanguage\":\"en-US\",\"@id\":\"https:\/\/www.prijedordanas.com\/#\/schema\/person\/image\/\",\"url\":\"https:\/\/secure.gravatar.com\/avatar\/1d3fc949d550f0b53a5f0d51e06dfd79?s=96&d=mm&r=g\",\"contentUrl\":\"https:\/\/secure.gravatar.com\/avatar\/1d3fc949d550f0b53a5f0d51e06dfd79?s=96&d=mm&r=g\",\"caption\":\"admin\"},\"url\":\"https:\/\/www.prijedordanas.com\/?author=1\"}]}<\/script>\n<!-- \/ Yoast SEO plugin. -->","yoast_head_json":{"title":"OP\u0160TINE ZA PRIMJER-BORE SE ZA SVAKO RADNO MJESTO I SVAKOG STANOVNIKA: PRIJEDOR GRADI FABRIKU ZA SLOVENCE - PrijedorDanas.com - Prijedorski gradski portal","robots":{"index":"index","follow":"follow","max-snippet":"max-snippet:-1","max-image-preview":"max-image-preview:large","max-video-preview":"max-video-preview:-1"},"canonical":"https:\/\/www.prijedordanas.com\/?p=106553","og_locale":"en_US","og_type":"article","og_title":"OP\u0160TINE ZA PRIMJER-BORE SE ZA SVAKO RADNO MJESTO I SVAKOG STANOVNIKA: PRIJEDOR GRADI FABRIKU ZA SLOVENCE - PrijedorDanas.com - Prijedorski gradski portal","og_description":"Svjesni da je nezaposlenost klju\u010dni razlog za iseljavanje stanovni\u0161tva, neke lokalne vlasti \u010dine sve kako bi privukle investitore i svojim sugra\u0111anima obezbijedile posao. Uz Banjaluku, koja kao administrativni i univerzitetski [&hellip;]","og_url":"https:\/\/www.prijedordanas.com\/?p=106553","og_site_name":"PrijedorDanas.com - Prijedorski gradski portal","article_publisher":"https:\/\/www.facebook.com\/PrijedorDanasCom\/","article_published_time":"2018-06-04T10:03:57+00:00","og_image":[{"url":"https:\/\/www.prijedordanas.com\/wp-content\/uploads\/2018\/06\/blic-borba-za-radna-mjesta-300x218.jpg"}],"author":"admin","twitter_card":"summary_large_image","twitter_misc":{"Written by":"admin","Est. reading time":"5 minutes"},"schema":{"@context":"https:\/\/schema.org","@graph":[{"@type":"Article","@id":"https:\/\/www.prijedordanas.com\/?p=106553#article","isPartOf":{"@id":"https:\/\/www.prijedordanas.com\/?p=106553"},"author":{"name":"admin","@id":"https:\/\/www.prijedordanas.com\/#\/schema\/person\/4e08ccf29b506ca916ff86d46bb700e6"},"headline":"OP\u0160TINE ZA PRIMJER-BORE SE ZA SVAKO RADNO MJESTO I SVAKOG STANOVNIKA: PRIJEDOR GRADI FABRIKU ZA SLOVENCE","datePublished":"2018-06-04T10:03:57+00:00","dateModified":"2018-06-04T10:03:57+00:00","mainEntityOfPage":{"@id":"https:\/\/www.prijedordanas.com\/?p=106553"},"wordCount":933,"publisher":{"@id":"https:\/\/www.prijedordanas.com\/#organization"},"keywords":["radna mjesta"],"articleSection":["Dru\u0161tvo"],"inLanguage":"en-US"},{"@type":"WebPage","@id":"https:\/\/www.prijedordanas.com\/?p=106553","url":"https:\/\/www.prijedordanas.com\/?p=106553","name":"OP\u0160TINE ZA PRIMJER-BORE SE ZA SVAKO RADNO MJESTO I SVAKOG STANOVNIKA: PRIJEDOR GRADI FABRIKU ZA SLOVENCE - PrijedorDanas.com - Prijedorski gradski portal","isPartOf":{"@id":"https:\/\/www.prijedordanas.com\/#website"},"datePublished":"2018-06-04T10:03:57+00:00","dateModified":"2018-06-04T10:03:57+00:00","breadcrumb":{"@id":"https:\/\/www.prijedordanas.com\/?p=106553#breadcrumb"},"inLanguage":"en-US","potentialAction":[{"@type":"ReadAction","target":["https:\/\/www.prijedordanas.com\/?p=106553"]}]},{"@type":"BreadcrumbList","@id":"https:\/\/www.prijedordanas.com\/?p=106553#breadcrumb","itemListElement":[{"@type":"ListItem","position":1,"name":"Home","item":"https:\/\/www.prijedordanas.com\/"},{"@type":"ListItem","position":2,"name":"OP\u0160TINE ZA PRIMJER-BORE SE ZA SVAKO RADNO MJESTO I SVAKOG STANOVNIKA: PRIJEDOR GRADI FABRIKU ZA SLOVENCE"}]},{"@type":"WebSite","@id":"https:\/\/www.prijedordanas.com\/#website","url":"https:\/\/www.prijedordanas.com\/","name":"PrijedorDanas.com - Prijedorski gradski portal","description":"Portal o doga\u0111anjima u gradu Prijedoru","publisher":{"@id":"https:\/\/www.prijedordanas.com\/#organization"},"potentialAction":[{"@type":"SearchAction","target":{"@type":"EntryPoint","urlTemplate":"https:\/\/www.prijedordanas.com\/?s={search_term_string}"},"query-input":"required name=search_term_string"}],"inLanguage":"en-US"},{"@type":"Organization","@id":"https:\/\/www.prijedordanas.com\/#organization","name":"PrijedorDanas.com","url":"https:\/\/www.prijedordanas.com\/","logo":{"@type":"ImageObject","inLanguage":"en-US","@id":"https:\/\/www.prijedordanas.com\/#\/schema\/logo\/image\/","url":"http:\/\/www.prijedordanas.com\/wp-content\/uploads\/2021\/12\/logopng.png","contentUrl":"http:\/\/www.prijedordanas.com\/wp-content\/uploads\/2021\/12\/logopng.png","width":1019,"height":776,"caption":"PrijedorDanas.com"},"image":{"@id":"https:\/\/www.prijedordanas.com\/#\/schema\/logo\/image\/"},"sameAs":["https:\/\/www.facebook.com\/PrijedorDanasCom\/"]},{"@type":"Person","@id":"https:\/\/www.prijedordanas.com\/#\/schema\/person\/4e08ccf29b506ca916ff86d46bb700e6","name":"admin","image":{"@type":"ImageObject","inLanguage":"en-US","@id":"https:\/\/www.prijedordanas.com\/#\/schema\/person\/image\/","url":"https:\/\/secure.gravatar.com\/avatar\/1d3fc949d550f0b53a5f0d51e06dfd79?s=96&d=mm&r=g","contentUrl":"https:\/\/secure.gravatar.com\/avatar\/1d3fc949d550f0b53a5f0d51e06dfd79?s=96&d=mm&r=g","caption":"admin"},"url":"https:\/\/www.prijedordanas.com\/?author=1"}]}},"_links":{"self":[{"href":"https:\/\/www.prijedordanas.com\/index.php?rest_route=\/wp\/v2\/posts\/106553"}],"collection":[{"href":"https:\/\/www.prijedordanas.com\/index.php?rest_route=\/wp\/v2\/posts"}],"about":[{"href":"https:\/\/www.prijedordanas.com\/index.php?rest_route=\/wp\/v2\/types\/post"}],"author":[{"embeddable":true,"href":"https:\/\/www.prijedordanas.com\/index.php?rest_route=\/wp\/v2\/users\/1"}],"replies":[{"embeddable":true,"href":"https:\/\/www.prijedordanas.com\/index.php?rest_route=%2Fwp%2Fv2%2Fcomments&post=106553"}],"version-history":[{"count":1,"href":"https:\/\/www.prijedordanas.com\/index.php?rest_route=\/wp\/v2\/posts\/106553\/revisions"}],"predecessor-version":[{"id":106555,"href":"https:\/\/www.prijedordanas.com\/index.php?rest_route=\/wp\/v2\/posts\/106553\/revisions\/106555"}],"wp:attachment":[{"href":"https:\/\/www.prijedordanas.com\/index.php?rest_route=%2Fwp%2Fv2%2Fmedia&parent=106553"}],"wp:term":[{"taxonomy":"category","embeddable":true,"href":"https:\/\/www.prijedordanas.com\/index.php?rest_route=%2Fwp%2Fv2%2Fcategories&post=106553"},{"taxonomy":"post_tag","embeddable":true,"href":"https:\/\/www.prijedordanas.com\/index.php?rest_route=%2Fwp%2Fv2%2Ftags&post=106553"}],"curies":[{"name":"wp","href":"https:\/\/api.w.org\/{rel}","templated":true}]}}