{"id":106446,"date":"2018-06-02T10:05:24","date_gmt":"2018-06-02T08:05:24","guid":{"rendered":"https:\/\/www.prijedordanas.com\/?p=106446"},"modified":"2018-06-02T10:05:24","modified_gmt":"2018-06-02T08:05:24","slug":"sudenje-milunic-i-ostali-bez-saznanja-o-tijelima-porodice-bacic","status":"publish","type":"post","link":"https:\/\/www.prijedordanas.com\/?p=106446","title":{"rendered":"SU\u0110ENJE MILUNI\u0106 I OSTALI: BEZ SAZNANJA O TIJELIMA PORODICE BA\u010cI\u0106"},"content":{"rendered":"<p><a href=\"https:\/\/www.prijedordanas.com\/wp-content\/uploads\/2017\/10\/sud-bih-11.jpg\"><img loading=\"lazy\" decoding=\"async\" src=\"https:\/\/www.prijedordanas.com\/wp-content\/uploads\/2017\/10\/sud-bih-11-300x222.jpg\" alt=\"\" width=\"300\" height=\"222\" class=\"alignleft size-medium wp-image-90928\" srcset=\"https:\/\/www.prijedordanas.com\/wp-content\/uploads\/2017\/10\/sud-bih-11-300x222.jpg 300w, https:\/\/www.prijedordanas.com\/wp-content\/uploads\/2017\/10\/sud-bih-11-100x74.jpg 100w, https:\/\/www.prijedordanas.com\/wp-content\/uploads\/2017\/10\/sud-bih-11.jpg 675w\" sizes=\"(max-width: 300px) 100vw, 300px\" \/><\/a>Svjedo\u010de\u0107i u svoju korist na su\u0111enju za zlo\u010dine po\u010dinjene u prijedorskom selu Zecovi, optu\u017eeni Du\u0161an Miluni\u0107 je negirao da ima saznanja gdje se nalazi vi\u0161e od 30 tijela \u017eena i djece porodice Ba\u010di\u0107.<\/p>\n<p>\u201cNisam imao nikakav zadatak u Zecovima, osim dr\u017eanja linije gdje je srpsko \u017eivlje\u201d, rekao je Miluni\u0107.<\/p>\n<p>Optu\u017eeni je dodao da je poznavao Ismeta i Izeta Ba\u010di\u0107a, ali je negirao da je nekome od svojih podre\u0111enih govorio za njih. Optu\u017eeni je negirao i da je tokom kretanja u akciji u Zecovima 23. jula 1992. godine vidio mrtve civile ili vojnike.<\/p>\n<p>Miluni\u0107 je tako\u0111er negirao da je imao sukob sa Radomirom Stojni\u0107em u vezi s podjelom plijena u Zecovima.<\/p>\n<p>Za ubistva, mu\u010denja, seksualno nasilje, uni\u0161tavanje i oduzimanje imovine stanovnika sela Zecovi u julu 1992., zajedno s Du\u0161anom Miluni\u0107em su optu\u017eeni i Radomir Stojni\u0107, Radovan \u010ceti\u0107, Du\u0161ko Zori\u0107, Zoran Stojni\u0107, \u017deljko Grbi\u0107, Ilija Zori\u0107, Zoran Miluni\u0107, Bo\u0161ko Gruji\u010di\u0107, Ljubi\u0161a \u010ceti\u0107, Rade i Uro\u0161 Gruj\u010di\u0107 te Rajko Gnjatovi\u0107.<\/p>\n<p>Prema optu\u017enici, Du\u0161an Miluni\u0107 je bio komandir Rasava\u010dke \u010dete \u0160estog bataljona 43. brigade Vojske Republike Srpske (VRS), Radomir Stojni\u0107 komandir Rezervne stanice milicije Rasavci, a Radovan \u010ceti\u0107 predsjednik Srpske demokratske stranke (SDS) i Kriznog \u0161taba za selo Rasavci. Ostali su bili pripadnici Rasava\u010dke \u010dete, milicije te drugih formacija.<\/p>\n<p>Miluni\u0107 je naveo da je poznavao vi\u0161e osoba iz porodice Ba\u010di\u0107 te da se s njima dru\u017eio. Za ubistva vi\u0161e od 30 \u017eena i djece iz ove porodice, kako je kazao, \u010duo je prilikom referisanja u Ljubiji tri dana nakon akcije u Zecovima. On je negirao da je naredio Radovanu Grbi\u0107u da s drugim osobama izvr\u0161i asanaciju terena.<\/p>\n<p>Optu\u017eeni Miluni\u0107 je negirao da ima saznanja gdje su tijela ubijenih \u010dlanova porodice Ba\u010di\u0107.<\/p>\n<p>\u201cUop\u0161te nisam vidio Radomira Stojni\u0107a 22. i 23. jula 1992. godine\u201d, rekao je Miluni\u0107, dodav\u0161i da u ta dva dana nije imao kontakt ni sa kim iz rezervnog sastava milicije iz Rasavaca.<\/p>\n<p>Odgovaraju\u0107i na pitanje Odbrane Radovana \u010ceti\u0107a, Miluni\u0107 je naveo da od \u010ceti\u0107a nije dobivao naredbe, kao i da ga nije vidio na dan akcije u Zecovima. Miluni\u0107 je negirao i da je u jutarnjim satima na dan akcije bilo postrojavanje Rasava\u010dke \u010dete i rezervnog sastava milicije pred prostorijama mjesne zajednice u Rasavcima.<\/p>\n<p>Radovan Grbi\u0107, prema rije\u010dima Miluni\u0107a, tra\u017eio je od njega da potvrdi da je optu\u017eeni \u201cDu\u0161ko Zori\u0107 ubijao\u201d, no da mu je optu\u017eeni Miluni\u0107 rekao: \u201cKako \u0107u, kad ni\u0161ta nisam vidio\u201d.<\/p>\n<p>Optu\u017eeni Miluni\u0107 je potvrdio i da se Bo\u0161ko Gruji\u010di\u0107 na dan akcije kretao uvijek u njegovom vidokrugu, te da nije imao zavezanu maramu. Miluni\u0107 je posvjedo\u010dio i da niko od pripadnika \u010dete nije bio maskiran po licu.<\/p>\n<p>Za Rajka Gnjatovi\u0107a, Miluni\u0107 je naveo da nije bio pripadnik Rasava\u010dke \u010dete.<\/p>\n<p>Su\u0111enje \u0107e se nastaviti 6. jula.<\/p>\n<p>BIRN<\/p>\n","protected":false},"excerpt":{"rendered":"<p>Svjedo\u010de\u0107i u svoju korist na su\u0111enju za zlo\u010dine po\u010dinjene u prijedorskom selu Zecovi, optu\u017eeni Du\u0161an Miluni\u0107 je negirao da ima saznanja gdje se nalazi vi\u0161e od 30 tijela \u017eena i [&hellip;]<\/p>\n","protected":false},"author":1,"featured_media":0,"comment_status":"closed","ping_status":"open","sticky":false,"template":"","format":"standard","meta":{"_monsterinsights_skip_tracking":false,"_monsterinsights_sitenote_active":false,"_monsterinsights_sitenote_note":"","_monsterinsights_sitenote_category":0,"footnotes":""},"categories":[5],"tags":[531],"yoast_head":"<!-- This site is optimized with the Yoast SEO plugin v21.6 - https:\/\/yoast.com\/wordpress\/plugins\/seo\/ -->\n<title>SU\u0110ENJE MILUNI\u0106 I OSTALI: BEZ SAZNANJA O TIJELIMA PORODICE BA\u010cI\u0106 - PrijedorDanas.com - Prijedorski gradski portal<\/title>\n<meta name=\"robots\" content=\"index, follow, max-snippet:-1, max-image-preview:large, max-video-preview:-1\" \/>\n<link rel=\"canonical\" href=\"https:\/\/www.prijedordanas.com\/?p=106446\" \/>\n<meta property=\"og:locale\" content=\"en_US\" \/>\n<meta property=\"og:type\" content=\"article\" \/>\n<meta property=\"og:title\" content=\"SU\u0110ENJE MILUNI\u0106 I OSTALI: BEZ SAZNANJA O TIJELIMA PORODICE BA\u010cI\u0106 - PrijedorDanas.com - Prijedorski gradski portal\" \/>\n<meta property=\"og:description\" content=\"Svjedo\u010de\u0107i u svoju korist na su\u0111enju za zlo\u010dine po\u010dinjene u prijedorskom selu Zecovi, optu\u017eeni Du\u0161an Miluni\u0107 je negirao da ima saznanja gdje se nalazi vi\u0161e od 30 tijela \u017eena i [&hellip;]\" \/>\n<meta property=\"og:url\" content=\"https:\/\/www.prijedordanas.com\/?p=106446\" \/>\n<meta property=\"og:site_name\" content=\"PrijedorDanas.com - Prijedorski gradski portal\" \/>\n<meta property=\"article:publisher\" content=\"https:\/\/www.facebook.com\/PrijedorDanasCom\/\" \/>\n<meta property=\"article:published_time\" content=\"2018-06-02T08:05:24+00:00\" \/>\n<meta property=\"og:image\" content=\"https:\/\/www.prijedordanas.com\/wp-content\/uploads\/2017\/10\/sud-bih-11-300x222.jpg\" \/>\n<meta name=\"author\" content=\"admin\" \/>\n<meta name=\"twitter:card\" content=\"summary_large_image\" \/>\n<meta name=\"twitter:label1\" content=\"Written by\" \/>\n\t<meta name=\"twitter:data1\" content=\"admin\" \/>\n\t<meta name=\"twitter:label2\" content=\"Est. reading time\" \/>\n\t<meta name=\"twitter:data2\" content=\"2 minutes\" \/>\n<script type=\"application\/ld+json\" class=\"yoast-schema-graph\">{\"@context\":\"https:\/\/schema.org\",\"@graph\":[{\"@type\":\"Article\",\"@id\":\"https:\/\/www.prijedordanas.com\/?p=106446#article\",\"isPartOf\":{\"@id\":\"https:\/\/www.prijedordanas.com\/?p=106446\"},\"author\":{\"name\":\"admin\",\"@id\":\"https:\/\/www.prijedordanas.com\/#\/schema\/person\/4e08ccf29b506ca916ff86d46bb700e6\"},\"headline\":\"SU\u0110ENJE MILUNI\u0106 I OSTALI: BEZ SAZNANJA O TIJELIMA PORODICE BA\u010cI\u0106\",\"datePublished\":\"2018-06-02T08:05:24+00:00\",\"dateModified\":\"2018-06-02T08:05:24+00:00\",\"mainEntityOfPage\":{\"@id\":\"https:\/\/www.prijedordanas.com\/?p=106446\"},\"wordCount\":509,\"publisher\":{\"@id\":\"https:\/\/www.prijedordanas.com\/#organization\"},\"keywords\":[\"Sud BiH\"],\"articleSection\":[\"Hronika\"],\"inLanguage\":\"en-US\"},{\"@type\":\"WebPage\",\"@id\":\"https:\/\/www.prijedordanas.com\/?p=106446\",\"url\":\"https:\/\/www.prijedordanas.com\/?p=106446\",\"name\":\"SU\u0110ENJE MILUNI\u0106 I OSTALI: BEZ SAZNANJA O TIJELIMA PORODICE BA\u010cI\u0106 - PrijedorDanas.com - Prijedorski gradski portal\",\"isPartOf\":{\"@id\":\"https:\/\/www.prijedordanas.com\/#website\"},\"datePublished\":\"2018-06-02T08:05:24+00:00\",\"dateModified\":\"2018-06-02T08:05:24+00:00\",\"breadcrumb\":{\"@id\":\"https:\/\/www.prijedordanas.com\/?p=106446#breadcrumb\"},\"inLanguage\":\"en-US\",\"potentialAction\":[{\"@type\":\"ReadAction\",\"target\":[\"https:\/\/www.prijedordanas.com\/?p=106446\"]}]},{\"@type\":\"BreadcrumbList\",\"@id\":\"https:\/\/www.prijedordanas.com\/?p=106446#breadcrumb\",\"itemListElement\":[{\"@type\":\"ListItem\",\"position\":1,\"name\":\"Home\",\"item\":\"https:\/\/www.prijedordanas.com\/\"},{\"@type\":\"ListItem\",\"position\":2,\"name\":\"SU\u0110ENJE MILUNI\u0106 I OSTALI: BEZ SAZNANJA O TIJELIMA PORODICE BA\u010cI\u0106\"}]},{\"@type\":\"WebSite\",\"@id\":\"https:\/\/www.prijedordanas.com\/#website\",\"url\":\"https:\/\/www.prijedordanas.com\/\",\"name\":\"PrijedorDanas.com - Prijedorski gradski portal\",\"description\":\"Portal o doga\u0111anjima u gradu Prijedoru\",\"publisher\":{\"@id\":\"https:\/\/www.prijedordanas.com\/#organization\"},\"potentialAction\":[{\"@type\":\"SearchAction\",\"target\":{\"@type\":\"EntryPoint\",\"urlTemplate\":\"https:\/\/www.prijedordanas.com\/?s={search_term_string}\"},\"query-input\":\"required name=search_term_string\"}],\"inLanguage\":\"en-US\"},{\"@type\":\"Organization\",\"@id\":\"https:\/\/www.prijedordanas.com\/#organization\",\"name\":\"PrijedorDanas.com\",\"url\":\"https:\/\/www.prijedordanas.com\/\",\"logo\":{\"@type\":\"ImageObject\",\"inLanguage\":\"en-US\",\"@id\":\"https:\/\/www.prijedordanas.com\/#\/schema\/logo\/image\/\",\"url\":\"http:\/\/www.prijedordanas.com\/wp-content\/uploads\/2021\/12\/logopng.png\",\"contentUrl\":\"http:\/\/www.prijedordanas.com\/wp-content\/uploads\/2021\/12\/logopng.png\",\"width\":1019,\"height\":776,\"caption\":\"PrijedorDanas.com\"},\"image\":{\"@id\":\"https:\/\/www.prijedordanas.com\/#\/schema\/logo\/image\/\"},\"sameAs\":[\"https:\/\/www.facebook.com\/PrijedorDanasCom\/\"]},{\"@type\":\"Person\",\"@id\":\"https:\/\/www.prijedordanas.com\/#\/schema\/person\/4e08ccf29b506ca916ff86d46bb700e6\",\"name\":\"admin\",\"image\":{\"@type\":\"ImageObject\",\"inLanguage\":\"en-US\",\"@id\":\"https:\/\/www.prijedordanas.com\/#\/schema\/person\/image\/\",\"url\":\"https:\/\/secure.gravatar.com\/avatar\/1d3fc949d550f0b53a5f0d51e06dfd79?s=96&d=mm&r=g\",\"contentUrl\":\"https:\/\/secure.gravatar.com\/avatar\/1d3fc949d550f0b53a5f0d51e06dfd79?s=96&d=mm&r=g\",\"caption\":\"admin\"},\"url\":\"https:\/\/www.prijedordanas.com\/?author=1\"}]}<\/script>\n<!-- \/ Yoast SEO plugin. -->","yoast_head_json":{"title":"SU\u0110ENJE MILUNI\u0106 I OSTALI: BEZ SAZNANJA O TIJELIMA PORODICE BA\u010cI\u0106 - PrijedorDanas.com - Prijedorski gradski portal","robots":{"index":"index","follow":"follow","max-snippet":"max-snippet:-1","max-image-preview":"max-image-preview:large","max-video-preview":"max-video-preview:-1"},"canonical":"https:\/\/www.prijedordanas.com\/?p=106446","og_locale":"en_US","og_type":"article","og_title":"SU\u0110ENJE MILUNI\u0106 I OSTALI: BEZ SAZNANJA O TIJELIMA PORODICE BA\u010cI\u0106 - PrijedorDanas.com - Prijedorski gradski portal","og_description":"Svjedo\u010de\u0107i u svoju korist na su\u0111enju za zlo\u010dine po\u010dinjene u prijedorskom selu Zecovi, optu\u017eeni Du\u0161an Miluni\u0107 je negirao da ima saznanja gdje se nalazi vi\u0161e od 30 tijela \u017eena i [&hellip;]","og_url":"https:\/\/www.prijedordanas.com\/?p=106446","og_site_name":"PrijedorDanas.com - Prijedorski gradski portal","article_publisher":"https:\/\/www.facebook.com\/PrijedorDanasCom\/","article_published_time":"2018-06-02T08:05:24+00:00","og_image":[{"url":"https:\/\/www.prijedordanas.com\/wp-content\/uploads\/2017\/10\/sud-bih-11-300x222.jpg"}],"author":"admin","twitter_card":"summary_large_image","twitter_misc":{"Written by":"admin","Est. reading time":"2 minutes"},"schema":{"@context":"https:\/\/schema.org","@graph":[{"@type":"Article","@id":"https:\/\/www.prijedordanas.com\/?p=106446#article","isPartOf":{"@id":"https:\/\/www.prijedordanas.com\/?p=106446"},"author":{"name":"admin","@id":"https:\/\/www.prijedordanas.com\/#\/schema\/person\/4e08ccf29b506ca916ff86d46bb700e6"},"headline":"SU\u0110ENJE MILUNI\u0106 I OSTALI: BEZ SAZNANJA O TIJELIMA PORODICE BA\u010cI\u0106","datePublished":"2018-06-02T08:05:24+00:00","dateModified":"2018-06-02T08:05:24+00:00","mainEntityOfPage":{"@id":"https:\/\/www.prijedordanas.com\/?p=106446"},"wordCount":509,"publisher":{"@id":"https:\/\/www.prijedordanas.com\/#organization"},"keywords":["Sud BiH"],"articleSection":["Hronika"],"inLanguage":"en-US"},{"@type":"WebPage","@id":"https:\/\/www.prijedordanas.com\/?p=106446","url":"https:\/\/www.prijedordanas.com\/?p=106446","name":"SU\u0110ENJE MILUNI\u0106 I OSTALI: BEZ SAZNANJA O TIJELIMA PORODICE BA\u010cI\u0106 - PrijedorDanas.com - Prijedorski gradski portal","isPartOf":{"@id":"https:\/\/www.prijedordanas.com\/#website"},"datePublished":"2018-06-02T08:05:24+00:00","dateModified":"2018-06-02T08:05:24+00:00","breadcrumb":{"@id":"https:\/\/www.prijedordanas.com\/?p=106446#breadcrumb"},"inLanguage":"en-US","potentialAction":[{"@type":"ReadAction","target":["https:\/\/www.prijedordanas.com\/?p=106446"]}]},{"@type":"BreadcrumbList","@id":"https:\/\/www.prijedordanas.com\/?p=106446#breadcrumb","itemListElement":[{"@type":"ListItem","position":1,"name":"Home","item":"https:\/\/www.prijedordanas.com\/"},{"@type":"ListItem","position":2,"name":"SU\u0110ENJE MILUNI\u0106 I OSTALI: BEZ SAZNANJA O TIJELIMA PORODICE BA\u010cI\u0106"}]},{"@type":"WebSite","@id":"https:\/\/www.prijedordanas.com\/#website","url":"https:\/\/www.prijedordanas.com\/","name":"PrijedorDanas.com - Prijedorski gradski portal","description":"Portal o doga\u0111anjima u gradu Prijedoru","publisher":{"@id":"https:\/\/www.prijedordanas.com\/#organization"},"potentialAction":[{"@type":"SearchAction","target":{"@type":"EntryPoint","urlTemplate":"https:\/\/www.prijedordanas.com\/?s={search_term_string}"},"query-input":"required name=search_term_string"}],"inLanguage":"en-US"},{"@type":"Organization","@id":"https:\/\/www.prijedordanas.com\/#organization","name":"PrijedorDanas.com","url":"https:\/\/www.prijedordanas.com\/","logo":{"@type":"ImageObject","inLanguage":"en-US","@id":"https:\/\/www.prijedordanas.com\/#\/schema\/logo\/image\/","url":"http:\/\/www.prijedordanas.com\/wp-content\/uploads\/2021\/12\/logopng.png","contentUrl":"http:\/\/www.prijedordanas.com\/wp-content\/uploads\/2021\/12\/logopng.png","width":1019,"height":776,"caption":"PrijedorDanas.com"},"image":{"@id":"https:\/\/www.prijedordanas.com\/#\/schema\/logo\/image\/"},"sameAs":["https:\/\/www.facebook.com\/PrijedorDanasCom\/"]},{"@type":"Person","@id":"https:\/\/www.prijedordanas.com\/#\/schema\/person\/4e08ccf29b506ca916ff86d46bb700e6","name":"admin","image":{"@type":"ImageObject","inLanguage":"en-US","@id":"https:\/\/www.prijedordanas.com\/#\/schema\/person\/image\/","url":"https:\/\/secure.gravatar.com\/avatar\/1d3fc949d550f0b53a5f0d51e06dfd79?s=96&d=mm&r=g","contentUrl":"https:\/\/secure.gravatar.com\/avatar\/1d3fc949d550f0b53a5f0d51e06dfd79?s=96&d=mm&r=g","caption":"admin"},"url":"https:\/\/www.prijedordanas.com\/?author=1"}]}},"_links":{"self":[{"href":"https:\/\/www.prijedordanas.com\/index.php?rest_route=\/wp\/v2\/posts\/106446"}],"collection":[{"href":"https:\/\/www.prijedordanas.com\/index.php?rest_route=\/wp\/v2\/posts"}],"about":[{"href":"https:\/\/www.prijedordanas.com\/index.php?rest_route=\/wp\/v2\/types\/post"}],"author":[{"embeddable":true,"href":"https:\/\/www.prijedordanas.com\/index.php?rest_route=\/wp\/v2\/users\/1"}],"replies":[{"embeddable":true,"href":"https:\/\/www.prijedordanas.com\/index.php?rest_route=%2Fwp%2Fv2%2Fcomments&post=106446"}],"version-history":[{"count":1,"href":"https:\/\/www.prijedordanas.com\/index.php?rest_route=\/wp\/v2\/posts\/106446\/revisions"}],"predecessor-version":[{"id":106447,"href":"https:\/\/www.prijedordanas.com\/index.php?rest_route=\/wp\/v2\/posts\/106446\/revisions\/106447"}],"wp:attachment":[{"href":"https:\/\/www.prijedordanas.com\/index.php?rest_route=%2Fwp%2Fv2%2Fmedia&parent=106446"}],"wp:term":[{"taxonomy":"category","embeddable":true,"href":"https:\/\/www.prijedordanas.com\/index.php?rest_route=%2Fwp%2Fv2%2Fcategories&post=106446"},{"taxonomy":"post_tag","embeddable":true,"href":"https:\/\/www.prijedordanas.com\/index.php?rest_route=%2Fwp%2Fv2%2Ftags&post=106446"}],"curies":[{"name":"wp","href":"https:\/\/api.w.org\/{rel}","templated":true}]}}