{"id":106234,"date":"2018-05-30T19:05:10","date_gmt":"2018-05-30T17:05:10","guid":{"rendered":"https:\/\/www.prijedordanas.com\/?p=106234"},"modified":"2018-05-30T19:05:10","modified_gmt":"2018-05-30T17:05:10","slug":"uskoro-rjesavanje-dugogodisnjih-problema-u-prijedoru-dakovic-zavrsicemo-dvoranu","status":"publish","type":"post","link":"https:\/\/www.prijedordanas.com\/?p=106234","title":{"rendered":"USKORO RJE\u0160AVANJE DUGOGODI\u0160NJIH PROBLEMA U PRIJEDORU: \u0110AKOVI\u0106-ZAVR\u0160I\u0106EMO DVORANU"},"content":{"rendered":"<p><a href=\"https:\/\/www.prijedordanas.com\/wp-content\/uploads\/2018\/05\/skupstina-grada-23maj-3.jpg\"><img loading=\"lazy\" decoding=\"async\" class=\"alignleft size-medium wp-image-106236\" src=\"https:\/\/www.prijedordanas.com\/wp-content\/uploads\/2018\/05\/skupstina-grada-23maj-3-300x222.jpg\" alt=\"\" width=\"300\" height=\"222\" srcset=\"https:\/\/www.prijedordanas.com\/wp-content\/uploads\/2018\/05\/skupstina-grada-23maj-3-300x222.jpg 300w, https:\/\/www.prijedordanas.com\/wp-content\/uploads\/2018\/05\/skupstina-grada-23maj-3-100x74.jpg 100w, https:\/\/www.prijedordanas.com\/wp-content\/uploads\/2018\/05\/skupstina-grada-23maj-3.jpg 675w\" sizes=\"(max-width: 300px) 100vw, 300px\" \/><\/a>Odbornici opozicionih partija u Skup\u0161tini grada Prijedora smatraju da lokalno rukovodstvo ne ula\u017ee dovoljno u sve oblasti \u017eivota te da ne vodi ra\u010duna o ravnomjernom razvoju grada.<\/p>\n<p>To je i razlog \u0161to \u0161est odbornika SDS, DF i PDP nije podr\u017ealo izvje\u0161taj o izvr\u0161enju bud\u017eeta za pro\u0161lu godinu koji je vi\u0161i od 33 miliona KM, odnosno 88,4 odsto od onog \u0161to je planirano.<\/p>\n<p>Najvi\u0161e primjedbi imao je odbornik SDS Radenko Stjepi\u0107 koji je ina\u010de i direktor Visoke medicinske \u0161kole u Prijedoru. Istakao je da se u ovu obrazovnu ustanovu, kao i Rudarski fakultet, posljednjih 20 godina postojanja, ne ula\u017ee dovoljno.<\/p>\n<p><a href=\"https:\/\/www.prijedordanas.com\/wp-content\/uploads\/2018\/05\/skupstina-grada-23maj-4.jpg\"><img loading=\"lazy\" decoding=\"async\" class=\"alignleft size-medium wp-image-106237\" src=\"https:\/\/www.prijedordanas.com\/wp-content\/uploads\/2018\/05\/skupstina-grada-23maj-4-300x222.jpg\" alt=\"\" width=\"300\" height=\"222\" srcset=\"https:\/\/www.prijedordanas.com\/wp-content\/uploads\/2018\/05\/skupstina-grada-23maj-4-300x222.jpg 300w, https:\/\/www.prijedordanas.com\/wp-content\/uploads\/2018\/05\/skupstina-grada-23maj-4-100x74.jpg 100w, https:\/\/www.prijedordanas.com\/wp-content\/uploads\/2018\/05\/skupstina-grada-23maj-4.jpg 675w\" sizes=\"(max-width: 300px) 100vw, 300px\" \/><\/a>\u2013 Smje\u0161teni smo u barakama i osta\u0107emo bez te dvije visoko\u0161kolske ustanove. Odavno je krenuo proces akreditacije. Ne ispunjavamo ni osnovne uslove za akreditaciju tih ustanova, kada ih izgubimo \u0161ta \u0107e onda biti. Prijedor \u0107e biti kasaba \u2013 izjavio je Stjepi\u0107.<\/p>\n<p>Dodao je da bi gradska uprava trebalo vi\u0161e novca da izdvoji za sport i mlade.<\/p>\n<p>\u2013 Prijedor je prepoznatljiv po kulturnim manifestacijama, ali na\u0161 sport tone sve dublje i dublje. Vi ste imali proma\u0161ene projekte. Rekao sam da bi umjesto dvorane na Urijama, bilo daleko bolje da smo napravili 10 manjih sala. Gomjenica ima 5.000 stanovnika i \u0161kolu, a nema sale \u2013 rekao je on.<\/p>\n<p><a href=\"https:\/\/www.prijedordanas.com\/wp-content\/uploads\/2017\/06\/dvorana-urije-obilazak-gradonacelnik-djakovic-1.jpg\"><img loading=\"lazy\" decoding=\"async\" src=\"https:\/\/www.prijedordanas.com\/wp-content\/uploads\/2017\/06\/dvorana-urije-obilazak-gradonacelnik-djakovic-1-300x222.jpg\" alt=\"\" width=\"300\" height=\"222\" class=\"alignleft size-medium wp-image-84277\" srcset=\"https:\/\/www.prijedordanas.com\/wp-content\/uploads\/2017\/06\/dvorana-urije-obilazak-gradonacelnik-djakovic-1-300x222.jpg 300w, https:\/\/www.prijedordanas.com\/wp-content\/uploads\/2017\/06\/dvorana-urije-obilazak-gradonacelnik-djakovic-1-100x74.jpg 100w, https:\/\/www.prijedordanas.com\/wp-content\/uploads\/2017\/06\/dvorana-urije-obilazak-gradonacelnik-djakovic-1.jpg 675w\" sizes=\"(max-width: 300px) 100vw, 300px\" \/><\/a>Naveo je i da je stanje puteva, u \u010dije odr\u017eavanje je utro\u0161eno milion maraka veoma lo\u0161e, te da ima brojnih problema u vodosnabdevanju i kanalizacionoj mre\u017ei.<\/p>\n<p>Sve njegove primjedbe poku\u0161ao je da demantuje gradona\u010delnik Prijedora Milenko \u0110akovi\u0107. Rekao je da bi Stjepi\u0107 za rje\u0161avanje ve\u0107ine problema, koje je naveo, trebalo da se obrati Narodnoj Skup\u0161tini RS. Poru\u010dio mu je i da \u0107e ubrzo biti zavr\u0161en projekat za preseljenje prijedorske Visoke medicinske \u0161kole.<\/p>\n<p>\u2013 Mora se razmisliti o \u0161kolovanju sanitarnih in\u017eenjera. Medicinske po\u0161tujem, jer za njih ima posla. Imamo skoro 10 puta vi\u0161e sanitarnih in\u017eenjera nego \u0161to ima mjesta za njih u ustanovama i preduze\u0107ima, imamo ih za izvoz u inostranstvo, ali oni se na\u017ealost ne mogu ni u inostranstvu zaposliti \u2013 izjavio je prvi \u010dovijek Prijedora.<\/p>\n<p>Istakao je da \u0107e i nova sportska dvorana koja se gradi na Urijama, biti od koristi.<\/p>\n<p>\u2013 Vrlo brzo \u0107emo raspisati tender za nastavak radova na sportskoj dvorani, koju toliko kritikujete, kao \u0161to je va\u0161 klub odbornika kritikovao i nadvo\u017enjak na Pe\u0107anima, a koji je izuzetno koristan infrastrukturni objekat \u2013 rekao je on.<\/p>\n<p>Politi\u010dki odnosi zaustavili radove<\/p>\n<p>Gradona\u010delnik Prijedora je rekao da je projekat ure\u0111enja vodosnabdjevanja i kanalizacije, vrijednosti oko 60 miliona KM i koji je po\u010deo prije nekoliko godina, ne mo\u017ee da bude nastavljen zbog politi\u010dkih odnosa BiH i me\u0111unarodne zajednice.<\/p>\n<p>\u2013 U\u0161li smo u aran\u017eman sa Evropskom investicionom bankom i 50 odsto je kredit, 35 odsto su grantovi, a 15 odsto u\u010de\u0161\u0107e gra\u0111ana. Razmotri\u0107emo i da podignemo kredit kako bi zavr\u0161ili radove \u2013 izjavio je \u0110akovi\u0107.<\/p>\n<p>EuroBlic-srpskainfo.com<\/p>\n","protected":false},"excerpt":{"rendered":"<p>Odbornici opozicionih partija u Skup\u0161tini grada Prijedora smatraju da lokalno rukovodstvo ne ula\u017ee dovoljno u sve oblasti \u017eivota te da ne vodi ra\u010duna o ravnomjernom razvoju grada. To je i [&hellip;]<\/p>\n","protected":false},"author":1,"featured_media":0,"comment_status":"closed","ping_status":"open","sticky":false,"template":"","format":"standard","meta":{"_monsterinsights_skip_tracking":false,"_monsterinsights_sitenote_active":false,"_monsterinsights_sitenote_note":"","_monsterinsights_sitenote_category":0,"footnotes":""},"categories":[4],"tags":[1919,7200],"yoast_head":"<!-- This site is optimized with the Yoast SEO plugin v21.6 - https:\/\/yoast.com\/wordpress\/plugins\/seo\/ -->\n<title>USKORO RJE\u0160AVANJE DUGOGODI\u0160NJIH PROBLEMA U PRIJEDORU: \u0110AKOVI\u0106-ZAVR\u0160I\u0106EMO DVORANU - PrijedorDanas.com - Prijedorski gradski portal<\/title>\n<meta name=\"robots\" content=\"index, follow, max-snippet:-1, max-image-preview:large, max-video-preview:-1\" \/>\n<link rel=\"canonical\" href=\"https:\/\/www.prijedordanas.com\/?p=106234\" \/>\n<meta property=\"og:locale\" content=\"en_US\" \/>\n<meta property=\"og:type\" content=\"article\" \/>\n<meta property=\"og:title\" content=\"USKORO RJE\u0160AVANJE DUGOGODI\u0160NJIH PROBLEMA U PRIJEDORU: \u0110AKOVI\u0106-ZAVR\u0160I\u0106EMO DVORANU - PrijedorDanas.com - Prijedorski gradski portal\" \/>\n<meta property=\"og:description\" content=\"Odbornici opozicionih partija u Skup\u0161tini grada Prijedora smatraju da lokalno rukovodstvo ne ula\u017ee dovoljno u sve oblasti \u017eivota te da ne vodi ra\u010duna o ravnomjernom razvoju grada. To je i [&hellip;]\" \/>\n<meta property=\"og:url\" content=\"https:\/\/www.prijedordanas.com\/?p=106234\" \/>\n<meta property=\"og:site_name\" content=\"PrijedorDanas.com - Prijedorski gradski portal\" \/>\n<meta property=\"article:publisher\" content=\"https:\/\/www.facebook.com\/PrijedorDanasCom\/\" \/>\n<meta property=\"article:published_time\" content=\"2018-05-30T17:05:10+00:00\" \/>\n<meta property=\"og:image\" content=\"https:\/\/www.prijedordanas.com\/wp-content\/uploads\/2018\/05\/skupstina-grada-23maj-3-300x222.jpg\" \/>\n<meta name=\"author\" content=\"admin\" \/>\n<meta name=\"twitter:card\" content=\"summary_large_image\" \/>\n<meta name=\"twitter:label1\" content=\"Written by\" \/>\n\t<meta name=\"twitter:data1\" content=\"admin\" \/>\n\t<meta name=\"twitter:label2\" content=\"Est. reading time\" \/>\n\t<meta name=\"twitter:data2\" content=\"2 minutes\" \/>\n<script type=\"application\/ld+json\" class=\"yoast-schema-graph\">{\"@context\":\"https:\/\/schema.org\",\"@graph\":[{\"@type\":\"Article\",\"@id\":\"https:\/\/www.prijedordanas.com\/?p=106234#article\",\"isPartOf\":{\"@id\":\"https:\/\/www.prijedordanas.com\/?p=106234\"},\"author\":{\"name\":\"admin\",\"@id\":\"https:\/\/www.prijedordanas.com\/#\/schema\/person\/4e08ccf29b506ca916ff86d46bb700e6\"},\"headline\":\"USKORO RJE\u0160AVANJE DUGOGODI\u0160NJIH PROBLEMA U PRIJEDORU: \u0110AKOVI\u0106-ZAVR\u0160I\u0106EMO DVORANU\",\"datePublished\":\"2018-05-30T17:05:10+00:00\",\"dateModified\":\"2018-05-30T17:05:10+00:00\",\"mainEntityOfPage\":{\"@id\":\"https:\/\/www.prijedordanas.com\/?p=106234\"},\"wordCount\":504,\"publisher\":{\"@id\":\"https:\/\/www.prijedordanas.com\/#organization\"},\"keywords\":[\"problemi\",\"rje\u0161avanje\"],\"articleSection\":[\"Dru\u0161tvo\"],\"inLanguage\":\"en-US\"},{\"@type\":\"WebPage\",\"@id\":\"https:\/\/www.prijedordanas.com\/?p=106234\",\"url\":\"https:\/\/www.prijedordanas.com\/?p=106234\",\"name\":\"USKORO RJE\u0160AVANJE DUGOGODI\u0160NJIH PROBLEMA U PRIJEDORU: \u0110AKOVI\u0106-ZAVR\u0160I\u0106EMO DVORANU - PrijedorDanas.com - Prijedorski gradski portal\",\"isPartOf\":{\"@id\":\"https:\/\/www.prijedordanas.com\/#website\"},\"datePublished\":\"2018-05-30T17:05:10+00:00\",\"dateModified\":\"2018-05-30T17:05:10+00:00\",\"breadcrumb\":{\"@id\":\"https:\/\/www.prijedordanas.com\/?p=106234#breadcrumb\"},\"inLanguage\":\"en-US\",\"potentialAction\":[{\"@type\":\"ReadAction\",\"target\":[\"https:\/\/www.prijedordanas.com\/?p=106234\"]}]},{\"@type\":\"BreadcrumbList\",\"@id\":\"https:\/\/www.prijedordanas.com\/?p=106234#breadcrumb\",\"itemListElement\":[{\"@type\":\"ListItem\",\"position\":1,\"name\":\"Home\",\"item\":\"https:\/\/www.prijedordanas.com\/\"},{\"@type\":\"ListItem\",\"position\":2,\"name\":\"USKORO RJE\u0160AVANJE DUGOGODI\u0160NJIH PROBLEMA U PRIJEDORU: \u0110AKOVI\u0106-ZAVR\u0160I\u0106EMO DVORANU\"}]},{\"@type\":\"WebSite\",\"@id\":\"https:\/\/www.prijedordanas.com\/#website\",\"url\":\"https:\/\/www.prijedordanas.com\/\",\"name\":\"PrijedorDanas.com - Prijedorski gradski portal\",\"description\":\"Portal o doga\u0111anjima u gradu Prijedoru\",\"publisher\":{\"@id\":\"https:\/\/www.prijedordanas.com\/#organization\"},\"potentialAction\":[{\"@type\":\"SearchAction\",\"target\":{\"@type\":\"EntryPoint\",\"urlTemplate\":\"https:\/\/www.prijedordanas.com\/?s={search_term_string}\"},\"query-input\":\"required name=search_term_string\"}],\"inLanguage\":\"en-US\"},{\"@type\":\"Organization\",\"@id\":\"https:\/\/www.prijedordanas.com\/#organization\",\"name\":\"PrijedorDanas.com\",\"url\":\"https:\/\/www.prijedordanas.com\/\",\"logo\":{\"@type\":\"ImageObject\",\"inLanguage\":\"en-US\",\"@id\":\"https:\/\/www.prijedordanas.com\/#\/schema\/logo\/image\/\",\"url\":\"http:\/\/www.prijedordanas.com\/wp-content\/uploads\/2021\/12\/logopng.png\",\"contentUrl\":\"http:\/\/www.prijedordanas.com\/wp-content\/uploads\/2021\/12\/logopng.png\",\"width\":1019,\"height\":776,\"caption\":\"PrijedorDanas.com\"},\"image\":{\"@id\":\"https:\/\/www.prijedordanas.com\/#\/schema\/logo\/image\/\"},\"sameAs\":[\"https:\/\/www.facebook.com\/PrijedorDanasCom\/\"]},{\"@type\":\"Person\",\"@id\":\"https:\/\/www.prijedordanas.com\/#\/schema\/person\/4e08ccf29b506ca916ff86d46bb700e6\",\"name\":\"admin\",\"image\":{\"@type\":\"ImageObject\",\"inLanguage\":\"en-US\",\"@id\":\"https:\/\/www.prijedordanas.com\/#\/schema\/person\/image\/\",\"url\":\"https:\/\/secure.gravatar.com\/avatar\/1d3fc949d550f0b53a5f0d51e06dfd79?s=96&d=mm&r=g\",\"contentUrl\":\"https:\/\/secure.gravatar.com\/avatar\/1d3fc949d550f0b53a5f0d51e06dfd79?s=96&d=mm&r=g\",\"caption\":\"admin\"},\"url\":\"https:\/\/www.prijedordanas.com\/?author=1\"}]}<\/script>\n<!-- \/ Yoast SEO plugin. -->","yoast_head_json":{"title":"USKORO RJE\u0160AVANJE DUGOGODI\u0160NJIH PROBLEMA U PRIJEDORU: \u0110AKOVI\u0106-ZAVR\u0160I\u0106EMO DVORANU - PrijedorDanas.com - Prijedorski gradski portal","robots":{"index":"index","follow":"follow","max-snippet":"max-snippet:-1","max-image-preview":"max-image-preview:large","max-video-preview":"max-video-preview:-1"},"canonical":"https:\/\/www.prijedordanas.com\/?p=106234","og_locale":"en_US","og_type":"article","og_title":"USKORO RJE\u0160AVANJE DUGOGODI\u0160NJIH PROBLEMA U PRIJEDORU: \u0110AKOVI\u0106-ZAVR\u0160I\u0106EMO DVORANU - PrijedorDanas.com - Prijedorski gradski portal","og_description":"Odbornici opozicionih partija u Skup\u0161tini grada Prijedora smatraju da lokalno rukovodstvo ne ula\u017ee dovoljno u sve oblasti \u017eivota te da ne vodi ra\u010duna o ravnomjernom razvoju grada. To je i [&hellip;]","og_url":"https:\/\/www.prijedordanas.com\/?p=106234","og_site_name":"PrijedorDanas.com - Prijedorski gradski portal","article_publisher":"https:\/\/www.facebook.com\/PrijedorDanasCom\/","article_published_time":"2018-05-30T17:05:10+00:00","og_image":[{"url":"https:\/\/www.prijedordanas.com\/wp-content\/uploads\/2018\/05\/skupstina-grada-23maj-3-300x222.jpg"}],"author":"admin","twitter_card":"summary_large_image","twitter_misc":{"Written by":"admin","Est. reading time":"2 minutes"},"schema":{"@context":"https:\/\/schema.org","@graph":[{"@type":"Article","@id":"https:\/\/www.prijedordanas.com\/?p=106234#article","isPartOf":{"@id":"https:\/\/www.prijedordanas.com\/?p=106234"},"author":{"name":"admin","@id":"https:\/\/www.prijedordanas.com\/#\/schema\/person\/4e08ccf29b506ca916ff86d46bb700e6"},"headline":"USKORO RJE\u0160AVANJE DUGOGODI\u0160NJIH PROBLEMA U PRIJEDORU: \u0110AKOVI\u0106-ZAVR\u0160I\u0106EMO DVORANU","datePublished":"2018-05-30T17:05:10+00:00","dateModified":"2018-05-30T17:05:10+00:00","mainEntityOfPage":{"@id":"https:\/\/www.prijedordanas.com\/?p=106234"},"wordCount":504,"publisher":{"@id":"https:\/\/www.prijedordanas.com\/#organization"},"keywords":["problemi","rje\u0161avanje"],"articleSection":["Dru\u0161tvo"],"inLanguage":"en-US"},{"@type":"WebPage","@id":"https:\/\/www.prijedordanas.com\/?p=106234","url":"https:\/\/www.prijedordanas.com\/?p=106234","name":"USKORO RJE\u0160AVANJE DUGOGODI\u0160NJIH PROBLEMA U PRIJEDORU: \u0110AKOVI\u0106-ZAVR\u0160I\u0106EMO DVORANU - PrijedorDanas.com - Prijedorski gradski portal","isPartOf":{"@id":"https:\/\/www.prijedordanas.com\/#website"},"datePublished":"2018-05-30T17:05:10+00:00","dateModified":"2018-05-30T17:05:10+00:00","breadcrumb":{"@id":"https:\/\/www.prijedordanas.com\/?p=106234#breadcrumb"},"inLanguage":"en-US","potentialAction":[{"@type":"ReadAction","target":["https:\/\/www.prijedordanas.com\/?p=106234"]}]},{"@type":"BreadcrumbList","@id":"https:\/\/www.prijedordanas.com\/?p=106234#breadcrumb","itemListElement":[{"@type":"ListItem","position":1,"name":"Home","item":"https:\/\/www.prijedordanas.com\/"},{"@type":"ListItem","position":2,"name":"USKORO RJE\u0160AVANJE DUGOGODI\u0160NJIH PROBLEMA U PRIJEDORU: \u0110AKOVI\u0106-ZAVR\u0160I\u0106EMO DVORANU"}]},{"@type":"WebSite","@id":"https:\/\/www.prijedordanas.com\/#website","url":"https:\/\/www.prijedordanas.com\/","name":"PrijedorDanas.com - Prijedorski gradski portal","description":"Portal o doga\u0111anjima u gradu Prijedoru","publisher":{"@id":"https:\/\/www.prijedordanas.com\/#organization"},"potentialAction":[{"@type":"SearchAction","target":{"@type":"EntryPoint","urlTemplate":"https:\/\/www.prijedordanas.com\/?s={search_term_string}"},"query-input":"required name=search_term_string"}],"inLanguage":"en-US"},{"@type":"Organization","@id":"https:\/\/www.prijedordanas.com\/#organization","name":"PrijedorDanas.com","url":"https:\/\/www.prijedordanas.com\/","logo":{"@type":"ImageObject","inLanguage":"en-US","@id":"https:\/\/www.prijedordanas.com\/#\/schema\/logo\/image\/","url":"http:\/\/www.prijedordanas.com\/wp-content\/uploads\/2021\/12\/logopng.png","contentUrl":"http:\/\/www.prijedordanas.com\/wp-content\/uploads\/2021\/12\/logopng.png","width":1019,"height":776,"caption":"PrijedorDanas.com"},"image":{"@id":"https:\/\/www.prijedordanas.com\/#\/schema\/logo\/image\/"},"sameAs":["https:\/\/www.facebook.com\/PrijedorDanasCom\/"]},{"@type":"Person","@id":"https:\/\/www.prijedordanas.com\/#\/schema\/person\/4e08ccf29b506ca916ff86d46bb700e6","name":"admin","image":{"@type":"ImageObject","inLanguage":"en-US","@id":"https:\/\/www.prijedordanas.com\/#\/schema\/person\/image\/","url":"https:\/\/secure.gravatar.com\/avatar\/1d3fc949d550f0b53a5f0d51e06dfd79?s=96&d=mm&r=g","contentUrl":"https:\/\/secure.gravatar.com\/avatar\/1d3fc949d550f0b53a5f0d51e06dfd79?s=96&d=mm&r=g","caption":"admin"},"url":"https:\/\/www.prijedordanas.com\/?author=1"}]}},"_links":{"self":[{"href":"https:\/\/www.prijedordanas.com\/index.php?rest_route=\/wp\/v2\/posts\/106234"}],"collection":[{"href":"https:\/\/www.prijedordanas.com\/index.php?rest_route=\/wp\/v2\/posts"}],"about":[{"href":"https:\/\/www.prijedordanas.com\/index.php?rest_route=\/wp\/v2\/types\/post"}],"author":[{"embeddable":true,"href":"https:\/\/www.prijedordanas.com\/index.php?rest_route=\/wp\/v2\/users\/1"}],"replies":[{"embeddable":true,"href":"https:\/\/www.prijedordanas.com\/index.php?rest_route=%2Fwp%2Fv2%2Fcomments&post=106234"}],"version-history":[{"count":2,"href":"https:\/\/www.prijedordanas.com\/index.php?rest_route=\/wp\/v2\/posts\/106234\/revisions"}],"predecessor-version":[{"id":106238,"href":"https:\/\/www.prijedordanas.com\/index.php?rest_route=\/wp\/v2\/posts\/106234\/revisions\/106238"}],"wp:attachment":[{"href":"https:\/\/www.prijedordanas.com\/index.php?rest_route=%2Fwp%2Fv2%2Fmedia&parent=106234"}],"wp:term":[{"taxonomy":"category","embeddable":true,"href":"https:\/\/www.prijedordanas.com\/index.php?rest_route=%2Fwp%2Fv2%2Fcategories&post=106234"},{"taxonomy":"post_tag","embeddable":true,"href":"https:\/\/www.prijedordanas.com\/index.php?rest_route=%2Fwp%2Fv2%2Ftags&post=106234"}],"curies":[{"name":"wp","href":"https:\/\/api.w.org\/{rel}","templated":true}]}}