{"id":106232,"date":"2018-05-30T20:40:01","date_gmt":"2018-05-30T18:40:01","guid":{"rendered":"https:\/\/www.prijedordanas.com\/?p=106232"},"modified":"2018-05-30T21:41:56","modified_gmt":"2018-05-30T19:41:56","slug":"u-prijedoru-obiljezen-dan-odbrane-grada-foto-video","status":"publish","type":"post","link":"https:\/\/www.prijedordanas.com\/?p=106232","title":{"rendered":"U PRIJEDORU OBILJE\u017dEN DAN ODBRANE GRADA \u2013 FOTO\/VIDEO"},"content":{"rendered":"<p><a href=\"https:\/\/www.prijedordanas.com\/wp-content\/uploads\/2018\/05\/dan-odbrane-prijedora-godisnjica-2018-1.jpg\"><img loading=\"lazy\" decoding=\"async\" class=\"alignleft size-medium wp-image-106240\" src=\"https:\/\/www.prijedordanas.com\/wp-content\/uploads\/2018\/05\/dan-odbrane-prijedora-godisnjica-2018-1-300x217.jpg\" alt=\"\" width=\"300\" height=\"217\" srcset=\"https:\/\/www.prijedordanas.com\/wp-content\/uploads\/2018\/05\/dan-odbrane-prijedora-godisnjica-2018-1-300x217.jpg 300w, https:\/\/www.prijedordanas.com\/wp-content\/uploads\/2018\/05\/dan-odbrane-prijedora-godisnjica-2018-1-100x72.jpg 100w, https:\/\/www.prijedordanas.com\/wp-content\/uploads\/2018\/05\/dan-odbrane-prijedora-godisnjica-2018-1.jpg 690w\" sizes=\"(max-width: 300px) 100vw, 300px\" \/><\/a>U Prijedoru je obilje\u017een Dan odbrane grada. Prije 26 godina pripadnici tzv. &#8220;zelenih beretki&#8221; i hrvatske paravojne formacije napali su Prijedor.<\/p>\n<p>U znak sje\u0107anja na stradale borce, brojne delegacije polo\u017eile su vijence ispred spomen plo\u010de u holu zgrade prijedorske Policijske uprave i centralnog spomen obilje\u017eja, gdje je slu\u017een parastos.<\/p>\n<p>Sa skupa je poru\u010deno da je ovo pobjeda koja je imala veliki zna\u010daj u stvaranju Republike Srpske, ali da pravda nije ista za sve, jer jo\u0161 niko nije odgovarao za napad na Prijedor. Zbog toga, bora\u010dka udru\u017eenja pripremaju tu\u017ebe protiv lica koja su po\u010dinila zlo\u010dine nad Srbima u Prijedoru.<\/p>\n<p><a href=\"https:\/\/www.prijedordanas.com\/wp-content\/uploads\/2018\/05\/dan-odbrane-prijedora-godisnjica-2018-2.jpg\"><img loading=\"lazy\" decoding=\"async\" class=\"alignleft size-medium wp-image-106241\" src=\"https:\/\/www.prijedordanas.com\/wp-content\/uploads\/2018\/05\/dan-odbrane-prijedora-godisnjica-2018-2-300x217.jpg\" alt=\"\" width=\"300\" height=\"217\" srcset=\"https:\/\/www.prijedordanas.com\/wp-content\/uploads\/2018\/05\/dan-odbrane-prijedora-godisnjica-2018-2-300x217.jpg 300w, https:\/\/www.prijedordanas.com\/wp-content\/uploads\/2018\/05\/dan-odbrane-prijedora-godisnjica-2018-2-100x72.jpg 100w, https:\/\/www.prijedordanas.com\/wp-content\/uploads\/2018\/05\/dan-odbrane-prijedora-godisnjica-2018-2.jpg 690w\" sizes=\"(max-width: 300px) 100vw, 300px\" \/><\/a>Cilj napada na Prijedor prije 26 godina bio je preuzimanje vitalnih ustanova u centru ove regije, prije svega, policijske stanice, tada\u0161nje Op\u0161tinske uprave i Centra za informisanje. U ovom napadu ubijeno je 15 srpskih boraca, a 26 je ranjeno.<\/p>\n<p>U pripremi je tu\u017eba protiv po\u010dinilaca zlo\u010dina nad prijedorskim Srbima.<\/p>\n<p>&#8220;Ako bude trebalo, protestvova\u0107emo i pred Tu\u017eila\u0161tvom, 26 godina je pro\u0161lo, vrijeme je da se, zaista, pokrene tu\u017eba protiv ljudi koji su \u010dinili zlo\u010dine nad Srbima, i tog jutra i ina\u010de&#8221;, ka\u017ee predsjednica Organizacije porodica zarobljenih i poginulih boraca i nestalih civila Grada Prijedora Zdravka Karlica.<\/p>\n<p><a href=\"https:\/\/www.prijedordanas.com\/wp-content\/uploads\/2018\/05\/dan-odbrane-prijedora-godisnjica-2018-3.jpg\"><img loading=\"lazy\" decoding=\"async\" class=\"alignleft size-medium wp-image-106242\" src=\"https:\/\/www.prijedordanas.com\/wp-content\/uploads\/2018\/05\/dan-odbrane-prijedora-godisnjica-2018-3-300x217.jpg\" alt=\"\" width=\"300\" height=\"217\" srcset=\"https:\/\/www.prijedordanas.com\/wp-content\/uploads\/2018\/05\/dan-odbrane-prijedora-godisnjica-2018-3-300x217.jpg 300w, https:\/\/www.prijedordanas.com\/wp-content\/uploads\/2018\/05\/dan-odbrane-prijedora-godisnjica-2018-3-100x72.jpg 100w, https:\/\/www.prijedordanas.com\/wp-content\/uploads\/2018\/05\/dan-odbrane-prijedora-godisnjica-2018-3.jpg 690w\" sizes=\"(max-width: 300px) 100vw, 300px\" \/><\/a>Poru\u010deno je, ovo je pobjeda, koja je imala veliki zna\u010daj u stvaranju Republike Srpske.<\/p>\n<p>&#8220;Kako bi pro\u0161li Srbi na ovom podru\u010dju, da hrabri ratnici, prijedorski i srpski, iz 43. brigade, pete kozarske i prijedorske policije, nisu odbranili grad. To mo\u017eemo da znamo, pro\u0161li bi isto onako kako su pro\u0161li sarajevski Srbi i Srbi u Federaciji&#8221;, izjavio je pomo\u0107nik ministra rada i bora\u010dko-invalidske za\u0161tite Republike Srpske Du\u0161ko Milunovi\u0107.<\/p>\n<p>Miladin Dragi\u010devi\u0107, izaslanik predsjednika Republike Srpske, isti\u010de da je na\u0161a obaveza da se poklonimo \u017ertvama tih ljudi i da ne zaboravimo, da ih stalno pominjemo.<\/p>\n<p><a href=\"https:\/\/www.prijedordanas.com\/wp-content\/uploads\/2018\/05\/dan-odbrane-prijedora-godisnjica-2018-4.jpg\"><img loading=\"lazy\" decoding=\"async\" src=\"https:\/\/www.prijedordanas.com\/wp-content\/uploads\/2018\/05\/dan-odbrane-prijedora-godisnjica-2018-4-300x217.jpg\" alt=\"\" width=\"300\" height=\"217\" class=\"alignleft size-medium wp-image-106243\" srcset=\"https:\/\/www.prijedordanas.com\/wp-content\/uploads\/2018\/05\/dan-odbrane-prijedora-godisnjica-2018-4-300x217.jpg 300w, https:\/\/www.prijedordanas.com\/wp-content\/uploads\/2018\/05\/dan-odbrane-prijedora-godisnjica-2018-4-100x72.jpg 100w, https:\/\/www.prijedordanas.com\/wp-content\/uploads\/2018\/05\/dan-odbrane-prijedora-godisnjica-2018-4.jpg 690w\" sizes=\"(max-width: 300px) 100vw, 300px\" \/><\/a>Sa ove vremenske distance, cijena napada na Prijedor, koji je danas grad su\u017eivota i tolerancije, bila je previsoka, ka\u017ee gradona\u010delnik Milenko \u0110akovi\u0107.<\/p>\n<p>&#8220;Nije trebalo da bude \u017ertava u gradu Prijedoru, ali neka to ide na du\u0161u onima, koji su zamislili ne\u0161to \u0161to nije bilo mogu\u0107e&#8221;, rekao je \u0110akovi\u0107.<\/p>\n<p>U Prijedoru je promovisana i knjiga &#8220;Republika Srpska u Odbrambeno-otad\u017ebinskom ratu&#8221;, objavljena u izdanju Republi\u010dkog centra za istra\u017eivanje rata, ratnih zlo\u010dina i tra\u017eenje nestalih lica, koja predstavlja trajni dokument borbe za istinu i pravdu.<\/p>\n<p>RTRS<br \/>\nFoto &#8211; \u017darko D. &#8211; <a href=\"https:\/\/www.prijedordanas.com\" target=\"_blank\" rel=\"noopener noreferrer\">www.prijedordanas.com<\/a><\/p>\n<div style=\"width: 640px;\" class=\"wp-video\"><!--[if lt IE 9]><script>document.createElement('video');<\/script><![endif]-->\n<video class=\"wp-video-shortcode\" id=\"video-106232-1\" width=\"640\" height=\"360\" preload=\"metadata\" controls=\"controls\"><source type=\"video\/mp4\" src=\"http:\/\/arh3.rtrs.tv\/arhiva\/2018\/05\/30\/tvclip028318.mp4?_=1\" \/><a href=\"http:\/\/arh3.rtrs.tv\/arhiva\/2018\/05\/30\/tvclip028318.mp4\">http:\/\/arh3.rtrs.tv\/arhiva\/2018\/05\/30\/tvclip028318.mp4<\/a><\/video><\/div>\n<p><a href=\"https:\/\/www.prijedordanas.com\/wp-content\/uploads\/2018\/05\/dan-odbrane-prijedora-godisnjica-2018-5.jpg\"><img loading=\"lazy\" decoding=\"async\" src=\"https:\/\/www.prijedordanas.com\/wp-content\/uploads\/2018\/05\/dan-odbrane-prijedora-godisnjica-2018-5-300x217.jpg\" alt=\"\" width=\"300\" height=\"217\" class=\"alignleft size-medium wp-image-106244\" srcset=\"https:\/\/www.prijedordanas.com\/wp-content\/uploads\/2018\/05\/dan-odbrane-prijedora-godisnjica-2018-5-300x217.jpg 300w, https:\/\/www.prijedordanas.com\/wp-content\/uploads\/2018\/05\/dan-odbrane-prijedora-godisnjica-2018-5-100x72.jpg 100w, https:\/\/www.prijedordanas.com\/wp-content\/uploads\/2018\/05\/dan-odbrane-prijedora-godisnjica-2018-5.jpg 690w\" sizes=\"(max-width: 300px) 100vw, 300px\" \/><\/a> <a href=\"https:\/\/www.prijedordanas.com\/wp-content\/uploads\/2018\/05\/dan-odbrane-prijedora-godisnjica-2018-6.jpg\"><img loading=\"lazy\" decoding=\"async\" src=\"https:\/\/www.prijedordanas.com\/wp-content\/uploads\/2018\/05\/dan-odbrane-prijedora-godisnjica-2018-6-300x217.jpg\" alt=\"\" width=\"300\" height=\"217\" class=\"alignleft size-medium wp-image-106245\" srcset=\"https:\/\/www.prijedordanas.com\/wp-content\/uploads\/2018\/05\/dan-odbrane-prijedora-godisnjica-2018-6-300x217.jpg 300w, https:\/\/www.prijedordanas.com\/wp-content\/uploads\/2018\/05\/dan-odbrane-prijedora-godisnjica-2018-6-100x72.jpg 100w, https:\/\/www.prijedordanas.com\/wp-content\/uploads\/2018\/05\/dan-odbrane-prijedora-godisnjica-2018-6.jpg 690w\" sizes=\"(max-width: 300px) 100vw, 300px\" \/><\/a> <a href=\"https:\/\/www.prijedordanas.com\/wp-content\/uploads\/2018\/05\/dan-odbrane-prijedora-godisnjica-2018-7.jpg\"><img loading=\"lazy\" decoding=\"async\" src=\"https:\/\/www.prijedordanas.com\/wp-content\/uploads\/2018\/05\/dan-odbrane-prijedora-godisnjica-2018-7-300x200.jpg\" alt=\"\" width=\"300\" height=\"200\" class=\"alignleft size-medium wp-image-106246\" srcset=\"https:\/\/www.prijedordanas.com\/wp-content\/uploads\/2018\/05\/dan-odbrane-prijedora-godisnjica-2018-7-300x200.jpg 300w, https:\/\/www.prijedordanas.com\/wp-content\/uploads\/2018\/05\/dan-odbrane-prijedora-godisnjica-2018-7-100x67.jpg 100w, https:\/\/www.prijedordanas.com\/wp-content\/uploads\/2018\/05\/dan-odbrane-prijedora-godisnjica-2018-7-480x320.jpg 480w, https:\/\/www.prijedordanas.com\/wp-content\/uploads\/2018\/05\/dan-odbrane-prijedora-godisnjica-2018-7.jpg 600w\" sizes=\"(max-width: 300px) 100vw, 300px\" \/><\/a> <a href=\"https:\/\/www.prijedordanas.com\/wp-content\/uploads\/2018\/05\/dan-odbrane-prijedora-godisnjica-2018-11.jpg\"><img loading=\"lazy\" decoding=\"async\" src=\"https:\/\/www.prijedordanas.com\/wp-content\/uploads\/2018\/05\/dan-odbrane-prijedora-godisnjica-2018-11-300x200.jpg\" alt=\"\" width=\"300\" height=\"200\" class=\"alignleft size-medium wp-image-106247\" srcset=\"https:\/\/www.prijedordanas.com\/wp-content\/uploads\/2018\/05\/dan-odbrane-prijedora-godisnjica-2018-11-300x200.jpg 300w, https:\/\/www.prijedordanas.com\/wp-content\/uploads\/2018\/05\/dan-odbrane-prijedora-godisnjica-2018-11-100x67.jpg 100w, https:\/\/www.prijedordanas.com\/wp-content\/uploads\/2018\/05\/dan-odbrane-prijedora-godisnjica-2018-11-480x320.jpg 480w, https:\/\/www.prijedordanas.com\/wp-content\/uploads\/2018\/05\/dan-odbrane-prijedora-godisnjica-2018-11.jpg 600w\" sizes=\"(max-width: 300px) 100vw, 300px\" \/><\/a> <a href=\"https:\/\/www.prijedordanas.com\/wp-content\/uploads\/2018\/05\/dan-odbrane-prijedora-godisnjica-2018-8.jpg\"><img loading=\"lazy\" decoding=\"async\" src=\"https:\/\/www.prijedordanas.com\/wp-content\/uploads\/2018\/05\/dan-odbrane-prijedora-godisnjica-2018-8-300x169.jpg\" alt=\"\" width=\"300\" height=\"169\" class=\"alignleft size-medium wp-image-106248\" srcset=\"https:\/\/www.prijedordanas.com\/wp-content\/uploads\/2018\/05\/dan-odbrane-prijedora-godisnjica-2018-8-300x169.jpg 300w, https:\/\/www.prijedordanas.com\/wp-content\/uploads\/2018\/05\/dan-odbrane-prijedora-godisnjica-2018-8-100x56.jpg 100w, https:\/\/www.prijedordanas.com\/wp-content\/uploads\/2018\/05\/dan-odbrane-prijedora-godisnjica-2018-8.jpg 600w\" sizes=\"(max-width: 300px) 100vw, 300px\" \/><\/a> <a href=\"https:\/\/www.prijedordanas.com\/wp-content\/uploads\/2018\/05\/dan-odbrane-prijedora-godisnjica-2018-9.jpg\"><img loading=\"lazy\" decoding=\"async\" src=\"https:\/\/www.prijedordanas.com\/wp-content\/uploads\/2018\/05\/dan-odbrane-prijedora-godisnjica-2018-9-300x169.jpg\" alt=\"\" width=\"300\" height=\"169\" class=\"alignleft size-medium wp-image-106249\" srcset=\"https:\/\/www.prijedordanas.com\/wp-content\/uploads\/2018\/05\/dan-odbrane-prijedora-godisnjica-2018-9-300x169.jpg 300w, https:\/\/www.prijedordanas.com\/wp-content\/uploads\/2018\/05\/dan-odbrane-prijedora-godisnjica-2018-9-100x56.jpg 100w, https:\/\/www.prijedordanas.com\/wp-content\/uploads\/2018\/05\/dan-odbrane-prijedora-godisnjica-2018-9.jpg 600w\" sizes=\"(max-width: 300px) 100vw, 300px\" \/><\/a> <a href=\"https:\/\/www.prijedordanas.com\/wp-content\/uploads\/2018\/05\/dan-odbrane-prijedora-godisnjica-2018-10.jpg\"><img loading=\"lazy\" decoding=\"async\" src=\"https:\/\/www.prijedordanas.com\/wp-content\/uploads\/2018\/05\/dan-odbrane-prijedora-godisnjica-2018-10-300x200.jpg\" alt=\"\" width=\"300\" height=\"200\" class=\"alignleft size-medium wp-image-106250\" srcset=\"https:\/\/www.prijedordanas.com\/wp-content\/uploads\/2018\/05\/dan-odbrane-prijedora-godisnjica-2018-10-300x200.jpg 300w, https:\/\/www.prijedordanas.com\/wp-content\/uploads\/2018\/05\/dan-odbrane-prijedora-godisnjica-2018-10-100x67.jpg 100w, https:\/\/www.prijedordanas.com\/wp-content\/uploads\/2018\/05\/dan-odbrane-prijedora-godisnjica-2018-10-480x320.jpg 480w, https:\/\/www.prijedordanas.com\/wp-content\/uploads\/2018\/05\/dan-odbrane-prijedora-godisnjica-2018-10.jpg 600w\" sizes=\"(max-width: 300px) 100vw, 300px\" \/><\/a><\/p>\n","protected":false},"excerpt":{"rendered":"<p>U Prijedoru je obilje\u017een Dan odbrane grada. Prije 26 godina pripadnici tzv. &#8220;zelenih beretki&#8221; i hrvatske paravojne formacije napali su Prijedor. U znak sje\u0107anja na stradale borce, brojne delegacije polo\u017eile [&hellip;]<\/p>\n","protected":false},"author":1,"featured_media":0,"comment_status":"closed","ping_status":"open","sticky":false,"template":"","format":"standard","meta":{"_monsterinsights_skip_tracking":false,"_monsterinsights_sitenote_active":false,"_monsterinsights_sitenote_note":"","_monsterinsights_sitenote_category":0,"footnotes":""},"categories":[4],"tags":[1916],"yoast_head":"<!-- This site is optimized with the Yoast SEO plugin v21.6 - https:\/\/yoast.com\/wordpress\/plugins\/seo\/ -->\n<title>U PRIJEDORU OBILJE\u017dEN DAN ODBRANE GRADA \u2013 FOTO\/VIDEO - PrijedorDanas.com - Prijedorski gradski portal<\/title>\n<meta name=\"robots\" content=\"index, follow, max-snippet:-1, max-image-preview:large, max-video-preview:-1\" \/>\n<link rel=\"canonical\" href=\"https:\/\/www.prijedordanas.com\/?p=106232\" \/>\n<meta property=\"og:locale\" content=\"en_US\" \/>\n<meta property=\"og:type\" content=\"article\" \/>\n<meta property=\"og:title\" content=\"U PRIJEDORU OBILJE\u017dEN DAN ODBRANE GRADA \u2013 FOTO\/VIDEO - PrijedorDanas.com - Prijedorski gradski portal\" \/>\n<meta property=\"og:description\" content=\"U Prijedoru je obilje\u017een Dan odbrane grada. Prije 26 godina pripadnici tzv. &#8220;zelenih beretki&#8221; i hrvatske paravojne formacije napali su Prijedor. U znak sje\u0107anja na stradale borce, brojne delegacije polo\u017eile [&hellip;]\" \/>\n<meta property=\"og:url\" content=\"https:\/\/www.prijedordanas.com\/?p=106232\" \/>\n<meta property=\"og:site_name\" content=\"PrijedorDanas.com - Prijedorski gradski portal\" \/>\n<meta property=\"article:publisher\" content=\"https:\/\/www.facebook.com\/PrijedorDanasCom\/\" \/>\n<meta property=\"article:published_time\" content=\"2018-05-30T18:40:01+00:00\" \/>\n<meta property=\"article:modified_time\" content=\"2018-05-30T19:41:56+00:00\" \/>\n<meta property=\"og:image\" content=\"https:\/\/www.prijedordanas.com\/wp-content\/uploads\/2018\/05\/dan-odbrane-prijedora-godisnjica-2018-1-300x217.jpg\" \/>\n<meta name=\"author\" content=\"admin\" \/>\n<meta name=\"twitter:card\" content=\"summary_large_image\" \/>\n<meta name=\"twitter:label1\" content=\"Written by\" \/>\n\t<meta name=\"twitter:data1\" content=\"admin\" \/>\n\t<meta name=\"twitter:label2\" content=\"Est. reading time\" \/>\n\t<meta name=\"twitter:data2\" content=\"2 minutes\" \/>\n<script type=\"application\/ld+json\" class=\"yoast-schema-graph\">{\"@context\":\"https:\/\/schema.org\",\"@graph\":[{\"@type\":\"Article\",\"@id\":\"https:\/\/www.prijedordanas.com\/?p=106232#article\",\"isPartOf\":{\"@id\":\"https:\/\/www.prijedordanas.com\/?p=106232\"},\"author\":{\"name\":\"admin\",\"@id\":\"https:\/\/www.prijedordanas.com\/#\/schema\/person\/4e08ccf29b506ca916ff86d46bb700e6\"},\"headline\":\"U PRIJEDORU OBILJE\u017dEN DAN ODBRANE GRADA \u2013 FOTO\/VIDEO\",\"datePublished\":\"2018-05-30T18:40:01+00:00\",\"dateModified\":\"2018-05-30T19:41:56+00:00\",\"mainEntityOfPage\":{\"@id\":\"https:\/\/www.prijedordanas.com\/?p=106232\"},\"wordCount\":437,\"publisher\":{\"@id\":\"https:\/\/www.prijedordanas.com\/#organization\"},\"keywords\":[\"obilje\u017eavanje\"],\"articleSection\":[\"Dru\u0161tvo\"],\"inLanguage\":\"en-US\"},{\"@type\":\"WebPage\",\"@id\":\"https:\/\/www.prijedordanas.com\/?p=106232\",\"url\":\"https:\/\/www.prijedordanas.com\/?p=106232\",\"name\":\"U PRIJEDORU OBILJE\u017dEN DAN ODBRANE GRADA \u2013 FOTO\/VIDEO - PrijedorDanas.com - Prijedorski gradski portal\",\"isPartOf\":{\"@id\":\"https:\/\/www.prijedordanas.com\/#website\"},\"datePublished\":\"2018-05-30T18:40:01+00:00\",\"dateModified\":\"2018-05-30T19:41:56+00:00\",\"breadcrumb\":{\"@id\":\"https:\/\/www.prijedordanas.com\/?p=106232#breadcrumb\"},\"inLanguage\":\"en-US\",\"potentialAction\":[{\"@type\":\"ReadAction\",\"target\":[\"https:\/\/www.prijedordanas.com\/?p=106232\"]}]},{\"@type\":\"BreadcrumbList\",\"@id\":\"https:\/\/www.prijedordanas.com\/?p=106232#breadcrumb\",\"itemListElement\":[{\"@type\":\"ListItem\",\"position\":1,\"name\":\"Home\",\"item\":\"https:\/\/www.prijedordanas.com\/\"},{\"@type\":\"ListItem\",\"position\":2,\"name\":\"U PRIJEDORU OBILJE\u017dEN DAN ODBRANE GRADA \u2013 FOTO\/VIDEO\"}]},{\"@type\":\"WebSite\",\"@id\":\"https:\/\/www.prijedordanas.com\/#website\",\"url\":\"https:\/\/www.prijedordanas.com\/\",\"name\":\"PrijedorDanas.com - Prijedorski gradski portal\",\"description\":\"Portal o doga\u0111anjima u gradu Prijedoru\",\"publisher\":{\"@id\":\"https:\/\/www.prijedordanas.com\/#organization\"},\"potentialAction\":[{\"@type\":\"SearchAction\",\"target\":{\"@type\":\"EntryPoint\",\"urlTemplate\":\"https:\/\/www.prijedordanas.com\/?s={search_term_string}\"},\"query-input\":\"required name=search_term_string\"}],\"inLanguage\":\"en-US\"},{\"@type\":\"Organization\",\"@id\":\"https:\/\/www.prijedordanas.com\/#organization\",\"name\":\"PrijedorDanas.com\",\"url\":\"https:\/\/www.prijedordanas.com\/\",\"logo\":{\"@type\":\"ImageObject\",\"inLanguage\":\"en-US\",\"@id\":\"https:\/\/www.prijedordanas.com\/#\/schema\/logo\/image\/\",\"url\":\"http:\/\/www.prijedordanas.com\/wp-content\/uploads\/2021\/12\/logopng.png\",\"contentUrl\":\"http:\/\/www.prijedordanas.com\/wp-content\/uploads\/2021\/12\/logopng.png\",\"width\":1019,\"height\":776,\"caption\":\"PrijedorDanas.com\"},\"image\":{\"@id\":\"https:\/\/www.prijedordanas.com\/#\/schema\/logo\/image\/\"},\"sameAs\":[\"https:\/\/www.facebook.com\/PrijedorDanasCom\/\"]},{\"@type\":\"Person\",\"@id\":\"https:\/\/www.prijedordanas.com\/#\/schema\/person\/4e08ccf29b506ca916ff86d46bb700e6\",\"name\":\"admin\",\"image\":{\"@type\":\"ImageObject\",\"inLanguage\":\"en-US\",\"@id\":\"https:\/\/www.prijedordanas.com\/#\/schema\/person\/image\/\",\"url\":\"https:\/\/secure.gravatar.com\/avatar\/1d3fc949d550f0b53a5f0d51e06dfd79?s=96&d=mm&r=g\",\"contentUrl\":\"https:\/\/secure.gravatar.com\/avatar\/1d3fc949d550f0b53a5f0d51e06dfd79?s=96&d=mm&r=g\",\"caption\":\"admin\"},\"url\":\"https:\/\/www.prijedordanas.com\/?author=1\"}]}<\/script>\n<!-- \/ Yoast SEO plugin. -->","yoast_head_json":{"title":"U PRIJEDORU OBILJE\u017dEN DAN ODBRANE GRADA \u2013 FOTO\/VIDEO - PrijedorDanas.com - Prijedorski gradski portal","robots":{"index":"index","follow":"follow","max-snippet":"max-snippet:-1","max-image-preview":"max-image-preview:large","max-video-preview":"max-video-preview:-1"},"canonical":"https:\/\/www.prijedordanas.com\/?p=106232","og_locale":"en_US","og_type":"article","og_title":"U PRIJEDORU OBILJE\u017dEN DAN ODBRANE GRADA \u2013 FOTO\/VIDEO - PrijedorDanas.com - Prijedorski gradski portal","og_description":"U Prijedoru je obilje\u017een Dan odbrane grada. Prije 26 godina pripadnici tzv. &#8220;zelenih beretki&#8221; i hrvatske paravojne formacije napali su Prijedor. U znak sje\u0107anja na stradale borce, brojne delegacije polo\u017eile [&hellip;]","og_url":"https:\/\/www.prijedordanas.com\/?p=106232","og_site_name":"PrijedorDanas.com - Prijedorski gradski portal","article_publisher":"https:\/\/www.facebook.com\/PrijedorDanasCom\/","article_published_time":"2018-05-30T18:40:01+00:00","article_modified_time":"2018-05-30T19:41:56+00:00","og_image":[{"url":"https:\/\/www.prijedordanas.com\/wp-content\/uploads\/2018\/05\/dan-odbrane-prijedora-godisnjica-2018-1-300x217.jpg"}],"author":"admin","twitter_card":"summary_large_image","twitter_misc":{"Written by":"admin","Est. reading time":"2 minutes"},"schema":{"@context":"https:\/\/schema.org","@graph":[{"@type":"Article","@id":"https:\/\/www.prijedordanas.com\/?p=106232#article","isPartOf":{"@id":"https:\/\/www.prijedordanas.com\/?p=106232"},"author":{"name":"admin","@id":"https:\/\/www.prijedordanas.com\/#\/schema\/person\/4e08ccf29b506ca916ff86d46bb700e6"},"headline":"U PRIJEDORU OBILJE\u017dEN DAN ODBRANE GRADA \u2013 FOTO\/VIDEO","datePublished":"2018-05-30T18:40:01+00:00","dateModified":"2018-05-30T19:41:56+00:00","mainEntityOfPage":{"@id":"https:\/\/www.prijedordanas.com\/?p=106232"},"wordCount":437,"publisher":{"@id":"https:\/\/www.prijedordanas.com\/#organization"},"keywords":["obilje\u017eavanje"],"articleSection":["Dru\u0161tvo"],"inLanguage":"en-US"},{"@type":"WebPage","@id":"https:\/\/www.prijedordanas.com\/?p=106232","url":"https:\/\/www.prijedordanas.com\/?p=106232","name":"U PRIJEDORU OBILJE\u017dEN DAN ODBRANE GRADA \u2013 FOTO\/VIDEO - PrijedorDanas.com - Prijedorski gradski portal","isPartOf":{"@id":"https:\/\/www.prijedordanas.com\/#website"},"datePublished":"2018-05-30T18:40:01+00:00","dateModified":"2018-05-30T19:41:56+00:00","breadcrumb":{"@id":"https:\/\/www.prijedordanas.com\/?p=106232#breadcrumb"},"inLanguage":"en-US","potentialAction":[{"@type":"ReadAction","target":["https:\/\/www.prijedordanas.com\/?p=106232"]}]},{"@type":"BreadcrumbList","@id":"https:\/\/www.prijedordanas.com\/?p=106232#breadcrumb","itemListElement":[{"@type":"ListItem","position":1,"name":"Home","item":"https:\/\/www.prijedordanas.com\/"},{"@type":"ListItem","position":2,"name":"U PRIJEDORU OBILJE\u017dEN DAN ODBRANE GRADA \u2013 FOTO\/VIDEO"}]},{"@type":"WebSite","@id":"https:\/\/www.prijedordanas.com\/#website","url":"https:\/\/www.prijedordanas.com\/","name":"PrijedorDanas.com - Prijedorski gradski portal","description":"Portal o doga\u0111anjima u gradu Prijedoru","publisher":{"@id":"https:\/\/www.prijedordanas.com\/#organization"},"potentialAction":[{"@type":"SearchAction","target":{"@type":"EntryPoint","urlTemplate":"https:\/\/www.prijedordanas.com\/?s={search_term_string}"},"query-input":"required name=search_term_string"}],"inLanguage":"en-US"},{"@type":"Organization","@id":"https:\/\/www.prijedordanas.com\/#organization","name":"PrijedorDanas.com","url":"https:\/\/www.prijedordanas.com\/","logo":{"@type":"ImageObject","inLanguage":"en-US","@id":"https:\/\/www.prijedordanas.com\/#\/schema\/logo\/image\/","url":"http:\/\/www.prijedordanas.com\/wp-content\/uploads\/2021\/12\/logopng.png","contentUrl":"http:\/\/www.prijedordanas.com\/wp-content\/uploads\/2021\/12\/logopng.png","width":1019,"height":776,"caption":"PrijedorDanas.com"},"image":{"@id":"https:\/\/www.prijedordanas.com\/#\/schema\/logo\/image\/"},"sameAs":["https:\/\/www.facebook.com\/PrijedorDanasCom\/"]},{"@type":"Person","@id":"https:\/\/www.prijedordanas.com\/#\/schema\/person\/4e08ccf29b506ca916ff86d46bb700e6","name":"admin","image":{"@type":"ImageObject","inLanguage":"en-US","@id":"https:\/\/www.prijedordanas.com\/#\/schema\/person\/image\/","url":"https:\/\/secure.gravatar.com\/avatar\/1d3fc949d550f0b53a5f0d51e06dfd79?s=96&d=mm&r=g","contentUrl":"https:\/\/secure.gravatar.com\/avatar\/1d3fc949d550f0b53a5f0d51e06dfd79?s=96&d=mm&r=g","caption":"admin"},"url":"https:\/\/www.prijedordanas.com\/?author=1"}]}},"_links":{"self":[{"href":"https:\/\/www.prijedordanas.com\/index.php?rest_route=\/wp\/v2\/posts\/106232"}],"collection":[{"href":"https:\/\/www.prijedordanas.com\/index.php?rest_route=\/wp\/v2\/posts"}],"about":[{"href":"https:\/\/www.prijedordanas.com\/index.php?rest_route=\/wp\/v2\/types\/post"}],"author":[{"embeddable":true,"href":"https:\/\/www.prijedordanas.com\/index.php?rest_route=\/wp\/v2\/users\/1"}],"replies":[{"embeddable":true,"href":"https:\/\/www.prijedordanas.com\/index.php?rest_route=%2Fwp%2Fv2%2Fcomments&post=106232"}],"version-history":[{"count":3,"href":"https:\/\/www.prijedordanas.com\/index.php?rest_route=\/wp\/v2\/posts\/106232\/revisions"}],"predecessor-version":[{"id":106258,"href":"https:\/\/www.prijedordanas.com\/index.php?rest_route=\/wp\/v2\/posts\/106232\/revisions\/106258"}],"wp:attachment":[{"href":"https:\/\/www.prijedordanas.com\/index.php?rest_route=%2Fwp%2Fv2%2Fmedia&parent=106232"}],"wp:term":[{"taxonomy":"category","embeddable":true,"href":"https:\/\/www.prijedordanas.com\/index.php?rest_route=%2Fwp%2Fv2%2Fcategories&post=106232"},{"taxonomy":"post_tag","embeddable":true,"href":"https:\/\/www.prijedordanas.com\/index.php?rest_route=%2Fwp%2Fv2%2Ftags&post=106232"}],"curies":[{"name":"wp","href":"https:\/\/api.w.org\/{rel}","templated":true}]}}