{"id":105903,"date":"2018-05-27T09:51:56","date_gmt":"2018-05-27T07:51:56","guid":{"rendered":"https:\/\/www.prijedordanas.com\/?p=105903"},"modified":"2018-05-27T09:51:56","modified_gmt":"2018-05-27T07:51:56","slug":"selidba-u-eu-i-bijela-kuga-pustose-skole-u-prijedoru-upisan-manji-broj-ucenika","status":"publish","type":"post","link":"https:\/\/www.prijedordanas.com\/?p=105903","title":{"rendered":"SELIDBA U EU I BIJELA KUGA PUSTO\u0160E \u0160KOLE: U PRIJEDORU UPISAN MANJI BROJ U\u010cENIKA"},"content":{"rendered":"<p><a href=\"https:\/\/www.prijedordanas.com\/wp-content\/uploads\/2018\/05\/nezavisne-manje-ucenika.jpg\"><img loading=\"lazy\" decoding=\"async\" src=\"https:\/\/www.prijedordanas.com\/wp-content\/uploads\/2018\/05\/nezavisne-manje-ucenika-300x217.jpg\" alt=\"\" width=\"300\" height=\"217\" class=\"alignleft size-medium wp-image-105904\" srcset=\"https:\/\/www.prijedordanas.com\/wp-content\/uploads\/2018\/05\/nezavisne-manje-ucenika-300x217.jpg 300w, https:\/\/www.prijedordanas.com\/wp-content\/uploads\/2018\/05\/nezavisne-manje-ucenika-100x72.jpg 100w, https:\/\/www.prijedordanas.com\/wp-content\/uploads\/2018\/05\/nezavisne-manje-ucenika.jpg 690w\" sizes=\"(max-width: 300px) 100vw, 300px\" \/><\/a>Godinama osnovne \u0161kole u BiH bilje\u017ee rapidan pad broja upisanih u\u010denika, a uzroci tome, kako ka\u017eu direktori obrazovnih ustanova, su sve prisutniji trend iseljavanja na\u0161ih gra\u0111ana na privremeni rad u Evropsku uniju i pad nataliteta.<\/p>\n<p>Naime, prema podacima Agencije za statistiku BiH, u \u0161kolskoj 2017\/2018. godini u BiH, u 1.817 osnovnih \u0161kola upisano je 282.614 u\u010denika, \u0161to je u odnosu na prethodnu \u0161kolsku godinu manje za 5.115 u\u010denika.<\/p>\n<p>&#8220;U ovoj \u0161kolskoj godini u prve razrede upisana su 31.182 u\u010denika, \u0161to je u odnosu na pro\u0161lu \u0161kolsku godinu manje za \u010detiri odsto&#8221;, kazali su iz Agencije.<\/p>\n<p>Stevica \u0110ogazovi\u0107, predsjednik Aktiva direktora osnovnih \u0161kola prijedorske regije, kazao je za &#8220;Nezavisne&#8221; da je, na\u017ealost, i ove \u0161kolske godine upisan manji broj u\u010denika, a naj\u010de\u0161\u0107i razlog je to \u0161to veliki broj \u0111aka odlazi zbog toga \u0161to cijele porodice idu u inostranstvo.<\/p>\n<p>&#8220;U zadnje vrijeme de\u0161ava se da za jedan dan po \u010detiri u\u010denika najave odlazak iz jedne \u0161kole zbog toga \u0161to se sele u inostranstvo&#8221;, kazao je \u0110ogazovi\u0107 i dodao da nekoliko podru\u010dnih \u0161kola na teritoriji Prijedora koje su imale po tri odjeljenja sada nema nijednog upisanog u\u010denika.<\/p>\n<p>&#8220;Manji broj djece izazva\u0107e i veliki problem u samom nastavnom procesu, odnosno to uti\u010de i na broj nastavnog osoblja i na njihovu potrebnu normu&#8221;, kazao je \u0110ogazovi\u0107.<\/p>\n<p>Da u \u0161kolske klupe u Br\u010dkom svake godine sjedne manje \u0111aka, ka\u017ee i Mara Matki\u0107, \u0161ef Pododjela za pred\u0161kolsko i osnovno obrazovanje Vlade Br\u010dko distrikta.<\/p>\n<p>&#8220;U svih 15 osnovnih \u0161kola u Br\u010dko distriktu upisan je 661 u\u010denik ove godine, a pro\u0161le godine to je bilo 614, dok smo prije deset godina imali i do 1.000 upisanih u\u010denika&#8221;, kazala je Matki\u0107eva.<\/p>\n<p>&#8220;Godinama imamo stagnaciju u brojnosti stanovni\u0161tva, a u zadnje vrijeme veliki je broj ljudi koji se iseljavaju iz BiH&#8221;, poja\u0161njava Matki\u0107eva.<\/p>\n<p>Miroslav Popr\u017een, predsjednik Aktiva direktora osnovnih \u0161kola banjalu\u010dke regije, isti\u010de da Banjaluka sigurno najbolje stoji u odnosu na druge gradove.<\/p>\n<p>&#8220;Glavni faktor je upravo to \u0161to se ra\u0111a malo djece. Mo\u017eda je jedan od faktora i to \u0161to se jedan broj u\u010denika odselio&#8221;, isti\u010de Popr\u017een.<\/p>\n<p>Elvira Miji\u0107, predsjednica Aktiva direktora osnovnih \u0161kola dobojske regije, kazala je da je u posljednjih sedam godina u cijeloj RS primjetan pad broja u\u010denika za 25 odsto.<\/p>\n<p>&#8220;Iako pronatalna politika nije u na\u0161em domenu, o\u010digledno je da na tome treba raditi&#8221;, isti\u010de Miji\u0107eva.<\/p>\n<p>Dragan Mrdi\u0107, predsjednik Aktiva direktora osnovnih \u0161kola hercegova\u010dke regije, isti\u010de da je u Trebinju isti broj u\u010denika ve\u0107 nekoliko godina unazad.<\/p>\n<p>&#8220;Me\u0111utim, u Gacku i Bile\u0107i primjetan je pad broja u\u010denika, a samim tim je i manje odjeljenja&#8221;, kazao je Mrdi\u0107 i dodao da je glavni razlog pad nataliteta.<\/p>\n<p>Merima \u0160uta, direktorica &#8220;\u0160este osnove \u0161kole&#8221; Mostar, isti\u010de da u posljednjih deset godina broj u\u010denika skoro pa stagnira, a sa druge strane ima i pozitivnih primjera, gdje je primjetan rast broja upisanih u\u010denika.<\/p>\n<p>Ekrem Jahi\u0107, direktor O\u0160 &#8220;Me\u0161a Selimovi\u0107&#8221; Sarajevo, ka\u017ee da u njihovoj \u0161koli u zadnje tri godine imaju trend pove\u0107anja broja u\u010denika.<\/p>\n<p>Mala matura u RS<\/p>\n<p>Ove \u0161kolske godine mala matura \u0107e biti uvedena eksperimentalno u 21 osnovnu \u0161kolu u RS, a polaganje \u0107e biti 6. i 7. juna.<\/p>\n<p>&#8220;Testove iz srpskog jezika \u0111aci \u0107e polagati 6. juna, dok \u0107e dan kasnije raditi testove iz matematike&#8221;, kazao je Predrag Damjanovi\u0107, direktor Republi\u010dkog pedago\u0161kog zavoda RS.<\/p>\n<p>Nezavisne novine<\/p>\n","protected":false},"excerpt":{"rendered":"<p>Godinama osnovne \u0161kole u BiH bilje\u017ee rapidan pad broja upisanih u\u010denika, a uzroci tome, kako ka\u017eu direktori obrazovnih ustanova, su sve prisutniji trend iseljavanja na\u0161ih gra\u0111ana na privremeni rad u [&hellip;]<\/p>\n","protected":false},"author":1,"featured_media":0,"comment_status":"closed","ping_status":"open","sticky":false,"template":"","format":"standard","meta":{"_monsterinsights_skip_tracking":false,"_monsterinsights_sitenote_active":false,"_monsterinsights_sitenote_note":"","_monsterinsights_sitenote_category":0,"footnotes":""},"categories":[7518],"tags":[1227],"yoast_head":"<!-- This site is optimized with the Yoast SEO plugin v21.6 - https:\/\/yoast.com\/wordpress\/plugins\/seo\/ -->\n<title>SELIDBA U EU I BIJELA KUGA PUSTO\u0160E \u0160KOLE: U PRIJEDORU UPISAN MANJI BROJ U\u010cENIKA - PrijedorDanas.com - Prijedorski gradski portal<\/title>\n<meta name=\"robots\" content=\"index, follow, max-snippet:-1, max-image-preview:large, max-video-preview:-1\" \/>\n<link rel=\"canonical\" href=\"https:\/\/www.prijedordanas.com\/?p=105903\" \/>\n<meta property=\"og:locale\" content=\"en_US\" \/>\n<meta property=\"og:type\" content=\"article\" \/>\n<meta property=\"og:title\" content=\"SELIDBA U EU I BIJELA KUGA PUSTO\u0160E \u0160KOLE: U PRIJEDORU UPISAN MANJI BROJ U\u010cENIKA - PrijedorDanas.com - Prijedorski gradski portal\" \/>\n<meta property=\"og:description\" content=\"Godinama osnovne \u0161kole u BiH bilje\u017ee rapidan pad broja upisanih u\u010denika, a uzroci tome, kako ka\u017eu direktori obrazovnih ustanova, su sve prisutniji trend iseljavanja na\u0161ih gra\u0111ana na privremeni rad u [&hellip;]\" \/>\n<meta property=\"og:url\" content=\"https:\/\/www.prijedordanas.com\/?p=105903\" \/>\n<meta property=\"og:site_name\" content=\"PrijedorDanas.com - Prijedorski gradski portal\" \/>\n<meta property=\"article:publisher\" content=\"https:\/\/www.facebook.com\/PrijedorDanasCom\/\" \/>\n<meta property=\"article:published_time\" content=\"2018-05-27T07:51:56+00:00\" \/>\n<meta property=\"og:image\" content=\"https:\/\/www.prijedordanas.com\/wp-content\/uploads\/2018\/05\/nezavisne-manje-ucenika-300x217.jpg\" \/>\n<meta name=\"author\" content=\"admin\" \/>\n<meta name=\"twitter:card\" content=\"summary_large_image\" \/>\n<meta name=\"twitter:label1\" content=\"Written by\" \/>\n\t<meta name=\"twitter:data1\" content=\"admin\" \/>\n\t<meta name=\"twitter:label2\" content=\"Est. reading time\" \/>\n\t<meta name=\"twitter:data2\" content=\"3 minutes\" \/>\n<script type=\"application\/ld+json\" class=\"yoast-schema-graph\">{\"@context\":\"https:\/\/schema.org\",\"@graph\":[{\"@type\":\"Article\",\"@id\":\"https:\/\/www.prijedordanas.com\/?p=105903#article\",\"isPartOf\":{\"@id\":\"https:\/\/www.prijedordanas.com\/?p=105903\"},\"author\":{\"name\":\"admin\",\"@id\":\"https:\/\/www.prijedordanas.com\/#\/schema\/person\/4e08ccf29b506ca916ff86d46bb700e6\"},\"headline\":\"SELIDBA U EU I BIJELA KUGA PUSTO\u0160E \u0160KOLE: U PRIJEDORU UPISAN MANJI BROJ U\u010cENIKA\",\"datePublished\":\"2018-05-27T07:51:56+00:00\",\"dateModified\":\"2018-05-27T07:51:56+00:00\",\"mainEntityOfPage\":{\"@id\":\"https:\/\/www.prijedordanas.com\/?p=105903\"},\"wordCount\":599,\"publisher\":{\"@id\":\"https:\/\/www.prijedordanas.com\/#organization\"},\"keywords\":[\"u\u010denici\"],\"articleSection\":[\"Mladi\"],\"inLanguage\":\"en-US\"},{\"@type\":\"WebPage\",\"@id\":\"https:\/\/www.prijedordanas.com\/?p=105903\",\"url\":\"https:\/\/www.prijedordanas.com\/?p=105903\",\"name\":\"SELIDBA U EU I BIJELA KUGA PUSTO\u0160E \u0160KOLE: U PRIJEDORU UPISAN MANJI BROJ U\u010cENIKA - PrijedorDanas.com - Prijedorski gradski portal\",\"isPartOf\":{\"@id\":\"https:\/\/www.prijedordanas.com\/#website\"},\"datePublished\":\"2018-05-27T07:51:56+00:00\",\"dateModified\":\"2018-05-27T07:51:56+00:00\",\"breadcrumb\":{\"@id\":\"https:\/\/www.prijedordanas.com\/?p=105903#breadcrumb\"},\"inLanguage\":\"en-US\",\"potentialAction\":[{\"@type\":\"ReadAction\",\"target\":[\"https:\/\/www.prijedordanas.com\/?p=105903\"]}]},{\"@type\":\"BreadcrumbList\",\"@id\":\"https:\/\/www.prijedordanas.com\/?p=105903#breadcrumb\",\"itemListElement\":[{\"@type\":\"ListItem\",\"position\":1,\"name\":\"Home\",\"item\":\"https:\/\/www.prijedordanas.com\/\"},{\"@type\":\"ListItem\",\"position\":2,\"name\":\"SELIDBA U EU I BIJELA KUGA PUSTO\u0160E \u0160KOLE: U PRIJEDORU UPISAN MANJI BROJ U\u010cENIKA\"}]},{\"@type\":\"WebSite\",\"@id\":\"https:\/\/www.prijedordanas.com\/#website\",\"url\":\"https:\/\/www.prijedordanas.com\/\",\"name\":\"PrijedorDanas.com - Prijedorski gradski portal\",\"description\":\"Portal o doga\u0111anjima u gradu Prijedoru\",\"publisher\":{\"@id\":\"https:\/\/www.prijedordanas.com\/#organization\"},\"potentialAction\":[{\"@type\":\"SearchAction\",\"target\":{\"@type\":\"EntryPoint\",\"urlTemplate\":\"https:\/\/www.prijedordanas.com\/?s={search_term_string}\"},\"query-input\":\"required name=search_term_string\"}],\"inLanguage\":\"en-US\"},{\"@type\":\"Organization\",\"@id\":\"https:\/\/www.prijedordanas.com\/#organization\",\"name\":\"PrijedorDanas.com\",\"url\":\"https:\/\/www.prijedordanas.com\/\",\"logo\":{\"@type\":\"ImageObject\",\"inLanguage\":\"en-US\",\"@id\":\"https:\/\/www.prijedordanas.com\/#\/schema\/logo\/image\/\",\"url\":\"http:\/\/www.prijedordanas.com\/wp-content\/uploads\/2021\/12\/logopng.png\",\"contentUrl\":\"http:\/\/www.prijedordanas.com\/wp-content\/uploads\/2021\/12\/logopng.png\",\"width\":1019,\"height\":776,\"caption\":\"PrijedorDanas.com\"},\"image\":{\"@id\":\"https:\/\/www.prijedordanas.com\/#\/schema\/logo\/image\/\"},\"sameAs\":[\"https:\/\/www.facebook.com\/PrijedorDanasCom\/\"]},{\"@type\":\"Person\",\"@id\":\"https:\/\/www.prijedordanas.com\/#\/schema\/person\/4e08ccf29b506ca916ff86d46bb700e6\",\"name\":\"admin\",\"image\":{\"@type\":\"ImageObject\",\"inLanguage\":\"en-US\",\"@id\":\"https:\/\/www.prijedordanas.com\/#\/schema\/person\/image\/\",\"url\":\"https:\/\/secure.gravatar.com\/avatar\/1d3fc949d550f0b53a5f0d51e06dfd79?s=96&d=mm&r=g\",\"contentUrl\":\"https:\/\/secure.gravatar.com\/avatar\/1d3fc949d550f0b53a5f0d51e06dfd79?s=96&d=mm&r=g\",\"caption\":\"admin\"},\"url\":\"https:\/\/www.prijedordanas.com\/?author=1\"}]}<\/script>\n<!-- \/ Yoast SEO plugin. -->","yoast_head_json":{"title":"SELIDBA U EU I BIJELA KUGA PUSTO\u0160E \u0160KOLE: U PRIJEDORU UPISAN MANJI BROJ U\u010cENIKA - PrijedorDanas.com - Prijedorski gradski portal","robots":{"index":"index","follow":"follow","max-snippet":"max-snippet:-1","max-image-preview":"max-image-preview:large","max-video-preview":"max-video-preview:-1"},"canonical":"https:\/\/www.prijedordanas.com\/?p=105903","og_locale":"en_US","og_type":"article","og_title":"SELIDBA U EU I BIJELA KUGA PUSTO\u0160E \u0160KOLE: U PRIJEDORU UPISAN MANJI BROJ U\u010cENIKA - PrijedorDanas.com - Prijedorski gradski portal","og_description":"Godinama osnovne \u0161kole u BiH bilje\u017ee rapidan pad broja upisanih u\u010denika, a uzroci tome, kako ka\u017eu direktori obrazovnih ustanova, su sve prisutniji trend iseljavanja na\u0161ih gra\u0111ana na privremeni rad u [&hellip;]","og_url":"https:\/\/www.prijedordanas.com\/?p=105903","og_site_name":"PrijedorDanas.com - Prijedorski gradski portal","article_publisher":"https:\/\/www.facebook.com\/PrijedorDanasCom\/","article_published_time":"2018-05-27T07:51:56+00:00","og_image":[{"url":"https:\/\/www.prijedordanas.com\/wp-content\/uploads\/2018\/05\/nezavisne-manje-ucenika-300x217.jpg"}],"author":"admin","twitter_card":"summary_large_image","twitter_misc":{"Written by":"admin","Est. reading time":"3 minutes"},"schema":{"@context":"https:\/\/schema.org","@graph":[{"@type":"Article","@id":"https:\/\/www.prijedordanas.com\/?p=105903#article","isPartOf":{"@id":"https:\/\/www.prijedordanas.com\/?p=105903"},"author":{"name":"admin","@id":"https:\/\/www.prijedordanas.com\/#\/schema\/person\/4e08ccf29b506ca916ff86d46bb700e6"},"headline":"SELIDBA U EU I BIJELA KUGA PUSTO\u0160E \u0160KOLE: U PRIJEDORU UPISAN MANJI BROJ U\u010cENIKA","datePublished":"2018-05-27T07:51:56+00:00","dateModified":"2018-05-27T07:51:56+00:00","mainEntityOfPage":{"@id":"https:\/\/www.prijedordanas.com\/?p=105903"},"wordCount":599,"publisher":{"@id":"https:\/\/www.prijedordanas.com\/#organization"},"keywords":["u\u010denici"],"articleSection":["Mladi"],"inLanguage":"en-US"},{"@type":"WebPage","@id":"https:\/\/www.prijedordanas.com\/?p=105903","url":"https:\/\/www.prijedordanas.com\/?p=105903","name":"SELIDBA U EU I BIJELA KUGA PUSTO\u0160E \u0160KOLE: U PRIJEDORU UPISAN MANJI BROJ U\u010cENIKA - PrijedorDanas.com - Prijedorski gradski portal","isPartOf":{"@id":"https:\/\/www.prijedordanas.com\/#website"},"datePublished":"2018-05-27T07:51:56+00:00","dateModified":"2018-05-27T07:51:56+00:00","breadcrumb":{"@id":"https:\/\/www.prijedordanas.com\/?p=105903#breadcrumb"},"inLanguage":"en-US","potentialAction":[{"@type":"ReadAction","target":["https:\/\/www.prijedordanas.com\/?p=105903"]}]},{"@type":"BreadcrumbList","@id":"https:\/\/www.prijedordanas.com\/?p=105903#breadcrumb","itemListElement":[{"@type":"ListItem","position":1,"name":"Home","item":"https:\/\/www.prijedordanas.com\/"},{"@type":"ListItem","position":2,"name":"SELIDBA U EU I BIJELA KUGA PUSTO\u0160E \u0160KOLE: U PRIJEDORU UPISAN MANJI BROJ U\u010cENIKA"}]},{"@type":"WebSite","@id":"https:\/\/www.prijedordanas.com\/#website","url":"https:\/\/www.prijedordanas.com\/","name":"PrijedorDanas.com - Prijedorski gradski portal","description":"Portal o doga\u0111anjima u gradu Prijedoru","publisher":{"@id":"https:\/\/www.prijedordanas.com\/#organization"},"potentialAction":[{"@type":"SearchAction","target":{"@type":"EntryPoint","urlTemplate":"https:\/\/www.prijedordanas.com\/?s={search_term_string}"},"query-input":"required name=search_term_string"}],"inLanguage":"en-US"},{"@type":"Organization","@id":"https:\/\/www.prijedordanas.com\/#organization","name":"PrijedorDanas.com","url":"https:\/\/www.prijedordanas.com\/","logo":{"@type":"ImageObject","inLanguage":"en-US","@id":"https:\/\/www.prijedordanas.com\/#\/schema\/logo\/image\/","url":"http:\/\/www.prijedordanas.com\/wp-content\/uploads\/2021\/12\/logopng.png","contentUrl":"http:\/\/www.prijedordanas.com\/wp-content\/uploads\/2021\/12\/logopng.png","width":1019,"height":776,"caption":"PrijedorDanas.com"},"image":{"@id":"https:\/\/www.prijedordanas.com\/#\/schema\/logo\/image\/"},"sameAs":["https:\/\/www.facebook.com\/PrijedorDanasCom\/"]},{"@type":"Person","@id":"https:\/\/www.prijedordanas.com\/#\/schema\/person\/4e08ccf29b506ca916ff86d46bb700e6","name":"admin","image":{"@type":"ImageObject","inLanguage":"en-US","@id":"https:\/\/www.prijedordanas.com\/#\/schema\/person\/image\/","url":"https:\/\/secure.gravatar.com\/avatar\/1d3fc949d550f0b53a5f0d51e06dfd79?s=96&d=mm&r=g","contentUrl":"https:\/\/secure.gravatar.com\/avatar\/1d3fc949d550f0b53a5f0d51e06dfd79?s=96&d=mm&r=g","caption":"admin"},"url":"https:\/\/www.prijedordanas.com\/?author=1"}]}},"_links":{"self":[{"href":"https:\/\/www.prijedordanas.com\/index.php?rest_route=\/wp\/v2\/posts\/105903"}],"collection":[{"href":"https:\/\/www.prijedordanas.com\/index.php?rest_route=\/wp\/v2\/posts"}],"about":[{"href":"https:\/\/www.prijedordanas.com\/index.php?rest_route=\/wp\/v2\/types\/post"}],"author":[{"embeddable":true,"href":"https:\/\/www.prijedordanas.com\/index.php?rest_route=\/wp\/v2\/users\/1"}],"replies":[{"embeddable":true,"href":"https:\/\/www.prijedordanas.com\/index.php?rest_route=%2Fwp%2Fv2%2Fcomments&post=105903"}],"version-history":[{"count":1,"href":"https:\/\/www.prijedordanas.com\/index.php?rest_route=\/wp\/v2\/posts\/105903\/revisions"}],"predecessor-version":[{"id":105905,"href":"https:\/\/www.prijedordanas.com\/index.php?rest_route=\/wp\/v2\/posts\/105903\/revisions\/105905"}],"wp:attachment":[{"href":"https:\/\/www.prijedordanas.com\/index.php?rest_route=%2Fwp%2Fv2%2Fmedia&parent=105903"}],"wp:term":[{"taxonomy":"category","embeddable":true,"href":"https:\/\/www.prijedordanas.com\/index.php?rest_route=%2Fwp%2Fv2%2Fcategories&post=105903"},{"taxonomy":"post_tag","embeddable":true,"href":"https:\/\/www.prijedordanas.com\/index.php?rest_route=%2Fwp%2Fv2%2Ftags&post=105903"}],"curies":[{"name":"wp","href":"https:\/\/api.w.org\/{rel}","templated":true}]}}