{"id":105867,"date":"2018-05-25T18:10:13","date_gmt":"2018-05-25T16:10:13","guid":{"rendered":"https:\/\/www.prijedordanas.com\/?p=105867"},"modified":"2018-05-25T18:10:13","modified_gmt":"2018-05-25T16:10:13","slug":"pripremite-se-za-puls-godine-uz-kozara-puls-fest","status":"publish","type":"post","link":"https:\/\/www.prijedordanas.com\/?p=105867","title":{"rendered":"PRIPREMITE SE ZA PULS GODINE UZ KOZARA PULS FEST"},"content":{"rendered":"<p><a href=\"https:\/\/www.prijedordanas.com\/wp-content\/uploads\/2018\/05\/kozara-puls-fest-2018.jpg\"><img loading=\"lazy\" decoding=\"async\" class=\"alignleft size-medium wp-image-105868\" src=\"https:\/\/www.prijedordanas.com\/wp-content\/uploads\/2018\/05\/kozara-puls-fest-2018-300x221.jpg\" alt=\"\" width=\"300\" height=\"221\" srcset=\"https:\/\/www.prijedordanas.com\/wp-content\/uploads\/2018\/05\/kozara-puls-fest-2018-300x221.jpg 300w, https:\/\/www.prijedordanas.com\/wp-content\/uploads\/2018\/05\/kozara-puls-fest-2018-100x74.jpg 100w, https:\/\/www.prijedordanas.com\/wp-content\/uploads\/2018\/05\/kozara-puls-fest-2018.jpg 680w\" sizes=\"(max-width: 300px) 100vw, 300px\" \/><\/a>Kozara Puls Fest, muzi\u010dko-zabavni spektakl, odr\u017ea\u0107e se od 27. do 29. jula u Nacionalnom parku Kozara, a okupi\u0107e najve\u0107a imena regionalne pop-rock muzi\u010dke scene.<\/p>\n<p>Kozara Puls Fest predstavlja novo ime i koncept prvog rok festivala \u201eKozara u srcu\u201c koji je odr\u017ean u julu 2017. godine na prostoru SRC Benkovac, kada su nastupili Bijelo Dugme, Kerber, Osvaja\u010di, Atomsko Skloni\u0161te, Tattoo, Nolimitnow i Fijasko.<\/p>\n<p>Festival ima za cilj da omogu\u0107i sna\u017ean povratak mladih na na\u0161u ljepoticu koja budi sva \u010dula. Zato vas organizatori pozivaju da osjetite puls prirode, zvuka i okusa.<\/p>\n<p><a href=\"https:\/\/www.prijedordanas.com\/wp-content\/uploads\/2018\/01\/kozara-puls-fest-2018-2.jpg\"><img loading=\"lazy\" decoding=\"async\" src=\"https:\/\/www.prijedordanas.com\/wp-content\/uploads\/2018\/01\/kozara-puls-fest-2018-2-230x300.jpg\" alt=\"\" width=\"230\" height=\"300\" class=\"alignleft size-medium wp-image-97640\" srcset=\"https:\/\/www.prijedordanas.com\/wp-content\/uploads\/2018\/01\/kozara-puls-fest-2018-2-230x300.jpg 230w, https:\/\/www.prijedordanas.com\/wp-content\/uploads\/2018\/01\/kozara-puls-fest-2018-2-77x100.jpg 77w, https:\/\/www.prijedordanas.com\/wp-content\/uploads\/2018\/01\/kozara-puls-fest-2018-2.jpg 500w\" sizes=\"(max-width: 230px) 100vw, 230px\" \/><\/a>Ove godine festival dobija novo ruho i svojim posjetiocima nudi jedinstven ugo\u0111aj kroz bogat muzi\u010dko-zabavni program. Kroz svoju sveobuhvatnu ponudu festival pru\u017ea priliku svim posjetiocima da u\u017eivaju u prirodi, ukusu doma\u0107e hrane i pi\u0107a, te dobro poznatom zvuku velikih imena doma\u0107e muzi\u010dke scene.<\/p>\n<p>Prvi dan festivala nastupaju Nolimitnow, Zabranjeno pu\u0161enje, Hladno pivo i Van Gogh, dok je drugi dan festivala rezervisan za predgrupe The Bechars, Ultrazvuk, te solisti\u010dki koncert Marije \u0160erifovi\u0107. Tre\u0107i dan festivala na platou Mrakovica bi\u0107e organizovan sajam lokalnih proizvo\u0111a\u010da, odnosno promotivno-prodajna izlo\u017eba tradicionalne doma\u0107e hrane.<\/p>\n<p>Nezavisne novine<\/p>\n","protected":false},"excerpt":{"rendered":"<p>Kozara Puls Fest, muzi\u010dko-zabavni spektakl, odr\u017ea\u0107e se od 27. do 29. jula u Nacionalnom parku Kozara, a okupi\u0107e najve\u0107a imena regionalne pop-rock muzi\u010dke scene. Kozara Puls Fest predstavlja novo ime [&hellip;]<\/p>\n","protected":false},"author":1,"featured_media":0,"comment_status":"closed","ping_status":"open","sticky":false,"template":"","format":"standard","meta":{"_monsterinsights_skip_tracking":false,"_monsterinsights_sitenote_active":false,"_monsterinsights_sitenote_note":"","_monsterinsights_sitenote_category":0,"footnotes":""},"categories":[6],"tags":[10356],"yoast_head":"<!-- This site is optimized with the Yoast SEO plugin v21.6 - https:\/\/yoast.com\/wordpress\/plugins\/seo\/ -->\n<title>PRIPREMITE SE ZA PULS GODINE UZ KOZARA PULS FEST - PrijedorDanas.com - Prijedorski gradski portal<\/title>\n<meta name=\"robots\" content=\"index, follow, max-snippet:-1, max-image-preview:large, max-video-preview:-1\" \/>\n<link rel=\"canonical\" href=\"https:\/\/www.prijedordanas.com\/?p=105867\" \/>\n<meta property=\"og:locale\" content=\"en_US\" \/>\n<meta property=\"og:type\" content=\"article\" \/>\n<meta property=\"og:title\" content=\"PRIPREMITE SE ZA PULS GODINE UZ KOZARA PULS FEST - PrijedorDanas.com - Prijedorski gradski portal\" \/>\n<meta property=\"og:description\" content=\"Kozara Puls Fest, muzi\u010dko-zabavni spektakl, odr\u017ea\u0107e se od 27. do 29. jula u Nacionalnom parku Kozara, a okupi\u0107e najve\u0107a imena regionalne pop-rock muzi\u010dke scene. Kozara Puls Fest predstavlja novo ime [&hellip;]\" \/>\n<meta property=\"og:url\" content=\"https:\/\/www.prijedordanas.com\/?p=105867\" \/>\n<meta property=\"og:site_name\" content=\"PrijedorDanas.com - Prijedorski gradski portal\" \/>\n<meta property=\"article:publisher\" content=\"https:\/\/www.facebook.com\/PrijedorDanasCom\/\" \/>\n<meta property=\"article:published_time\" content=\"2018-05-25T16:10:13+00:00\" \/>\n<meta property=\"og:image\" content=\"https:\/\/www.prijedordanas.com\/wp-content\/uploads\/2018\/05\/kozara-puls-fest-2018-300x221.jpg\" \/>\n<meta name=\"author\" content=\"admin\" \/>\n<meta name=\"twitter:card\" content=\"summary_large_image\" \/>\n<meta name=\"twitter:label1\" content=\"Written by\" \/>\n\t<meta name=\"twitter:data1\" content=\"admin\" \/>\n\t<meta name=\"twitter:label2\" content=\"Est. reading time\" \/>\n\t<meta name=\"twitter:data2\" content=\"1 minute\" \/>\n<script type=\"application\/ld+json\" class=\"yoast-schema-graph\">{\"@context\":\"https:\/\/schema.org\",\"@graph\":[{\"@type\":\"Article\",\"@id\":\"https:\/\/www.prijedordanas.com\/?p=105867#article\",\"isPartOf\":{\"@id\":\"https:\/\/www.prijedordanas.com\/?p=105867\"},\"author\":{\"name\":\"admin\",\"@id\":\"https:\/\/www.prijedordanas.com\/#\/schema\/person\/4e08ccf29b506ca916ff86d46bb700e6\"},\"headline\":\"PRIPREMITE SE ZA PULS GODINE UZ KOZARA PULS FEST\",\"datePublished\":\"2018-05-25T16:10:13+00:00\",\"dateModified\":\"2018-05-25T16:10:13+00:00\",\"mainEntityOfPage\":{\"@id\":\"https:\/\/www.prijedordanas.com\/?p=105867\"},\"wordCount\":213,\"publisher\":{\"@id\":\"https:\/\/www.prijedordanas.com\/#organization\"},\"keywords\":[\"Kozara Puls Fest\"],\"articleSection\":[\"Kultura\"],\"inLanguage\":\"en-US\"},{\"@type\":\"WebPage\",\"@id\":\"https:\/\/www.prijedordanas.com\/?p=105867\",\"url\":\"https:\/\/www.prijedordanas.com\/?p=105867\",\"name\":\"PRIPREMITE SE ZA PULS GODINE UZ KOZARA PULS FEST - PrijedorDanas.com - Prijedorski gradski portal\",\"isPartOf\":{\"@id\":\"https:\/\/www.prijedordanas.com\/#website\"},\"datePublished\":\"2018-05-25T16:10:13+00:00\",\"dateModified\":\"2018-05-25T16:10:13+00:00\",\"breadcrumb\":{\"@id\":\"https:\/\/www.prijedordanas.com\/?p=105867#breadcrumb\"},\"inLanguage\":\"en-US\",\"potentialAction\":[{\"@type\":\"ReadAction\",\"target\":[\"https:\/\/www.prijedordanas.com\/?p=105867\"]}]},{\"@type\":\"BreadcrumbList\",\"@id\":\"https:\/\/www.prijedordanas.com\/?p=105867#breadcrumb\",\"itemListElement\":[{\"@type\":\"ListItem\",\"position\":1,\"name\":\"Home\",\"item\":\"https:\/\/www.prijedordanas.com\/\"},{\"@type\":\"ListItem\",\"position\":2,\"name\":\"PRIPREMITE SE ZA PULS GODINE UZ KOZARA PULS FEST\"}]},{\"@type\":\"WebSite\",\"@id\":\"https:\/\/www.prijedordanas.com\/#website\",\"url\":\"https:\/\/www.prijedordanas.com\/\",\"name\":\"PrijedorDanas.com - Prijedorski gradski portal\",\"description\":\"Portal o doga\u0111anjima u gradu Prijedoru\",\"publisher\":{\"@id\":\"https:\/\/www.prijedordanas.com\/#organization\"},\"potentialAction\":[{\"@type\":\"SearchAction\",\"target\":{\"@type\":\"EntryPoint\",\"urlTemplate\":\"https:\/\/www.prijedordanas.com\/?s={search_term_string}\"},\"query-input\":\"required name=search_term_string\"}],\"inLanguage\":\"en-US\"},{\"@type\":\"Organization\",\"@id\":\"https:\/\/www.prijedordanas.com\/#organization\",\"name\":\"PrijedorDanas.com\",\"url\":\"https:\/\/www.prijedordanas.com\/\",\"logo\":{\"@type\":\"ImageObject\",\"inLanguage\":\"en-US\",\"@id\":\"https:\/\/www.prijedordanas.com\/#\/schema\/logo\/image\/\",\"url\":\"http:\/\/www.prijedordanas.com\/wp-content\/uploads\/2021\/12\/logopng.png\",\"contentUrl\":\"http:\/\/www.prijedordanas.com\/wp-content\/uploads\/2021\/12\/logopng.png\",\"width\":1019,\"height\":776,\"caption\":\"PrijedorDanas.com\"},\"image\":{\"@id\":\"https:\/\/www.prijedordanas.com\/#\/schema\/logo\/image\/\"},\"sameAs\":[\"https:\/\/www.facebook.com\/PrijedorDanasCom\/\"]},{\"@type\":\"Person\",\"@id\":\"https:\/\/www.prijedordanas.com\/#\/schema\/person\/4e08ccf29b506ca916ff86d46bb700e6\",\"name\":\"admin\",\"image\":{\"@type\":\"ImageObject\",\"inLanguage\":\"en-US\",\"@id\":\"https:\/\/www.prijedordanas.com\/#\/schema\/person\/image\/\",\"url\":\"https:\/\/secure.gravatar.com\/avatar\/1d3fc949d550f0b53a5f0d51e06dfd79?s=96&d=mm&r=g\",\"contentUrl\":\"https:\/\/secure.gravatar.com\/avatar\/1d3fc949d550f0b53a5f0d51e06dfd79?s=96&d=mm&r=g\",\"caption\":\"admin\"},\"url\":\"https:\/\/www.prijedordanas.com\/?author=1\"}]}<\/script>\n<!-- \/ Yoast SEO plugin. -->","yoast_head_json":{"title":"PRIPREMITE SE ZA PULS GODINE UZ KOZARA PULS FEST - PrijedorDanas.com - Prijedorski gradski portal","robots":{"index":"index","follow":"follow","max-snippet":"max-snippet:-1","max-image-preview":"max-image-preview:large","max-video-preview":"max-video-preview:-1"},"canonical":"https:\/\/www.prijedordanas.com\/?p=105867","og_locale":"en_US","og_type":"article","og_title":"PRIPREMITE SE ZA PULS GODINE UZ KOZARA PULS FEST - PrijedorDanas.com - Prijedorski gradski portal","og_description":"Kozara Puls Fest, muzi\u010dko-zabavni spektakl, odr\u017ea\u0107e se od 27. do 29. jula u Nacionalnom parku Kozara, a okupi\u0107e najve\u0107a imena regionalne pop-rock muzi\u010dke scene. Kozara Puls Fest predstavlja novo ime [&hellip;]","og_url":"https:\/\/www.prijedordanas.com\/?p=105867","og_site_name":"PrijedorDanas.com - Prijedorski gradski portal","article_publisher":"https:\/\/www.facebook.com\/PrijedorDanasCom\/","article_published_time":"2018-05-25T16:10:13+00:00","og_image":[{"url":"https:\/\/www.prijedordanas.com\/wp-content\/uploads\/2018\/05\/kozara-puls-fest-2018-300x221.jpg"}],"author":"admin","twitter_card":"summary_large_image","twitter_misc":{"Written by":"admin","Est. reading time":"1 minute"},"schema":{"@context":"https:\/\/schema.org","@graph":[{"@type":"Article","@id":"https:\/\/www.prijedordanas.com\/?p=105867#article","isPartOf":{"@id":"https:\/\/www.prijedordanas.com\/?p=105867"},"author":{"name":"admin","@id":"https:\/\/www.prijedordanas.com\/#\/schema\/person\/4e08ccf29b506ca916ff86d46bb700e6"},"headline":"PRIPREMITE SE ZA PULS GODINE UZ KOZARA PULS FEST","datePublished":"2018-05-25T16:10:13+00:00","dateModified":"2018-05-25T16:10:13+00:00","mainEntityOfPage":{"@id":"https:\/\/www.prijedordanas.com\/?p=105867"},"wordCount":213,"publisher":{"@id":"https:\/\/www.prijedordanas.com\/#organization"},"keywords":["Kozara Puls Fest"],"articleSection":["Kultura"],"inLanguage":"en-US"},{"@type":"WebPage","@id":"https:\/\/www.prijedordanas.com\/?p=105867","url":"https:\/\/www.prijedordanas.com\/?p=105867","name":"PRIPREMITE SE ZA PULS GODINE UZ KOZARA PULS FEST - PrijedorDanas.com - Prijedorski gradski portal","isPartOf":{"@id":"https:\/\/www.prijedordanas.com\/#website"},"datePublished":"2018-05-25T16:10:13+00:00","dateModified":"2018-05-25T16:10:13+00:00","breadcrumb":{"@id":"https:\/\/www.prijedordanas.com\/?p=105867#breadcrumb"},"inLanguage":"en-US","potentialAction":[{"@type":"ReadAction","target":["https:\/\/www.prijedordanas.com\/?p=105867"]}]},{"@type":"BreadcrumbList","@id":"https:\/\/www.prijedordanas.com\/?p=105867#breadcrumb","itemListElement":[{"@type":"ListItem","position":1,"name":"Home","item":"https:\/\/www.prijedordanas.com\/"},{"@type":"ListItem","position":2,"name":"PRIPREMITE SE ZA PULS GODINE UZ KOZARA PULS FEST"}]},{"@type":"WebSite","@id":"https:\/\/www.prijedordanas.com\/#website","url":"https:\/\/www.prijedordanas.com\/","name":"PrijedorDanas.com - Prijedorski gradski portal","description":"Portal o doga\u0111anjima u gradu Prijedoru","publisher":{"@id":"https:\/\/www.prijedordanas.com\/#organization"},"potentialAction":[{"@type":"SearchAction","target":{"@type":"EntryPoint","urlTemplate":"https:\/\/www.prijedordanas.com\/?s={search_term_string}"},"query-input":"required name=search_term_string"}],"inLanguage":"en-US"},{"@type":"Organization","@id":"https:\/\/www.prijedordanas.com\/#organization","name":"PrijedorDanas.com","url":"https:\/\/www.prijedordanas.com\/","logo":{"@type":"ImageObject","inLanguage":"en-US","@id":"https:\/\/www.prijedordanas.com\/#\/schema\/logo\/image\/","url":"http:\/\/www.prijedordanas.com\/wp-content\/uploads\/2021\/12\/logopng.png","contentUrl":"http:\/\/www.prijedordanas.com\/wp-content\/uploads\/2021\/12\/logopng.png","width":1019,"height":776,"caption":"PrijedorDanas.com"},"image":{"@id":"https:\/\/www.prijedordanas.com\/#\/schema\/logo\/image\/"},"sameAs":["https:\/\/www.facebook.com\/PrijedorDanasCom\/"]},{"@type":"Person","@id":"https:\/\/www.prijedordanas.com\/#\/schema\/person\/4e08ccf29b506ca916ff86d46bb700e6","name":"admin","image":{"@type":"ImageObject","inLanguage":"en-US","@id":"https:\/\/www.prijedordanas.com\/#\/schema\/person\/image\/","url":"https:\/\/secure.gravatar.com\/avatar\/1d3fc949d550f0b53a5f0d51e06dfd79?s=96&d=mm&r=g","contentUrl":"https:\/\/secure.gravatar.com\/avatar\/1d3fc949d550f0b53a5f0d51e06dfd79?s=96&d=mm&r=g","caption":"admin"},"url":"https:\/\/www.prijedordanas.com\/?author=1"}]}},"_links":{"self":[{"href":"https:\/\/www.prijedordanas.com\/index.php?rest_route=\/wp\/v2\/posts\/105867"}],"collection":[{"href":"https:\/\/www.prijedordanas.com\/index.php?rest_route=\/wp\/v2\/posts"}],"about":[{"href":"https:\/\/www.prijedordanas.com\/index.php?rest_route=\/wp\/v2\/types\/post"}],"author":[{"embeddable":true,"href":"https:\/\/www.prijedordanas.com\/index.php?rest_route=\/wp\/v2\/users\/1"}],"replies":[{"embeddable":true,"href":"https:\/\/www.prijedordanas.com\/index.php?rest_route=%2Fwp%2Fv2%2Fcomments&post=105867"}],"version-history":[{"count":1,"href":"https:\/\/www.prijedordanas.com\/index.php?rest_route=\/wp\/v2\/posts\/105867\/revisions"}],"predecessor-version":[{"id":105869,"href":"https:\/\/www.prijedordanas.com\/index.php?rest_route=\/wp\/v2\/posts\/105867\/revisions\/105869"}],"wp:attachment":[{"href":"https:\/\/www.prijedordanas.com\/index.php?rest_route=%2Fwp%2Fv2%2Fmedia&parent=105867"}],"wp:term":[{"taxonomy":"category","embeddable":true,"href":"https:\/\/www.prijedordanas.com\/index.php?rest_route=%2Fwp%2Fv2%2Fcategories&post=105867"},{"taxonomy":"post_tag","embeddable":true,"href":"https:\/\/www.prijedordanas.com\/index.php?rest_route=%2Fwp%2Fv2%2Ftags&post=105867"}],"curies":[{"name":"wp","href":"https:\/\/api.w.org\/{rel}","templated":true}]}}