{"id":105627,"date":"2018-05-23T09:03:18","date_gmt":"2018-05-23T07:03:18","guid":{"rendered":"https:\/\/www.prijedordanas.com\/?p=105627"},"modified":"2018-05-23T09:03:18","modified_gmt":"2018-05-23T07:03:18","slug":"sudenje-taranjac-i-ostali-ubijene-muslimane-bagerom-zakopao","status":"publish","type":"post","link":"https:\/\/www.prijedordanas.com\/?p=105627","title":{"rendered":"SU\u0110ENJE TARANJAC I OSTALI: UBIJENE MUSLIMANE BAGEROM ZAKOPAO"},"content":{"rendered":"<p><a href=\"https:\/\/www.prijedordanas.com\/wp-content\/uploads\/2018\/03\/sud-bih-9.jpg\"><img loading=\"lazy\" decoding=\"async\" src=\"https:\/\/www.prijedordanas.com\/wp-content\/uploads\/2018\/03\/sud-bih-9-300x222.jpg\" alt=\"\" width=\"300\" height=\"222\" class=\"alignleft size-medium wp-image-100304\" srcset=\"https:\/\/www.prijedordanas.com\/wp-content\/uploads\/2018\/03\/sud-bih-9-300x222.jpg 300w, https:\/\/www.prijedordanas.com\/wp-content\/uploads\/2018\/03\/sud-bih-9-100x74.jpg 100w, https:\/\/www.prijedordanas.com\/wp-content\/uploads\/2018\/03\/sud-bih-9.jpg 675w\" sizes=\"(max-width: 300px) 100vw, 300px\" \/><\/a>Svjedok Dr\u017eavnog tu\u017eila\u0161tva kazao je na su\u0111enju za zlo\u010dine u Miskoj Glavi kod Prijedora da je bagerom zatrpao ubijene civile muslimane, koje je prethodno vidio zarobljene u Ljubiji.<\/p>\n<p>Gavril Janjo\u0161, biv\u0161i pripadnik \u0160estog bataljona ljubijske brigade i nekada\u0161nji zaposlenik rudnika \u201cLjubija\u201d, ispri\u010dao je da je naredbu za kopanje izdao Taranjac, ali da ne zna je li to bio Slobodan ili njegov brat \u0110oko.<\/p>\n<p>\u201cBato Radulovi\u0107 i Gojko Kne\u017eevi\u0107 bili su sa mnom u bageru kada smo i\u0161li prema mjestu \u2018Redak\u2019 i \u2018Kipe\u2019. Kazali su mi da je Taranjac naredio da zagrnemo ubijena tijela. Ja sam to i u\u010dinio. Sve su bili civili\u201d, rekao je Janjo\u0161, koji je daju\u0107i li\u010dne podatke dodao da sa Taranjcem nije u dobrim odnosima.<\/p>\n<p>Janjo\u0161 nije dao razloge za lo\u0161 odnos s Taranjcem, ali je kazao da mu optu\u017eeni \u201cne le\u017ei\u201d.<\/p>\n<p>Na upit Odbrane optu\u017eenog Slobodana Taranjca da li je svjedok prije su\u0111enja boravio u Tu\u017eila\u0161tvu BiH, svjedok je odgovorio potvrdno. Odbrana je pitala svjedoka, da li to zna\u010di da je bio na \u201cosvje\u017eenju\u201d pam\u0107enja, \u0161to je tako\u0111e potvrdio.<\/p>\n<p>Za nare\u0111ivanje ubistava na lokalitetu rudnika \u201cLjubija\u201d kod Prijedora optu\u017eeni su Slobodan Taranjac, Milodrag Glu\u0161ac, Ranko Babi\u0107 i Ranko Do\u0161enovi\u0107. Na teret Babi\u0107u, Do\u0161enovi\u0107u i Marinku Pra\u0161talu se stavlja sprovo\u0111enje civila na fudbalski stadion \u201cLjubija\u201d gdje su zlostavljani i mu\u010deni, a neki ubijeni.<\/p>\n<p>Tu\u017eila\u0161tvo BiH tereti Taranjca, Glu\u0161ca, Babi\u0107a, Do\u0161enovi\u0107a i Radeta Zekanovi\u0107a da su naredili ili pre\u0161utno bili saglasni jer su uhap\u0161eni civili, njih oko 110, bili zatvoreni u nehumanim uslovima u Domu \u201cMiska Glava\u201d gdje su mu\u010deni, udarani i podvrgnuti torturama.<\/p>\n<p>S njima su optu\u017eeni i Zdravko Pani\u0107, Trivo i Milan Vuki\u0107 kojima se na teret stavlja da su 27. jula iz Doma \u201cMiska Glava\u201d izveli 11 osoba i ubili ih na Hozi\u0107a kamenu, te njihova tijela zakopali. Taranjac, Glu\u0161ac, Babi\u0107 i Do\u0161enovi\u0107 su optu\u017eeni da su prikrili taj zlo\u010din.<\/p>\n<p>Taranjac je optu\u017een kao predsjednik Kriznog \u0161taba Ljubija i \u010delnik civilne vlasti, Glu\u0161ac u svojstvu zamjenika komandanta \u0160estog ljubijskog bataljona 43. brigade Vojske Republike Srpske (VRS), Babi\u0107 kao operativac, Do\u0161enovi\u0107 kao pomo\u0107nik komandanta za bezbjednost, a ostali kao pripadnici \u201cMiskoglavske \u010dete\u201d te vojne i civilne policije.<\/p>\n<p>Biv\u0161i rezervni policajac iz Ljubije Ljubomir Gaji\u0107 rekao je da ne zna ni\u0161ta o postojanju Kriznog \u0161taba 1992. godine u ovom mjestu, a \u0161to ga je pitao tu\u017eitelj Izet Odoba\u0161i\u0107.<\/p>\n<p>Zbog razlike u iskazu datom Dr\u017eavnoj agenciji za istrage i za\u0161titu (SIPA), tu\u017eitelj Odoba\u0161i\u0107 podsjetio je svjedoka Gaji\u0107a da je 2015. izjavio da je \u201cKriznim \u0161tabom rukovodio Slobodan Taranjac\u201d.<\/p>\n<p>\u201cNe sje\u0107am se da sam tako rekao, odnosno, nisam to izjavio, niti se sje\u0107am da sam pitan u vezi s Taranjcem. Nije mi ni pro\u010ditan moj iskaz\u201d, kazao je Gaji\u0107, iako ga je tu\u017eitelj Odoba\u0161i\u0107 upozorio da je na zapisniku potvrdio kako mu je iskaz pro\u010ditan.<\/p>\n<p>Gaji\u0107 je govorio i o zarobljenim muslimanima u Ljubiji, za koje je, kako ka\u017ee, \u010duo da su pobijeni na \u201cKipama\u201d.<\/p>\n<p>Nastavak su\u0111enja zakazan je za 6. juni.<\/p>\n<p>BIRN<\/p>\n","protected":false},"excerpt":{"rendered":"<p>Svjedok Dr\u017eavnog tu\u017eila\u0161tva kazao je na su\u0111enju za zlo\u010dine u Miskoj Glavi kod Prijedora da je bagerom zatrpao ubijene civile muslimane, koje je prethodno vidio zarobljene u Ljubiji. Gavril Janjo\u0161, [&hellip;]<\/p>\n","protected":false},"author":1,"featured_media":0,"comment_status":"closed","ping_status":"open","sticky":false,"template":"","format":"standard","meta":{"_monsterinsights_skip_tracking":false,"_monsterinsights_sitenote_active":false,"_monsterinsights_sitenote_note":"","_monsterinsights_sitenote_category":0,"footnotes":""},"categories":[5],"tags":[531],"yoast_head":"<!-- This site is optimized with the Yoast SEO plugin v21.6 - https:\/\/yoast.com\/wordpress\/plugins\/seo\/ -->\n<title>SU\u0110ENJE TARANJAC I OSTALI: UBIJENE MUSLIMANE BAGEROM ZAKOPAO - PrijedorDanas.com - Prijedorski gradski portal<\/title>\n<meta name=\"robots\" content=\"index, follow, max-snippet:-1, max-image-preview:large, max-video-preview:-1\" \/>\n<link rel=\"canonical\" href=\"https:\/\/www.prijedordanas.com\/?p=105627\" \/>\n<meta property=\"og:locale\" content=\"en_US\" \/>\n<meta property=\"og:type\" content=\"article\" \/>\n<meta property=\"og:title\" content=\"SU\u0110ENJE TARANJAC I OSTALI: UBIJENE MUSLIMANE BAGEROM ZAKOPAO - PrijedorDanas.com - Prijedorski gradski portal\" \/>\n<meta property=\"og:description\" content=\"Svjedok Dr\u017eavnog tu\u017eila\u0161tva kazao je na su\u0111enju za zlo\u010dine u Miskoj Glavi kod Prijedora da je bagerom zatrpao ubijene civile muslimane, koje je prethodno vidio zarobljene u Ljubiji. Gavril Janjo\u0161, [&hellip;]\" \/>\n<meta property=\"og:url\" content=\"https:\/\/www.prijedordanas.com\/?p=105627\" \/>\n<meta property=\"og:site_name\" content=\"PrijedorDanas.com - Prijedorski gradski portal\" \/>\n<meta property=\"article:publisher\" content=\"https:\/\/www.facebook.com\/PrijedorDanasCom\/\" \/>\n<meta property=\"article:published_time\" content=\"2018-05-23T07:03:18+00:00\" \/>\n<meta property=\"og:image\" content=\"https:\/\/www.prijedordanas.com\/wp-content\/uploads\/2018\/03\/sud-bih-9-300x222.jpg\" \/>\n<meta name=\"author\" content=\"admin\" \/>\n<meta name=\"twitter:card\" content=\"summary_large_image\" \/>\n<meta name=\"twitter:label1\" content=\"Written by\" \/>\n\t<meta name=\"twitter:data1\" content=\"admin\" \/>\n\t<meta name=\"twitter:label2\" content=\"Est. reading time\" \/>\n\t<meta name=\"twitter:data2\" content=\"3 minutes\" \/>\n<script type=\"application\/ld+json\" class=\"yoast-schema-graph\">{\"@context\":\"https:\/\/schema.org\",\"@graph\":[{\"@type\":\"Article\",\"@id\":\"https:\/\/www.prijedordanas.com\/?p=105627#article\",\"isPartOf\":{\"@id\":\"https:\/\/www.prijedordanas.com\/?p=105627\"},\"author\":{\"name\":\"admin\",\"@id\":\"https:\/\/www.prijedordanas.com\/#\/schema\/person\/4e08ccf29b506ca916ff86d46bb700e6\"},\"headline\":\"SU\u0110ENJE TARANJAC I OSTALI: UBIJENE MUSLIMANE BAGEROM ZAKOPAO\",\"datePublished\":\"2018-05-23T07:03:18+00:00\",\"dateModified\":\"2018-05-23T07:03:18+00:00\",\"mainEntityOfPage\":{\"@id\":\"https:\/\/www.prijedordanas.com\/?p=105627\"},\"wordCount\":556,\"publisher\":{\"@id\":\"https:\/\/www.prijedordanas.com\/#organization\"},\"keywords\":[\"Sud BiH\"],\"articleSection\":[\"Hronika\"],\"inLanguage\":\"en-US\"},{\"@type\":\"WebPage\",\"@id\":\"https:\/\/www.prijedordanas.com\/?p=105627\",\"url\":\"https:\/\/www.prijedordanas.com\/?p=105627\",\"name\":\"SU\u0110ENJE TARANJAC I OSTALI: UBIJENE MUSLIMANE BAGEROM ZAKOPAO - PrijedorDanas.com - Prijedorski gradski portal\",\"isPartOf\":{\"@id\":\"https:\/\/www.prijedordanas.com\/#website\"},\"datePublished\":\"2018-05-23T07:03:18+00:00\",\"dateModified\":\"2018-05-23T07:03:18+00:00\",\"breadcrumb\":{\"@id\":\"https:\/\/www.prijedordanas.com\/?p=105627#breadcrumb\"},\"inLanguage\":\"en-US\",\"potentialAction\":[{\"@type\":\"ReadAction\",\"target\":[\"https:\/\/www.prijedordanas.com\/?p=105627\"]}]},{\"@type\":\"BreadcrumbList\",\"@id\":\"https:\/\/www.prijedordanas.com\/?p=105627#breadcrumb\",\"itemListElement\":[{\"@type\":\"ListItem\",\"position\":1,\"name\":\"Home\",\"item\":\"https:\/\/www.prijedordanas.com\/\"},{\"@type\":\"ListItem\",\"position\":2,\"name\":\"SU\u0110ENJE TARANJAC I OSTALI: UBIJENE MUSLIMANE BAGEROM ZAKOPAO\"}]},{\"@type\":\"WebSite\",\"@id\":\"https:\/\/www.prijedordanas.com\/#website\",\"url\":\"https:\/\/www.prijedordanas.com\/\",\"name\":\"PrijedorDanas.com - Prijedorski gradski portal\",\"description\":\"Portal o doga\u0111anjima u gradu Prijedoru\",\"publisher\":{\"@id\":\"https:\/\/www.prijedordanas.com\/#organization\"},\"potentialAction\":[{\"@type\":\"SearchAction\",\"target\":{\"@type\":\"EntryPoint\",\"urlTemplate\":\"https:\/\/www.prijedordanas.com\/?s={search_term_string}\"},\"query-input\":\"required name=search_term_string\"}],\"inLanguage\":\"en-US\"},{\"@type\":\"Organization\",\"@id\":\"https:\/\/www.prijedordanas.com\/#organization\",\"name\":\"PrijedorDanas.com\",\"url\":\"https:\/\/www.prijedordanas.com\/\",\"logo\":{\"@type\":\"ImageObject\",\"inLanguage\":\"en-US\",\"@id\":\"https:\/\/www.prijedordanas.com\/#\/schema\/logo\/image\/\",\"url\":\"http:\/\/www.prijedordanas.com\/wp-content\/uploads\/2021\/12\/logopng.png\",\"contentUrl\":\"http:\/\/www.prijedordanas.com\/wp-content\/uploads\/2021\/12\/logopng.png\",\"width\":1019,\"height\":776,\"caption\":\"PrijedorDanas.com\"},\"image\":{\"@id\":\"https:\/\/www.prijedordanas.com\/#\/schema\/logo\/image\/\"},\"sameAs\":[\"https:\/\/www.facebook.com\/PrijedorDanasCom\/\"]},{\"@type\":\"Person\",\"@id\":\"https:\/\/www.prijedordanas.com\/#\/schema\/person\/4e08ccf29b506ca916ff86d46bb700e6\",\"name\":\"admin\",\"image\":{\"@type\":\"ImageObject\",\"inLanguage\":\"en-US\",\"@id\":\"https:\/\/www.prijedordanas.com\/#\/schema\/person\/image\/\",\"url\":\"https:\/\/secure.gravatar.com\/avatar\/1d3fc949d550f0b53a5f0d51e06dfd79?s=96&d=mm&r=g\",\"contentUrl\":\"https:\/\/secure.gravatar.com\/avatar\/1d3fc949d550f0b53a5f0d51e06dfd79?s=96&d=mm&r=g\",\"caption\":\"admin\"},\"url\":\"https:\/\/www.prijedordanas.com\/?author=1\"}]}<\/script>\n<!-- \/ Yoast SEO plugin. -->","yoast_head_json":{"title":"SU\u0110ENJE TARANJAC I OSTALI: UBIJENE MUSLIMANE BAGEROM ZAKOPAO - PrijedorDanas.com - Prijedorski gradski portal","robots":{"index":"index","follow":"follow","max-snippet":"max-snippet:-1","max-image-preview":"max-image-preview:large","max-video-preview":"max-video-preview:-1"},"canonical":"https:\/\/www.prijedordanas.com\/?p=105627","og_locale":"en_US","og_type":"article","og_title":"SU\u0110ENJE TARANJAC I OSTALI: UBIJENE MUSLIMANE BAGEROM ZAKOPAO - PrijedorDanas.com - Prijedorski gradski portal","og_description":"Svjedok Dr\u017eavnog tu\u017eila\u0161tva kazao je na su\u0111enju za zlo\u010dine u Miskoj Glavi kod Prijedora da je bagerom zatrpao ubijene civile muslimane, koje je prethodno vidio zarobljene u Ljubiji. Gavril Janjo\u0161, [&hellip;]","og_url":"https:\/\/www.prijedordanas.com\/?p=105627","og_site_name":"PrijedorDanas.com - Prijedorski gradski portal","article_publisher":"https:\/\/www.facebook.com\/PrijedorDanasCom\/","article_published_time":"2018-05-23T07:03:18+00:00","og_image":[{"url":"https:\/\/www.prijedordanas.com\/wp-content\/uploads\/2018\/03\/sud-bih-9-300x222.jpg"}],"author":"admin","twitter_card":"summary_large_image","twitter_misc":{"Written by":"admin","Est. reading time":"3 minutes"},"schema":{"@context":"https:\/\/schema.org","@graph":[{"@type":"Article","@id":"https:\/\/www.prijedordanas.com\/?p=105627#article","isPartOf":{"@id":"https:\/\/www.prijedordanas.com\/?p=105627"},"author":{"name":"admin","@id":"https:\/\/www.prijedordanas.com\/#\/schema\/person\/4e08ccf29b506ca916ff86d46bb700e6"},"headline":"SU\u0110ENJE TARANJAC I OSTALI: UBIJENE MUSLIMANE BAGEROM ZAKOPAO","datePublished":"2018-05-23T07:03:18+00:00","dateModified":"2018-05-23T07:03:18+00:00","mainEntityOfPage":{"@id":"https:\/\/www.prijedordanas.com\/?p=105627"},"wordCount":556,"publisher":{"@id":"https:\/\/www.prijedordanas.com\/#organization"},"keywords":["Sud BiH"],"articleSection":["Hronika"],"inLanguage":"en-US"},{"@type":"WebPage","@id":"https:\/\/www.prijedordanas.com\/?p=105627","url":"https:\/\/www.prijedordanas.com\/?p=105627","name":"SU\u0110ENJE TARANJAC I OSTALI: UBIJENE MUSLIMANE BAGEROM ZAKOPAO - PrijedorDanas.com - Prijedorski gradski portal","isPartOf":{"@id":"https:\/\/www.prijedordanas.com\/#website"},"datePublished":"2018-05-23T07:03:18+00:00","dateModified":"2018-05-23T07:03:18+00:00","breadcrumb":{"@id":"https:\/\/www.prijedordanas.com\/?p=105627#breadcrumb"},"inLanguage":"en-US","potentialAction":[{"@type":"ReadAction","target":["https:\/\/www.prijedordanas.com\/?p=105627"]}]},{"@type":"BreadcrumbList","@id":"https:\/\/www.prijedordanas.com\/?p=105627#breadcrumb","itemListElement":[{"@type":"ListItem","position":1,"name":"Home","item":"https:\/\/www.prijedordanas.com\/"},{"@type":"ListItem","position":2,"name":"SU\u0110ENJE TARANJAC I OSTALI: UBIJENE MUSLIMANE BAGEROM ZAKOPAO"}]},{"@type":"WebSite","@id":"https:\/\/www.prijedordanas.com\/#website","url":"https:\/\/www.prijedordanas.com\/","name":"PrijedorDanas.com - Prijedorski gradski portal","description":"Portal o doga\u0111anjima u gradu Prijedoru","publisher":{"@id":"https:\/\/www.prijedordanas.com\/#organization"},"potentialAction":[{"@type":"SearchAction","target":{"@type":"EntryPoint","urlTemplate":"https:\/\/www.prijedordanas.com\/?s={search_term_string}"},"query-input":"required name=search_term_string"}],"inLanguage":"en-US"},{"@type":"Organization","@id":"https:\/\/www.prijedordanas.com\/#organization","name":"PrijedorDanas.com","url":"https:\/\/www.prijedordanas.com\/","logo":{"@type":"ImageObject","inLanguage":"en-US","@id":"https:\/\/www.prijedordanas.com\/#\/schema\/logo\/image\/","url":"http:\/\/www.prijedordanas.com\/wp-content\/uploads\/2021\/12\/logopng.png","contentUrl":"http:\/\/www.prijedordanas.com\/wp-content\/uploads\/2021\/12\/logopng.png","width":1019,"height":776,"caption":"PrijedorDanas.com"},"image":{"@id":"https:\/\/www.prijedordanas.com\/#\/schema\/logo\/image\/"},"sameAs":["https:\/\/www.facebook.com\/PrijedorDanasCom\/"]},{"@type":"Person","@id":"https:\/\/www.prijedordanas.com\/#\/schema\/person\/4e08ccf29b506ca916ff86d46bb700e6","name":"admin","image":{"@type":"ImageObject","inLanguage":"en-US","@id":"https:\/\/www.prijedordanas.com\/#\/schema\/person\/image\/","url":"https:\/\/secure.gravatar.com\/avatar\/1d3fc949d550f0b53a5f0d51e06dfd79?s=96&d=mm&r=g","contentUrl":"https:\/\/secure.gravatar.com\/avatar\/1d3fc949d550f0b53a5f0d51e06dfd79?s=96&d=mm&r=g","caption":"admin"},"url":"https:\/\/www.prijedordanas.com\/?author=1"}]}},"_links":{"self":[{"href":"https:\/\/www.prijedordanas.com\/index.php?rest_route=\/wp\/v2\/posts\/105627"}],"collection":[{"href":"https:\/\/www.prijedordanas.com\/index.php?rest_route=\/wp\/v2\/posts"}],"about":[{"href":"https:\/\/www.prijedordanas.com\/index.php?rest_route=\/wp\/v2\/types\/post"}],"author":[{"embeddable":true,"href":"https:\/\/www.prijedordanas.com\/index.php?rest_route=\/wp\/v2\/users\/1"}],"replies":[{"embeddable":true,"href":"https:\/\/www.prijedordanas.com\/index.php?rest_route=%2Fwp%2Fv2%2Fcomments&post=105627"}],"version-history":[{"count":1,"href":"https:\/\/www.prijedordanas.com\/index.php?rest_route=\/wp\/v2\/posts\/105627\/revisions"}],"predecessor-version":[{"id":105628,"href":"https:\/\/www.prijedordanas.com\/index.php?rest_route=\/wp\/v2\/posts\/105627\/revisions\/105628"}],"wp:attachment":[{"href":"https:\/\/www.prijedordanas.com\/index.php?rest_route=%2Fwp%2Fv2%2Fmedia&parent=105627"}],"wp:term":[{"taxonomy":"category","embeddable":true,"href":"https:\/\/www.prijedordanas.com\/index.php?rest_route=%2Fwp%2Fv2%2Fcategories&post=105627"},{"taxonomy":"post_tag","embeddable":true,"href":"https:\/\/www.prijedordanas.com\/index.php?rest_route=%2Fwp%2Fv2%2Ftags&post=105627"}],"curies":[{"name":"wp","href":"https:\/\/api.w.org\/{rel}","templated":true}]}}