{"id":105499,"date":"2018-05-21T09:40:56","date_gmt":"2018-05-21T07:40:56","guid":{"rendered":"https:\/\/www.prijedordanas.com\/?p=105499"},"modified":"2018-05-21T09:40:56","modified_gmt":"2018-05-21T07:40:56","slug":"digla-na-noge-veliki-broj-policajaca-djevojcica-odlutala-od-kuce-pa-slagala-da-je-oteta","status":"publish","type":"post","link":"https:\/\/www.prijedordanas.com\/?p=105499","title":{"rendered":"DIGLA NA NOGE VELIKI BROJ POLICAJACA: DJEVOJ\u010cICA \u201cODLUTALA\u201d OD KU\u0106E, PA SLAGALA DA JE OTETA"},"content":{"rendered":"<p><a href=\"https:\/\/www.prijedordanas.com\/wp-content\/uploads\/2018\/05\/policija-raskrsnica-za-omarsku-1.jpg\"><img loading=\"lazy\" decoding=\"async\" class=\"alignleft size-medium wp-image-105345\" src=\"https:\/\/www.prijedordanas.com\/wp-content\/uploads\/2018\/05\/policija-raskrsnica-za-omarsku-1-300x217.jpg\" alt=\"\" width=\"300\" height=\"217\" srcset=\"https:\/\/www.prijedordanas.com\/wp-content\/uploads\/2018\/05\/policija-raskrsnica-za-omarsku-1-300x217.jpg 300w, https:\/\/www.prijedordanas.com\/wp-content\/uploads\/2018\/05\/policija-raskrsnica-za-omarsku-1-100x72.jpg 100w, https:\/\/www.prijedordanas.com\/wp-content\/uploads\/2018\/05\/policija-raskrsnica-za-omarsku-1.jpg 690w\" sizes=\"(max-width: 300px) 100vw, 300px\" \/><\/a>Pripadnici Ministarstva unutra\u0161njih poslova Republike Srpske utvrdili su da kod nestanka djevoj\u010dice (13) u Banjaluci nema elemenata kriv\u010dnog djela i da je ona samovoljno odlutala, potvr\u0111eno je u MUP-u.<\/p>\n<p>Oni su pojasnili da su ispitali sve okolnosti u vezi sa ovim slu\u010dajem i utvrdili da nije oteta, nego da se samovoljno udaljila od ku\u0107e.<\/p>\n<p>Podsjetimo, velika drama odvijala se u petak uve\u010de u Banjaluci kada je policiji prijavljeno da je nestala trinaestogodi\u0161nja djevoj\u010dica u naselju Borik. Roditelji djevoj\u010dice su u petak oko 17 \u010dasova pozvali policiju i rekli da je nestala njihova k\u0107erka.<\/p>\n<p>Izvor blizak istrazi pojasnio je da su roditelji primjetili da djevoj\u010dica kasni iz \u0161kole i da su pozvali tamo nadle\u017ene i da su im oni rekli da je oti\u0161la iz \u0161kole.<\/p>\n<p>-Ona se nije javljala na svoj mobilni telefon, pa su roditelji odmah obavjestili policiju \u2013 ka\u017ee izvor Srpskainfo.<\/p>\n<p><a href=\"https:\/\/www.prijedordanas.com\/wp-content\/uploads\/2018\/05\/policija-prijedor-april-2018-3.jpg\"><img loading=\"lazy\" decoding=\"async\" class=\"alignleft size-medium wp-image-105500\" src=\"https:\/\/www.prijedordanas.com\/wp-content\/uploads\/2018\/05\/policija-prijedor-april-2018-3-300x222.jpg\" alt=\"\" width=\"300\" height=\"222\" srcset=\"https:\/\/www.prijedordanas.com\/wp-content\/uploads\/2018\/05\/policija-prijedor-april-2018-3-300x222.jpg 300w, https:\/\/www.prijedordanas.com\/wp-content\/uploads\/2018\/05\/policija-prijedor-april-2018-3-100x74.jpg 100w, https:\/\/www.prijedordanas.com\/wp-content\/uploads\/2018\/05\/policija-prijedor-april-2018-3.jpg 675w\" sizes=\"(max-width: 300px) 100vw, 300px\" \/><\/a>Ovaj slu\u010daj na noge je digao veliki broj policajaca koji su odmah krenuli u potragu. U cijeli slu\u010daj odmah se u uklju\u010dila i Uprava za organizovani i te\u0161ki kriminalitet i pokrenuta je velika akcija kako bi se prona\u0161la djevoj\u010dica.<\/p>\n<p>-Oko 19 \u010dasova djevoj\u010dica je pozvala sestru na telefon i histeri\u010dno galamila na telefon da je oteta. Ona je sestri rekla da dok se vra\u0107ala ku\u0107i poslije \u0161kole da joj je neko stavio vre\u0107u na glavu i oteo je, te da ne zna gdje se nalazi. Ponavljala je samo da je oteta \u2013 ispri\u010dao je na\u0161 sagovornik.<\/p>\n<p>Inspektori su za samo nekoliko trenutaka locirali njen telefon u okolini Prijedora i zatim su obavje\u0161tene kolege u tom gradu, koji su sve blokirali i krenuli u potragu.<\/p>\n<p>Djevoj\u010dica je prona\u0111ena u zaseoku \u0106ati\u0107i u Omarskoj, \u017eiva i zdrava, te nije imala nikakvih povreda na tijelu.<\/p>\n<p>Ona je tokom razgovora sa policijom i dalje tvrdila da je bila \u017ertva otmice, ali inspektorima se nisu sve stvari poklapale tokom razgovora sa njom.<\/p>\n<p>-U ovaj slu\u010daj uklju\u010dila su se i druga stru\u010dna lica koja su obavila razgovor sa djevoj\u010dicom, me\u0111utim ona se cijelo vrijeme dr\u017eale svoje pri\u010de da je oteta \u2013 ka\u017ee na\u0161 sagovornik.<\/p>\n<p>On je pojasnio da je policija provjeravala i bezbjednone kamere oko mjesta gde je rekla da je oteta i druge snimke na kojima bi moglo biti zabilje\u017eeno ne\u0161to \u0161to bi moglo pomo\u0107i u istrazi.<\/p>\n<p>Iz policije ju\u010de nije saop\u0161teno na koji na\u010din je utvr\u0111eno da djevoj\u010dica nije oteta, ve\u0107 samo da u ovom slu\u010daju nema elemenata krivi\u010dnog djela.<\/p>\n<p>EuroBlic-srpskainfo.com<\/p>\n<p>Vezane vijesti:<\/p>\n<p><a href=\"https:\/\/www.prijedordanas.com\/?p=105344\" target=\"_blank\" rel=\"noopener\">PRIJEDOR: PRONA\u0110ENA NESTALA \u017dENSKA OSOBA<\/a><\/p>\n<p><a href=\"https:\/\/www.prijedordanas.com\/?p=105390\" target=\"_blank\" rel=\"noopener\">NAKON DVA SATA PRONA\u0110ENA DJEVOJ\u010cICA: RODITELJE POZVALA TELEFONOM I REKLA IM DA JE OTETA<\/a><\/p>\n<p><a href=\"https:\/\/www.prijedordanas.com\/?p=105422\" rel=\"noopener\" target=\"_blank\">OTMICA U BANJALUCI? NA PODRU\u010cJU PRIJEDORA PRONA\u0110ENA NESTALA 13-GODI\u0160NJAKINJA<\/a><\/p>\n","protected":false},"excerpt":{"rendered":"<p>Pripadnici Ministarstva unutra\u0161njih poslova Republike Srpske utvrdili su da kod nestanka djevoj\u010dice (13) u Banjaluci nema elemenata kriv\u010dnog djela i da je ona samovoljno odlutala, potvr\u0111eno je u MUP-u. Oni [&hellip;]<\/p>\n","protected":false},"author":1,"featured_media":0,"comment_status":"closed","ping_status":"open","sticky":false,"template":"","format":"standard","meta":{"_monsterinsights_skip_tracking":false,"_monsterinsights_sitenote_active":false,"_monsterinsights_sitenote_note":"","_monsterinsights_sitenote_category":0,"footnotes":""},"categories":[5],"tags":[961,2004],"yoast_head":"<!-- This site is optimized with the Yoast SEO plugin v21.6 - https:\/\/yoast.com\/wordpress\/plugins\/seo\/ -->\n<title>DIGLA NA NOGE VELIKI BROJ POLICAJACA: DJEVOJ\u010cICA \u201cODLUTALA\u201d OD KU\u0106E, PA SLAGALA DA JE OTETA - PrijedorDanas.com - Prijedorski gradski portal<\/title>\n<meta name=\"robots\" content=\"index, follow, max-snippet:-1, max-image-preview:large, max-video-preview:-1\" \/>\n<link rel=\"canonical\" href=\"https:\/\/www.prijedordanas.com\/?p=105499\" \/>\n<meta property=\"og:locale\" content=\"en_US\" \/>\n<meta property=\"og:type\" content=\"article\" \/>\n<meta property=\"og:title\" content=\"DIGLA NA NOGE VELIKI BROJ POLICAJACA: DJEVOJ\u010cICA \u201cODLUTALA\u201d OD KU\u0106E, PA SLAGALA DA JE OTETA - PrijedorDanas.com - Prijedorski gradski portal\" \/>\n<meta property=\"og:description\" content=\"Pripadnici Ministarstva unutra\u0161njih poslova Republike Srpske utvrdili su da kod nestanka djevoj\u010dice (13) u Banjaluci nema elemenata kriv\u010dnog djela i da je ona samovoljno odlutala, potvr\u0111eno je u MUP-u. Oni [&hellip;]\" \/>\n<meta property=\"og:url\" content=\"https:\/\/www.prijedordanas.com\/?p=105499\" \/>\n<meta property=\"og:site_name\" content=\"PrijedorDanas.com - Prijedorski gradski portal\" \/>\n<meta property=\"article:publisher\" content=\"https:\/\/www.facebook.com\/PrijedorDanasCom\/\" \/>\n<meta property=\"article:published_time\" content=\"2018-05-21T07:40:56+00:00\" \/>\n<meta property=\"og:image\" content=\"https:\/\/www.prijedordanas.com\/wp-content\/uploads\/2018\/05\/policija-raskrsnica-za-omarsku-1-300x217.jpg\" \/>\n<meta name=\"author\" content=\"admin\" \/>\n<meta name=\"twitter:card\" content=\"summary_large_image\" \/>\n<meta name=\"twitter:label1\" content=\"Written by\" \/>\n\t<meta name=\"twitter:data1\" content=\"admin\" \/>\n\t<meta name=\"twitter:label2\" content=\"Est. reading time\" \/>\n\t<meta name=\"twitter:data2\" content=\"2 minutes\" \/>\n<script type=\"application\/ld+json\" class=\"yoast-schema-graph\">{\"@context\":\"https:\/\/schema.org\",\"@graph\":[{\"@type\":\"Article\",\"@id\":\"https:\/\/www.prijedordanas.com\/?p=105499#article\",\"isPartOf\":{\"@id\":\"https:\/\/www.prijedordanas.com\/?p=105499\"},\"author\":{\"name\":\"admin\",\"@id\":\"https:\/\/www.prijedordanas.com\/#\/schema\/person\/4e08ccf29b506ca916ff86d46bb700e6\"},\"headline\":\"DIGLA NA NOGE VELIKI BROJ POLICAJACA: DJEVOJ\u010cICA \u201cODLUTALA\u201d OD KU\u0106E, PA SLAGALA DA JE OTETA\",\"datePublished\":\"2018-05-21T07:40:56+00:00\",\"dateModified\":\"2018-05-21T07:40:56+00:00\",\"mainEntityOfPage\":{\"@id\":\"https:\/\/www.prijedordanas.com\/?p=105499\"},\"wordCount\":496,\"publisher\":{\"@id\":\"https:\/\/www.prijedordanas.com\/#organization\"},\"keywords\":[\"policija\",\"potraga\"],\"articleSection\":[\"Hronika\"],\"inLanguage\":\"en-US\"},{\"@type\":\"WebPage\",\"@id\":\"https:\/\/www.prijedordanas.com\/?p=105499\",\"url\":\"https:\/\/www.prijedordanas.com\/?p=105499\",\"name\":\"DIGLA NA NOGE VELIKI BROJ POLICAJACA: DJEVOJ\u010cICA \u201cODLUTALA\u201d OD KU\u0106E, PA SLAGALA DA JE OTETA - PrijedorDanas.com - Prijedorski gradski portal\",\"isPartOf\":{\"@id\":\"https:\/\/www.prijedordanas.com\/#website\"},\"datePublished\":\"2018-05-21T07:40:56+00:00\",\"dateModified\":\"2018-05-21T07:40:56+00:00\",\"breadcrumb\":{\"@id\":\"https:\/\/www.prijedordanas.com\/?p=105499#breadcrumb\"},\"inLanguage\":\"en-US\",\"potentialAction\":[{\"@type\":\"ReadAction\",\"target\":[\"https:\/\/www.prijedordanas.com\/?p=105499\"]}]},{\"@type\":\"BreadcrumbList\",\"@id\":\"https:\/\/www.prijedordanas.com\/?p=105499#breadcrumb\",\"itemListElement\":[{\"@type\":\"ListItem\",\"position\":1,\"name\":\"Home\",\"item\":\"https:\/\/www.prijedordanas.com\/\"},{\"@type\":\"ListItem\",\"position\":2,\"name\":\"DIGLA NA NOGE VELIKI BROJ POLICAJACA: DJEVOJ\u010cICA \u201cODLUTALA\u201d OD KU\u0106E, PA SLAGALA DA JE OTETA\"}]},{\"@type\":\"WebSite\",\"@id\":\"https:\/\/www.prijedordanas.com\/#website\",\"url\":\"https:\/\/www.prijedordanas.com\/\",\"name\":\"PrijedorDanas.com - Prijedorski gradski portal\",\"description\":\"Portal o doga\u0111anjima u gradu Prijedoru\",\"publisher\":{\"@id\":\"https:\/\/www.prijedordanas.com\/#organization\"},\"potentialAction\":[{\"@type\":\"SearchAction\",\"target\":{\"@type\":\"EntryPoint\",\"urlTemplate\":\"https:\/\/www.prijedordanas.com\/?s={search_term_string}\"},\"query-input\":\"required name=search_term_string\"}],\"inLanguage\":\"en-US\"},{\"@type\":\"Organization\",\"@id\":\"https:\/\/www.prijedordanas.com\/#organization\",\"name\":\"PrijedorDanas.com\",\"url\":\"https:\/\/www.prijedordanas.com\/\",\"logo\":{\"@type\":\"ImageObject\",\"inLanguage\":\"en-US\",\"@id\":\"https:\/\/www.prijedordanas.com\/#\/schema\/logo\/image\/\",\"url\":\"http:\/\/www.prijedordanas.com\/wp-content\/uploads\/2021\/12\/logopng.png\",\"contentUrl\":\"http:\/\/www.prijedordanas.com\/wp-content\/uploads\/2021\/12\/logopng.png\",\"width\":1019,\"height\":776,\"caption\":\"PrijedorDanas.com\"},\"image\":{\"@id\":\"https:\/\/www.prijedordanas.com\/#\/schema\/logo\/image\/\"},\"sameAs\":[\"https:\/\/www.facebook.com\/PrijedorDanasCom\/\"]},{\"@type\":\"Person\",\"@id\":\"https:\/\/www.prijedordanas.com\/#\/schema\/person\/4e08ccf29b506ca916ff86d46bb700e6\",\"name\":\"admin\",\"image\":{\"@type\":\"ImageObject\",\"inLanguage\":\"en-US\",\"@id\":\"https:\/\/www.prijedordanas.com\/#\/schema\/person\/image\/\",\"url\":\"https:\/\/secure.gravatar.com\/avatar\/1d3fc949d550f0b53a5f0d51e06dfd79?s=96&d=mm&r=g\",\"contentUrl\":\"https:\/\/secure.gravatar.com\/avatar\/1d3fc949d550f0b53a5f0d51e06dfd79?s=96&d=mm&r=g\",\"caption\":\"admin\"},\"url\":\"https:\/\/www.prijedordanas.com\/?author=1\"}]}<\/script>\n<!-- \/ Yoast SEO plugin. -->","yoast_head_json":{"title":"DIGLA NA NOGE VELIKI BROJ POLICAJACA: DJEVOJ\u010cICA \u201cODLUTALA\u201d OD KU\u0106E, PA SLAGALA DA JE OTETA - PrijedorDanas.com - Prijedorski gradski portal","robots":{"index":"index","follow":"follow","max-snippet":"max-snippet:-1","max-image-preview":"max-image-preview:large","max-video-preview":"max-video-preview:-1"},"canonical":"https:\/\/www.prijedordanas.com\/?p=105499","og_locale":"en_US","og_type":"article","og_title":"DIGLA NA NOGE VELIKI BROJ POLICAJACA: DJEVOJ\u010cICA \u201cODLUTALA\u201d OD KU\u0106E, PA SLAGALA DA JE OTETA - PrijedorDanas.com - Prijedorski gradski portal","og_description":"Pripadnici Ministarstva unutra\u0161njih poslova Republike Srpske utvrdili su da kod nestanka djevoj\u010dice (13) u Banjaluci nema elemenata kriv\u010dnog djela i da je ona samovoljno odlutala, potvr\u0111eno je u MUP-u. Oni [&hellip;]","og_url":"https:\/\/www.prijedordanas.com\/?p=105499","og_site_name":"PrijedorDanas.com - Prijedorski gradski portal","article_publisher":"https:\/\/www.facebook.com\/PrijedorDanasCom\/","article_published_time":"2018-05-21T07:40:56+00:00","og_image":[{"url":"https:\/\/www.prijedordanas.com\/wp-content\/uploads\/2018\/05\/policija-raskrsnica-za-omarsku-1-300x217.jpg"}],"author":"admin","twitter_card":"summary_large_image","twitter_misc":{"Written by":"admin","Est. reading time":"2 minutes"},"schema":{"@context":"https:\/\/schema.org","@graph":[{"@type":"Article","@id":"https:\/\/www.prijedordanas.com\/?p=105499#article","isPartOf":{"@id":"https:\/\/www.prijedordanas.com\/?p=105499"},"author":{"name":"admin","@id":"https:\/\/www.prijedordanas.com\/#\/schema\/person\/4e08ccf29b506ca916ff86d46bb700e6"},"headline":"DIGLA NA NOGE VELIKI BROJ POLICAJACA: DJEVOJ\u010cICA \u201cODLUTALA\u201d OD KU\u0106E, PA SLAGALA DA JE OTETA","datePublished":"2018-05-21T07:40:56+00:00","dateModified":"2018-05-21T07:40:56+00:00","mainEntityOfPage":{"@id":"https:\/\/www.prijedordanas.com\/?p=105499"},"wordCount":496,"publisher":{"@id":"https:\/\/www.prijedordanas.com\/#organization"},"keywords":["policija","potraga"],"articleSection":["Hronika"],"inLanguage":"en-US"},{"@type":"WebPage","@id":"https:\/\/www.prijedordanas.com\/?p=105499","url":"https:\/\/www.prijedordanas.com\/?p=105499","name":"DIGLA NA NOGE VELIKI BROJ POLICAJACA: DJEVOJ\u010cICA \u201cODLUTALA\u201d OD KU\u0106E, PA SLAGALA DA JE OTETA - PrijedorDanas.com - Prijedorski gradski portal","isPartOf":{"@id":"https:\/\/www.prijedordanas.com\/#website"},"datePublished":"2018-05-21T07:40:56+00:00","dateModified":"2018-05-21T07:40:56+00:00","breadcrumb":{"@id":"https:\/\/www.prijedordanas.com\/?p=105499#breadcrumb"},"inLanguage":"en-US","potentialAction":[{"@type":"ReadAction","target":["https:\/\/www.prijedordanas.com\/?p=105499"]}]},{"@type":"BreadcrumbList","@id":"https:\/\/www.prijedordanas.com\/?p=105499#breadcrumb","itemListElement":[{"@type":"ListItem","position":1,"name":"Home","item":"https:\/\/www.prijedordanas.com\/"},{"@type":"ListItem","position":2,"name":"DIGLA NA NOGE VELIKI BROJ POLICAJACA: DJEVOJ\u010cICA \u201cODLUTALA\u201d OD KU\u0106E, PA SLAGALA DA JE OTETA"}]},{"@type":"WebSite","@id":"https:\/\/www.prijedordanas.com\/#website","url":"https:\/\/www.prijedordanas.com\/","name":"PrijedorDanas.com - Prijedorski gradski portal","description":"Portal o doga\u0111anjima u gradu Prijedoru","publisher":{"@id":"https:\/\/www.prijedordanas.com\/#organization"},"potentialAction":[{"@type":"SearchAction","target":{"@type":"EntryPoint","urlTemplate":"https:\/\/www.prijedordanas.com\/?s={search_term_string}"},"query-input":"required name=search_term_string"}],"inLanguage":"en-US"},{"@type":"Organization","@id":"https:\/\/www.prijedordanas.com\/#organization","name":"PrijedorDanas.com","url":"https:\/\/www.prijedordanas.com\/","logo":{"@type":"ImageObject","inLanguage":"en-US","@id":"https:\/\/www.prijedordanas.com\/#\/schema\/logo\/image\/","url":"http:\/\/www.prijedordanas.com\/wp-content\/uploads\/2021\/12\/logopng.png","contentUrl":"http:\/\/www.prijedordanas.com\/wp-content\/uploads\/2021\/12\/logopng.png","width":1019,"height":776,"caption":"PrijedorDanas.com"},"image":{"@id":"https:\/\/www.prijedordanas.com\/#\/schema\/logo\/image\/"},"sameAs":["https:\/\/www.facebook.com\/PrijedorDanasCom\/"]},{"@type":"Person","@id":"https:\/\/www.prijedordanas.com\/#\/schema\/person\/4e08ccf29b506ca916ff86d46bb700e6","name":"admin","image":{"@type":"ImageObject","inLanguage":"en-US","@id":"https:\/\/www.prijedordanas.com\/#\/schema\/person\/image\/","url":"https:\/\/secure.gravatar.com\/avatar\/1d3fc949d550f0b53a5f0d51e06dfd79?s=96&d=mm&r=g","contentUrl":"https:\/\/secure.gravatar.com\/avatar\/1d3fc949d550f0b53a5f0d51e06dfd79?s=96&d=mm&r=g","caption":"admin"},"url":"https:\/\/www.prijedordanas.com\/?author=1"}]}},"_links":{"self":[{"href":"https:\/\/www.prijedordanas.com\/index.php?rest_route=\/wp\/v2\/posts\/105499"}],"collection":[{"href":"https:\/\/www.prijedordanas.com\/index.php?rest_route=\/wp\/v2\/posts"}],"about":[{"href":"https:\/\/www.prijedordanas.com\/index.php?rest_route=\/wp\/v2\/types\/post"}],"author":[{"embeddable":true,"href":"https:\/\/www.prijedordanas.com\/index.php?rest_route=\/wp\/v2\/users\/1"}],"replies":[{"embeddable":true,"href":"https:\/\/www.prijedordanas.com\/index.php?rest_route=%2Fwp%2Fv2%2Fcomments&post=105499"}],"version-history":[{"count":1,"href":"https:\/\/www.prijedordanas.com\/index.php?rest_route=\/wp\/v2\/posts\/105499\/revisions"}],"predecessor-version":[{"id":105501,"href":"https:\/\/www.prijedordanas.com\/index.php?rest_route=\/wp\/v2\/posts\/105499\/revisions\/105501"}],"wp:attachment":[{"href":"https:\/\/www.prijedordanas.com\/index.php?rest_route=%2Fwp%2Fv2%2Fmedia&parent=105499"}],"wp:term":[{"taxonomy":"category","embeddable":true,"href":"https:\/\/www.prijedordanas.com\/index.php?rest_route=%2Fwp%2Fv2%2Fcategories&post=105499"},{"taxonomy":"post_tag","embeddable":true,"href":"https:\/\/www.prijedordanas.com\/index.php?rest_route=%2Fwp%2Fv2%2Ftags&post=105499"}],"curies":[{"name":"wp","href":"https:\/\/api.w.org\/{rel}","templated":true}]}}