{"id":105103,"date":"2018-05-16T16:12:31","date_gmt":"2018-05-16T14:12:31","guid":{"rendered":"https:\/\/www.prijedordanas.com\/?p=105103"},"modified":"2018-05-16T16:12:31","modified_gmt":"2018-05-16T14:12:31","slug":"odbornici-u-prijedoru-zale-se-na-smece-pored-puta-gradonacelnik-odgovara-kazne-nisu-rjesenje","status":"publish","type":"post","link":"https:\/\/www.prijedordanas.com\/?p=105103","title":{"rendered":"ODBORNICI U PRIJEDORU \u017dALE SE NA SME\u0106E PORED PUTA, GRADONA\u010cELNIK ODGOVARA: \u201cKAZNE NISU RJE\u0160ENJE\u201d"},"content":{"rendered":"<p><a href=\"https:\/\/www.prijedordanas.com\/wp-content\/uploads\/2018\/05\/blic-smece-prijedor-1.jpg\"><img loading=\"lazy\" decoding=\"async\" class=\"alignleft size-medium wp-image-105104\" src=\"https:\/\/www.prijedordanas.com\/wp-content\/uploads\/2018\/05\/blic-smece-prijedor-1-300x225.jpg\" alt=\"\" width=\"300\" height=\"225\" srcset=\"https:\/\/www.prijedordanas.com\/wp-content\/uploads\/2018\/05\/blic-smece-prijedor-1-300x225.jpg 300w, https:\/\/www.prijedordanas.com\/wp-content\/uploads\/2018\/05\/blic-smece-prijedor-1-100x75.jpg 100w, https:\/\/www.prijedordanas.com\/wp-content\/uploads\/2018\/05\/blic-smece-prijedor-1-640x480.jpg 640w, https:\/\/www.prijedordanas.com\/wp-content\/uploads\/2018\/05\/blic-smece-prijedor-1.jpg 666w\" sizes=\"(max-width: 300px) 100vw, 300px\" \/><\/a>Odbornici u Skup\u0161tini grada Prijedora na nedavnom zasjedanju iznijeli su primjedbe zbog sme\u0107a pored puteva na podru\u010dju grada, dok su se iz preduze\u0107a \u201eKomunalne usluge\u201d naveli da su najve\u0107i prihod pro\u0161le godine ostvarili upravo odvozom otpada.<\/p>\n<p>Naime, u izve\u0161taju o radu preduze\u0107a \u201eKomunalne usluge\u201c iz Prijedora u pro\u0161loj godini navedeno je da su pro\u0161le godine ostvarili dobit od skoro 17.000 KM. Dok im je prihod bio od 4,3 miliona KM, ukupni tro\u0161kovi dostigli su 4,2 miliona KM.<\/p>\n<p>\u2013 Najve\u0107i prihod od 2,6 miliona KM ostvaren je od odvoza sme\u0107a. Zatim slijedi prihod od zajedni\u010dke komunalne potro\u0161nje u iznosu od oko 812.000 KM te prihodi od pogrebnih usluga u iznosu od oko 172.000 KM \u2013 obja\u0161njeno je u izve\u0161taju ovog preduze\u0107a, koji su odbornici usvojili na protekloj sednici lokalnog parlamenta.<\/p>\n<p>Navedeno je i da u tro\u0161kovima najvi\u0161e novca potro\u0161e na neto zarade radnike od milion maraka, te da slijede ostale naknade.<\/p>\n<p>\u2013 Procenat naplate usluga odvoza otpada kod doma\u0107instava je pro\u0161le godine ostao isti i bio je 86 odsto. Naplativost u zanatskom sektoru je porasla za \u010detiri procenta i dostigla je 90 odsto, dok je kod dru\u0161tvenog sektora pala za dva procenta i bila je 94 odsto \u2013 navodi se u izvje\u0161taju, i isti\u010du da nisu zadovoljni ovim visokim procentom naplate.<\/p>\n<p><a href=\"https:\/\/www.prijedordanas.com\/wp-content\/uploads\/2018\/05\/blic-smece-prijedor-2.jpg\"><img loading=\"lazy\" decoding=\"async\" src=\"https:\/\/www.prijedordanas.com\/wp-content\/uploads\/2018\/05\/blic-smece-prijedor-2-300x225.jpg\" alt=\"\" width=\"300\" height=\"225\" class=\"alignleft size-medium wp-image-105105\" srcset=\"https:\/\/www.prijedordanas.com\/wp-content\/uploads\/2018\/05\/blic-smece-prijedor-2-300x225.jpg 300w, https:\/\/www.prijedordanas.com\/wp-content\/uploads\/2018\/05\/blic-smece-prijedor-2-100x75.jpg 100w, https:\/\/www.prijedordanas.com\/wp-content\/uploads\/2018\/05\/blic-smece-prijedor-2-640x480.jpg 640w, https:\/\/www.prijedordanas.com\/wp-content\/uploads\/2018\/05\/blic-smece-prijedor-2.jpg 667w\" sizes=\"(max-width: 300px) 100vw, 300px\" \/><\/a>Me\u0111utim, odbornik SDA u Skup\u0161tini grada Ajdin Me\u0161i\u0107 rekao je da su iz \u201eKomunalnih usluga\u201d, kao jedan od ve\u0107ih problema u izvje\u0161taju naveli i ukupnu ekonomsku situaciju koja negativno uti\u010de na stepen naplate, te da bi se iz tog razloga trebalo da se razmotriti i poskupljenja usluga odvoza sme\u0107a.<\/p>\n<p>\u2013 Pro\u0161le godine glasali smo za pove\u0107anje cijena komunalnih usluga. Zanima me gdje je taj novac usmjeren i za\u0161to je navedeno da postoji mogu\u0107nost za izvr\u0161enje korekcije cijena usluga, da li to zna\u010di da bi i ove godine trebalo pove\u0107ati cijene. Ili idu\u0107e godine, jer pred izbore sigurno ne\u0107emo \u2013 zaklju\u010dio je Me\u0161i\u0107.<\/p>\n<p>Odbornik SDS Radenko Stjepi\u0107 istakao je se ne\u0161to mora u\u010diniti sa otpadom, koji se nalazi uz magistralne i regionalne puteve.<\/p>\n<p>\u2013 Primjetio sam da je pored puta, koji ide za Kozarsku Dubici i kojim preko Zagreba dolaze svi sa zapada, toliko sme\u0107a da je mene sramota kada tamo pro\u0111em. Ovo nije kritika komunalnog preduze\u0107a, ve\u0107 apel da poku\u0161amo da to rije\u0161imo, da kupimo vi\u0161e kontejnera i stavimo pored puteva \u2013 istakao je Stjepi\u0107. Dodao je da bi direktori \u0161kola trebalo da vi\u0161e u\u010de djecu o pravilnom odlaganju sme\u0107a.<\/p>\n<p>Na pove\u0107anje scijesti u o\u010duvanju \u017eivotne okline, apelovao je i prvi \u010dovek Prijedora Milenko \u0110akovi\u0107.<\/p>\n<p>\u2013 Svi ka\u017eu, kazna je rje\u0161enje, ali vjerujte, ve\u0107ina ljudi kada dobije kaznu sve \u010dini da na\u0111e neku vezu i ne plati kaznu, ma kakva ta veza bila. Pozivam sve da zajedno sa svojom djecom, kao i radnici sa djecom u vrti\u0107ima, radimo na pobolj\u0161anju kulture \u017eivljenja \u2013 istako je fradona\u010delnik.<\/p>\n<p>U ovoj godini novi kontejneri i kante<\/p>\n<p>Iz \u201eKomunalnih usluga\u201d navode da su pro\u0161le godine nabavili devet pocin\u010danih kontejnera, novi kamion za odvoz otpada i pu\u0161ku za uspavljivanje \u017eivotinja koju koristi higijeni\u010darska slu\u017eba.<\/p>\n<p>Fond za\u0161tite \u017eivotne sredine RS, tokom ove godine finansira\u0107e nabavku 45 kontejnera i 360 kanti za otpad, vrednosti 50.170 KM.<\/p>\n<p>EuroBlic-srpskainfo.com<\/p>\n","protected":false},"excerpt":{"rendered":"<p>Odbornici u Skup\u0161tini grada Prijedora na nedavnom zasjedanju iznijeli su primjedbe zbog sme\u0107a pored puteva na podru\u010dju grada, dok su se iz preduze\u0107a \u201eKomunalne usluge\u201d naveli da su najve\u0107i prihod [&hellip;]<\/p>\n","protected":false},"author":1,"featured_media":0,"comment_status":"closed","ping_status":"open","sticky":false,"template":"","format":"standard","meta":{"_monsterinsights_skip_tracking":false,"_monsterinsights_sitenote_active":false,"_monsterinsights_sitenote_note":"","_monsterinsights_sitenote_category":0,"footnotes":""},"categories":[8],"tags":[731],"yoast_head":"<!-- This site is optimized with the Yoast SEO plugin v21.6 - https:\/\/yoast.com\/wordpress\/plugins\/seo\/ -->\n<title>ODBORNICI U PRIJEDORU \u017dALE SE NA SME\u0106E PORED PUTA, GRADONA\u010cELNIK ODGOVARA: \u201cKAZNE NISU RJE\u0160ENJE\u201d - PrijedorDanas.com - Prijedorski gradski portal<\/title>\n<meta name=\"robots\" content=\"index, follow, max-snippet:-1, max-image-preview:large, max-video-preview:-1\" \/>\n<link rel=\"canonical\" href=\"https:\/\/www.prijedordanas.com\/?p=105103\" \/>\n<meta property=\"og:locale\" content=\"en_US\" \/>\n<meta property=\"og:type\" content=\"article\" \/>\n<meta property=\"og:title\" content=\"ODBORNICI U PRIJEDORU \u017dALE SE NA SME\u0106E PORED PUTA, GRADONA\u010cELNIK ODGOVARA: \u201cKAZNE NISU RJE\u0160ENJE\u201d - PrijedorDanas.com - Prijedorski gradski portal\" \/>\n<meta property=\"og:description\" content=\"Odbornici u Skup\u0161tini grada Prijedora na nedavnom zasjedanju iznijeli su primjedbe zbog sme\u0107a pored puteva na podru\u010dju grada, dok su se iz preduze\u0107a \u201eKomunalne usluge\u201d naveli da su najve\u0107i prihod [&hellip;]\" \/>\n<meta property=\"og:url\" content=\"https:\/\/www.prijedordanas.com\/?p=105103\" \/>\n<meta property=\"og:site_name\" content=\"PrijedorDanas.com - Prijedorski gradski portal\" \/>\n<meta property=\"article:publisher\" content=\"https:\/\/www.facebook.com\/PrijedorDanasCom\/\" \/>\n<meta property=\"article:published_time\" content=\"2018-05-16T14:12:31+00:00\" \/>\n<meta property=\"og:image\" content=\"https:\/\/www.prijedordanas.com\/wp-content\/uploads\/2018\/05\/blic-smece-prijedor-1-300x225.jpg\" \/>\n<meta name=\"author\" content=\"admin\" \/>\n<meta name=\"twitter:card\" content=\"summary_large_image\" \/>\n<meta name=\"twitter:label1\" content=\"Written by\" \/>\n\t<meta name=\"twitter:data1\" content=\"admin\" \/>\n\t<meta name=\"twitter:label2\" content=\"Est. reading time\" \/>\n\t<meta name=\"twitter:data2\" content=\"3 minutes\" \/>\n<script type=\"application\/ld+json\" class=\"yoast-schema-graph\">{\"@context\":\"https:\/\/schema.org\",\"@graph\":[{\"@type\":\"Article\",\"@id\":\"https:\/\/www.prijedordanas.com\/?p=105103#article\",\"isPartOf\":{\"@id\":\"https:\/\/www.prijedordanas.com\/?p=105103\"},\"author\":{\"name\":\"admin\",\"@id\":\"https:\/\/www.prijedordanas.com\/#\/schema\/person\/4e08ccf29b506ca916ff86d46bb700e6\"},\"headline\":\"ODBORNICI U PRIJEDORU \u017dALE SE NA SME\u0106E PORED PUTA, GRADONA\u010cELNIK ODGOVARA: \u201cKAZNE NISU RJE\u0160ENJE\u201d\",\"datePublished\":\"2018-05-16T14:12:31+00:00\",\"dateModified\":\"2018-05-16T14:12:31+00:00\",\"mainEntityOfPage\":{\"@id\":\"https:\/\/www.prijedordanas.com\/?p=105103\"},\"wordCount\":587,\"publisher\":{\"@id\":\"https:\/\/www.prijedordanas.com\/#organization\"},\"keywords\":[\"sme\u0107e\"],\"articleSection\":[\"Svakodnevno\"],\"inLanguage\":\"en-US\"},{\"@type\":\"WebPage\",\"@id\":\"https:\/\/www.prijedordanas.com\/?p=105103\",\"url\":\"https:\/\/www.prijedordanas.com\/?p=105103\",\"name\":\"ODBORNICI U PRIJEDORU \u017dALE SE NA SME\u0106E PORED PUTA, GRADONA\u010cELNIK ODGOVARA: \u201cKAZNE NISU RJE\u0160ENJE\u201d - PrijedorDanas.com - Prijedorski gradski portal\",\"isPartOf\":{\"@id\":\"https:\/\/www.prijedordanas.com\/#website\"},\"datePublished\":\"2018-05-16T14:12:31+00:00\",\"dateModified\":\"2018-05-16T14:12:31+00:00\",\"breadcrumb\":{\"@id\":\"https:\/\/www.prijedordanas.com\/?p=105103#breadcrumb\"},\"inLanguage\":\"en-US\",\"potentialAction\":[{\"@type\":\"ReadAction\",\"target\":[\"https:\/\/www.prijedordanas.com\/?p=105103\"]}]},{\"@type\":\"BreadcrumbList\",\"@id\":\"https:\/\/www.prijedordanas.com\/?p=105103#breadcrumb\",\"itemListElement\":[{\"@type\":\"ListItem\",\"position\":1,\"name\":\"Home\",\"item\":\"https:\/\/www.prijedordanas.com\/\"},{\"@type\":\"ListItem\",\"position\":2,\"name\":\"ODBORNICI U PRIJEDORU \u017dALE SE NA SME\u0106E PORED PUTA, GRADONA\u010cELNIK ODGOVARA: \u201cKAZNE NISU RJE\u0160ENJE\u201d\"}]},{\"@type\":\"WebSite\",\"@id\":\"https:\/\/www.prijedordanas.com\/#website\",\"url\":\"https:\/\/www.prijedordanas.com\/\",\"name\":\"PrijedorDanas.com - Prijedorski gradski portal\",\"description\":\"Portal o doga\u0111anjima u gradu Prijedoru\",\"publisher\":{\"@id\":\"https:\/\/www.prijedordanas.com\/#organization\"},\"potentialAction\":[{\"@type\":\"SearchAction\",\"target\":{\"@type\":\"EntryPoint\",\"urlTemplate\":\"https:\/\/www.prijedordanas.com\/?s={search_term_string}\"},\"query-input\":\"required name=search_term_string\"}],\"inLanguage\":\"en-US\"},{\"@type\":\"Organization\",\"@id\":\"https:\/\/www.prijedordanas.com\/#organization\",\"name\":\"PrijedorDanas.com\",\"url\":\"https:\/\/www.prijedordanas.com\/\",\"logo\":{\"@type\":\"ImageObject\",\"inLanguage\":\"en-US\",\"@id\":\"https:\/\/www.prijedordanas.com\/#\/schema\/logo\/image\/\",\"url\":\"http:\/\/www.prijedordanas.com\/wp-content\/uploads\/2021\/12\/logopng.png\",\"contentUrl\":\"http:\/\/www.prijedordanas.com\/wp-content\/uploads\/2021\/12\/logopng.png\",\"width\":1019,\"height\":776,\"caption\":\"PrijedorDanas.com\"},\"image\":{\"@id\":\"https:\/\/www.prijedordanas.com\/#\/schema\/logo\/image\/\"},\"sameAs\":[\"https:\/\/www.facebook.com\/PrijedorDanasCom\/\"]},{\"@type\":\"Person\",\"@id\":\"https:\/\/www.prijedordanas.com\/#\/schema\/person\/4e08ccf29b506ca916ff86d46bb700e6\",\"name\":\"admin\",\"image\":{\"@type\":\"ImageObject\",\"inLanguage\":\"en-US\",\"@id\":\"https:\/\/www.prijedordanas.com\/#\/schema\/person\/image\/\",\"url\":\"https:\/\/secure.gravatar.com\/avatar\/1d3fc949d550f0b53a5f0d51e06dfd79?s=96&d=mm&r=g\",\"contentUrl\":\"https:\/\/secure.gravatar.com\/avatar\/1d3fc949d550f0b53a5f0d51e06dfd79?s=96&d=mm&r=g\",\"caption\":\"admin\"},\"url\":\"https:\/\/www.prijedordanas.com\/?author=1\"}]}<\/script>\n<!-- \/ Yoast SEO plugin. -->","yoast_head_json":{"title":"ODBORNICI U PRIJEDORU \u017dALE SE NA SME\u0106E PORED PUTA, GRADONA\u010cELNIK ODGOVARA: \u201cKAZNE NISU RJE\u0160ENJE\u201d - PrijedorDanas.com - Prijedorski gradski portal","robots":{"index":"index","follow":"follow","max-snippet":"max-snippet:-1","max-image-preview":"max-image-preview:large","max-video-preview":"max-video-preview:-1"},"canonical":"https:\/\/www.prijedordanas.com\/?p=105103","og_locale":"en_US","og_type":"article","og_title":"ODBORNICI U PRIJEDORU \u017dALE SE NA SME\u0106E PORED PUTA, GRADONA\u010cELNIK ODGOVARA: \u201cKAZNE NISU RJE\u0160ENJE\u201d - PrijedorDanas.com - Prijedorski gradski portal","og_description":"Odbornici u Skup\u0161tini grada Prijedora na nedavnom zasjedanju iznijeli su primjedbe zbog sme\u0107a pored puteva na podru\u010dju grada, dok su se iz preduze\u0107a \u201eKomunalne usluge\u201d naveli da su najve\u0107i prihod [&hellip;]","og_url":"https:\/\/www.prijedordanas.com\/?p=105103","og_site_name":"PrijedorDanas.com - Prijedorski gradski portal","article_publisher":"https:\/\/www.facebook.com\/PrijedorDanasCom\/","article_published_time":"2018-05-16T14:12:31+00:00","og_image":[{"url":"https:\/\/www.prijedordanas.com\/wp-content\/uploads\/2018\/05\/blic-smece-prijedor-1-300x225.jpg"}],"author":"admin","twitter_card":"summary_large_image","twitter_misc":{"Written by":"admin","Est. reading time":"3 minutes"},"schema":{"@context":"https:\/\/schema.org","@graph":[{"@type":"Article","@id":"https:\/\/www.prijedordanas.com\/?p=105103#article","isPartOf":{"@id":"https:\/\/www.prijedordanas.com\/?p=105103"},"author":{"name":"admin","@id":"https:\/\/www.prijedordanas.com\/#\/schema\/person\/4e08ccf29b506ca916ff86d46bb700e6"},"headline":"ODBORNICI U PRIJEDORU \u017dALE SE NA SME\u0106E PORED PUTA, GRADONA\u010cELNIK ODGOVARA: \u201cKAZNE NISU RJE\u0160ENJE\u201d","datePublished":"2018-05-16T14:12:31+00:00","dateModified":"2018-05-16T14:12:31+00:00","mainEntityOfPage":{"@id":"https:\/\/www.prijedordanas.com\/?p=105103"},"wordCount":587,"publisher":{"@id":"https:\/\/www.prijedordanas.com\/#organization"},"keywords":["sme\u0107e"],"articleSection":["Svakodnevno"],"inLanguage":"en-US"},{"@type":"WebPage","@id":"https:\/\/www.prijedordanas.com\/?p=105103","url":"https:\/\/www.prijedordanas.com\/?p=105103","name":"ODBORNICI U PRIJEDORU \u017dALE SE NA SME\u0106E PORED PUTA, GRADONA\u010cELNIK ODGOVARA: \u201cKAZNE NISU RJE\u0160ENJE\u201d - PrijedorDanas.com - Prijedorski gradski portal","isPartOf":{"@id":"https:\/\/www.prijedordanas.com\/#website"},"datePublished":"2018-05-16T14:12:31+00:00","dateModified":"2018-05-16T14:12:31+00:00","breadcrumb":{"@id":"https:\/\/www.prijedordanas.com\/?p=105103#breadcrumb"},"inLanguage":"en-US","potentialAction":[{"@type":"ReadAction","target":["https:\/\/www.prijedordanas.com\/?p=105103"]}]},{"@type":"BreadcrumbList","@id":"https:\/\/www.prijedordanas.com\/?p=105103#breadcrumb","itemListElement":[{"@type":"ListItem","position":1,"name":"Home","item":"https:\/\/www.prijedordanas.com\/"},{"@type":"ListItem","position":2,"name":"ODBORNICI U PRIJEDORU \u017dALE SE NA SME\u0106E PORED PUTA, GRADONA\u010cELNIK ODGOVARA: \u201cKAZNE NISU RJE\u0160ENJE\u201d"}]},{"@type":"WebSite","@id":"https:\/\/www.prijedordanas.com\/#website","url":"https:\/\/www.prijedordanas.com\/","name":"PrijedorDanas.com - Prijedorski gradski portal","description":"Portal o doga\u0111anjima u gradu Prijedoru","publisher":{"@id":"https:\/\/www.prijedordanas.com\/#organization"},"potentialAction":[{"@type":"SearchAction","target":{"@type":"EntryPoint","urlTemplate":"https:\/\/www.prijedordanas.com\/?s={search_term_string}"},"query-input":"required name=search_term_string"}],"inLanguage":"en-US"},{"@type":"Organization","@id":"https:\/\/www.prijedordanas.com\/#organization","name":"PrijedorDanas.com","url":"https:\/\/www.prijedordanas.com\/","logo":{"@type":"ImageObject","inLanguage":"en-US","@id":"https:\/\/www.prijedordanas.com\/#\/schema\/logo\/image\/","url":"http:\/\/www.prijedordanas.com\/wp-content\/uploads\/2021\/12\/logopng.png","contentUrl":"http:\/\/www.prijedordanas.com\/wp-content\/uploads\/2021\/12\/logopng.png","width":1019,"height":776,"caption":"PrijedorDanas.com"},"image":{"@id":"https:\/\/www.prijedordanas.com\/#\/schema\/logo\/image\/"},"sameAs":["https:\/\/www.facebook.com\/PrijedorDanasCom\/"]},{"@type":"Person","@id":"https:\/\/www.prijedordanas.com\/#\/schema\/person\/4e08ccf29b506ca916ff86d46bb700e6","name":"admin","image":{"@type":"ImageObject","inLanguage":"en-US","@id":"https:\/\/www.prijedordanas.com\/#\/schema\/person\/image\/","url":"https:\/\/secure.gravatar.com\/avatar\/1d3fc949d550f0b53a5f0d51e06dfd79?s=96&d=mm&r=g","contentUrl":"https:\/\/secure.gravatar.com\/avatar\/1d3fc949d550f0b53a5f0d51e06dfd79?s=96&d=mm&r=g","caption":"admin"},"url":"https:\/\/www.prijedordanas.com\/?author=1"}]}},"_links":{"self":[{"href":"https:\/\/www.prijedordanas.com\/index.php?rest_route=\/wp\/v2\/posts\/105103"}],"collection":[{"href":"https:\/\/www.prijedordanas.com\/index.php?rest_route=\/wp\/v2\/posts"}],"about":[{"href":"https:\/\/www.prijedordanas.com\/index.php?rest_route=\/wp\/v2\/types\/post"}],"author":[{"embeddable":true,"href":"https:\/\/www.prijedordanas.com\/index.php?rest_route=\/wp\/v2\/users\/1"}],"replies":[{"embeddable":true,"href":"https:\/\/www.prijedordanas.com\/index.php?rest_route=%2Fwp%2Fv2%2Fcomments&post=105103"}],"version-history":[{"count":2,"href":"https:\/\/www.prijedordanas.com\/index.php?rest_route=\/wp\/v2\/posts\/105103\/revisions"}],"predecessor-version":[{"id":105116,"href":"https:\/\/www.prijedordanas.com\/index.php?rest_route=\/wp\/v2\/posts\/105103\/revisions\/105116"}],"wp:attachment":[{"href":"https:\/\/www.prijedordanas.com\/index.php?rest_route=%2Fwp%2Fv2%2Fmedia&parent=105103"}],"wp:term":[{"taxonomy":"category","embeddable":true,"href":"https:\/\/www.prijedordanas.com\/index.php?rest_route=%2Fwp%2Fv2%2Fcategories&post=105103"},{"taxonomy":"post_tag","embeddable":true,"href":"https:\/\/www.prijedordanas.com\/index.php?rest_route=%2Fwp%2Fv2%2Ftags&post=105103"}],"curies":[{"name":"wp","href":"https:\/\/api.w.org\/{rel}","templated":true}]}}