{"id":105037,"date":"2018-05-17T08:57:54","date_gmt":"2018-05-17T06:57:54","guid":{"rendered":"https:\/\/www.prijedordanas.com\/?p=105037"},"modified":"2018-05-17T08:57:54","modified_gmt":"2018-05-17T06:57:54","slug":"sudenje-mrda-i-ostali-izvodenje-iz-autobusa-na-putu-prema-manjaci","status":"publish","type":"post","link":"https:\/\/www.prijedordanas.com\/?p=105037","title":{"rendered":"SU\u0110ENJE MR\u0110A I OSTALI: IZVO\u0110ENJE IZ AUTOBUSA NA PUTU PREMA \u201cMANJA\u010cI\u201d"},"content":{"rendered":"<p><a href=\"https:\/\/www.prijedordanas.com\/wp-content\/uploads\/2017\/10\/sud-bih-12.jpg\"><img loading=\"lazy\" decoding=\"async\" src=\"https:\/\/www.prijedordanas.com\/wp-content\/uploads\/2017\/10\/sud-bih-12-300x222.jpg\" alt=\"\" width=\"300\" height=\"222\" class=\"alignleft size-medium wp-image-90929\" srcset=\"https:\/\/www.prijedordanas.com\/wp-content\/uploads\/2017\/10\/sud-bih-12-300x222.jpg 300w, https:\/\/www.prijedordanas.com\/wp-content\/uploads\/2017\/10\/sud-bih-12-100x74.jpg 100w, https:\/\/www.prijedordanas.com\/wp-content\/uploads\/2017\/10\/sud-bih-12.jpg 675w\" sizes=\"(max-width: 300px) 100vw, 300px\" \/><\/a>Na su\u0111enju trojici biv\u0161ih policajaca za zlo\u010dine po\u010dinjene u Prijedoru, svjedok Odbrane Zorana Babi\u0107a se prisjetio kako su na putu od \u201cOmarske\u201d ka \u201cManja\u010di\u201d neki zatvorenici izvedeni, nakon \u010dega se nisu vratili u autobuse.<\/p>\n<p>Svjedok O2-1 je ispri\u010dao da je bio u \u201cOmarskoj\u201d do po\u010detka augusta 1992., kada je s drugim zarobljenicima uveden u autobuse, koji su ih, kako je kasnije shvatio, odvezli u \u201cManja\u010du\u201d. Tokom puta, kako je kazao, zatvorenici su premla\u0107ivani.<\/p>\n<p>Kolona sa autobusima, prisjetio se svjedok, usred no\u0107i se zaustavila u blizini jedne \u0161umice, tada su po\u010dela prozivanja i ljudi su krenuli izlaziti, a me\u0111u njima su bili Dedo Crnali\u0107 i Babi\u0107 zvani \u0110uzin.<\/p>\n<p>\u201cKada je \u0110uzin prozvan, do\u0161ao je ispred autobusa u kojem sam bio. \u010cuo sam da je rekao: \u2018\u0160to mene, kume?\u2019, a preuzeo ga je Grabe\u017e, kojeg sam prepoznao po glasu i koji mu je rekao: \u2018Vidjet \u0107e\u0161 ti ko je hamal\u2019, nakon \u010dega ga je odveo u \u0161umicu\u201d, izjavio je svjedok i pojasnio da je Grabe\u017ea dobro poznavao.<\/p>\n<p>Prema svjedoku O2-1, \u0110uzin i Grabe\u017e sami su krenuli prema \u0161umici, a Grabe\u017e se sam vratio nakon 10 do 15 minuta i odlo\u017eio je ne\u0161to \u0161to je svjedoka asociralo na no\u017e.<\/p>\n<p>\u201cU autobusima nismo smjeli da gledamo, a Dedu Crnali\u0107a sam otpratio do vrata i neko mu je na ramena stavio kaput. U autobus se nije vratio\u201d, dodao je svjedok i naglasio da je po dolasku pred \u201cManja\u010du\u201d od drugih \u010duo da su Dedo i \u0110uzin ubijeni.<\/p>\n<p>Za optu\u017eenog Babi\u0107a je kazao kako je od drugih iz autobusa \u010duo da je on bio njihova pratnja tokom prijevoza.<\/p>\n<p>Odgovaraju\u0107i na unakrsna pitanja Tu\u017eila\u0161tva BiH, svjedok je rekao da ispred \u201cManja\u010de\u201d nije zapazio da je bilo premla\u0107ivanja, a pojasnio je da je tokom vo\u017enje umro Osman Deni\u0107, koji je bio bolestan i koji je premla\u0107en na pisti u \u201cOmarskoj\u201d.<\/p>\n<p>Babi\u0107a, Darka Mr\u0111u i Radenka Marinovi\u0107a, biv\u0161e pripadnike Interventnog voda pri Stanici javne bezbjednosti (SJB) Prijedor, optu\u017enica tereti da su u\u010destvovali u progonu bo\u0161nja\u010dkog stanovni\u0161tva u okviru \u0161irokog i sistemati\u010dnog napada vojske i policije Republike Srpske (RS). Na teret su im stavljena ubistva, prisilni nestanci i ne\u010dovje\u010dno postupanje 1992. godine.<\/p>\n<p>Drugi svjedok Novak Mr\u0161i\u0107 je izjavio da je optu\u017eeni Marinovi\u0107 ranjen 1991. godine, dok je bio u Jugoslovenskoj narodnoj armiji (JNA) u Vukovaru, te je s njegovim roditeljima i\u0161ao po njega u Beograd, a poslije toga je dugo i\u0161ao na preglede i rehabilitaciju.<\/p>\n<p>Kako je istakao svjedok, Marinovi\u0107 je hodao uz pomo\u0107 \u0161taka, a kasnije je, unato\u010d stanju u kojem se nalazio, anga\u017eovan u de\u017eurstvu u \u201cnekom interventnom vodu rezervne milicije\u201d.<\/p>\n<p>\u201cDali su mu neki zadatak da ode negdje, ali zbog stanja u kojem se nalazio nije oti\u0161ao i tad je u rezervnoj miliciji dobio otkaz\u201d, kazao je svjedok.<\/p>\n<p>U korist Odbrane Marinovi\u0107a svjedo\u010dio je i Milan Gavrilovi\u0107, koji je rekao da se s njim spontano upoznao nakon rata, prije 15-20 godina, kada je \u010duo da je optu\u017eeni radio u miliciji. Za Gavrilovi\u0107a je jo\u0161 kazao da je primjer \u010dovjeka u Prijedoru i da je trener d\u017eudo kluba.<\/p>\n<p>Gavrilovi\u0107a je Dr\u017eavni sud pravosna\u017eno oslobodio krivnje za zlo\u010dine po\u010dinjene u Prijedoru, odnosno da je poni\u017eavaju\u0107e postupao prema zatvorenicima prilikom obezbje\u0111ivanja transporta iz logora \u201cOmarska\u201d na \u201cManja\u010du\u201d.<\/p>\n<p>Nastavak su\u0111enja je 25. maja.<\/p>\n<p>BIRN<\/p>\n","protected":false},"excerpt":{"rendered":"<p>Na su\u0111enju trojici biv\u0161ih policajaca za zlo\u010dine po\u010dinjene u Prijedoru, svjedok Odbrane Zorana Babi\u0107a se prisjetio kako su na putu od \u201cOmarske\u201d ka \u201cManja\u010di\u201d neki zatvorenici izvedeni, nakon \u010dega se [&hellip;]<\/p>\n","protected":false},"author":1,"featured_media":0,"comment_status":"closed","ping_status":"open","sticky":false,"template":"","format":"standard","meta":{"_monsterinsights_skip_tracking":false,"_monsterinsights_sitenote_active":false,"_monsterinsights_sitenote_note":"","_monsterinsights_sitenote_category":0,"footnotes":""},"categories":[5],"tags":[531],"yoast_head":"<!-- This site is optimized with the Yoast SEO plugin v21.6 - https:\/\/yoast.com\/wordpress\/plugins\/seo\/ -->\n<title>SU\u0110ENJE MR\u0110A I OSTALI: IZVO\u0110ENJE IZ AUTOBUSA NA PUTU PREMA \u201cMANJA\u010cI\u201d - PrijedorDanas.com - Prijedorski gradski portal<\/title>\n<meta name=\"robots\" content=\"index, follow, max-snippet:-1, max-image-preview:large, max-video-preview:-1\" \/>\n<link rel=\"canonical\" href=\"https:\/\/www.prijedordanas.com\/?p=105037\" \/>\n<meta property=\"og:locale\" content=\"en_US\" \/>\n<meta property=\"og:type\" content=\"article\" \/>\n<meta property=\"og:title\" content=\"SU\u0110ENJE MR\u0110A I OSTALI: IZVO\u0110ENJE IZ AUTOBUSA NA PUTU PREMA \u201cMANJA\u010cI\u201d - PrijedorDanas.com - Prijedorski gradski portal\" \/>\n<meta property=\"og:description\" content=\"Na su\u0111enju trojici biv\u0161ih policajaca za zlo\u010dine po\u010dinjene u Prijedoru, svjedok Odbrane Zorana Babi\u0107a se prisjetio kako su na putu od \u201cOmarske\u201d ka \u201cManja\u010di\u201d neki zatvorenici izvedeni, nakon \u010dega se [&hellip;]\" \/>\n<meta property=\"og:url\" content=\"https:\/\/www.prijedordanas.com\/?p=105037\" \/>\n<meta property=\"og:site_name\" content=\"PrijedorDanas.com - Prijedorski gradski portal\" \/>\n<meta property=\"article:publisher\" content=\"https:\/\/www.facebook.com\/PrijedorDanasCom\/\" \/>\n<meta property=\"article:published_time\" content=\"2018-05-17T06:57:54+00:00\" \/>\n<meta property=\"og:image\" content=\"https:\/\/www.prijedordanas.com\/wp-content\/uploads\/2017\/10\/sud-bih-12-300x222.jpg\" \/>\n<meta name=\"author\" content=\"admin\" \/>\n<meta name=\"twitter:card\" content=\"summary_large_image\" \/>\n<meta name=\"twitter:label1\" content=\"Written by\" \/>\n\t<meta name=\"twitter:data1\" content=\"admin\" \/>\n\t<meta name=\"twitter:label2\" content=\"Est. reading time\" \/>\n\t<meta name=\"twitter:data2\" content=\"3 minutes\" \/>\n<script type=\"application\/ld+json\" class=\"yoast-schema-graph\">{\"@context\":\"https:\/\/schema.org\",\"@graph\":[{\"@type\":\"Article\",\"@id\":\"https:\/\/www.prijedordanas.com\/?p=105037#article\",\"isPartOf\":{\"@id\":\"https:\/\/www.prijedordanas.com\/?p=105037\"},\"author\":{\"name\":\"admin\",\"@id\":\"https:\/\/www.prijedordanas.com\/#\/schema\/person\/4e08ccf29b506ca916ff86d46bb700e6\"},\"headline\":\"SU\u0110ENJE MR\u0110A I OSTALI: IZVO\u0110ENJE IZ AUTOBUSA NA PUTU PREMA \u201cMANJA\u010cI\u201d\",\"datePublished\":\"2018-05-17T06:57:54+00:00\",\"dateModified\":\"2018-05-17T06:57:54+00:00\",\"mainEntityOfPage\":{\"@id\":\"https:\/\/www.prijedordanas.com\/?p=105037\"},\"wordCount\":606,\"publisher\":{\"@id\":\"https:\/\/www.prijedordanas.com\/#organization\"},\"keywords\":[\"Sud BiH\"],\"articleSection\":[\"Hronika\"],\"inLanguage\":\"en-US\"},{\"@type\":\"WebPage\",\"@id\":\"https:\/\/www.prijedordanas.com\/?p=105037\",\"url\":\"https:\/\/www.prijedordanas.com\/?p=105037\",\"name\":\"SU\u0110ENJE MR\u0110A I OSTALI: IZVO\u0110ENJE IZ AUTOBUSA NA PUTU PREMA \u201cMANJA\u010cI\u201d - PrijedorDanas.com - Prijedorski gradski portal\",\"isPartOf\":{\"@id\":\"https:\/\/www.prijedordanas.com\/#website\"},\"datePublished\":\"2018-05-17T06:57:54+00:00\",\"dateModified\":\"2018-05-17T06:57:54+00:00\",\"breadcrumb\":{\"@id\":\"https:\/\/www.prijedordanas.com\/?p=105037#breadcrumb\"},\"inLanguage\":\"en-US\",\"potentialAction\":[{\"@type\":\"ReadAction\",\"target\":[\"https:\/\/www.prijedordanas.com\/?p=105037\"]}]},{\"@type\":\"BreadcrumbList\",\"@id\":\"https:\/\/www.prijedordanas.com\/?p=105037#breadcrumb\",\"itemListElement\":[{\"@type\":\"ListItem\",\"position\":1,\"name\":\"Home\",\"item\":\"https:\/\/www.prijedordanas.com\/\"},{\"@type\":\"ListItem\",\"position\":2,\"name\":\"SU\u0110ENJE MR\u0110A I OSTALI: IZVO\u0110ENJE IZ AUTOBUSA NA PUTU PREMA \u201cMANJA\u010cI\u201d\"}]},{\"@type\":\"WebSite\",\"@id\":\"https:\/\/www.prijedordanas.com\/#website\",\"url\":\"https:\/\/www.prijedordanas.com\/\",\"name\":\"PrijedorDanas.com - Prijedorski gradski portal\",\"description\":\"Portal o doga\u0111anjima u gradu Prijedoru\",\"publisher\":{\"@id\":\"https:\/\/www.prijedordanas.com\/#organization\"},\"potentialAction\":[{\"@type\":\"SearchAction\",\"target\":{\"@type\":\"EntryPoint\",\"urlTemplate\":\"https:\/\/www.prijedordanas.com\/?s={search_term_string}\"},\"query-input\":\"required name=search_term_string\"}],\"inLanguage\":\"en-US\"},{\"@type\":\"Organization\",\"@id\":\"https:\/\/www.prijedordanas.com\/#organization\",\"name\":\"PrijedorDanas.com\",\"url\":\"https:\/\/www.prijedordanas.com\/\",\"logo\":{\"@type\":\"ImageObject\",\"inLanguage\":\"en-US\",\"@id\":\"https:\/\/www.prijedordanas.com\/#\/schema\/logo\/image\/\",\"url\":\"http:\/\/www.prijedordanas.com\/wp-content\/uploads\/2021\/12\/logopng.png\",\"contentUrl\":\"http:\/\/www.prijedordanas.com\/wp-content\/uploads\/2021\/12\/logopng.png\",\"width\":1019,\"height\":776,\"caption\":\"PrijedorDanas.com\"},\"image\":{\"@id\":\"https:\/\/www.prijedordanas.com\/#\/schema\/logo\/image\/\"},\"sameAs\":[\"https:\/\/www.facebook.com\/PrijedorDanasCom\/\"]},{\"@type\":\"Person\",\"@id\":\"https:\/\/www.prijedordanas.com\/#\/schema\/person\/4e08ccf29b506ca916ff86d46bb700e6\",\"name\":\"admin\",\"image\":{\"@type\":\"ImageObject\",\"inLanguage\":\"en-US\",\"@id\":\"https:\/\/www.prijedordanas.com\/#\/schema\/person\/image\/\",\"url\":\"https:\/\/secure.gravatar.com\/avatar\/1d3fc949d550f0b53a5f0d51e06dfd79?s=96&d=mm&r=g\",\"contentUrl\":\"https:\/\/secure.gravatar.com\/avatar\/1d3fc949d550f0b53a5f0d51e06dfd79?s=96&d=mm&r=g\",\"caption\":\"admin\"},\"url\":\"https:\/\/www.prijedordanas.com\/?author=1\"}]}<\/script>\n<!-- \/ Yoast SEO plugin. -->","yoast_head_json":{"title":"SU\u0110ENJE MR\u0110A I OSTALI: IZVO\u0110ENJE IZ AUTOBUSA NA PUTU PREMA \u201cMANJA\u010cI\u201d - PrijedorDanas.com - Prijedorski gradski portal","robots":{"index":"index","follow":"follow","max-snippet":"max-snippet:-1","max-image-preview":"max-image-preview:large","max-video-preview":"max-video-preview:-1"},"canonical":"https:\/\/www.prijedordanas.com\/?p=105037","og_locale":"en_US","og_type":"article","og_title":"SU\u0110ENJE MR\u0110A I OSTALI: IZVO\u0110ENJE IZ AUTOBUSA NA PUTU PREMA \u201cMANJA\u010cI\u201d - PrijedorDanas.com - Prijedorski gradski portal","og_description":"Na su\u0111enju trojici biv\u0161ih policajaca za zlo\u010dine po\u010dinjene u Prijedoru, svjedok Odbrane Zorana Babi\u0107a se prisjetio kako su na putu od \u201cOmarske\u201d ka \u201cManja\u010di\u201d neki zatvorenici izvedeni, nakon \u010dega se [&hellip;]","og_url":"https:\/\/www.prijedordanas.com\/?p=105037","og_site_name":"PrijedorDanas.com - Prijedorski gradski portal","article_publisher":"https:\/\/www.facebook.com\/PrijedorDanasCom\/","article_published_time":"2018-05-17T06:57:54+00:00","og_image":[{"url":"https:\/\/www.prijedordanas.com\/wp-content\/uploads\/2017\/10\/sud-bih-12-300x222.jpg"}],"author":"admin","twitter_card":"summary_large_image","twitter_misc":{"Written by":"admin","Est. reading time":"3 minutes"},"schema":{"@context":"https:\/\/schema.org","@graph":[{"@type":"Article","@id":"https:\/\/www.prijedordanas.com\/?p=105037#article","isPartOf":{"@id":"https:\/\/www.prijedordanas.com\/?p=105037"},"author":{"name":"admin","@id":"https:\/\/www.prijedordanas.com\/#\/schema\/person\/4e08ccf29b506ca916ff86d46bb700e6"},"headline":"SU\u0110ENJE MR\u0110A I OSTALI: IZVO\u0110ENJE IZ AUTOBUSA NA PUTU PREMA \u201cMANJA\u010cI\u201d","datePublished":"2018-05-17T06:57:54+00:00","dateModified":"2018-05-17T06:57:54+00:00","mainEntityOfPage":{"@id":"https:\/\/www.prijedordanas.com\/?p=105037"},"wordCount":606,"publisher":{"@id":"https:\/\/www.prijedordanas.com\/#organization"},"keywords":["Sud BiH"],"articleSection":["Hronika"],"inLanguage":"en-US"},{"@type":"WebPage","@id":"https:\/\/www.prijedordanas.com\/?p=105037","url":"https:\/\/www.prijedordanas.com\/?p=105037","name":"SU\u0110ENJE MR\u0110A I OSTALI: IZVO\u0110ENJE IZ AUTOBUSA NA PUTU PREMA \u201cMANJA\u010cI\u201d - PrijedorDanas.com - Prijedorski gradski portal","isPartOf":{"@id":"https:\/\/www.prijedordanas.com\/#website"},"datePublished":"2018-05-17T06:57:54+00:00","dateModified":"2018-05-17T06:57:54+00:00","breadcrumb":{"@id":"https:\/\/www.prijedordanas.com\/?p=105037#breadcrumb"},"inLanguage":"en-US","potentialAction":[{"@type":"ReadAction","target":["https:\/\/www.prijedordanas.com\/?p=105037"]}]},{"@type":"BreadcrumbList","@id":"https:\/\/www.prijedordanas.com\/?p=105037#breadcrumb","itemListElement":[{"@type":"ListItem","position":1,"name":"Home","item":"https:\/\/www.prijedordanas.com\/"},{"@type":"ListItem","position":2,"name":"SU\u0110ENJE MR\u0110A I OSTALI: IZVO\u0110ENJE IZ AUTOBUSA NA PUTU PREMA \u201cMANJA\u010cI\u201d"}]},{"@type":"WebSite","@id":"https:\/\/www.prijedordanas.com\/#website","url":"https:\/\/www.prijedordanas.com\/","name":"PrijedorDanas.com - Prijedorski gradski portal","description":"Portal o doga\u0111anjima u gradu Prijedoru","publisher":{"@id":"https:\/\/www.prijedordanas.com\/#organization"},"potentialAction":[{"@type":"SearchAction","target":{"@type":"EntryPoint","urlTemplate":"https:\/\/www.prijedordanas.com\/?s={search_term_string}"},"query-input":"required name=search_term_string"}],"inLanguage":"en-US"},{"@type":"Organization","@id":"https:\/\/www.prijedordanas.com\/#organization","name":"PrijedorDanas.com","url":"https:\/\/www.prijedordanas.com\/","logo":{"@type":"ImageObject","inLanguage":"en-US","@id":"https:\/\/www.prijedordanas.com\/#\/schema\/logo\/image\/","url":"http:\/\/www.prijedordanas.com\/wp-content\/uploads\/2021\/12\/logopng.png","contentUrl":"http:\/\/www.prijedordanas.com\/wp-content\/uploads\/2021\/12\/logopng.png","width":1019,"height":776,"caption":"PrijedorDanas.com"},"image":{"@id":"https:\/\/www.prijedordanas.com\/#\/schema\/logo\/image\/"},"sameAs":["https:\/\/www.facebook.com\/PrijedorDanasCom\/"]},{"@type":"Person","@id":"https:\/\/www.prijedordanas.com\/#\/schema\/person\/4e08ccf29b506ca916ff86d46bb700e6","name":"admin","image":{"@type":"ImageObject","inLanguage":"en-US","@id":"https:\/\/www.prijedordanas.com\/#\/schema\/person\/image\/","url":"https:\/\/secure.gravatar.com\/avatar\/1d3fc949d550f0b53a5f0d51e06dfd79?s=96&d=mm&r=g","contentUrl":"https:\/\/secure.gravatar.com\/avatar\/1d3fc949d550f0b53a5f0d51e06dfd79?s=96&d=mm&r=g","caption":"admin"},"url":"https:\/\/www.prijedordanas.com\/?author=1"}]}},"_links":{"self":[{"href":"https:\/\/www.prijedordanas.com\/index.php?rest_route=\/wp\/v2\/posts\/105037"}],"collection":[{"href":"https:\/\/www.prijedordanas.com\/index.php?rest_route=\/wp\/v2\/posts"}],"about":[{"href":"https:\/\/www.prijedordanas.com\/index.php?rest_route=\/wp\/v2\/types\/post"}],"author":[{"embeddable":true,"href":"https:\/\/www.prijedordanas.com\/index.php?rest_route=\/wp\/v2\/users\/1"}],"replies":[{"embeddable":true,"href":"https:\/\/www.prijedordanas.com\/index.php?rest_route=%2Fwp%2Fv2%2Fcomments&post=105037"}],"version-history":[{"count":1,"href":"https:\/\/www.prijedordanas.com\/index.php?rest_route=\/wp\/v2\/posts\/105037\/revisions"}],"predecessor-version":[{"id":105038,"href":"https:\/\/www.prijedordanas.com\/index.php?rest_route=\/wp\/v2\/posts\/105037\/revisions\/105038"}],"wp:attachment":[{"href":"https:\/\/www.prijedordanas.com\/index.php?rest_route=%2Fwp%2Fv2%2Fmedia&parent=105037"}],"wp:term":[{"taxonomy":"category","embeddable":true,"href":"https:\/\/www.prijedordanas.com\/index.php?rest_route=%2Fwp%2Fv2%2Fcategories&post=105037"},{"taxonomy":"post_tag","embeddable":true,"href":"https:\/\/www.prijedordanas.com\/index.php?rest_route=%2Fwp%2Fv2%2Ftags&post=105037"}],"curies":[{"name":"wp","href":"https:\/\/api.w.org\/{rel}","templated":true}]}}