{"id":10490,"date":"2014-11-11T05:31:58","date_gmt":"2014-11-11T04:31:58","guid":{"rendered":"https:\/\/www.prijedordanas.com\/?p=10490"},"modified":"2014-11-11T05:31:58","modified_gmt":"2014-11-11T04:31:58","slug":"ljudske-muke-hoce-li-poplavljeni-moci-zimu-predeverati-u-izbjeglistvu-i-na-kredit","status":"publish","type":"post","link":"https:\/\/www.prijedordanas.com\/?p=10490","title":{"rendered":"LJUDSKE MUKE: HO\u0106E LI POPLAVLJENI MO\u0106I ZIMU PREDEVERATI U IZBJEGLI\u0160TVU I NA KREDIT"},"content":{"rendered":"<p><a href=\"https:\/\/www.prijedordanas.com\/wp-content\/uploads\/2014\/11\/avaz-ravejda.jpg\"><img loading=\"lazy\" decoding=\"async\" src=\"https:\/\/www.prijedordanas.com\/wp-content\/uploads\/2014\/11\/avaz-ravejda-300x186.jpg\" alt=\"avaz-ravejda\" width=\"300\" height=\"186\" class=\"alignleft size-medium wp-image-10491\" srcset=\"https:\/\/www.prijedordanas.com\/wp-content\/uploads\/2014\/11\/avaz-ravejda-300x186.jpg 300w, https:\/\/www.prijedordanas.com\/wp-content\/uploads\/2014\/11\/avaz-ravejda.jpg 600w\" sizes=\"(max-width: 300px) 100vw, 300px\" \/><\/a>U majskim poplavama u BiH bez krova nad glavom ostalo je najmanje 10.000 porodica, odnosno 43.000 ljudi, prema slu\u017ebenim podacima. Istovremeno, niko ne vodi statistiku o ku\u0107ama u koje je u\u0161la vlaga, \u010diji su temelji uzdrmani, namje\u0161taj uni\u0161ten. Vjeruje se da je izme\u0111u milion i po i dva miliona ljudi u BiH pogo\u0111eno direktno ili indirektno ovom elementarnom katastrofom u kojoj su vlasti pokazale potpunu nemo\u0107. \u0160tete od poplava koje su se ponovile u avgustu nisu ni procijenjene.<\/p>\n<p>\u017drtve poplava i klizi\u0161ta u na\u0161oj zemlji sa zebnjom do\u010dekuju zimske dane. Vlast i dalje pokazuje birokratsku non\u0161alantnost prema sudbinama ovih ljudi kojima nedostaju drva za ogrjev, \u017eivotne namirnice, namje\u0161taj, posteljina. Opet su ostavljeni da se sami snalaze. <\/p>\n<p>U ve\u0107ini slu\u010dajeva gra\u0111ani sami popravljaju svoje domove, a vlasti kao i uvijek &#8211; obe\u0107avaju.<\/p>\n<p>Posljedice od poplava vidljive su na svakoj drugoj ku\u0107i i u nekoliko prijedorskih naselja gdje je vodena bujica u skoro 5.000 doma\u0107instava odnijela mukom ste\u010denu imovinu. <\/p>\n<p>Vlada RS poplavljenima je podijelila vau\u010dere u iznosu od po 5.000 maraka, ali to je nedovoljno za sanaciju. <\/p>\n<p>Ravejdi Hergi\u0107 (61), mje\u0161tanki Starog Grada, naselja u centru Prijedora, voda je protutnjala kroz ku\u0107u i ostavila brisani prostor. S vau\u010derom je u posljednja dva mjeseca uspjela popraviti vanjske stepenice, nadzidati \u0161upu, staviti nove prozore i vrata na ku\u0107u&#8230; I kuhinja s dnevnim boravkom je pod novim podom. <\/p>\n<p>Hergi\u0107, koja boluje od karcinoma, \u017eivi sa suprugom Mehmedom (82), koji ima istu dijagnozu. Nepokretan je, trebaju mu pelene, njega, stalno zagrijana soba&#8230; Najve\u0107i problem su drva.   <\/p>\n<p>&#8211; Kupila sam malo manje od dva metra drva i to je sve \u0161to imam. Trajat \u0107e mo\u017eda 20-ak dana, jer Mehmedu je stalno hladno. Moram da lo\u017eim, a kako \u0107u nova kupiti, to ne znam, jer nas dvoje \u017eivimo od penzije koja, kad se odbije sto maraka kredita koji sam morala podi\u0107i kako bih platila majstore, sada iznosi 200 maraka. Pa, ti vidi &#8211; pri\u010da nam kroz pla\u010d ova nesretna \u017eena pokazuju\u0107i nam ruke nate\u010dene od pranja ve\u0161a, jer za vau\u010der nije uspjela kupiti i ve\u0161-ma\u0161inu. Nema ni fri\u017eidera, jer ga je odnijela voda. <\/p>\n<p>Dnevni avaz<\/p>\n","protected":false},"excerpt":{"rendered":"<p>U majskim poplavama u BiH bez krova nad glavom ostalo je najmanje 10.000 porodica, odnosno 43.000 ljudi, prema slu\u017ebenim podacima. Istovremeno, niko ne vodi statistiku o ku\u0107ama u koje je [&hellip;]<\/p>\n","protected":false},"author":1,"featured_media":0,"comment_status":"closed","ping_status":"open","sticky":false,"template":"","format":"standard","meta":{"_monsterinsights_skip_tracking":false,"_monsterinsights_sitenote_active":false,"_monsterinsights_sitenote_note":"","_monsterinsights_sitenote_category":0,"footnotes":""},"categories":[3],"tags":[2659],"yoast_head":"<!-- This site is optimized with the Yoast SEO plugin v21.6 - https:\/\/yoast.com\/wordpress\/plugins\/seo\/ -->\n<title>LJUDSKE MUKE: HO\u0106E LI POPLAVLJENI MO\u0106I ZIMU PREDEVERATI U IZBJEGLI\u0160TVU I NA KREDIT - PrijedorDanas.com - Prijedorski gradski portal<\/title>\n<meta name=\"robots\" content=\"index, follow, max-snippet:-1, max-image-preview:large, max-video-preview:-1\" \/>\n<link rel=\"canonical\" href=\"https:\/\/www.prijedordanas.com\/?p=10490\" \/>\n<meta property=\"og:locale\" content=\"en_US\" \/>\n<meta property=\"og:type\" content=\"article\" \/>\n<meta property=\"og:title\" content=\"LJUDSKE MUKE: HO\u0106E LI POPLAVLJENI MO\u0106I ZIMU PREDEVERATI U IZBJEGLI\u0160TVU I NA KREDIT - PrijedorDanas.com - Prijedorski gradski portal\" \/>\n<meta property=\"og:description\" content=\"U majskim poplavama u BiH bez krova nad glavom ostalo je najmanje 10.000 porodica, odnosno 43.000 ljudi, prema slu\u017ebenim podacima. Istovremeno, niko ne vodi statistiku o ku\u0107ama u koje je [&hellip;]\" \/>\n<meta property=\"og:url\" content=\"https:\/\/www.prijedordanas.com\/?p=10490\" \/>\n<meta property=\"og:site_name\" content=\"PrijedorDanas.com - Prijedorski gradski portal\" \/>\n<meta property=\"article:publisher\" content=\"https:\/\/www.facebook.com\/PrijedorDanasCom\/\" \/>\n<meta property=\"article:published_time\" content=\"2014-11-11T04:31:58+00:00\" \/>\n<meta property=\"og:image\" content=\"https:\/\/www.prijedordanas.com\/wp-content\/uploads\/2014\/11\/avaz-ravejda-300x186.jpg\" \/>\n<meta name=\"author\" content=\"admin\" \/>\n<meta name=\"twitter:card\" content=\"summary_large_image\" \/>\n<meta name=\"twitter:label1\" content=\"Written by\" \/>\n\t<meta name=\"twitter:data1\" content=\"admin\" \/>\n\t<meta name=\"twitter:label2\" content=\"Est. reading time\" \/>\n\t<meta name=\"twitter:data2\" content=\"2 minutes\" \/>\n<script type=\"application\/ld+json\" class=\"yoast-schema-graph\">{\"@context\":\"https:\/\/schema.org\",\"@graph\":[{\"@type\":\"Article\",\"@id\":\"https:\/\/www.prijedordanas.com\/?p=10490#article\",\"isPartOf\":{\"@id\":\"https:\/\/www.prijedordanas.com\/?p=10490\"},\"author\":{\"name\":\"admin\",\"@id\":\"https:\/\/www.prijedordanas.com\/#\/schema\/person\/4e08ccf29b506ca916ff86d46bb700e6\"},\"headline\":\"LJUDSKE MUKE: HO\u0106E LI POPLAVLJENI MO\u0106I ZIMU PREDEVERATI U IZBJEGLI\u0160TVU I NA KREDIT\",\"datePublished\":\"2014-11-11T04:31:58+00:00\",\"dateModified\":\"2014-11-11T04:31:58+00:00\",\"mainEntityOfPage\":{\"@id\":\"https:\/\/www.prijedordanas.com\/?p=10490\"},\"wordCount\":392,\"publisher\":{\"@id\":\"https:\/\/www.prijedordanas.com\/#organization\"},\"keywords\":[\"Ravejda Hergi\u0107\"],\"articleSection\":[\"\u017divot\"],\"inLanguage\":\"en-US\"},{\"@type\":\"WebPage\",\"@id\":\"https:\/\/www.prijedordanas.com\/?p=10490\",\"url\":\"https:\/\/www.prijedordanas.com\/?p=10490\",\"name\":\"LJUDSKE MUKE: HO\u0106E LI POPLAVLJENI MO\u0106I ZIMU PREDEVERATI U IZBJEGLI\u0160TVU I NA KREDIT - PrijedorDanas.com - Prijedorski gradski portal\",\"isPartOf\":{\"@id\":\"https:\/\/www.prijedordanas.com\/#website\"},\"datePublished\":\"2014-11-11T04:31:58+00:00\",\"dateModified\":\"2014-11-11T04:31:58+00:00\",\"breadcrumb\":{\"@id\":\"https:\/\/www.prijedordanas.com\/?p=10490#breadcrumb\"},\"inLanguage\":\"en-US\",\"potentialAction\":[{\"@type\":\"ReadAction\",\"target\":[\"https:\/\/www.prijedordanas.com\/?p=10490\"]}]},{\"@type\":\"BreadcrumbList\",\"@id\":\"https:\/\/www.prijedordanas.com\/?p=10490#breadcrumb\",\"itemListElement\":[{\"@type\":\"ListItem\",\"position\":1,\"name\":\"Home\",\"item\":\"https:\/\/www.prijedordanas.com\/\"},{\"@type\":\"ListItem\",\"position\":2,\"name\":\"LJUDSKE MUKE: HO\u0106E LI POPLAVLJENI MO\u0106I ZIMU PREDEVERATI U IZBJEGLI\u0160TVU I NA KREDIT\"}]},{\"@type\":\"WebSite\",\"@id\":\"https:\/\/www.prijedordanas.com\/#website\",\"url\":\"https:\/\/www.prijedordanas.com\/\",\"name\":\"PrijedorDanas.com - Prijedorski gradski portal\",\"description\":\"Portal o doga\u0111anjima u gradu Prijedoru\",\"publisher\":{\"@id\":\"https:\/\/www.prijedordanas.com\/#organization\"},\"potentialAction\":[{\"@type\":\"SearchAction\",\"target\":{\"@type\":\"EntryPoint\",\"urlTemplate\":\"https:\/\/www.prijedordanas.com\/?s={search_term_string}\"},\"query-input\":\"required name=search_term_string\"}],\"inLanguage\":\"en-US\"},{\"@type\":\"Organization\",\"@id\":\"https:\/\/www.prijedordanas.com\/#organization\",\"name\":\"PrijedorDanas.com\",\"url\":\"https:\/\/www.prijedordanas.com\/\",\"logo\":{\"@type\":\"ImageObject\",\"inLanguage\":\"en-US\",\"@id\":\"https:\/\/www.prijedordanas.com\/#\/schema\/logo\/image\/\",\"url\":\"http:\/\/www.prijedordanas.com\/wp-content\/uploads\/2021\/12\/logopng.png\",\"contentUrl\":\"http:\/\/www.prijedordanas.com\/wp-content\/uploads\/2021\/12\/logopng.png\",\"width\":1019,\"height\":776,\"caption\":\"PrijedorDanas.com\"},\"image\":{\"@id\":\"https:\/\/www.prijedordanas.com\/#\/schema\/logo\/image\/\"},\"sameAs\":[\"https:\/\/www.facebook.com\/PrijedorDanasCom\/\"]},{\"@type\":\"Person\",\"@id\":\"https:\/\/www.prijedordanas.com\/#\/schema\/person\/4e08ccf29b506ca916ff86d46bb700e6\",\"name\":\"admin\",\"image\":{\"@type\":\"ImageObject\",\"inLanguage\":\"en-US\",\"@id\":\"https:\/\/www.prijedordanas.com\/#\/schema\/person\/image\/\",\"url\":\"https:\/\/secure.gravatar.com\/avatar\/1d3fc949d550f0b53a5f0d51e06dfd79?s=96&d=mm&r=g\",\"contentUrl\":\"https:\/\/secure.gravatar.com\/avatar\/1d3fc949d550f0b53a5f0d51e06dfd79?s=96&d=mm&r=g\",\"caption\":\"admin\"},\"url\":\"https:\/\/www.prijedordanas.com\/?author=1\"}]}<\/script>\n<!-- \/ Yoast SEO plugin. -->","yoast_head_json":{"title":"LJUDSKE MUKE: HO\u0106E LI POPLAVLJENI MO\u0106I ZIMU PREDEVERATI U IZBJEGLI\u0160TVU I NA KREDIT - PrijedorDanas.com - Prijedorski gradski portal","robots":{"index":"index","follow":"follow","max-snippet":"max-snippet:-1","max-image-preview":"max-image-preview:large","max-video-preview":"max-video-preview:-1"},"canonical":"https:\/\/www.prijedordanas.com\/?p=10490","og_locale":"en_US","og_type":"article","og_title":"LJUDSKE MUKE: HO\u0106E LI POPLAVLJENI MO\u0106I ZIMU PREDEVERATI U IZBJEGLI\u0160TVU I NA KREDIT - PrijedorDanas.com - Prijedorski gradski portal","og_description":"U majskim poplavama u BiH bez krova nad glavom ostalo je najmanje 10.000 porodica, odnosno 43.000 ljudi, prema slu\u017ebenim podacima. Istovremeno, niko ne vodi statistiku o ku\u0107ama u koje je [&hellip;]","og_url":"https:\/\/www.prijedordanas.com\/?p=10490","og_site_name":"PrijedorDanas.com - Prijedorski gradski portal","article_publisher":"https:\/\/www.facebook.com\/PrijedorDanasCom\/","article_published_time":"2014-11-11T04:31:58+00:00","og_image":[{"url":"https:\/\/www.prijedordanas.com\/wp-content\/uploads\/2014\/11\/avaz-ravejda-300x186.jpg"}],"author":"admin","twitter_card":"summary_large_image","twitter_misc":{"Written by":"admin","Est. reading time":"2 minutes"},"schema":{"@context":"https:\/\/schema.org","@graph":[{"@type":"Article","@id":"https:\/\/www.prijedordanas.com\/?p=10490#article","isPartOf":{"@id":"https:\/\/www.prijedordanas.com\/?p=10490"},"author":{"name":"admin","@id":"https:\/\/www.prijedordanas.com\/#\/schema\/person\/4e08ccf29b506ca916ff86d46bb700e6"},"headline":"LJUDSKE MUKE: HO\u0106E LI POPLAVLJENI MO\u0106I ZIMU PREDEVERATI U IZBJEGLI\u0160TVU I NA KREDIT","datePublished":"2014-11-11T04:31:58+00:00","dateModified":"2014-11-11T04:31:58+00:00","mainEntityOfPage":{"@id":"https:\/\/www.prijedordanas.com\/?p=10490"},"wordCount":392,"publisher":{"@id":"https:\/\/www.prijedordanas.com\/#organization"},"keywords":["Ravejda Hergi\u0107"],"articleSection":["\u017divot"],"inLanguage":"en-US"},{"@type":"WebPage","@id":"https:\/\/www.prijedordanas.com\/?p=10490","url":"https:\/\/www.prijedordanas.com\/?p=10490","name":"LJUDSKE MUKE: HO\u0106E LI POPLAVLJENI MO\u0106I ZIMU PREDEVERATI U IZBJEGLI\u0160TVU I NA KREDIT - PrijedorDanas.com - Prijedorski gradski portal","isPartOf":{"@id":"https:\/\/www.prijedordanas.com\/#website"},"datePublished":"2014-11-11T04:31:58+00:00","dateModified":"2014-11-11T04:31:58+00:00","breadcrumb":{"@id":"https:\/\/www.prijedordanas.com\/?p=10490#breadcrumb"},"inLanguage":"en-US","potentialAction":[{"@type":"ReadAction","target":["https:\/\/www.prijedordanas.com\/?p=10490"]}]},{"@type":"BreadcrumbList","@id":"https:\/\/www.prijedordanas.com\/?p=10490#breadcrumb","itemListElement":[{"@type":"ListItem","position":1,"name":"Home","item":"https:\/\/www.prijedordanas.com\/"},{"@type":"ListItem","position":2,"name":"LJUDSKE MUKE: HO\u0106E LI POPLAVLJENI MO\u0106I ZIMU PREDEVERATI U IZBJEGLI\u0160TVU I NA KREDIT"}]},{"@type":"WebSite","@id":"https:\/\/www.prijedordanas.com\/#website","url":"https:\/\/www.prijedordanas.com\/","name":"PrijedorDanas.com - Prijedorski gradski portal","description":"Portal o doga\u0111anjima u gradu Prijedoru","publisher":{"@id":"https:\/\/www.prijedordanas.com\/#organization"},"potentialAction":[{"@type":"SearchAction","target":{"@type":"EntryPoint","urlTemplate":"https:\/\/www.prijedordanas.com\/?s={search_term_string}"},"query-input":"required name=search_term_string"}],"inLanguage":"en-US"},{"@type":"Organization","@id":"https:\/\/www.prijedordanas.com\/#organization","name":"PrijedorDanas.com","url":"https:\/\/www.prijedordanas.com\/","logo":{"@type":"ImageObject","inLanguage":"en-US","@id":"https:\/\/www.prijedordanas.com\/#\/schema\/logo\/image\/","url":"http:\/\/www.prijedordanas.com\/wp-content\/uploads\/2021\/12\/logopng.png","contentUrl":"http:\/\/www.prijedordanas.com\/wp-content\/uploads\/2021\/12\/logopng.png","width":1019,"height":776,"caption":"PrijedorDanas.com"},"image":{"@id":"https:\/\/www.prijedordanas.com\/#\/schema\/logo\/image\/"},"sameAs":["https:\/\/www.facebook.com\/PrijedorDanasCom\/"]},{"@type":"Person","@id":"https:\/\/www.prijedordanas.com\/#\/schema\/person\/4e08ccf29b506ca916ff86d46bb700e6","name":"admin","image":{"@type":"ImageObject","inLanguage":"en-US","@id":"https:\/\/www.prijedordanas.com\/#\/schema\/person\/image\/","url":"https:\/\/secure.gravatar.com\/avatar\/1d3fc949d550f0b53a5f0d51e06dfd79?s=96&d=mm&r=g","contentUrl":"https:\/\/secure.gravatar.com\/avatar\/1d3fc949d550f0b53a5f0d51e06dfd79?s=96&d=mm&r=g","caption":"admin"},"url":"https:\/\/www.prijedordanas.com\/?author=1"}]}},"_links":{"self":[{"href":"https:\/\/www.prijedordanas.com\/index.php?rest_route=\/wp\/v2\/posts\/10490"}],"collection":[{"href":"https:\/\/www.prijedordanas.com\/index.php?rest_route=\/wp\/v2\/posts"}],"about":[{"href":"https:\/\/www.prijedordanas.com\/index.php?rest_route=\/wp\/v2\/types\/post"}],"author":[{"embeddable":true,"href":"https:\/\/www.prijedordanas.com\/index.php?rest_route=\/wp\/v2\/users\/1"}],"replies":[{"embeddable":true,"href":"https:\/\/www.prijedordanas.com\/index.php?rest_route=%2Fwp%2Fv2%2Fcomments&post=10490"}],"version-history":[{"count":1,"href":"https:\/\/www.prijedordanas.com\/index.php?rest_route=\/wp\/v2\/posts\/10490\/revisions"}],"predecessor-version":[{"id":10492,"href":"https:\/\/www.prijedordanas.com\/index.php?rest_route=\/wp\/v2\/posts\/10490\/revisions\/10492"}],"wp:attachment":[{"href":"https:\/\/www.prijedordanas.com\/index.php?rest_route=%2Fwp%2Fv2%2Fmedia&parent=10490"}],"wp:term":[{"taxonomy":"category","embeddable":true,"href":"https:\/\/www.prijedordanas.com\/index.php?rest_route=%2Fwp%2Fv2%2Fcategories&post=10490"},{"taxonomy":"post_tag","embeddable":true,"href":"https:\/\/www.prijedordanas.com\/index.php?rest_route=%2Fwp%2Fv2%2Ftags&post=10490"}],"curies":[{"name":"wp","href":"https:\/\/api.w.org\/{rel}","templated":true}]}}