{"id":104879,"date":"2018-05-12T14:29:26","date_gmt":"2018-05-12T12:29:26","guid":{"rendered":"https:\/\/www.prijedordanas.com\/?p=104879"},"modified":"2018-05-12T14:29:26","modified_gmt":"2018-05-12T12:29:26","slug":"sjajni-kacavenda-nakon-poraza-od-irske-i-oprostaja-od-evropskog-prvenstva-mijenjao-bih-sve-odbrane-za-prolaz-dalje","status":"publish","type":"post","link":"https:\/\/www.prijedordanas.com\/?p=104879","title":{"rendered":"SJAJNI KA\u010cAVENDA NAKON PORAZA OD IRSKE I OPRO\u0160TAJA OD EVROPSKOG PRVENSTVA: MIJENJAO BIH SVE ODBRANE ZA PROLAZ DALJE"},"content":{"rendered":"<p><a href=\"https:\/\/www.prijedordanas.com\/wp-content\/uploads\/2018\/05\/nfsbih-bih-irska-2.jpg\"><img loading=\"lazy\" decoding=\"async\" class=\"alignleft size-medium wp-image-104880\" src=\"https:\/\/www.prijedordanas.com\/wp-content\/uploads\/2018\/05\/nfsbih-bih-irska-2-300x217.jpg\" alt=\"\" width=\"300\" height=\"217\" srcset=\"https:\/\/www.prijedordanas.com\/wp-content\/uploads\/2018\/05\/nfsbih-bih-irska-2-300x217.jpg 300w, https:\/\/www.prijedordanas.com\/wp-content\/uploads\/2018\/05\/nfsbih-bih-irska-2-100x72.jpg 100w, https:\/\/www.prijedordanas.com\/wp-content\/uploads\/2018\/05\/nfsbih-bih-irska-2.jpg 690w\" sizes=\"(max-width: 300px) 100vw, 300px\" \/><\/a>Kadetska reprezentacija BiH ju\u010de se oprostila od Evropskog prvenstva u Engleskoj. Pora\u017eena je 2:0 u odlu\u010duju\u0107oj utakmici od Irske, te je ostala bez nokaut faze.<\/p>\n<p>Ipak, bh. kadeti su na sjajan na\u010din predstavljali na\u0161u dr\u017eavu u Engleskoj.<\/p>\n<p>Davali su sve od sebe na terenu, a posebno se isticao Luka Ka\u010davenda, na\u0161 mladi \u010duvar mre\u017ee.<\/p>\n<p>Briljirao je ovaj Prijedor\u010danin na svim utakmicama, pa tako i ju\u010de. <\/p>\n<p>Mo\u017eemo re\u0107i da je mladi golman Vojvodine bio ponajbolji pojedinac u bh. reprezentaciji na Evropskom prvenstvu, uprkos osam primljenih golova u tri me\u010da grupne faze.<\/p>\n<p><a href=\"https:\/\/www.prijedordanas.com\/wp-content\/uploads\/2018\/05\/nfsbih-bih-irska-1.jpg\"><img loading=\"lazy\" decoding=\"async\" src=\"https:\/\/www.prijedordanas.com\/wp-content\/uploads\/2018\/05\/nfsbih-bih-irska-1-300x217.jpg\" alt=\"\" width=\"300\" height=\"217\" class=\"alignleft size-medium wp-image-104881\" srcset=\"https:\/\/www.prijedordanas.com\/wp-content\/uploads\/2018\/05\/nfsbih-bih-irska-1-300x217.jpg 300w, https:\/\/www.prijedordanas.com\/wp-content\/uploads\/2018\/05\/nfsbih-bih-irska-1-100x72.jpg 100w, https:\/\/www.prijedordanas.com\/wp-content\/uploads\/2018\/05\/nfsbih-bih-irska-1.jpg 690w\" sizes=\"(max-width: 300px) 100vw, 300px\" \/><\/a>&#8220;Pa, sigurno je da nismo razo\u010darali. Napravili smo veliki uspjeh samim dolaskom u Englesku. Osvojili smo tri boda, a mislim da je moglo vi\u0161e, prije svega danas i protiv Belgije. Ipak, ne treba da \u017ealimo, obradovali smo naciju&#8221;, poru\u010dio je mladi bh. golman pa nastavio:<\/p>\n<p>&#8220;Sam plasman je veliki uspjeh, a mo\u017eda \u0107e neke druge generacije uspjeti u\u010diniti vi\u0161e.&#8221;<\/p>\n<p>&#8220;Volio bih da smo pro\u0161li. Danas smo igrali dosta dobro, mo\u017eda smo mogli i pobijediti&#8230; Mijenjao bih sve odbrane za prolaz dalje, ali \u0161ta je tu je&#8221;, dodao je na kraju Luka Ka\u010davenda.<\/p>\n<p>Sportsport.ba<\/p>\n<div style=\"width: 640px;\" class=\"wp-video\"><!--[if lt IE 9]><script>document.createElement('video');<\/script><![endif]-->\n<video class=\"wp-video-shortcode\" id=\"video-104879-1\" width=\"640\" height=\"360\" preload=\"metadata\" controls=\"controls\"><source type=\"video\/mp4\" src=\"https:\/\/sportsport.ba\/assets\/video\/files\/1526049065-kacavenda-nakon-irske.mp4?_=1\" \/><a href=\"https:\/\/sportsport.ba\/assets\/video\/files\/1526049065-kacavenda-nakon-irske.mp4\">https:\/\/sportsport.ba\/assets\/video\/files\/1526049065-kacavenda-nakon-irske.mp4<\/a><\/video><\/div>\n","protected":false},"excerpt":{"rendered":"<p>Kadetska reprezentacija BiH ju\u010de se oprostila od Evropskog prvenstva u Engleskoj. Pora\u017eena je 2:0 u odlu\u010duju\u0107oj utakmici od Irske, te je ostala bez nokaut faze. Ipak, bh. kadeti su na [&hellip;]<\/p>\n","protected":false},"author":1,"featured_media":0,"comment_status":"closed","ping_status":"open","sticky":false,"template":"","format":"standard","meta":{"_monsterinsights_skip_tracking":false,"_monsterinsights_sitenote_active":false,"_monsterinsights_sitenote_note":"","_monsterinsights_sitenote_category":0,"footnotes":""},"categories":[7],"tags":[2607],"yoast_head":"<!-- This site is optimized with the Yoast SEO plugin v21.6 - https:\/\/yoast.com\/wordpress\/plugins\/seo\/ -->\n<title>SJAJNI KA\u010cAVENDA NAKON PORAZA OD IRSKE I OPRO\u0160TAJA OD EVROPSKOG PRVENSTVA: MIJENJAO BIH SVE ODBRANE ZA PROLAZ DALJE - PrijedorDanas.com - Prijedorski gradski portal<\/title>\n<meta name=\"robots\" content=\"index, follow, max-snippet:-1, max-image-preview:large, max-video-preview:-1\" \/>\n<link rel=\"canonical\" href=\"https:\/\/www.prijedordanas.com\/?p=104879\" \/>\n<meta property=\"og:locale\" content=\"en_US\" \/>\n<meta property=\"og:type\" content=\"article\" \/>\n<meta property=\"og:title\" content=\"SJAJNI KA\u010cAVENDA NAKON PORAZA OD IRSKE I OPRO\u0160TAJA OD EVROPSKOG PRVENSTVA: MIJENJAO BIH SVE ODBRANE ZA PROLAZ DALJE - PrijedorDanas.com - Prijedorski gradski portal\" \/>\n<meta property=\"og:description\" content=\"Kadetska reprezentacija BiH ju\u010de se oprostila od Evropskog prvenstva u Engleskoj. Pora\u017eena je 2:0 u odlu\u010duju\u0107oj utakmici od Irske, te je ostala bez nokaut faze. Ipak, bh. kadeti su na [&hellip;]\" \/>\n<meta property=\"og:url\" content=\"https:\/\/www.prijedordanas.com\/?p=104879\" \/>\n<meta property=\"og:site_name\" content=\"PrijedorDanas.com - Prijedorski gradski portal\" \/>\n<meta property=\"article:publisher\" content=\"https:\/\/www.facebook.com\/PrijedorDanasCom\/\" \/>\n<meta property=\"article:published_time\" content=\"2018-05-12T12:29:26+00:00\" \/>\n<meta property=\"og:image\" content=\"https:\/\/www.prijedordanas.com\/wp-content\/uploads\/2018\/05\/nfsbih-bih-irska-2-300x217.jpg\" \/>\n<meta name=\"author\" content=\"admin\" \/>\n<meta name=\"twitter:card\" content=\"summary_large_image\" \/>\n<meta name=\"twitter:label1\" content=\"Written by\" \/>\n\t<meta name=\"twitter:data1\" content=\"admin\" \/>\n\t<meta name=\"twitter:label2\" content=\"Est. reading time\" \/>\n\t<meta name=\"twitter:data2\" content=\"1 minute\" \/>\n<script type=\"application\/ld+json\" class=\"yoast-schema-graph\">{\"@context\":\"https:\/\/schema.org\",\"@graph\":[{\"@type\":\"Article\",\"@id\":\"https:\/\/www.prijedordanas.com\/?p=104879#article\",\"isPartOf\":{\"@id\":\"https:\/\/www.prijedordanas.com\/?p=104879\"},\"author\":{\"name\":\"admin\",\"@id\":\"https:\/\/www.prijedordanas.com\/#\/schema\/person\/4e08ccf29b506ca916ff86d46bb700e6\"},\"headline\":\"SJAJNI KA\u010cAVENDA NAKON PORAZA OD IRSKE I OPRO\u0160TAJA OD EVROPSKOG PRVENSTVA: MIJENJAO BIH SVE ODBRANE ZA PROLAZ DALJE\",\"datePublished\":\"2018-05-12T12:29:26+00:00\",\"dateModified\":\"2018-05-12T12:29:26+00:00\",\"mainEntityOfPage\":{\"@id\":\"https:\/\/www.prijedordanas.com\/?p=104879\"},\"wordCount\":234,\"publisher\":{\"@id\":\"https:\/\/www.prijedordanas.com\/#organization\"},\"keywords\":[\"Luka Ka\u010davenda\"],\"articleSection\":[\"Sport\"],\"inLanguage\":\"en-US\"},{\"@type\":\"WebPage\",\"@id\":\"https:\/\/www.prijedordanas.com\/?p=104879\",\"url\":\"https:\/\/www.prijedordanas.com\/?p=104879\",\"name\":\"SJAJNI KA\u010cAVENDA NAKON PORAZA OD IRSKE I OPRO\u0160TAJA OD EVROPSKOG PRVENSTVA: MIJENJAO BIH SVE ODBRANE ZA PROLAZ DALJE - PrijedorDanas.com - Prijedorski gradski portal\",\"isPartOf\":{\"@id\":\"https:\/\/www.prijedordanas.com\/#website\"},\"datePublished\":\"2018-05-12T12:29:26+00:00\",\"dateModified\":\"2018-05-12T12:29:26+00:00\",\"breadcrumb\":{\"@id\":\"https:\/\/www.prijedordanas.com\/?p=104879#breadcrumb\"},\"inLanguage\":\"en-US\",\"potentialAction\":[{\"@type\":\"ReadAction\",\"target\":[\"https:\/\/www.prijedordanas.com\/?p=104879\"]}]},{\"@type\":\"BreadcrumbList\",\"@id\":\"https:\/\/www.prijedordanas.com\/?p=104879#breadcrumb\",\"itemListElement\":[{\"@type\":\"ListItem\",\"position\":1,\"name\":\"Home\",\"item\":\"https:\/\/www.prijedordanas.com\/\"},{\"@type\":\"ListItem\",\"position\":2,\"name\":\"SJAJNI KA\u010cAVENDA NAKON PORAZA OD IRSKE I OPRO\u0160TAJA OD EVROPSKOG PRVENSTVA: MIJENJAO BIH SVE ODBRANE ZA PROLAZ DALJE\"}]},{\"@type\":\"WebSite\",\"@id\":\"https:\/\/www.prijedordanas.com\/#website\",\"url\":\"https:\/\/www.prijedordanas.com\/\",\"name\":\"PrijedorDanas.com - Prijedorski gradski portal\",\"description\":\"Portal o doga\u0111anjima u gradu Prijedoru\",\"publisher\":{\"@id\":\"https:\/\/www.prijedordanas.com\/#organization\"},\"potentialAction\":[{\"@type\":\"SearchAction\",\"target\":{\"@type\":\"EntryPoint\",\"urlTemplate\":\"https:\/\/www.prijedordanas.com\/?s={search_term_string}\"},\"query-input\":\"required name=search_term_string\"}],\"inLanguage\":\"en-US\"},{\"@type\":\"Organization\",\"@id\":\"https:\/\/www.prijedordanas.com\/#organization\",\"name\":\"PrijedorDanas.com\",\"url\":\"https:\/\/www.prijedordanas.com\/\",\"logo\":{\"@type\":\"ImageObject\",\"inLanguage\":\"en-US\",\"@id\":\"https:\/\/www.prijedordanas.com\/#\/schema\/logo\/image\/\",\"url\":\"http:\/\/www.prijedordanas.com\/wp-content\/uploads\/2021\/12\/logopng.png\",\"contentUrl\":\"http:\/\/www.prijedordanas.com\/wp-content\/uploads\/2021\/12\/logopng.png\",\"width\":1019,\"height\":776,\"caption\":\"PrijedorDanas.com\"},\"image\":{\"@id\":\"https:\/\/www.prijedordanas.com\/#\/schema\/logo\/image\/\"},\"sameAs\":[\"https:\/\/www.facebook.com\/PrijedorDanasCom\/\"]},{\"@type\":\"Person\",\"@id\":\"https:\/\/www.prijedordanas.com\/#\/schema\/person\/4e08ccf29b506ca916ff86d46bb700e6\",\"name\":\"admin\",\"image\":{\"@type\":\"ImageObject\",\"inLanguage\":\"en-US\",\"@id\":\"https:\/\/www.prijedordanas.com\/#\/schema\/person\/image\/\",\"url\":\"https:\/\/secure.gravatar.com\/avatar\/1d3fc949d550f0b53a5f0d51e06dfd79?s=96&d=mm&r=g\",\"contentUrl\":\"https:\/\/secure.gravatar.com\/avatar\/1d3fc949d550f0b53a5f0d51e06dfd79?s=96&d=mm&r=g\",\"caption\":\"admin\"},\"url\":\"https:\/\/www.prijedordanas.com\/?author=1\"}]}<\/script>\n<!-- \/ Yoast SEO plugin. -->","yoast_head_json":{"title":"SJAJNI KA\u010cAVENDA NAKON PORAZA OD IRSKE I OPRO\u0160TAJA OD EVROPSKOG PRVENSTVA: MIJENJAO BIH SVE ODBRANE ZA PROLAZ DALJE - PrijedorDanas.com - Prijedorski gradski portal","robots":{"index":"index","follow":"follow","max-snippet":"max-snippet:-1","max-image-preview":"max-image-preview:large","max-video-preview":"max-video-preview:-1"},"canonical":"https:\/\/www.prijedordanas.com\/?p=104879","og_locale":"en_US","og_type":"article","og_title":"SJAJNI KA\u010cAVENDA NAKON PORAZA OD IRSKE I OPRO\u0160TAJA OD EVROPSKOG PRVENSTVA: MIJENJAO BIH SVE ODBRANE ZA PROLAZ DALJE - PrijedorDanas.com - Prijedorski gradski portal","og_description":"Kadetska reprezentacija BiH ju\u010de se oprostila od Evropskog prvenstva u Engleskoj. Pora\u017eena je 2:0 u odlu\u010duju\u0107oj utakmici od Irske, te je ostala bez nokaut faze. Ipak, bh. kadeti su na [&hellip;]","og_url":"https:\/\/www.prijedordanas.com\/?p=104879","og_site_name":"PrijedorDanas.com - Prijedorski gradski portal","article_publisher":"https:\/\/www.facebook.com\/PrijedorDanasCom\/","article_published_time":"2018-05-12T12:29:26+00:00","og_image":[{"url":"https:\/\/www.prijedordanas.com\/wp-content\/uploads\/2018\/05\/nfsbih-bih-irska-2-300x217.jpg"}],"author":"admin","twitter_card":"summary_large_image","twitter_misc":{"Written by":"admin","Est. reading time":"1 minute"},"schema":{"@context":"https:\/\/schema.org","@graph":[{"@type":"Article","@id":"https:\/\/www.prijedordanas.com\/?p=104879#article","isPartOf":{"@id":"https:\/\/www.prijedordanas.com\/?p=104879"},"author":{"name":"admin","@id":"https:\/\/www.prijedordanas.com\/#\/schema\/person\/4e08ccf29b506ca916ff86d46bb700e6"},"headline":"SJAJNI KA\u010cAVENDA NAKON PORAZA OD IRSKE I OPRO\u0160TAJA OD EVROPSKOG PRVENSTVA: MIJENJAO BIH SVE ODBRANE ZA PROLAZ DALJE","datePublished":"2018-05-12T12:29:26+00:00","dateModified":"2018-05-12T12:29:26+00:00","mainEntityOfPage":{"@id":"https:\/\/www.prijedordanas.com\/?p=104879"},"wordCount":234,"publisher":{"@id":"https:\/\/www.prijedordanas.com\/#organization"},"keywords":["Luka Ka\u010davenda"],"articleSection":["Sport"],"inLanguage":"en-US"},{"@type":"WebPage","@id":"https:\/\/www.prijedordanas.com\/?p=104879","url":"https:\/\/www.prijedordanas.com\/?p=104879","name":"SJAJNI KA\u010cAVENDA NAKON PORAZA OD IRSKE I OPRO\u0160TAJA OD EVROPSKOG PRVENSTVA: MIJENJAO BIH SVE ODBRANE ZA PROLAZ DALJE - PrijedorDanas.com - Prijedorski gradski portal","isPartOf":{"@id":"https:\/\/www.prijedordanas.com\/#website"},"datePublished":"2018-05-12T12:29:26+00:00","dateModified":"2018-05-12T12:29:26+00:00","breadcrumb":{"@id":"https:\/\/www.prijedordanas.com\/?p=104879#breadcrumb"},"inLanguage":"en-US","potentialAction":[{"@type":"ReadAction","target":["https:\/\/www.prijedordanas.com\/?p=104879"]}]},{"@type":"BreadcrumbList","@id":"https:\/\/www.prijedordanas.com\/?p=104879#breadcrumb","itemListElement":[{"@type":"ListItem","position":1,"name":"Home","item":"https:\/\/www.prijedordanas.com\/"},{"@type":"ListItem","position":2,"name":"SJAJNI KA\u010cAVENDA NAKON PORAZA OD IRSKE I OPRO\u0160TAJA OD EVROPSKOG PRVENSTVA: MIJENJAO BIH SVE ODBRANE ZA PROLAZ DALJE"}]},{"@type":"WebSite","@id":"https:\/\/www.prijedordanas.com\/#website","url":"https:\/\/www.prijedordanas.com\/","name":"PrijedorDanas.com - Prijedorski gradski portal","description":"Portal o doga\u0111anjima u gradu Prijedoru","publisher":{"@id":"https:\/\/www.prijedordanas.com\/#organization"},"potentialAction":[{"@type":"SearchAction","target":{"@type":"EntryPoint","urlTemplate":"https:\/\/www.prijedordanas.com\/?s={search_term_string}"},"query-input":"required name=search_term_string"}],"inLanguage":"en-US"},{"@type":"Organization","@id":"https:\/\/www.prijedordanas.com\/#organization","name":"PrijedorDanas.com","url":"https:\/\/www.prijedordanas.com\/","logo":{"@type":"ImageObject","inLanguage":"en-US","@id":"https:\/\/www.prijedordanas.com\/#\/schema\/logo\/image\/","url":"http:\/\/www.prijedordanas.com\/wp-content\/uploads\/2021\/12\/logopng.png","contentUrl":"http:\/\/www.prijedordanas.com\/wp-content\/uploads\/2021\/12\/logopng.png","width":1019,"height":776,"caption":"PrijedorDanas.com"},"image":{"@id":"https:\/\/www.prijedordanas.com\/#\/schema\/logo\/image\/"},"sameAs":["https:\/\/www.facebook.com\/PrijedorDanasCom\/"]},{"@type":"Person","@id":"https:\/\/www.prijedordanas.com\/#\/schema\/person\/4e08ccf29b506ca916ff86d46bb700e6","name":"admin","image":{"@type":"ImageObject","inLanguage":"en-US","@id":"https:\/\/www.prijedordanas.com\/#\/schema\/person\/image\/","url":"https:\/\/secure.gravatar.com\/avatar\/1d3fc949d550f0b53a5f0d51e06dfd79?s=96&d=mm&r=g","contentUrl":"https:\/\/secure.gravatar.com\/avatar\/1d3fc949d550f0b53a5f0d51e06dfd79?s=96&d=mm&r=g","caption":"admin"},"url":"https:\/\/www.prijedordanas.com\/?author=1"}]}},"_links":{"self":[{"href":"https:\/\/www.prijedordanas.com\/index.php?rest_route=\/wp\/v2\/posts\/104879"}],"collection":[{"href":"https:\/\/www.prijedordanas.com\/index.php?rest_route=\/wp\/v2\/posts"}],"about":[{"href":"https:\/\/www.prijedordanas.com\/index.php?rest_route=\/wp\/v2\/types\/post"}],"author":[{"embeddable":true,"href":"https:\/\/www.prijedordanas.com\/index.php?rest_route=\/wp\/v2\/users\/1"}],"replies":[{"embeddable":true,"href":"https:\/\/www.prijedordanas.com\/index.php?rest_route=%2Fwp%2Fv2%2Fcomments&post=104879"}],"version-history":[{"count":1,"href":"https:\/\/www.prijedordanas.com\/index.php?rest_route=\/wp\/v2\/posts\/104879\/revisions"}],"predecessor-version":[{"id":104882,"href":"https:\/\/www.prijedordanas.com\/index.php?rest_route=\/wp\/v2\/posts\/104879\/revisions\/104882"}],"wp:attachment":[{"href":"https:\/\/www.prijedordanas.com\/index.php?rest_route=%2Fwp%2Fv2%2Fmedia&parent=104879"}],"wp:term":[{"taxonomy":"category","embeddable":true,"href":"https:\/\/www.prijedordanas.com\/index.php?rest_route=%2Fwp%2Fv2%2Fcategories&post=104879"},{"taxonomy":"post_tag","embeddable":true,"href":"https:\/\/www.prijedordanas.com\/index.php?rest_route=%2Fwp%2Fv2%2Ftags&post=104879"}],"curies":[{"name":"wp","href":"https:\/\/api.w.org\/{rel}","templated":true}]}}