{"id":104834,"date":"2018-05-11T13:56:01","date_gmt":"2018-05-11T11:56:01","guid":{"rendered":"https:\/\/www.prijedordanas.com\/?p=104834"},"modified":"2018-05-11T13:56:01","modified_gmt":"2018-05-11T11:56:01","slug":"od-vrckaste-curice-do-uspjesne-poslovne-zene","status":"publish","type":"post","link":"https:\/\/www.prijedordanas.com\/?p=104834","title":{"rendered":"OD VRCKASTE CURICE DO USPJE\u0160NE POSLOVNE \u017dENE"},"content":{"rendered":"<p><a href=\"https:\/\/www.prijedordanas.com\/wp-content\/uploads\/2018\/05\/govedarica-kroz-godine.jpg\"><img loading=\"lazy\" decoding=\"async\" class=\"alignleft size-medium wp-image-104835\" src=\"https:\/\/www.prijedordanas.com\/wp-content\/uploads\/2018\/05\/govedarica-kroz-godine-300x217.jpg\" alt=\"\" width=\"300\" height=\"217\" srcset=\"https:\/\/www.prijedordanas.com\/wp-content\/uploads\/2018\/05\/govedarica-kroz-godine-300x217.jpg 300w, https:\/\/www.prijedordanas.com\/wp-content\/uploads\/2018\/05\/govedarica-kroz-godine-100x72.jpg 100w, https:\/\/www.prijedordanas.com\/wp-content\/uploads\/2018\/05\/govedarica-kroz-godine.jpg 690w\" sizes=\"(max-width: 300px) 100vw, 300px\" \/><\/a>Razgovarali smo sa svestranom Prijedor\u010dankom Jelenom Govedaricom koja pored zavidne karijere top modela BiH, i manekenke, ima \u010dak 53 modno-scenska performansa za koje je potpisala scenario, koreografiju, scenografiju i organizaciju.<\/p>\n<p>Uradila je preko 20 projekata neformalnog obrazovanja mladih u NVO. Za Jelenu mo\u017eemo re\u0107i da je pomjerila granice na modnoj sceni, unikatno spojiv\u0161i modu i glumu u jedno i po \u010dasovnu pozori\u0161nu pri\u010du.<\/p>\n<p>Kako si napravila \u201cbrend\u201d od svog imena?<\/p>\n<p>Spontano. Jo\u0161 od djetinjstva bavila sam se plesom, voditeljstvom, ali i modelingom. Na sestrino insistiranje prijavila sam se na izbor za miss, i tako je sve po\u010delo. Me\u0111utim, i pored brojnih lenti, od Miss Prijedora, Miss Krajine,Top modela BiH i brojnih modnih anga\u017emana, kao sto su lice brendova i modne revije, tra\u017eila sam sebe i odva\u017eila se da otvorim \u0161kolu za manekene Models by JG, koja postoji ve\u0107 7 godina.<\/p>\n<p><a href=\"https:\/\/www.prijedordanas.com\/wp-content\/uploads\/2017\/01\/jelena-govedarica-6.jpg\"><img loading=\"lazy\" decoding=\"async\" class=\"alignleft size-medium wp-image-73253\" src=\"https:\/\/www.prijedordanas.com\/wp-content\/uploads\/2017\/01\/jelena-govedarica-6-257x300.jpg\" alt=\"\" width=\"257\" height=\"300\" srcset=\"https:\/\/www.prijedordanas.com\/wp-content\/uploads\/2017\/01\/jelena-govedarica-6-257x300.jpg 257w, https:\/\/www.prijedordanas.com\/wp-content\/uploads\/2017\/01\/jelena-govedarica-6-86x100.jpg 86w, https:\/\/www.prijedordanas.com\/wp-content\/uploads\/2017\/01\/jelena-govedarica-6.jpg 513w\" sizes=\"(max-width: 257px) 100vw, 257px\" \/><\/a>Koji je tvoj najve\u0107i korak u karijeri i \u0161ta smatra\u0161 svojom \u201cli\u010dnom kartom\u201d?<\/p>\n<p>Odva\u017eila sam se da spojim modu i glumu u cjelinu, gdje se moda prezentuje kroz razne \u017eivotne pri\u010de. To smatram svojim \u017eivotnim uspjehom. Tako\u0111e, radila sam brojne kampanje kroz umjetni\u010dki performans \u2013 PROTIV NASILJA NAD \u017dENAMA, VR\u0160NJA\u010cKOG NASILJA, \u017dIVOT JE CIRKUS, SUDBINA VODI ONE KOJI TO NE\u0106E, NAJBITNIJE JE O\u010cIMA NEVIDLJIVO, KRALJICA \u2013 FATALNA \u017dENA, \u017dIVIMO SPORT NA SVOJ NA\u010cIN. Od emisije NAJBITNIJE JE O\u010cIMA NEVIDLJIVO, postala sam poznata u javnosti, a poslije FATALNE \u017dENE , izvela sam na scenu 70 uspje\u0161nih \u017eena svih mogu\u0107ih bran\u0161i. Osjetila sam se kreativnom i potpuno ispunjenom.<\/p>\n<p>Posao stiliste tako\u0111e obavlja\u0161 analiti\u010dki i nesvakida\u0161nje. Koji je kriterijum ocjenjivanja?<\/p>\n<p>Upravo tako. Vrlo sam analiti\u010dna kada treba da ocijenim ne\u010dije odijevanje i trudim se da sve \u0161to radim, radim najbolje. Vodim ra\u010duna da biranim rije\u010dima pi\u0161em o poznatima kako nekog ne bih uvrijedila, jer \u0161to ne volim da pro\u010ditam o sebi, ne bih voljela da priredim ni poznatim li\u010dnostima.<\/p>\n<p><a href=\"https:\/\/www.prijedordanas.com\/wp-content\/uploads\/2016\/11\/jelena-govedarica-2.jpg\"><img loading=\"lazy\" decoding=\"async\" class=\"alignleft size-medium wp-image-66872\" src=\"https:\/\/www.prijedordanas.com\/wp-content\/uploads\/2016\/11\/jelena-govedarica-2-300x300.jpg\" alt=\"\" width=\"300\" height=\"300\" srcset=\"https:\/\/www.prijedordanas.com\/wp-content\/uploads\/2016\/11\/jelena-govedarica-2-300x300.jpg 300w, https:\/\/www.prijedordanas.com\/wp-content\/uploads\/2016\/11\/jelena-govedarica-2-150x150.jpg 150w, https:\/\/www.prijedordanas.com\/wp-content\/uploads\/2016\/11\/jelena-govedarica-2-100x100.jpg 100w, https:\/\/www.prijedordanas.com\/wp-content\/uploads\/2016\/11\/jelena-govedarica-2-50x50.jpg 50w, https:\/\/www.prijedordanas.com\/wp-content\/uploads\/2016\/11\/jelena-govedarica-2.jpg 600w\" sizes=\"(max-width: 300px) 100vw, 300px\" \/><\/a>Tvoja autorska emisija je, \u010dini mi se, bila logi\u010dan slijed tvoje kreativnosti. Pored brojnih zvezda koje si ve\u0107 ugostila, ko je sljede\u0107i?<\/p>\n<p>Za projekat SA JELENOM I VAMA bila sam potpuno spremna (smijeh). Dovoljnim brojem kontakata i desetogodi\u0161njim iskustvom u medijima, na\u0161la sam mjeru kako napraviti dobru emisiju sa poznatima iz drugog ugla. Halid Be\u0161li\u0107 bio je moj prvi gost i na to sam beskrajno ponosna, jer sam i\u0161av\u0161i na snimanje imala toliki osje\u0107aj odgovornosti. Pored brojnih gostiju koji su ve\u0107 zakazani, velika mi je \u017eelja da ugostim Lepu Luki\u0107 i Maju Marijanu, jer veoma po\u0161tujem njihov rad i karijere.<\/p>\n<p>Poruka za sve koji \u017eele da naprave velike karijere.<\/p>\n<p>Poruka je samo jedna: \u201cAko radite ono \u0161to volite s velikom uporno\u0161\u0107u uspjeh je zagarantovan. Posve\u0107enost je najva\u017enija, uz hrabrost i preskakanje brojnih prepreka. Nau\u010dite da ne reagujete na provokacije jer \u0106UTANJE NIKO NIKADA NIJE POBIJEDIO. Svoju bol i tugu ne pokazujte drugima. Ne komentari\u0161ite druge u ru\u017enom kontekstu, ve\u0107 ih samo hvalite i tako \u0107ete dobiti dobru energiju.\u201d<\/p>\n<p>PRessSerbia<\/p>\n","protected":false},"excerpt":{"rendered":"<p>Razgovarali smo sa svestranom Prijedor\u010dankom Jelenom Govedaricom koja pored zavidne karijere top modela BiH, i manekenke, ima \u010dak 53 modno-scenska performansa za koje je potpisala scenario, koreografiju, scenografiju i organizaciju. [&hellip;]<\/p>\n","protected":false},"author":1,"featured_media":0,"comment_status":"closed","ping_status":"open","sticky":false,"template":"","format":"standard","meta":{"_monsterinsights_skip_tracking":false,"_monsterinsights_sitenote_active":false,"_monsterinsights_sitenote_note":"","_monsterinsights_sitenote_category":0,"footnotes":""},"categories":[3],"tags":[831],"yoast_head":"<!-- This site is optimized with the Yoast SEO plugin v21.6 - https:\/\/yoast.com\/wordpress\/plugins\/seo\/ -->\n<title>OD VRCKASTE CURICE DO USPJE\u0160NE POSLOVNE \u017dENE - PrijedorDanas.com - Prijedorski gradski portal<\/title>\n<meta name=\"robots\" content=\"index, follow, max-snippet:-1, max-image-preview:large, max-video-preview:-1\" \/>\n<link rel=\"canonical\" href=\"https:\/\/www.prijedordanas.com\/?p=104834\" \/>\n<meta property=\"og:locale\" content=\"en_US\" \/>\n<meta property=\"og:type\" content=\"article\" \/>\n<meta property=\"og:title\" content=\"OD VRCKASTE CURICE DO USPJE\u0160NE POSLOVNE \u017dENE - PrijedorDanas.com - Prijedorski gradski portal\" \/>\n<meta property=\"og:description\" content=\"Razgovarali smo sa svestranom Prijedor\u010dankom Jelenom Govedaricom koja pored zavidne karijere top modela BiH, i manekenke, ima \u010dak 53 modno-scenska performansa za koje je potpisala scenario, koreografiju, scenografiju i organizaciju. [&hellip;]\" \/>\n<meta property=\"og:url\" content=\"https:\/\/www.prijedordanas.com\/?p=104834\" \/>\n<meta property=\"og:site_name\" content=\"PrijedorDanas.com - Prijedorski gradski portal\" \/>\n<meta property=\"article:publisher\" content=\"https:\/\/www.facebook.com\/PrijedorDanasCom\/\" \/>\n<meta property=\"article:published_time\" content=\"2018-05-11T11:56:01+00:00\" \/>\n<meta property=\"og:image\" content=\"https:\/\/www.prijedordanas.com\/wp-content\/uploads\/2018\/05\/govedarica-kroz-godine-300x217.jpg\" \/>\n<meta name=\"author\" content=\"admin\" \/>\n<meta name=\"twitter:card\" content=\"summary_large_image\" \/>\n<meta name=\"twitter:label1\" content=\"Written by\" \/>\n\t<meta name=\"twitter:data1\" content=\"admin\" \/>\n\t<meta name=\"twitter:label2\" content=\"Est. reading time\" \/>\n\t<meta name=\"twitter:data2\" content=\"3 minutes\" \/>\n<script type=\"application\/ld+json\" class=\"yoast-schema-graph\">{\"@context\":\"https:\/\/schema.org\",\"@graph\":[{\"@type\":\"Article\",\"@id\":\"https:\/\/www.prijedordanas.com\/?p=104834#article\",\"isPartOf\":{\"@id\":\"https:\/\/www.prijedordanas.com\/?p=104834\"},\"author\":{\"name\":\"admin\",\"@id\":\"https:\/\/www.prijedordanas.com\/#\/schema\/person\/4e08ccf29b506ca916ff86d46bb700e6\"},\"headline\":\"OD VRCKASTE CURICE DO USPJE\u0160NE POSLOVNE \u017dENE\",\"datePublished\":\"2018-05-11T11:56:01+00:00\",\"dateModified\":\"2018-05-11T11:56:01+00:00\",\"mainEntityOfPage\":{\"@id\":\"https:\/\/www.prijedordanas.com\/?p=104834\"},\"wordCount\":528,\"publisher\":{\"@id\":\"https:\/\/www.prijedordanas.com\/#organization\"},\"keywords\":[\"Jelena Govedarica\"],\"articleSection\":[\"\u017divot\"],\"inLanguage\":\"en-US\"},{\"@type\":\"WebPage\",\"@id\":\"https:\/\/www.prijedordanas.com\/?p=104834\",\"url\":\"https:\/\/www.prijedordanas.com\/?p=104834\",\"name\":\"OD VRCKASTE CURICE DO USPJE\u0160NE POSLOVNE \u017dENE - PrijedorDanas.com - Prijedorski gradski portal\",\"isPartOf\":{\"@id\":\"https:\/\/www.prijedordanas.com\/#website\"},\"datePublished\":\"2018-05-11T11:56:01+00:00\",\"dateModified\":\"2018-05-11T11:56:01+00:00\",\"breadcrumb\":{\"@id\":\"https:\/\/www.prijedordanas.com\/?p=104834#breadcrumb\"},\"inLanguage\":\"en-US\",\"potentialAction\":[{\"@type\":\"ReadAction\",\"target\":[\"https:\/\/www.prijedordanas.com\/?p=104834\"]}]},{\"@type\":\"BreadcrumbList\",\"@id\":\"https:\/\/www.prijedordanas.com\/?p=104834#breadcrumb\",\"itemListElement\":[{\"@type\":\"ListItem\",\"position\":1,\"name\":\"Home\",\"item\":\"https:\/\/www.prijedordanas.com\/\"},{\"@type\":\"ListItem\",\"position\":2,\"name\":\"OD VRCKASTE CURICE DO USPJE\u0160NE POSLOVNE \u017dENE\"}]},{\"@type\":\"WebSite\",\"@id\":\"https:\/\/www.prijedordanas.com\/#website\",\"url\":\"https:\/\/www.prijedordanas.com\/\",\"name\":\"PrijedorDanas.com - Prijedorski gradski portal\",\"description\":\"Portal o doga\u0111anjima u gradu Prijedoru\",\"publisher\":{\"@id\":\"https:\/\/www.prijedordanas.com\/#organization\"},\"potentialAction\":[{\"@type\":\"SearchAction\",\"target\":{\"@type\":\"EntryPoint\",\"urlTemplate\":\"https:\/\/www.prijedordanas.com\/?s={search_term_string}\"},\"query-input\":\"required name=search_term_string\"}],\"inLanguage\":\"en-US\"},{\"@type\":\"Organization\",\"@id\":\"https:\/\/www.prijedordanas.com\/#organization\",\"name\":\"PrijedorDanas.com\",\"url\":\"https:\/\/www.prijedordanas.com\/\",\"logo\":{\"@type\":\"ImageObject\",\"inLanguage\":\"en-US\",\"@id\":\"https:\/\/www.prijedordanas.com\/#\/schema\/logo\/image\/\",\"url\":\"http:\/\/www.prijedordanas.com\/wp-content\/uploads\/2021\/12\/logopng.png\",\"contentUrl\":\"http:\/\/www.prijedordanas.com\/wp-content\/uploads\/2021\/12\/logopng.png\",\"width\":1019,\"height\":776,\"caption\":\"PrijedorDanas.com\"},\"image\":{\"@id\":\"https:\/\/www.prijedordanas.com\/#\/schema\/logo\/image\/\"},\"sameAs\":[\"https:\/\/www.facebook.com\/PrijedorDanasCom\/\"]},{\"@type\":\"Person\",\"@id\":\"https:\/\/www.prijedordanas.com\/#\/schema\/person\/4e08ccf29b506ca916ff86d46bb700e6\",\"name\":\"admin\",\"image\":{\"@type\":\"ImageObject\",\"inLanguage\":\"en-US\",\"@id\":\"https:\/\/www.prijedordanas.com\/#\/schema\/person\/image\/\",\"url\":\"https:\/\/secure.gravatar.com\/avatar\/1d3fc949d550f0b53a5f0d51e06dfd79?s=96&d=mm&r=g\",\"contentUrl\":\"https:\/\/secure.gravatar.com\/avatar\/1d3fc949d550f0b53a5f0d51e06dfd79?s=96&d=mm&r=g\",\"caption\":\"admin\"},\"url\":\"https:\/\/www.prijedordanas.com\/?author=1\"}]}<\/script>\n<!-- \/ Yoast SEO plugin. -->","yoast_head_json":{"title":"OD VRCKASTE CURICE DO USPJE\u0160NE POSLOVNE \u017dENE - PrijedorDanas.com - Prijedorski gradski portal","robots":{"index":"index","follow":"follow","max-snippet":"max-snippet:-1","max-image-preview":"max-image-preview:large","max-video-preview":"max-video-preview:-1"},"canonical":"https:\/\/www.prijedordanas.com\/?p=104834","og_locale":"en_US","og_type":"article","og_title":"OD VRCKASTE CURICE DO USPJE\u0160NE POSLOVNE \u017dENE - PrijedorDanas.com - Prijedorski gradski portal","og_description":"Razgovarali smo sa svestranom Prijedor\u010dankom Jelenom Govedaricom koja pored zavidne karijere top modela BiH, i manekenke, ima \u010dak 53 modno-scenska performansa za koje je potpisala scenario, koreografiju, scenografiju i organizaciju. [&hellip;]","og_url":"https:\/\/www.prijedordanas.com\/?p=104834","og_site_name":"PrijedorDanas.com - Prijedorski gradski portal","article_publisher":"https:\/\/www.facebook.com\/PrijedorDanasCom\/","article_published_time":"2018-05-11T11:56:01+00:00","og_image":[{"url":"https:\/\/www.prijedordanas.com\/wp-content\/uploads\/2018\/05\/govedarica-kroz-godine-300x217.jpg"}],"author":"admin","twitter_card":"summary_large_image","twitter_misc":{"Written by":"admin","Est. reading time":"3 minutes"},"schema":{"@context":"https:\/\/schema.org","@graph":[{"@type":"Article","@id":"https:\/\/www.prijedordanas.com\/?p=104834#article","isPartOf":{"@id":"https:\/\/www.prijedordanas.com\/?p=104834"},"author":{"name":"admin","@id":"https:\/\/www.prijedordanas.com\/#\/schema\/person\/4e08ccf29b506ca916ff86d46bb700e6"},"headline":"OD VRCKASTE CURICE DO USPJE\u0160NE POSLOVNE \u017dENE","datePublished":"2018-05-11T11:56:01+00:00","dateModified":"2018-05-11T11:56:01+00:00","mainEntityOfPage":{"@id":"https:\/\/www.prijedordanas.com\/?p=104834"},"wordCount":528,"publisher":{"@id":"https:\/\/www.prijedordanas.com\/#organization"},"keywords":["Jelena Govedarica"],"articleSection":["\u017divot"],"inLanguage":"en-US"},{"@type":"WebPage","@id":"https:\/\/www.prijedordanas.com\/?p=104834","url":"https:\/\/www.prijedordanas.com\/?p=104834","name":"OD VRCKASTE CURICE DO USPJE\u0160NE POSLOVNE \u017dENE - PrijedorDanas.com - Prijedorski gradski portal","isPartOf":{"@id":"https:\/\/www.prijedordanas.com\/#website"},"datePublished":"2018-05-11T11:56:01+00:00","dateModified":"2018-05-11T11:56:01+00:00","breadcrumb":{"@id":"https:\/\/www.prijedordanas.com\/?p=104834#breadcrumb"},"inLanguage":"en-US","potentialAction":[{"@type":"ReadAction","target":["https:\/\/www.prijedordanas.com\/?p=104834"]}]},{"@type":"BreadcrumbList","@id":"https:\/\/www.prijedordanas.com\/?p=104834#breadcrumb","itemListElement":[{"@type":"ListItem","position":1,"name":"Home","item":"https:\/\/www.prijedordanas.com\/"},{"@type":"ListItem","position":2,"name":"OD VRCKASTE CURICE DO USPJE\u0160NE POSLOVNE \u017dENE"}]},{"@type":"WebSite","@id":"https:\/\/www.prijedordanas.com\/#website","url":"https:\/\/www.prijedordanas.com\/","name":"PrijedorDanas.com - Prijedorski gradski portal","description":"Portal o doga\u0111anjima u gradu Prijedoru","publisher":{"@id":"https:\/\/www.prijedordanas.com\/#organization"},"potentialAction":[{"@type":"SearchAction","target":{"@type":"EntryPoint","urlTemplate":"https:\/\/www.prijedordanas.com\/?s={search_term_string}"},"query-input":"required name=search_term_string"}],"inLanguage":"en-US"},{"@type":"Organization","@id":"https:\/\/www.prijedordanas.com\/#organization","name":"PrijedorDanas.com","url":"https:\/\/www.prijedordanas.com\/","logo":{"@type":"ImageObject","inLanguage":"en-US","@id":"https:\/\/www.prijedordanas.com\/#\/schema\/logo\/image\/","url":"http:\/\/www.prijedordanas.com\/wp-content\/uploads\/2021\/12\/logopng.png","contentUrl":"http:\/\/www.prijedordanas.com\/wp-content\/uploads\/2021\/12\/logopng.png","width":1019,"height":776,"caption":"PrijedorDanas.com"},"image":{"@id":"https:\/\/www.prijedordanas.com\/#\/schema\/logo\/image\/"},"sameAs":["https:\/\/www.facebook.com\/PrijedorDanasCom\/"]},{"@type":"Person","@id":"https:\/\/www.prijedordanas.com\/#\/schema\/person\/4e08ccf29b506ca916ff86d46bb700e6","name":"admin","image":{"@type":"ImageObject","inLanguage":"en-US","@id":"https:\/\/www.prijedordanas.com\/#\/schema\/person\/image\/","url":"https:\/\/secure.gravatar.com\/avatar\/1d3fc949d550f0b53a5f0d51e06dfd79?s=96&d=mm&r=g","contentUrl":"https:\/\/secure.gravatar.com\/avatar\/1d3fc949d550f0b53a5f0d51e06dfd79?s=96&d=mm&r=g","caption":"admin"},"url":"https:\/\/www.prijedordanas.com\/?author=1"}]}},"_links":{"self":[{"href":"https:\/\/www.prijedordanas.com\/index.php?rest_route=\/wp\/v2\/posts\/104834"}],"collection":[{"href":"https:\/\/www.prijedordanas.com\/index.php?rest_route=\/wp\/v2\/posts"}],"about":[{"href":"https:\/\/www.prijedordanas.com\/index.php?rest_route=\/wp\/v2\/types\/post"}],"author":[{"embeddable":true,"href":"https:\/\/www.prijedordanas.com\/index.php?rest_route=\/wp\/v2\/users\/1"}],"replies":[{"embeddable":true,"href":"https:\/\/www.prijedordanas.com\/index.php?rest_route=%2Fwp%2Fv2%2Fcomments&post=104834"}],"version-history":[{"count":2,"href":"https:\/\/www.prijedordanas.com\/index.php?rest_route=\/wp\/v2\/posts\/104834\/revisions"}],"predecessor-version":[{"id":104837,"href":"https:\/\/www.prijedordanas.com\/index.php?rest_route=\/wp\/v2\/posts\/104834\/revisions\/104837"}],"wp:attachment":[{"href":"https:\/\/www.prijedordanas.com\/index.php?rest_route=%2Fwp%2Fv2%2Fmedia&parent=104834"}],"wp:term":[{"taxonomy":"category","embeddable":true,"href":"https:\/\/www.prijedordanas.com\/index.php?rest_route=%2Fwp%2Fv2%2Fcategories&post=104834"},{"taxonomy":"post_tag","embeddable":true,"href":"https:\/\/www.prijedordanas.com\/index.php?rest_route=%2Fwp%2Fv2%2Ftags&post=104834"}],"curies":[{"name":"wp","href":"https:\/\/api.w.org\/{rel}","templated":true}]}}