{"id":104527,"date":"2018-05-07T14:33:39","date_gmt":"2018-05-07T12:33:39","guid":{"rendered":"https:\/\/www.prijedordanas.com\/?p=104527"},"modified":"2018-05-07T14:33:39","modified_gmt":"2018-05-07T12:33:39","slug":"janjetovic-na-celu-organizacionog-odbora-za-proslavu-jubileja-rudar-prijedora-nasih-90","status":"publish","type":"post","link":"https:\/\/www.prijedordanas.com\/?p=104527","title":{"rendered":"JANJETOVI\u0106 NA \u010cELU ORGANIZACIONOG ODBORA ZA PROSLAVU JUBILEJA RUDAR-PRIJEDORA: NA\u0160IH 90"},"content":{"rendered":"<p><a href=\"https:\/\/www.prijedordanas.com\/wp-content\/uploads\/2018\/05\/rudar-prijedor-nasih-90-godina.jpg\"><img loading=\"lazy\" decoding=\"async\" src=\"https:\/\/www.prijedordanas.com\/wp-content\/uploads\/2018\/05\/rudar-prijedor-nasih-90-godina-300x222.jpg\" alt=\"\" width=\"300\" height=\"222\" class=\"alignleft size-medium wp-image-104528\" srcset=\"https:\/\/www.prijedordanas.com\/wp-content\/uploads\/2018\/05\/rudar-prijedor-nasih-90-godina-300x222.jpg 300w, https:\/\/www.prijedordanas.com\/wp-content\/uploads\/2018\/05\/rudar-prijedor-nasih-90-godina-100x74.jpg 100w, https:\/\/www.prijedordanas.com\/wp-content\/uploads\/2018\/05\/rudar-prijedor-nasih-90-godina.jpg 675w\" sizes=\"(max-width: 300px) 100vw, 300px\" \/><\/a>Poznato je da prijedorski prvoliga\u0161 i istinski brend ovog dijela Krajine, Fudbalski klub \u201eRudar-Prijedor\u201c, ove godine slavi 90 godina od osnivanja.<\/p>\n<p>Upravni odbor kluba je na sjednici 16. marta donio jednoglasnu odluku da se kompletna organizacija obilje\u017eavanja jubileja povjeri Organizacionom odboru na \u010delu sa predsjednikom Stojanom Janjetovi\u0107em, dok su ostali \u010dlanovi odbora Nikola Bevandi\u0107, Vladimir Kr\u010dkovski, Dragan Laj\u0161i\u0107 i Veljko Janjetovi\u0107.<\/p>\n<p>Svi u klubu su svjesni zna\u010daja ovako velikog jubileja i nista ne prepu\u0161taju slu\u010daju. Iako nema puno vremena, sve predvi\u0111ene manifestacije \u0107e biti predstavljene na vrijeme.<\/p>\n<p>Prijedlog programa je, kako bolje upu\u0107eni tvrde, vi\u0161e nego bogat i spektakularan i \u010dini se da nije vi\u0111en na ovim prostorima.<\/p>\n<p>Organizacioni odbor smatra da je cijela godina jubilarna a ne samo jedan dan, pa je tako zami\u0161ljeno niz manifestacija i doga\u0111aja koji \u0107e na sebe skrenuti pa\u017enju \u010ditavog regiona.<\/p>\n<p>Kako smo uspjeli da saznamo od predsjednika OO Stojana Janjetovi\u0107a obilje\u017eavanje jubileja \u0107e krenuti od druge polovine maja, kada je klub i osnovan (23.maj), pa sve do decembra mjeseca.<\/p>\n<p>-U zavr\u0161noj smo fazi svih zami\u0161ljenih i predvi\u0111enih de\u0161avanja i uskoro \u0107emo na konferenciji za medije i zvani\u010dno objelodaniti kompletan program obilje\u017eavanja 90 godina FK Rudar-Prijedor. Usvojen je i jubilarni logo kao i slogan koji \u0107e nas pratiti tokom cijele godine i on glasi \u201cNa\u0161ih 90\u201d \u2013 rekao je Janjetovi\u0107.<\/p>\n<p>On je dodao da je predvi\u0111eno da u godini jubileja budu obuhva\u0107eni svi koji \u010dine Rudar-Prijedor, omladinska \u0161kola, seniori i veterani, a ra\u010duna se vodilo i o navija\u010dima Rudara i svim gra\u0111anima Prijedora i okolnih mjesta.<\/p>\n<p>-Mogu re\u0107i da je program izuzetno bogat i sa sigurno\u0161\u0107u tvrdim da nije vi\u0111en na ovim prostorima. Govorim iz razloga  \u0161to smo stupili u kontakt sa novosadskom agencijom \u201cInter Sport Friends\u201d koja ima iskustvo u organizaciji ovakvih sve\u010danosti, na \u010dijem je \u010delu nekada\u0161nji tehni\u010dki direktor FK \u201eVojvodina\u201c, g-din Milan \u010cabri\u0107 koji je bio nosilac programa obilje\u017eavanja 100 godina FK \u201eVojvodine\u201c \u2013 istakao je Janjetovi\u0107.<\/p>\n<p>Veoma ambiciozan poduhvat su podr\u017eali osniva\u010di kluba, prije svih R\u017dR Ljubija na \u010delu sa direktorom Vujkovi\u0107em i ArcelorMittal Prijedor na \u010delu sa direktorom Jela\u010dom, kao i Grad Prijedor na \u010delu sa gradona\u010delnikom \u0110akovi\u0107em.<\/p>\n<p>ITALIJANSKA TRIESTINA U PRIJEDORU<\/p>\n<p>Prva manifestacija je zakazana za 19. i 20. Maj, kada \u0107e biti organizovan me\u0111unarodni kadetski turnir na kojem \u0107e, pored doma\u0107ina Rudar-Prijedora, u\u010de\u0161\u0107e uzeti i italijanska Triestina, Alfa Modri\u010da i novosadska Vojvodina, u \u010dijem timu \u0107e biti i na\u0161 supertalentovani nekada\u0161nji \u010dlan, Luka Ka\u010davenda.<\/p>\n<p>FK Rudar-Prijedor<\/p>\n","protected":false},"excerpt":{"rendered":"<p>Poznato je da prijedorski prvoliga\u0161 i istinski brend ovog dijela Krajine, Fudbalski klub \u201eRudar-Prijedor\u201c, ove godine slavi 90 godina od osnivanja. Upravni odbor kluba je na sjednici 16. marta donio [&hellip;]<\/p>\n","protected":false},"author":1,"featured_media":0,"comment_status":"closed","ping_status":"open","sticky":false,"template":"","format":"standard","meta":{"_monsterinsights_skip_tracking":false,"_monsterinsights_sitenote_active":false,"_monsterinsights_sitenote_note":"","_monsterinsights_sitenote_category":0,"footnotes":""},"categories":[7],"tags":[221],"yoast_head":"<!-- This site is optimized with the Yoast SEO plugin v21.6 - https:\/\/yoast.com\/wordpress\/plugins\/seo\/ -->\n<title>JANJETOVI\u0106 NA \u010cELU ORGANIZACIONOG ODBORA ZA PROSLAVU JUBILEJA RUDAR-PRIJEDORA: NA\u0160IH 90 - PrijedorDanas.com - Prijedorski gradski portal<\/title>\n<meta name=\"robots\" content=\"index, follow, max-snippet:-1, max-image-preview:large, max-video-preview:-1\" \/>\n<link rel=\"canonical\" href=\"https:\/\/www.prijedordanas.com\/?p=104527\" \/>\n<meta property=\"og:locale\" content=\"en_US\" \/>\n<meta property=\"og:type\" content=\"article\" \/>\n<meta property=\"og:title\" content=\"JANJETOVI\u0106 NA \u010cELU ORGANIZACIONOG ODBORA ZA PROSLAVU JUBILEJA RUDAR-PRIJEDORA: NA\u0160IH 90 - PrijedorDanas.com - Prijedorski gradski portal\" \/>\n<meta property=\"og:description\" content=\"Poznato je da prijedorski prvoliga\u0161 i istinski brend ovog dijela Krajine, Fudbalski klub \u201eRudar-Prijedor\u201c, ove godine slavi 90 godina od osnivanja. Upravni odbor kluba je na sjednici 16. marta donio [&hellip;]\" \/>\n<meta property=\"og:url\" content=\"https:\/\/www.prijedordanas.com\/?p=104527\" \/>\n<meta property=\"og:site_name\" content=\"PrijedorDanas.com - Prijedorski gradski portal\" \/>\n<meta property=\"article:publisher\" content=\"https:\/\/www.facebook.com\/PrijedorDanasCom\/\" \/>\n<meta property=\"article:published_time\" content=\"2018-05-07T12:33:39+00:00\" \/>\n<meta property=\"og:image\" content=\"https:\/\/www.prijedordanas.com\/wp-content\/uploads\/2018\/05\/rudar-prijedor-nasih-90-godina-300x222.jpg\" \/>\n<meta name=\"author\" content=\"admin\" \/>\n<meta name=\"twitter:card\" content=\"summary_large_image\" \/>\n<meta name=\"twitter:label1\" content=\"Written by\" \/>\n\t<meta name=\"twitter:data1\" content=\"admin\" \/>\n\t<meta name=\"twitter:label2\" content=\"Est. reading time\" \/>\n\t<meta name=\"twitter:data2\" content=\"2 minutes\" \/>\n<script type=\"application\/ld+json\" class=\"yoast-schema-graph\">{\"@context\":\"https:\/\/schema.org\",\"@graph\":[{\"@type\":\"Article\",\"@id\":\"https:\/\/www.prijedordanas.com\/?p=104527#article\",\"isPartOf\":{\"@id\":\"https:\/\/www.prijedordanas.com\/?p=104527\"},\"author\":{\"name\":\"admin\",\"@id\":\"https:\/\/www.prijedordanas.com\/#\/schema\/person\/4e08ccf29b506ca916ff86d46bb700e6\"},\"headline\":\"JANJETOVI\u0106 NA \u010cELU ORGANIZACIONOG ODBORA ZA PROSLAVU JUBILEJA RUDAR-PRIJEDORA: NA\u0160IH 90\",\"datePublished\":\"2018-05-07T12:33:39+00:00\",\"dateModified\":\"2018-05-07T12:33:39+00:00\",\"mainEntityOfPage\":{\"@id\":\"https:\/\/www.prijedordanas.com\/?p=104527\"},\"wordCount\":450,\"publisher\":{\"@id\":\"https:\/\/www.prijedordanas.com\/#organization\"},\"keywords\":[\"Rudar-Prijedor\"],\"articleSection\":[\"Sport\"],\"inLanguage\":\"en-US\"},{\"@type\":\"WebPage\",\"@id\":\"https:\/\/www.prijedordanas.com\/?p=104527\",\"url\":\"https:\/\/www.prijedordanas.com\/?p=104527\",\"name\":\"JANJETOVI\u0106 NA \u010cELU ORGANIZACIONOG ODBORA ZA PROSLAVU JUBILEJA RUDAR-PRIJEDORA: NA\u0160IH 90 - PrijedorDanas.com - Prijedorski gradski portal\",\"isPartOf\":{\"@id\":\"https:\/\/www.prijedordanas.com\/#website\"},\"datePublished\":\"2018-05-07T12:33:39+00:00\",\"dateModified\":\"2018-05-07T12:33:39+00:00\",\"breadcrumb\":{\"@id\":\"https:\/\/www.prijedordanas.com\/?p=104527#breadcrumb\"},\"inLanguage\":\"en-US\",\"potentialAction\":[{\"@type\":\"ReadAction\",\"target\":[\"https:\/\/www.prijedordanas.com\/?p=104527\"]}]},{\"@type\":\"BreadcrumbList\",\"@id\":\"https:\/\/www.prijedordanas.com\/?p=104527#breadcrumb\",\"itemListElement\":[{\"@type\":\"ListItem\",\"position\":1,\"name\":\"Home\",\"item\":\"https:\/\/www.prijedordanas.com\/\"},{\"@type\":\"ListItem\",\"position\":2,\"name\":\"JANJETOVI\u0106 NA \u010cELU ORGANIZACIONOG ODBORA ZA PROSLAVU JUBILEJA RUDAR-PRIJEDORA: NA\u0160IH 90\"}]},{\"@type\":\"WebSite\",\"@id\":\"https:\/\/www.prijedordanas.com\/#website\",\"url\":\"https:\/\/www.prijedordanas.com\/\",\"name\":\"PrijedorDanas.com - Prijedorski gradski portal\",\"description\":\"Portal o doga\u0111anjima u gradu Prijedoru\",\"publisher\":{\"@id\":\"https:\/\/www.prijedordanas.com\/#organization\"},\"potentialAction\":[{\"@type\":\"SearchAction\",\"target\":{\"@type\":\"EntryPoint\",\"urlTemplate\":\"https:\/\/www.prijedordanas.com\/?s={search_term_string}\"},\"query-input\":\"required name=search_term_string\"}],\"inLanguage\":\"en-US\"},{\"@type\":\"Organization\",\"@id\":\"https:\/\/www.prijedordanas.com\/#organization\",\"name\":\"PrijedorDanas.com\",\"url\":\"https:\/\/www.prijedordanas.com\/\",\"logo\":{\"@type\":\"ImageObject\",\"inLanguage\":\"en-US\",\"@id\":\"https:\/\/www.prijedordanas.com\/#\/schema\/logo\/image\/\",\"url\":\"http:\/\/www.prijedordanas.com\/wp-content\/uploads\/2021\/12\/logopng.png\",\"contentUrl\":\"http:\/\/www.prijedordanas.com\/wp-content\/uploads\/2021\/12\/logopng.png\",\"width\":1019,\"height\":776,\"caption\":\"PrijedorDanas.com\"},\"image\":{\"@id\":\"https:\/\/www.prijedordanas.com\/#\/schema\/logo\/image\/\"},\"sameAs\":[\"https:\/\/www.facebook.com\/PrijedorDanasCom\/\"]},{\"@type\":\"Person\",\"@id\":\"https:\/\/www.prijedordanas.com\/#\/schema\/person\/4e08ccf29b506ca916ff86d46bb700e6\",\"name\":\"admin\",\"image\":{\"@type\":\"ImageObject\",\"inLanguage\":\"en-US\",\"@id\":\"https:\/\/www.prijedordanas.com\/#\/schema\/person\/image\/\",\"url\":\"https:\/\/secure.gravatar.com\/avatar\/1d3fc949d550f0b53a5f0d51e06dfd79?s=96&d=mm&r=g\",\"contentUrl\":\"https:\/\/secure.gravatar.com\/avatar\/1d3fc949d550f0b53a5f0d51e06dfd79?s=96&d=mm&r=g\",\"caption\":\"admin\"},\"url\":\"https:\/\/www.prijedordanas.com\/?author=1\"}]}<\/script>\n<!-- \/ Yoast SEO plugin. -->","yoast_head_json":{"title":"JANJETOVI\u0106 NA \u010cELU ORGANIZACIONOG ODBORA ZA PROSLAVU JUBILEJA RUDAR-PRIJEDORA: NA\u0160IH 90 - PrijedorDanas.com - Prijedorski gradski portal","robots":{"index":"index","follow":"follow","max-snippet":"max-snippet:-1","max-image-preview":"max-image-preview:large","max-video-preview":"max-video-preview:-1"},"canonical":"https:\/\/www.prijedordanas.com\/?p=104527","og_locale":"en_US","og_type":"article","og_title":"JANJETOVI\u0106 NA \u010cELU ORGANIZACIONOG ODBORA ZA PROSLAVU JUBILEJA RUDAR-PRIJEDORA: NA\u0160IH 90 - PrijedorDanas.com - Prijedorski gradski portal","og_description":"Poznato je da prijedorski prvoliga\u0161 i istinski brend ovog dijela Krajine, Fudbalski klub \u201eRudar-Prijedor\u201c, ove godine slavi 90 godina od osnivanja. Upravni odbor kluba je na sjednici 16. marta donio [&hellip;]","og_url":"https:\/\/www.prijedordanas.com\/?p=104527","og_site_name":"PrijedorDanas.com - Prijedorski gradski portal","article_publisher":"https:\/\/www.facebook.com\/PrijedorDanasCom\/","article_published_time":"2018-05-07T12:33:39+00:00","og_image":[{"url":"https:\/\/www.prijedordanas.com\/wp-content\/uploads\/2018\/05\/rudar-prijedor-nasih-90-godina-300x222.jpg"}],"author":"admin","twitter_card":"summary_large_image","twitter_misc":{"Written by":"admin","Est. reading time":"2 minutes"},"schema":{"@context":"https:\/\/schema.org","@graph":[{"@type":"Article","@id":"https:\/\/www.prijedordanas.com\/?p=104527#article","isPartOf":{"@id":"https:\/\/www.prijedordanas.com\/?p=104527"},"author":{"name":"admin","@id":"https:\/\/www.prijedordanas.com\/#\/schema\/person\/4e08ccf29b506ca916ff86d46bb700e6"},"headline":"JANJETOVI\u0106 NA \u010cELU ORGANIZACIONOG ODBORA ZA PROSLAVU JUBILEJA RUDAR-PRIJEDORA: NA\u0160IH 90","datePublished":"2018-05-07T12:33:39+00:00","dateModified":"2018-05-07T12:33:39+00:00","mainEntityOfPage":{"@id":"https:\/\/www.prijedordanas.com\/?p=104527"},"wordCount":450,"publisher":{"@id":"https:\/\/www.prijedordanas.com\/#organization"},"keywords":["Rudar-Prijedor"],"articleSection":["Sport"],"inLanguage":"en-US"},{"@type":"WebPage","@id":"https:\/\/www.prijedordanas.com\/?p=104527","url":"https:\/\/www.prijedordanas.com\/?p=104527","name":"JANJETOVI\u0106 NA \u010cELU ORGANIZACIONOG ODBORA ZA PROSLAVU JUBILEJA RUDAR-PRIJEDORA: NA\u0160IH 90 - PrijedorDanas.com - Prijedorski gradski portal","isPartOf":{"@id":"https:\/\/www.prijedordanas.com\/#website"},"datePublished":"2018-05-07T12:33:39+00:00","dateModified":"2018-05-07T12:33:39+00:00","breadcrumb":{"@id":"https:\/\/www.prijedordanas.com\/?p=104527#breadcrumb"},"inLanguage":"en-US","potentialAction":[{"@type":"ReadAction","target":["https:\/\/www.prijedordanas.com\/?p=104527"]}]},{"@type":"BreadcrumbList","@id":"https:\/\/www.prijedordanas.com\/?p=104527#breadcrumb","itemListElement":[{"@type":"ListItem","position":1,"name":"Home","item":"https:\/\/www.prijedordanas.com\/"},{"@type":"ListItem","position":2,"name":"JANJETOVI\u0106 NA \u010cELU ORGANIZACIONOG ODBORA ZA PROSLAVU JUBILEJA RUDAR-PRIJEDORA: NA\u0160IH 90"}]},{"@type":"WebSite","@id":"https:\/\/www.prijedordanas.com\/#website","url":"https:\/\/www.prijedordanas.com\/","name":"PrijedorDanas.com - Prijedorski gradski portal","description":"Portal o doga\u0111anjima u gradu Prijedoru","publisher":{"@id":"https:\/\/www.prijedordanas.com\/#organization"},"potentialAction":[{"@type":"SearchAction","target":{"@type":"EntryPoint","urlTemplate":"https:\/\/www.prijedordanas.com\/?s={search_term_string}"},"query-input":"required name=search_term_string"}],"inLanguage":"en-US"},{"@type":"Organization","@id":"https:\/\/www.prijedordanas.com\/#organization","name":"PrijedorDanas.com","url":"https:\/\/www.prijedordanas.com\/","logo":{"@type":"ImageObject","inLanguage":"en-US","@id":"https:\/\/www.prijedordanas.com\/#\/schema\/logo\/image\/","url":"http:\/\/www.prijedordanas.com\/wp-content\/uploads\/2021\/12\/logopng.png","contentUrl":"http:\/\/www.prijedordanas.com\/wp-content\/uploads\/2021\/12\/logopng.png","width":1019,"height":776,"caption":"PrijedorDanas.com"},"image":{"@id":"https:\/\/www.prijedordanas.com\/#\/schema\/logo\/image\/"},"sameAs":["https:\/\/www.facebook.com\/PrijedorDanasCom\/"]},{"@type":"Person","@id":"https:\/\/www.prijedordanas.com\/#\/schema\/person\/4e08ccf29b506ca916ff86d46bb700e6","name":"admin","image":{"@type":"ImageObject","inLanguage":"en-US","@id":"https:\/\/www.prijedordanas.com\/#\/schema\/person\/image\/","url":"https:\/\/secure.gravatar.com\/avatar\/1d3fc949d550f0b53a5f0d51e06dfd79?s=96&d=mm&r=g","contentUrl":"https:\/\/secure.gravatar.com\/avatar\/1d3fc949d550f0b53a5f0d51e06dfd79?s=96&d=mm&r=g","caption":"admin"},"url":"https:\/\/www.prijedordanas.com\/?author=1"}]}},"_links":{"self":[{"href":"https:\/\/www.prijedordanas.com\/index.php?rest_route=\/wp\/v2\/posts\/104527"}],"collection":[{"href":"https:\/\/www.prijedordanas.com\/index.php?rest_route=\/wp\/v2\/posts"}],"about":[{"href":"https:\/\/www.prijedordanas.com\/index.php?rest_route=\/wp\/v2\/types\/post"}],"author":[{"embeddable":true,"href":"https:\/\/www.prijedordanas.com\/index.php?rest_route=\/wp\/v2\/users\/1"}],"replies":[{"embeddable":true,"href":"https:\/\/www.prijedordanas.com\/index.php?rest_route=%2Fwp%2Fv2%2Fcomments&post=104527"}],"version-history":[{"count":1,"href":"https:\/\/www.prijedordanas.com\/index.php?rest_route=\/wp\/v2\/posts\/104527\/revisions"}],"predecessor-version":[{"id":104529,"href":"https:\/\/www.prijedordanas.com\/index.php?rest_route=\/wp\/v2\/posts\/104527\/revisions\/104529"}],"wp:attachment":[{"href":"https:\/\/www.prijedordanas.com\/index.php?rest_route=%2Fwp%2Fv2%2Fmedia&parent=104527"}],"wp:term":[{"taxonomy":"category","embeddable":true,"href":"https:\/\/www.prijedordanas.com\/index.php?rest_route=%2Fwp%2Fv2%2Fcategories&post=104527"},{"taxonomy":"post_tag","embeddable":true,"href":"https:\/\/www.prijedordanas.com\/index.php?rest_route=%2Fwp%2Fv2%2Ftags&post=104527"}],"curies":[{"name":"wp","href":"https:\/\/api.w.org\/{rel}","templated":true}]}}