{"id":104374,"date":"2018-05-05T15:03:50","date_gmt":"2018-05-05T13:03:50","guid":{"rendered":"https:\/\/www.prijedordanas.com\/?p=104374"},"modified":"2018-05-05T15:03:50","modified_gmt":"2018-05-05T13:03:50","slug":"bol-zbog-gubitka-oca-pretocila-u-rijeci-mlada-prijedorcanka-objavila-vec-cetiri-knjige","status":"publish","type":"post","link":"https:\/\/www.prijedordanas.com\/?p=104374","title":{"rendered":"BOL ZBOG GUBITKA OCA PRETO\u010cILA U RIJE\u010cI: MLADA PRIJEDOR\u010cANKA OBJAVILA VE\u0106 \u010cETIRI KNJIGE"},"content":{"rendered":"<p><a href=\"https:\/\/www.prijedordanas.com\/wp-content\/uploads\/2018\/05\/milica-savic-nekad-davno-1.jpg\"><img loading=\"lazy\" decoding=\"async\" class=\"alignleft size-medium wp-image-104376\" src=\"https:\/\/www.prijedordanas.com\/wp-content\/uploads\/2018\/05\/milica-savic-nekad-davno-1-232x300.jpg\" alt=\"\" width=\"232\" height=\"300\" srcset=\"https:\/\/www.prijedordanas.com\/wp-content\/uploads\/2018\/05\/milica-savic-nekad-davno-1-232x300.jpg 232w, https:\/\/www.prijedordanas.com\/wp-content\/uploads\/2018\/05\/milica-savic-nekad-davno-1-77x100.jpg 77w, https:\/\/www.prijedordanas.com\/wp-content\/uploads\/2018\/05\/milica-savic-nekad-davno-1.jpg 503w\" sizes=\"(max-width: 232px) 100vw, 232px\" \/><\/a>Da mladi mogu mnogo posti\u0107i kada imaju zdrav i pozitivan pogled na \u017eivot, dokaz je Milica Savi\u0107 iz Prijedora. Iako ima tek 19 godina, objavila je \u010dak \u010detiri knjige \u010diji kvalitet hvale i iskusniji knji\u017eevnici.<\/p>\n<p>Njen knji\u017eevni rezultat veliki broj pisaca ostvari tek za nekoliko decenija rada. Me\u0111utim, mlada Prijedor\u010danka, sve radi sa odre\u0111enom lako\u0107om. Tako i \u017eivi i pi\u0161e, pa joj, za razliku od njene okoline, i nije toliko nestvaran broj objavljenih djela.<\/p>\n<p>Prvu knjigu, roman \u201eLastavica\u201c, objavila je prije \u010detiri godine, odnosno kada je imala 16 godina. Bol koju je osje\u0107ala zbog preranog gubitka oca, Milica je preto\u010dila u rije\u010di.<\/p>\n<p>\u2013 Na\u017ealost, po\u010dela sam pisati, a i sama tema mog prvog djela je smrt oca, ljubav prema njemu, i naravno bol i sve ono \u0161to dijete sa 12 godina nosi u sebi kada ostane bez oca. To me je nagnalo da po\u010dnem da pi\u0161em i evo nastavila sam \u2013 pri\u010da za srpskainfo.com mlada knji\u017eevnica.<\/p>\n<p>U naredne tri godine uslijedile su jo\u0161 tri knjige.<\/p>\n<p><a href=\"https:\/\/www.prijedordanas.com\/wp-content\/uploads\/2018\/05\/milica-savic-nekad-davno-2.jpg\"><img loading=\"lazy\" decoding=\"async\" class=\"alignleft size-medium wp-image-104377\" src=\"https:\/\/www.prijedordanas.com\/wp-content\/uploads\/2018\/05\/milica-savic-nekad-davno-2-233x300.jpg\" alt=\"\" width=\"233\" height=\"300\" srcset=\"https:\/\/www.prijedordanas.com\/wp-content\/uploads\/2018\/05\/milica-savic-nekad-davno-2-233x300.jpg 233w, https:\/\/www.prijedordanas.com\/wp-content\/uploads\/2018\/05\/milica-savic-nekad-davno-2-78x100.jpg 78w, https:\/\/www.prijedordanas.com\/wp-content\/uploads\/2018\/05\/milica-savic-nekad-davno-2.jpg 504w\" sizes=\"(max-width: 233px) 100vw, 233px\" \/><\/a>\u2013 Drugu knjigu \u201eKraljica ki\u0161e\u201c objavila sam 2016, potom pro\u0161le godine \u201eKamen i cvijet\u201c i sada ovu knjigu \u201eNekad davno\u201c koja je zbirka pripovjedaka, kao i prethodne dvije knjige, me\u0111utim ova knjiga je druga\u010dija od prethodnih, sadr\u017ei tri malo ve\u0107e pri\u010de \u2013 ka\u017ee Milica.<\/p>\n<p>Dodaje da inspiraciju za pisanje pronalazi u onome \u0161to svaki dan gleda, do\u017eivi i sre\u0107e na svom \u017eivotnom putu.<\/p>\n<p>-Ljubav prema pisanju rodila se u meni jo\u0161 u najranijim danima moga \u017eivota, nakon prvih pro\u010ditanih pjesama na\u0161ih knji\u017eevnika i prvih pismenih sastava u \u0161koli. Oduvjek je ta ljubav prisutna u meni, ali se godinama sve vi\u0161e u\u010dvr\u0161\u0107ivala \u2013 isti\u010de ona.<\/p>\n<p>Navodi da su njeni knji\u017eevni uzori na\u0161i pisci, Branko \u0106opi\u0107, \u010dija djela oduvijek voli, te Mika Anti\u0107, Petar Ko\u010di\u0107 i Desanka Maksimovi\u0107.<\/p>\n<p>\u2013 Pisanje me opu\u0161ta. Obi\u010dno kada zavr\u0161im sve svoje ostale obaveze, onda po\u010dinjem da pi\u0161em. Naj\u010de\u0161\u0107e su to ve\u010dernji sati, i prete\u017eno je to tokom zimskog perioda tokom kojeg dobijam i najvi\u0161e inspiracije za pisanje \u2013 pri\u010da ona uz iskreni osmijeh.<\/p>\n<p><a href=\"https:\/\/www.prijedordanas.com\/wp-content\/uploads\/2018\/05\/milica-savic-nekad-davno-3.jpg\"><img loading=\"lazy\" decoding=\"async\" class=\"alignleft size-medium wp-image-104378\" src=\"https:\/\/www.prijedordanas.com\/wp-content\/uploads\/2018\/05\/milica-savic-nekad-davno-3-300x222.jpg\" alt=\"\" width=\"300\" height=\"222\" srcset=\"https:\/\/www.prijedordanas.com\/wp-content\/uploads\/2018\/05\/milica-savic-nekad-davno-3-300x222.jpg 300w, https:\/\/www.prijedordanas.com\/wp-content\/uploads\/2018\/05\/milica-savic-nekad-davno-3-100x74.jpg 100w, https:\/\/www.prijedordanas.com\/wp-content\/uploads\/2018\/05\/milica-savic-nekad-davno-3.jpg 675w\" sizes=\"(max-width: 300px) 100vw, 300px\" \/><\/a>Me\u0111utim, iako zvu\u010di \u010dudno i nevjerovatno, knji\u017eevnost nije na prvom mjestu u \u017eivotu Milice. Ona je odli\u010dna u\u010denica zavr\u0161nog razreda prijedorske Medicinske \u0161kole, smjera medicinski tehni\u010dar, te planira da se medicini i vi\u0161e posveti u budu\u0107nosti.<\/p>\n<p>-Medicina je jo\u0161 uvijek put koji biram i planiram da upi\u0161em Medicinski fakultet, a knji\u017eevnost je sporedna aktivnost. Me\u0111utim, ja ne\u0107u odustati od knji\u017eevnosti, jer je to ne\u0161to \u0161to me zaista ispunjava. Koliko god da imam slobodnog vremena ja se posve\u0107ujem tome \u2013 isti\u010de ona.<\/p>\n<p>Milica je i aktivni \u010dlan karate kluba \u201e\u0160odan\u201c, te je nosilac sme\u0111eg pojasa.<br \/>\nNakon smrti oca, ostala je sama sa majkom i bratom koji boluje od epilepsije. Ka\u017ee da su najte\u017ei dani iza njih.<\/p>\n<p>-Moj brat je bolestan i dugo godina nisu mogli da mu prona\u0111u odgovaraju\u0107u terapiju, ali sad je sve u redu. Majka je \u017eena u godinama koja, na\u017ealost, nije odmah mogla sve da ostvari. Nakon progona iz Hrvatske, moji roditelji sagradili su ku\u0107u u Prijedoru. Ja sam radila jedan projekta sa Italijanskom organizacijom iz Prijedora i oni su mi iza\u0161li u susret i uplatili odre\u0111en iznos novca kako bismo napravili gornji sprat i sada su u donjem spratu, gdje \u017eivimo odli\u010dni uslovi. Nema vi\u0161e ni vlage koja nam je stvarala problem \u2013 pri\u010da skromna Milica.<\/p>\n<p>Za majku Ljubicu Savi\u0107 ka\u017ee da je njena najve\u0107a podr\u0161ka i oslonac, te joj zato i posvetila posljednju knjigu.<\/p>\n<p><a href=\"https:\/\/www.prijedordanas.com\/wp-content\/uploads\/2018\/05\/milica-savic-nekad-davno-4.jpg\"><img loading=\"lazy\" decoding=\"async\" src=\"https:\/\/www.prijedordanas.com\/wp-content\/uploads\/2018\/05\/milica-savic-nekad-davno-4-300x223.jpg\" alt=\"\" width=\"300\" height=\"223\" class=\"alignleft size-medium wp-image-104379\" srcset=\"https:\/\/www.prijedordanas.com\/wp-content\/uploads\/2018\/05\/milica-savic-nekad-davno-4-300x223.jpg 300w, https:\/\/www.prijedordanas.com\/wp-content\/uploads\/2018\/05\/milica-savic-nekad-davno-4-100x74.jpg 100w, https:\/\/www.prijedordanas.com\/wp-content\/uploads\/2018\/05\/milica-savic-nekad-davno-4.jpg 674w\" sizes=\"(max-width: 300px) 100vw, 300px\" \/><\/a>Milica \u010duva srpsku tradiciju<\/p>\n<p>Milica Savi\u0107 je dobitnica velikog broja literarnih nagrada u Republici Srpskoj i Srbiji.<\/p>\n<p>Svoje \u010detiri knjige pisala je \u0107irilicom, zbog \u010dega su joj iz Srpskog prosvjetnog i kulturnog dru\u0161tva \u201eProsvjeta\u201c Prijedor i uru\u010dili zahvalnicu na promociji poslednje knjige \u201eNekad davno\u201c.<\/p>\n<p>Ova knjiga, za razliku od ranijih Mili\u010dinih knjiga, bi trebalo da bude dostupna u prodavnicama, te da zauzme zaslu\u017eeno mjesto na policama prijedorske gradske Biblioteke.<\/p>\n<p>EuroBlic-srpskainfo.com<\/p>\n<p><a href=\"https:\/\/www.prijedordanas.com\/wp-content\/uploads\/2018\/05\/milica-savic-promocija-nekad-davno-1.jpg\"><img loading=\"lazy\" decoding=\"async\" src=\"https:\/\/www.prijedordanas.com\/wp-content\/uploads\/2018\/05\/milica-savic-promocija-nekad-davno-1-232x300.jpg\" alt=\"\" width=\"232\" height=\"300\" class=\"alignleft size-medium wp-image-104347\" srcset=\"https:\/\/www.prijedordanas.com\/wp-content\/uploads\/2018\/05\/milica-savic-promocija-nekad-davno-1-232x300.jpg 232w, https:\/\/www.prijedordanas.com\/wp-content\/uploads\/2018\/05\/milica-savic-promocija-nekad-davno-1-77x100.jpg 77w, https:\/\/www.prijedordanas.com\/wp-content\/uploads\/2018\/05\/milica-savic-promocija-nekad-davno-1.jpg 503w\" sizes=\"(max-width: 232px) 100vw, 232px\" \/><\/a><\/p>\n","protected":false},"excerpt":{"rendered":"<p>Da mladi mogu mnogo posti\u0107i kada imaju zdrav i pozitivan pogled na \u017eivot, dokaz je Milica Savi\u0107 iz Prijedora. Iako ima tek 19 godina, objavila je \u010dak \u010detiri knjige \u010diji [&hellip;]<\/p>\n","protected":false},"author":1,"featured_media":0,"comment_status":"closed","ping_status":"open","sticky":false,"template":"","format":"standard","meta":{"_monsterinsights_skip_tracking":false,"_monsterinsights_sitenote_active":false,"_monsterinsights_sitenote_note":"","_monsterinsights_sitenote_category":0,"footnotes":""},"categories":[7518],"tags":[4073],"yoast_head":"<!-- This site is optimized with the Yoast SEO plugin v21.6 - https:\/\/yoast.com\/wordpress\/plugins\/seo\/ -->\n<title>BOL ZBOG GUBITKA OCA PRETO\u010cILA U RIJE\u010cI: MLADA PRIJEDOR\u010cANKA OBJAVILA VE\u0106 \u010cETIRI KNJIGE - PrijedorDanas.com - Prijedorski gradski portal<\/title>\n<meta name=\"robots\" content=\"index, follow, max-snippet:-1, max-image-preview:large, max-video-preview:-1\" \/>\n<link rel=\"canonical\" href=\"https:\/\/www.prijedordanas.com\/?p=104374\" \/>\n<meta property=\"og:locale\" content=\"en_US\" \/>\n<meta property=\"og:type\" content=\"article\" \/>\n<meta property=\"og:title\" content=\"BOL ZBOG GUBITKA OCA PRETO\u010cILA U RIJE\u010cI: MLADA PRIJEDOR\u010cANKA OBJAVILA VE\u0106 \u010cETIRI KNJIGE - PrijedorDanas.com - Prijedorski gradski portal\" \/>\n<meta property=\"og:description\" content=\"Da mladi mogu mnogo posti\u0107i kada imaju zdrav i pozitivan pogled na \u017eivot, dokaz je Milica Savi\u0107 iz Prijedora. Iako ima tek 19 godina, objavila je \u010dak \u010detiri knjige \u010diji [&hellip;]\" \/>\n<meta property=\"og:url\" content=\"https:\/\/www.prijedordanas.com\/?p=104374\" \/>\n<meta property=\"og:site_name\" content=\"PrijedorDanas.com - Prijedorski gradski portal\" \/>\n<meta property=\"article:publisher\" content=\"https:\/\/www.facebook.com\/PrijedorDanasCom\/\" \/>\n<meta property=\"article:published_time\" content=\"2018-05-05T13:03:50+00:00\" \/>\n<meta property=\"og:image\" content=\"https:\/\/www.prijedordanas.com\/wp-content\/uploads\/2018\/05\/milica-savic-nekad-davno-1-232x300.jpg\" \/>\n<meta name=\"author\" content=\"admin\" \/>\n<meta name=\"twitter:card\" content=\"summary_large_image\" \/>\n<meta name=\"twitter:label1\" content=\"Written by\" \/>\n\t<meta name=\"twitter:data1\" content=\"admin\" \/>\n\t<meta name=\"twitter:label2\" content=\"Est. reading time\" \/>\n\t<meta name=\"twitter:data2\" content=\"4 minutes\" \/>\n<script type=\"application\/ld+json\" class=\"yoast-schema-graph\">{\"@context\":\"https:\/\/schema.org\",\"@graph\":[{\"@type\":\"Article\",\"@id\":\"https:\/\/www.prijedordanas.com\/?p=104374#article\",\"isPartOf\":{\"@id\":\"https:\/\/www.prijedordanas.com\/?p=104374\"},\"author\":{\"name\":\"admin\",\"@id\":\"https:\/\/www.prijedordanas.com\/#\/schema\/person\/4e08ccf29b506ca916ff86d46bb700e6\"},\"headline\":\"BOL ZBOG GUBITKA OCA PRETO\u010cILA U RIJE\u010cI: MLADA PRIJEDOR\u010cANKA OBJAVILA VE\u0106 \u010cETIRI KNJIGE\",\"datePublished\":\"2018-05-05T13:03:50+00:00\",\"dateModified\":\"2018-05-05T13:03:50+00:00\",\"mainEntityOfPage\":{\"@id\":\"https:\/\/www.prijedordanas.com\/?p=104374\"},\"wordCount\":719,\"publisher\":{\"@id\":\"https:\/\/www.prijedordanas.com\/#organization\"},\"keywords\":[\"Milica Savi\u0107\"],\"articleSection\":[\"Mladi\"],\"inLanguage\":\"en-US\"},{\"@type\":\"WebPage\",\"@id\":\"https:\/\/www.prijedordanas.com\/?p=104374\",\"url\":\"https:\/\/www.prijedordanas.com\/?p=104374\",\"name\":\"BOL ZBOG GUBITKA OCA PRETO\u010cILA U RIJE\u010cI: MLADA PRIJEDOR\u010cANKA OBJAVILA VE\u0106 \u010cETIRI KNJIGE - PrijedorDanas.com - Prijedorski gradski portal\",\"isPartOf\":{\"@id\":\"https:\/\/www.prijedordanas.com\/#website\"},\"datePublished\":\"2018-05-05T13:03:50+00:00\",\"dateModified\":\"2018-05-05T13:03:50+00:00\",\"breadcrumb\":{\"@id\":\"https:\/\/www.prijedordanas.com\/?p=104374#breadcrumb\"},\"inLanguage\":\"en-US\",\"potentialAction\":[{\"@type\":\"ReadAction\",\"target\":[\"https:\/\/www.prijedordanas.com\/?p=104374\"]}]},{\"@type\":\"BreadcrumbList\",\"@id\":\"https:\/\/www.prijedordanas.com\/?p=104374#breadcrumb\",\"itemListElement\":[{\"@type\":\"ListItem\",\"position\":1,\"name\":\"Home\",\"item\":\"https:\/\/www.prijedordanas.com\/\"},{\"@type\":\"ListItem\",\"position\":2,\"name\":\"BOL ZBOG GUBITKA OCA PRETO\u010cILA U RIJE\u010cI: MLADA PRIJEDOR\u010cANKA OBJAVILA VE\u0106 \u010cETIRI KNJIGE\"}]},{\"@type\":\"WebSite\",\"@id\":\"https:\/\/www.prijedordanas.com\/#website\",\"url\":\"https:\/\/www.prijedordanas.com\/\",\"name\":\"PrijedorDanas.com - Prijedorski gradski portal\",\"description\":\"Portal o doga\u0111anjima u gradu Prijedoru\",\"publisher\":{\"@id\":\"https:\/\/www.prijedordanas.com\/#organization\"},\"potentialAction\":[{\"@type\":\"SearchAction\",\"target\":{\"@type\":\"EntryPoint\",\"urlTemplate\":\"https:\/\/www.prijedordanas.com\/?s={search_term_string}\"},\"query-input\":\"required name=search_term_string\"}],\"inLanguage\":\"en-US\"},{\"@type\":\"Organization\",\"@id\":\"https:\/\/www.prijedordanas.com\/#organization\",\"name\":\"PrijedorDanas.com\",\"url\":\"https:\/\/www.prijedordanas.com\/\",\"logo\":{\"@type\":\"ImageObject\",\"inLanguage\":\"en-US\",\"@id\":\"https:\/\/www.prijedordanas.com\/#\/schema\/logo\/image\/\",\"url\":\"http:\/\/www.prijedordanas.com\/wp-content\/uploads\/2021\/12\/logopng.png\",\"contentUrl\":\"http:\/\/www.prijedordanas.com\/wp-content\/uploads\/2021\/12\/logopng.png\",\"width\":1019,\"height\":776,\"caption\":\"PrijedorDanas.com\"},\"image\":{\"@id\":\"https:\/\/www.prijedordanas.com\/#\/schema\/logo\/image\/\"},\"sameAs\":[\"https:\/\/www.facebook.com\/PrijedorDanasCom\/\"]},{\"@type\":\"Person\",\"@id\":\"https:\/\/www.prijedordanas.com\/#\/schema\/person\/4e08ccf29b506ca916ff86d46bb700e6\",\"name\":\"admin\",\"image\":{\"@type\":\"ImageObject\",\"inLanguage\":\"en-US\",\"@id\":\"https:\/\/www.prijedordanas.com\/#\/schema\/person\/image\/\",\"url\":\"https:\/\/secure.gravatar.com\/avatar\/1d3fc949d550f0b53a5f0d51e06dfd79?s=96&d=mm&r=g\",\"contentUrl\":\"https:\/\/secure.gravatar.com\/avatar\/1d3fc949d550f0b53a5f0d51e06dfd79?s=96&d=mm&r=g\",\"caption\":\"admin\"},\"url\":\"https:\/\/www.prijedordanas.com\/?author=1\"}]}<\/script>\n<!-- \/ Yoast SEO plugin. -->","yoast_head_json":{"title":"BOL ZBOG GUBITKA OCA PRETO\u010cILA U RIJE\u010cI: MLADA PRIJEDOR\u010cANKA OBJAVILA VE\u0106 \u010cETIRI KNJIGE - PrijedorDanas.com - Prijedorski gradski portal","robots":{"index":"index","follow":"follow","max-snippet":"max-snippet:-1","max-image-preview":"max-image-preview:large","max-video-preview":"max-video-preview:-1"},"canonical":"https:\/\/www.prijedordanas.com\/?p=104374","og_locale":"en_US","og_type":"article","og_title":"BOL ZBOG GUBITKA OCA PRETO\u010cILA U RIJE\u010cI: MLADA PRIJEDOR\u010cANKA OBJAVILA VE\u0106 \u010cETIRI KNJIGE - PrijedorDanas.com - Prijedorski gradski portal","og_description":"Da mladi mogu mnogo posti\u0107i kada imaju zdrav i pozitivan pogled na \u017eivot, dokaz je Milica Savi\u0107 iz Prijedora. Iako ima tek 19 godina, objavila je \u010dak \u010detiri knjige \u010diji [&hellip;]","og_url":"https:\/\/www.prijedordanas.com\/?p=104374","og_site_name":"PrijedorDanas.com - Prijedorski gradski portal","article_publisher":"https:\/\/www.facebook.com\/PrijedorDanasCom\/","article_published_time":"2018-05-05T13:03:50+00:00","og_image":[{"url":"https:\/\/www.prijedordanas.com\/wp-content\/uploads\/2018\/05\/milica-savic-nekad-davno-1-232x300.jpg"}],"author":"admin","twitter_card":"summary_large_image","twitter_misc":{"Written by":"admin","Est. reading time":"4 minutes"},"schema":{"@context":"https:\/\/schema.org","@graph":[{"@type":"Article","@id":"https:\/\/www.prijedordanas.com\/?p=104374#article","isPartOf":{"@id":"https:\/\/www.prijedordanas.com\/?p=104374"},"author":{"name":"admin","@id":"https:\/\/www.prijedordanas.com\/#\/schema\/person\/4e08ccf29b506ca916ff86d46bb700e6"},"headline":"BOL ZBOG GUBITKA OCA PRETO\u010cILA U RIJE\u010cI: MLADA PRIJEDOR\u010cANKA OBJAVILA VE\u0106 \u010cETIRI KNJIGE","datePublished":"2018-05-05T13:03:50+00:00","dateModified":"2018-05-05T13:03:50+00:00","mainEntityOfPage":{"@id":"https:\/\/www.prijedordanas.com\/?p=104374"},"wordCount":719,"publisher":{"@id":"https:\/\/www.prijedordanas.com\/#organization"},"keywords":["Milica Savi\u0107"],"articleSection":["Mladi"],"inLanguage":"en-US"},{"@type":"WebPage","@id":"https:\/\/www.prijedordanas.com\/?p=104374","url":"https:\/\/www.prijedordanas.com\/?p=104374","name":"BOL ZBOG GUBITKA OCA PRETO\u010cILA U RIJE\u010cI: MLADA PRIJEDOR\u010cANKA OBJAVILA VE\u0106 \u010cETIRI KNJIGE - PrijedorDanas.com - Prijedorski gradski portal","isPartOf":{"@id":"https:\/\/www.prijedordanas.com\/#website"},"datePublished":"2018-05-05T13:03:50+00:00","dateModified":"2018-05-05T13:03:50+00:00","breadcrumb":{"@id":"https:\/\/www.prijedordanas.com\/?p=104374#breadcrumb"},"inLanguage":"en-US","potentialAction":[{"@type":"ReadAction","target":["https:\/\/www.prijedordanas.com\/?p=104374"]}]},{"@type":"BreadcrumbList","@id":"https:\/\/www.prijedordanas.com\/?p=104374#breadcrumb","itemListElement":[{"@type":"ListItem","position":1,"name":"Home","item":"https:\/\/www.prijedordanas.com\/"},{"@type":"ListItem","position":2,"name":"BOL ZBOG GUBITKA OCA PRETO\u010cILA U RIJE\u010cI: MLADA PRIJEDOR\u010cANKA OBJAVILA VE\u0106 \u010cETIRI KNJIGE"}]},{"@type":"WebSite","@id":"https:\/\/www.prijedordanas.com\/#website","url":"https:\/\/www.prijedordanas.com\/","name":"PrijedorDanas.com - Prijedorski gradski portal","description":"Portal o doga\u0111anjima u gradu Prijedoru","publisher":{"@id":"https:\/\/www.prijedordanas.com\/#organization"},"potentialAction":[{"@type":"SearchAction","target":{"@type":"EntryPoint","urlTemplate":"https:\/\/www.prijedordanas.com\/?s={search_term_string}"},"query-input":"required name=search_term_string"}],"inLanguage":"en-US"},{"@type":"Organization","@id":"https:\/\/www.prijedordanas.com\/#organization","name":"PrijedorDanas.com","url":"https:\/\/www.prijedordanas.com\/","logo":{"@type":"ImageObject","inLanguage":"en-US","@id":"https:\/\/www.prijedordanas.com\/#\/schema\/logo\/image\/","url":"http:\/\/www.prijedordanas.com\/wp-content\/uploads\/2021\/12\/logopng.png","contentUrl":"http:\/\/www.prijedordanas.com\/wp-content\/uploads\/2021\/12\/logopng.png","width":1019,"height":776,"caption":"PrijedorDanas.com"},"image":{"@id":"https:\/\/www.prijedordanas.com\/#\/schema\/logo\/image\/"},"sameAs":["https:\/\/www.facebook.com\/PrijedorDanasCom\/"]},{"@type":"Person","@id":"https:\/\/www.prijedordanas.com\/#\/schema\/person\/4e08ccf29b506ca916ff86d46bb700e6","name":"admin","image":{"@type":"ImageObject","inLanguage":"en-US","@id":"https:\/\/www.prijedordanas.com\/#\/schema\/person\/image\/","url":"https:\/\/secure.gravatar.com\/avatar\/1d3fc949d550f0b53a5f0d51e06dfd79?s=96&d=mm&r=g","contentUrl":"https:\/\/secure.gravatar.com\/avatar\/1d3fc949d550f0b53a5f0d51e06dfd79?s=96&d=mm&r=g","caption":"admin"},"url":"https:\/\/www.prijedordanas.com\/?author=1"}]}},"_links":{"self":[{"href":"https:\/\/www.prijedordanas.com\/index.php?rest_route=\/wp\/v2\/posts\/104374"}],"collection":[{"href":"https:\/\/www.prijedordanas.com\/index.php?rest_route=\/wp\/v2\/posts"}],"about":[{"href":"https:\/\/www.prijedordanas.com\/index.php?rest_route=\/wp\/v2\/types\/post"}],"author":[{"embeddable":true,"href":"https:\/\/www.prijedordanas.com\/index.php?rest_route=\/wp\/v2\/users\/1"}],"replies":[{"embeddable":true,"href":"https:\/\/www.prijedordanas.com\/index.php?rest_route=%2Fwp%2Fv2%2Fcomments&post=104374"}],"version-history":[{"count":2,"href":"https:\/\/www.prijedordanas.com\/index.php?rest_route=\/wp\/v2\/posts\/104374\/revisions"}],"predecessor-version":[{"id":104380,"href":"https:\/\/www.prijedordanas.com\/index.php?rest_route=\/wp\/v2\/posts\/104374\/revisions\/104380"}],"wp:attachment":[{"href":"https:\/\/www.prijedordanas.com\/index.php?rest_route=%2Fwp%2Fv2%2Fmedia&parent=104374"}],"wp:term":[{"taxonomy":"category","embeddable":true,"href":"https:\/\/www.prijedordanas.com\/index.php?rest_route=%2Fwp%2Fv2%2Fcategories&post=104374"},{"taxonomy":"post_tag","embeddable":true,"href":"https:\/\/www.prijedordanas.com\/index.php?rest_route=%2Fwp%2Fv2%2Ftags&post=104374"}],"curies":[{"name":"wp","href":"https:\/\/api.w.org\/{rel}","templated":true}]}}