{"id":104367,"date":"2018-05-05T14:18:29","date_gmt":"2018-05-05T12:18:29","guid":{"rendered":"https:\/\/www.prijedordanas.com\/?p=104367"},"modified":"2018-05-05T14:18:29","modified_gmt":"2018-05-05T12:18:29","slug":"lovacki-savez-rs-medvjed-koji-je-primijecen-kod-prijedora-bice-vracen-u-prirodu","status":"publish","type":"post","link":"https:\/\/www.prijedordanas.com\/?p=104367","title":{"rendered":"LOVA\u010cKI SAVEZ RS: MEDVJED KOJI JE PRIMIJE\u0106EN KOD PRIJEDORA BI\u0106E VRA\u0106EN U PRIRODU"},"content":{"rendered":"<p><a href=\"https:\/\/www.prijedordanas.com\/wp-content\/uploads\/2018\/05\/ilustracija-medvjed.jpg\"><img loading=\"lazy\" decoding=\"async\" class=\"alignleft size-medium wp-image-104368\" src=\"https:\/\/www.prijedordanas.com\/wp-content\/uploads\/2018\/05\/ilustracija-medvjed-300x217.jpg\" alt=\"\" width=\"300\" height=\"217\" srcset=\"https:\/\/www.prijedordanas.com\/wp-content\/uploads\/2018\/05\/ilustracija-medvjed-300x217.jpg 300w, https:\/\/www.prijedordanas.com\/wp-content\/uploads\/2018\/05\/ilustracija-medvjed-100x72.jpg 100w, https:\/\/www.prijedordanas.com\/wp-content\/uploads\/2018\/05\/ilustracija-medvjed.jpg 690w\" sizes=\"(max-width: 300px) 100vw, 300px\" \/><\/a>Na osnovu informacije koja su objavili pojedini mediji da se na podru\u010dju Lova\u010dkog udru\u017eenja Mrakovica iz Prijedora pojavio medvjed, a koji se prema istim navodima pro\u0161etao kroz naseljeno mjesto Lova\u010dki savez Republike Srpske, lovo\u010duvarska slu\u017eba LU Mrakovica kao i Ministarstvo poljoprivrede i \u0161umarstva Republike Srpske, resor lovstva obavje\u0161tavaju gra\u0111ane da se novonastala situacija pomno prati te smo spremni da u svakom svakom momentu, ako se medvjed pojavi, na adekvatan na\u010din \u017eivotinju vratimo bezbjedno u njeno prirodno stani\u0161te.<\/p>\n<p>LSRS u saradnji sa nadle\u017enim ministarstvom ima obu\u010den interventni tim, kao i pu\u0161ku za uspavljivanje takve vrste \u017eivotnje.<\/p>\n<p>Ovim putem molimo gra\u0111ane i lovce, ako primjete, vide ili saznaju ne\u0161to vezano za pojavu medvjeda na tom podru\u010dju da odmah nas obavijeste na brojeve telefona 065\/612-411 ili 066\/484-371 kako bi se preduzele konkretne radnje.<\/p>\n<p>Lova\u010dki savez RS<\/p>\n<p>Vezane vijesti:<\/p>\n<p><a href=\"https:\/\/www.prijedordanas.com\/?p=104164\" target=\"_blank\" rel=\"noopener\">MEDO PROSLAVLJAO PRVI MAJ PA SVRATIO U PRIJEDOR \u2013 VIDEO<\/a><\/p>\n<p><a href=\"https:\/\/www.prijedordanas.com\/?p=104284\" target=\"_blank\" rel=\"noopener\">SNIMAK MEDVJEDA KOJI TR\u010cI ULICOM POSTAO HIT U PRIJEDORU \u2013 VIDEO<\/a><\/p>\n<p><iframe loading=\"lazy\" width=\"500\" height=\"281\" src=\"https:\/\/www.youtube.com\/embed\/U4kw2dxH0i8?feature=oembed\" frameborder=\"0\" allow=\"autoplay; encrypted-media\" allowfullscreen><\/iframe><\/p>\n<p><a href=\"https:\/\/www.prijedordanas.com\/wp-content\/uploads\/2018\/05\/medo-prijedor-1.jpg\"><img loading=\"lazy\" decoding=\"async\" src=\"https:\/\/www.prijedordanas.com\/wp-content\/uploads\/2018\/05\/medo-prijedor-1-300x222.jpg\" alt=\"\" width=\"300\" height=\"222\" class=\"alignleft size-medium wp-image-104166\" srcset=\"https:\/\/www.prijedordanas.com\/wp-content\/uploads\/2018\/05\/medo-prijedor-1-300x222.jpg 300w, https:\/\/www.prijedordanas.com\/wp-content\/uploads\/2018\/05\/medo-prijedor-1-100x74.jpg 100w, https:\/\/www.prijedordanas.com\/wp-content\/uploads\/2018\/05\/medo-prijedor-1.jpg 675w\" sizes=\"(max-width: 300px) 100vw, 300px\" \/><\/a><\/p>\n","protected":false},"excerpt":{"rendered":"<p>Na osnovu informacije koja su objavili pojedini mediji da se na podru\u010dju Lova\u010dkog udru\u017eenja Mrakovica iz Prijedora pojavio medvjed, a koji se prema istim navodima pro\u0161etao kroz naseljeno mjesto Lova\u010dki [&hellip;]<\/p>\n","protected":false},"author":1,"featured_media":0,"comment_status":"closed","ping_status":"open","sticky":false,"template":"","format":"standard","meta":{"_monsterinsights_skip_tracking":false,"_monsterinsights_sitenote_active":false,"_monsterinsights_sitenote_note":"","_monsterinsights_sitenote_category":0,"footnotes":""},"categories":[4],"tags":[7830],"yoast_head":"<!-- This site is optimized with the Yoast SEO plugin v21.6 - https:\/\/yoast.com\/wordpress\/plugins\/seo\/ -->\n<title>LOVA\u010cKI SAVEZ RS: MEDVJED KOJI JE PRIMIJE\u0106EN KOD PRIJEDORA BI\u0106E VRA\u0106EN U PRIRODU - PrijedorDanas.com - Prijedorski gradski portal<\/title>\n<meta name=\"robots\" content=\"index, follow, max-snippet:-1, max-image-preview:large, max-video-preview:-1\" \/>\n<link rel=\"canonical\" href=\"https:\/\/www.prijedordanas.com\/?p=104367\" \/>\n<meta property=\"og:locale\" content=\"en_US\" \/>\n<meta property=\"og:type\" content=\"article\" \/>\n<meta property=\"og:title\" content=\"LOVA\u010cKI SAVEZ RS: MEDVJED KOJI JE PRIMIJE\u0106EN KOD PRIJEDORA BI\u0106E VRA\u0106EN U PRIRODU - PrijedorDanas.com - Prijedorski gradski portal\" \/>\n<meta property=\"og:description\" content=\"Na osnovu informacije koja su objavili pojedini mediji da se na podru\u010dju Lova\u010dkog udru\u017eenja Mrakovica iz Prijedora pojavio medvjed, a koji se prema istim navodima pro\u0161etao kroz naseljeno mjesto Lova\u010dki [&hellip;]\" \/>\n<meta property=\"og:url\" content=\"https:\/\/www.prijedordanas.com\/?p=104367\" \/>\n<meta property=\"og:site_name\" content=\"PrijedorDanas.com - Prijedorski gradski portal\" \/>\n<meta property=\"article:publisher\" content=\"https:\/\/www.facebook.com\/PrijedorDanasCom\/\" \/>\n<meta property=\"article:published_time\" content=\"2018-05-05T12:18:29+00:00\" \/>\n<meta property=\"og:image\" content=\"https:\/\/www.prijedordanas.com\/wp-content\/uploads\/2018\/05\/ilustracija-medvjed-300x217.jpg\" \/>\n<meta name=\"author\" content=\"admin\" \/>\n<meta name=\"twitter:card\" content=\"summary_large_image\" \/>\n<meta name=\"twitter:label1\" content=\"Written by\" \/>\n\t<meta name=\"twitter:data1\" content=\"admin\" \/>\n\t<meta name=\"twitter:label2\" content=\"Est. reading time\" \/>\n\t<meta name=\"twitter:data2\" content=\"1 minute\" \/>\n<script type=\"application\/ld+json\" class=\"yoast-schema-graph\">{\"@context\":\"https:\/\/schema.org\",\"@graph\":[{\"@type\":\"Article\",\"@id\":\"https:\/\/www.prijedordanas.com\/?p=104367#article\",\"isPartOf\":{\"@id\":\"https:\/\/www.prijedordanas.com\/?p=104367\"},\"author\":{\"name\":\"admin\",\"@id\":\"https:\/\/www.prijedordanas.com\/#\/schema\/person\/4e08ccf29b506ca916ff86d46bb700e6\"},\"headline\":\"LOVA\u010cKI SAVEZ RS: MEDVJED KOJI JE PRIMIJE\u0106EN KOD PRIJEDORA BI\u0106E VRA\u0106EN U PRIRODU\",\"datePublished\":\"2018-05-05T12:18:29+00:00\",\"dateModified\":\"2018-05-05T12:18:29+00:00\",\"mainEntityOfPage\":{\"@id\":\"https:\/\/www.prijedordanas.com\/?p=104367\"},\"wordCount\":197,\"publisher\":{\"@id\":\"https:\/\/www.prijedordanas.com\/#organization\"},\"keywords\":[\"medvjed\"],\"articleSection\":[\"Dru\u0161tvo\"],\"inLanguage\":\"en-US\"},{\"@type\":\"WebPage\",\"@id\":\"https:\/\/www.prijedordanas.com\/?p=104367\",\"url\":\"https:\/\/www.prijedordanas.com\/?p=104367\",\"name\":\"LOVA\u010cKI SAVEZ RS: MEDVJED KOJI JE PRIMIJE\u0106EN KOD PRIJEDORA BI\u0106E VRA\u0106EN U PRIRODU - PrijedorDanas.com - Prijedorski gradski portal\",\"isPartOf\":{\"@id\":\"https:\/\/www.prijedordanas.com\/#website\"},\"datePublished\":\"2018-05-05T12:18:29+00:00\",\"dateModified\":\"2018-05-05T12:18:29+00:00\",\"breadcrumb\":{\"@id\":\"https:\/\/www.prijedordanas.com\/?p=104367#breadcrumb\"},\"inLanguage\":\"en-US\",\"potentialAction\":[{\"@type\":\"ReadAction\",\"target\":[\"https:\/\/www.prijedordanas.com\/?p=104367\"]}]},{\"@type\":\"BreadcrumbList\",\"@id\":\"https:\/\/www.prijedordanas.com\/?p=104367#breadcrumb\",\"itemListElement\":[{\"@type\":\"ListItem\",\"position\":1,\"name\":\"Home\",\"item\":\"https:\/\/www.prijedordanas.com\/\"},{\"@type\":\"ListItem\",\"position\":2,\"name\":\"LOVA\u010cKI SAVEZ RS: MEDVJED KOJI JE PRIMIJE\u0106EN KOD PRIJEDORA BI\u0106E VRA\u0106EN U PRIRODU\"}]},{\"@type\":\"WebSite\",\"@id\":\"https:\/\/www.prijedordanas.com\/#website\",\"url\":\"https:\/\/www.prijedordanas.com\/\",\"name\":\"PrijedorDanas.com - Prijedorski gradski portal\",\"description\":\"Portal o doga\u0111anjima u gradu Prijedoru\",\"publisher\":{\"@id\":\"https:\/\/www.prijedordanas.com\/#organization\"},\"potentialAction\":[{\"@type\":\"SearchAction\",\"target\":{\"@type\":\"EntryPoint\",\"urlTemplate\":\"https:\/\/www.prijedordanas.com\/?s={search_term_string}\"},\"query-input\":\"required name=search_term_string\"}],\"inLanguage\":\"en-US\"},{\"@type\":\"Organization\",\"@id\":\"https:\/\/www.prijedordanas.com\/#organization\",\"name\":\"PrijedorDanas.com\",\"url\":\"https:\/\/www.prijedordanas.com\/\",\"logo\":{\"@type\":\"ImageObject\",\"inLanguage\":\"en-US\",\"@id\":\"https:\/\/www.prijedordanas.com\/#\/schema\/logo\/image\/\",\"url\":\"http:\/\/www.prijedordanas.com\/wp-content\/uploads\/2021\/12\/logopng.png\",\"contentUrl\":\"http:\/\/www.prijedordanas.com\/wp-content\/uploads\/2021\/12\/logopng.png\",\"width\":1019,\"height\":776,\"caption\":\"PrijedorDanas.com\"},\"image\":{\"@id\":\"https:\/\/www.prijedordanas.com\/#\/schema\/logo\/image\/\"},\"sameAs\":[\"https:\/\/www.facebook.com\/PrijedorDanasCom\/\"]},{\"@type\":\"Person\",\"@id\":\"https:\/\/www.prijedordanas.com\/#\/schema\/person\/4e08ccf29b506ca916ff86d46bb700e6\",\"name\":\"admin\",\"image\":{\"@type\":\"ImageObject\",\"inLanguage\":\"en-US\",\"@id\":\"https:\/\/www.prijedordanas.com\/#\/schema\/person\/image\/\",\"url\":\"https:\/\/secure.gravatar.com\/avatar\/1d3fc949d550f0b53a5f0d51e06dfd79?s=96&d=mm&r=g\",\"contentUrl\":\"https:\/\/secure.gravatar.com\/avatar\/1d3fc949d550f0b53a5f0d51e06dfd79?s=96&d=mm&r=g\",\"caption\":\"admin\"},\"url\":\"https:\/\/www.prijedordanas.com\/?author=1\"}]}<\/script>\n<!-- \/ Yoast SEO plugin. -->","yoast_head_json":{"title":"LOVA\u010cKI SAVEZ RS: MEDVJED KOJI JE PRIMIJE\u0106EN KOD PRIJEDORA BI\u0106E VRA\u0106EN U PRIRODU - PrijedorDanas.com - Prijedorski gradski portal","robots":{"index":"index","follow":"follow","max-snippet":"max-snippet:-1","max-image-preview":"max-image-preview:large","max-video-preview":"max-video-preview:-1"},"canonical":"https:\/\/www.prijedordanas.com\/?p=104367","og_locale":"en_US","og_type":"article","og_title":"LOVA\u010cKI SAVEZ RS: MEDVJED KOJI JE PRIMIJE\u0106EN KOD PRIJEDORA BI\u0106E VRA\u0106EN U PRIRODU - PrijedorDanas.com - Prijedorski gradski portal","og_description":"Na osnovu informacije koja su objavili pojedini mediji da se na podru\u010dju Lova\u010dkog udru\u017eenja Mrakovica iz Prijedora pojavio medvjed, a koji se prema istim navodima pro\u0161etao kroz naseljeno mjesto Lova\u010dki [&hellip;]","og_url":"https:\/\/www.prijedordanas.com\/?p=104367","og_site_name":"PrijedorDanas.com - Prijedorski gradski portal","article_publisher":"https:\/\/www.facebook.com\/PrijedorDanasCom\/","article_published_time":"2018-05-05T12:18:29+00:00","og_image":[{"url":"https:\/\/www.prijedordanas.com\/wp-content\/uploads\/2018\/05\/ilustracija-medvjed-300x217.jpg"}],"author":"admin","twitter_card":"summary_large_image","twitter_misc":{"Written by":"admin","Est. reading time":"1 minute"},"schema":{"@context":"https:\/\/schema.org","@graph":[{"@type":"Article","@id":"https:\/\/www.prijedordanas.com\/?p=104367#article","isPartOf":{"@id":"https:\/\/www.prijedordanas.com\/?p=104367"},"author":{"name":"admin","@id":"https:\/\/www.prijedordanas.com\/#\/schema\/person\/4e08ccf29b506ca916ff86d46bb700e6"},"headline":"LOVA\u010cKI SAVEZ RS: MEDVJED KOJI JE PRIMIJE\u0106EN KOD PRIJEDORA BI\u0106E VRA\u0106EN U PRIRODU","datePublished":"2018-05-05T12:18:29+00:00","dateModified":"2018-05-05T12:18:29+00:00","mainEntityOfPage":{"@id":"https:\/\/www.prijedordanas.com\/?p=104367"},"wordCount":197,"publisher":{"@id":"https:\/\/www.prijedordanas.com\/#organization"},"keywords":["medvjed"],"articleSection":["Dru\u0161tvo"],"inLanguage":"en-US"},{"@type":"WebPage","@id":"https:\/\/www.prijedordanas.com\/?p=104367","url":"https:\/\/www.prijedordanas.com\/?p=104367","name":"LOVA\u010cKI SAVEZ RS: MEDVJED KOJI JE PRIMIJE\u0106EN KOD PRIJEDORA BI\u0106E VRA\u0106EN U PRIRODU - PrijedorDanas.com - Prijedorski gradski portal","isPartOf":{"@id":"https:\/\/www.prijedordanas.com\/#website"},"datePublished":"2018-05-05T12:18:29+00:00","dateModified":"2018-05-05T12:18:29+00:00","breadcrumb":{"@id":"https:\/\/www.prijedordanas.com\/?p=104367#breadcrumb"},"inLanguage":"en-US","potentialAction":[{"@type":"ReadAction","target":["https:\/\/www.prijedordanas.com\/?p=104367"]}]},{"@type":"BreadcrumbList","@id":"https:\/\/www.prijedordanas.com\/?p=104367#breadcrumb","itemListElement":[{"@type":"ListItem","position":1,"name":"Home","item":"https:\/\/www.prijedordanas.com\/"},{"@type":"ListItem","position":2,"name":"LOVA\u010cKI SAVEZ RS: MEDVJED KOJI JE PRIMIJE\u0106EN KOD PRIJEDORA BI\u0106E VRA\u0106EN U PRIRODU"}]},{"@type":"WebSite","@id":"https:\/\/www.prijedordanas.com\/#website","url":"https:\/\/www.prijedordanas.com\/","name":"PrijedorDanas.com - Prijedorski gradski portal","description":"Portal o doga\u0111anjima u gradu Prijedoru","publisher":{"@id":"https:\/\/www.prijedordanas.com\/#organization"},"potentialAction":[{"@type":"SearchAction","target":{"@type":"EntryPoint","urlTemplate":"https:\/\/www.prijedordanas.com\/?s={search_term_string}"},"query-input":"required name=search_term_string"}],"inLanguage":"en-US"},{"@type":"Organization","@id":"https:\/\/www.prijedordanas.com\/#organization","name":"PrijedorDanas.com","url":"https:\/\/www.prijedordanas.com\/","logo":{"@type":"ImageObject","inLanguage":"en-US","@id":"https:\/\/www.prijedordanas.com\/#\/schema\/logo\/image\/","url":"http:\/\/www.prijedordanas.com\/wp-content\/uploads\/2021\/12\/logopng.png","contentUrl":"http:\/\/www.prijedordanas.com\/wp-content\/uploads\/2021\/12\/logopng.png","width":1019,"height":776,"caption":"PrijedorDanas.com"},"image":{"@id":"https:\/\/www.prijedordanas.com\/#\/schema\/logo\/image\/"},"sameAs":["https:\/\/www.facebook.com\/PrijedorDanasCom\/"]},{"@type":"Person","@id":"https:\/\/www.prijedordanas.com\/#\/schema\/person\/4e08ccf29b506ca916ff86d46bb700e6","name":"admin","image":{"@type":"ImageObject","inLanguage":"en-US","@id":"https:\/\/www.prijedordanas.com\/#\/schema\/person\/image\/","url":"https:\/\/secure.gravatar.com\/avatar\/1d3fc949d550f0b53a5f0d51e06dfd79?s=96&d=mm&r=g","contentUrl":"https:\/\/secure.gravatar.com\/avatar\/1d3fc949d550f0b53a5f0d51e06dfd79?s=96&d=mm&r=g","caption":"admin"},"url":"https:\/\/www.prijedordanas.com\/?author=1"}]}},"_links":{"self":[{"href":"https:\/\/www.prijedordanas.com\/index.php?rest_route=\/wp\/v2\/posts\/104367"}],"collection":[{"href":"https:\/\/www.prijedordanas.com\/index.php?rest_route=\/wp\/v2\/posts"}],"about":[{"href":"https:\/\/www.prijedordanas.com\/index.php?rest_route=\/wp\/v2\/types\/post"}],"author":[{"embeddable":true,"href":"https:\/\/www.prijedordanas.com\/index.php?rest_route=\/wp\/v2\/users\/1"}],"replies":[{"embeddable":true,"href":"https:\/\/www.prijedordanas.com\/index.php?rest_route=%2Fwp%2Fv2%2Fcomments&post=104367"}],"version-history":[{"count":1,"href":"https:\/\/www.prijedordanas.com\/index.php?rest_route=\/wp\/v2\/posts\/104367\/revisions"}],"predecessor-version":[{"id":104369,"href":"https:\/\/www.prijedordanas.com\/index.php?rest_route=\/wp\/v2\/posts\/104367\/revisions\/104369"}],"wp:attachment":[{"href":"https:\/\/www.prijedordanas.com\/index.php?rest_route=%2Fwp%2Fv2%2Fmedia&parent=104367"}],"wp:term":[{"taxonomy":"category","embeddable":true,"href":"https:\/\/www.prijedordanas.com\/index.php?rest_route=%2Fwp%2Fv2%2Fcategories&post=104367"},{"taxonomy":"post_tag","embeddable":true,"href":"https:\/\/www.prijedordanas.com\/index.php?rest_route=%2Fwp%2Fv2%2Ftags&post=104367"}],"curies":[{"name":"wp","href":"https:\/\/api.w.org\/{rel}","templated":true}]}}