{"id":104145,"date":"2018-05-02T19:29:18","date_gmt":"2018-05-02T17:29:18","guid":{"rendered":"https:\/\/www.prijedordanas.com\/?p=104145"},"modified":"2018-05-02T19:29:18","modified_gmt":"2018-05-02T17:29:18","slug":"piramida-jos-cetvoro-odvela-iza-resetaka","status":"publish","type":"post","link":"https:\/\/www.prijedordanas.com\/?p=104145","title":{"rendered":"PIRAMIDA JO\u0160 \u010cETVORO ODVELA IZA RE\u0160ETAKA"},"content":{"rendered":"<p><a href=\"https:\/\/www.prijedordanas.com\/wp-content\/uploads\/2016\/12\/glas-ilustracija.jpg\"><img loading=\"lazy\" decoding=\"async\" src=\"https:\/\/www.prijedordanas.com\/wp-content\/uploads\/2016\/12\/glas-ilustracija-300x249.jpg\" alt=\"\" width=\"300\" height=\"249\" class=\"alignleft size-medium wp-image-67749\" srcset=\"https:\/\/www.prijedordanas.com\/wp-content\/uploads\/2016\/12\/glas-ilustracija-300x249.jpg 300w, https:\/\/www.prijedordanas.com\/wp-content\/uploads\/2016\/12\/glas-ilustracija-100x83.jpg 100w, https:\/\/www.prijedordanas.com\/wp-content\/uploads\/2016\/12\/glas-ilustracija.jpg 638w\" sizes=\"(max-width: 300px) 100vw, 300px\" \/><\/a>Dalibor Ma\u010dak (37), Julija Halupa (25), Dragan Maksimovi\u0107 \u017duti (39) i Dragan Stani\u0161i\u0107 Gagi (34) iz Banjaluke, osu\u0111eni su u banjalu\u010dkom Okru\u017enom sudu na ukupno 23 mjeseca zatvora zbog \u0161verca narkoticima.<\/p>\n<p>Presudi su prethodili sporazumi o priznanju krivice koji su oni zaklju\u010dili sa Okru\u017enim tu\u017eila\u0161tvom u Banjaluci.<\/p>\n<p>Ma\u010dak je osu\u0111en na devet mjeseci, Stani\u0161i\u0107 na \u0161est, Maksimovi\u0107 na pet, a Halupa na tri mjeseca zatvora.<\/p>\n<p>Tu\u017eilac Sa\u0161a Laboti\u0107 je u banjalu\u010dkom Okru\u017enom sudu  prilikom razmatranja sporazuma naglasio da je u ovom slu\u010daju na osnovu izvedenih dokaza izmijenio optu\u017enicu u odnosu na Ma\u010dka, Halupu, Stani\u0161i\u0107a i Maksimovi\u0107a. <\/p>\n<p>Tim izmjenama na teret im je stavljeno bla\u017ee krivi\u010dno \u0111elo trgovine drogom. Oni su optu\u017eeni u predmetu &#8220;Piramida&#8221; jer su \u0161vercovali narkotike od po\u010detka 2017. do 10. oktobra te godine. Akcija &#8220;Piramida&#8221; izvedena je lani u oktobru, a u ovom slu\u010daju bilo je optu\u017eeno 15 osoba. Me\u0111utim, razdvajanjem postupaka i priznanjima krivice &#8220;Piramida&#8221; se osula. Tako su sada na optu\u017eeni\u010dkim klupama ostali Muhamed Halilovi\u0107 zvani Pota (40), Milan Pi\u010dulin zvani Pi\u0107ulin (35) iz Banjaluke, Zoran \u0160avija (60) iz Visokog, Branko Milivoj\u0161a (56) iz Prijedora. Prema optu\u017enici grupu terete da su na osnovu dogovora preprodavali heroin, kokain, marihuanu, ekstazi, LSD i buprenorfin na podru\u010dju Banjaluke i Mrkonji\u0107 Grada. Zavisno od koli\u010dine i vrste drogu su prodavali po cijenama od deset do 50 KM.  U optu\u017enici stoji da je \u0160avija nabavljao kokain, marihuanu i heroin i anga\u017eovao Milivoj\u0161u da preprodaje drogu. Halilovi\u0107 je dalje prodavao drugim pojedinim optu\u017eenim i &#8220;klijentima&#8221;. U ovom slu\u010daju do sada su sporazumno krivicu priznali i na osnovu toga osu\u0111eni na ukupno osam godina i tri mjeseca zatvora Vedran \u017dolja (34), Edin Behremovi\u0107 (49), Milo\u0161 Duli\u0107 (37),  Tihomir Novakovi\u0107 (43) i Ned\u017ead Ba\u0161i\u0107 (36). Ranije je postupak razdvojen protiv Neboj\u0161e Janji\u0107a zvanog Neno i Ognjana Koki\u0107a zvanog Onjo iz Sarajeva.<\/p>\n<p>Glas Srpske<\/p>\n","protected":false},"excerpt":{"rendered":"<p>Dalibor Ma\u010dak (37), Julija Halupa (25), Dragan Maksimovi\u0107 \u017duti (39) i Dragan Stani\u0161i\u0107 Gagi (34) iz Banjaluke, osu\u0111eni su u banjalu\u010dkom Okru\u017enom sudu na ukupno 23 mjeseca zatvora zbog \u0161verca [&hellip;]<\/p>\n","protected":false},"author":1,"featured_media":0,"comment_status":"closed","ping_status":"open","sticky":false,"template":"","format":"standard","meta":{"_monsterinsights_skip_tracking":false,"_monsterinsights_sitenote_active":false,"_monsterinsights_sitenote_note":"","_monsterinsights_sitenote_category":0,"footnotes":""},"categories":[5],"tags":[10579],"yoast_head":"<!-- This site is optimized with the Yoast SEO plugin v21.6 - https:\/\/yoast.com\/wordpress\/plugins\/seo\/ -->\n<title>PIRAMIDA JO\u0160 \u010cETVORO ODVELA IZA RE\u0160ETAKA - PrijedorDanas.com - Prijedorski gradski portal<\/title>\n<meta name=\"robots\" content=\"index, follow, max-snippet:-1, max-image-preview:large, max-video-preview:-1\" \/>\n<link rel=\"canonical\" href=\"https:\/\/www.prijedordanas.com\/?p=104145\" \/>\n<meta property=\"og:locale\" content=\"en_US\" \/>\n<meta property=\"og:type\" content=\"article\" \/>\n<meta property=\"og:title\" content=\"PIRAMIDA JO\u0160 \u010cETVORO ODVELA IZA RE\u0160ETAKA - PrijedorDanas.com - Prijedorski gradski portal\" \/>\n<meta property=\"og:description\" content=\"Dalibor Ma\u010dak (37), Julija Halupa (25), Dragan Maksimovi\u0107 \u017duti (39) i Dragan Stani\u0161i\u0107 Gagi (34) iz Banjaluke, osu\u0111eni su u banjalu\u010dkom Okru\u017enom sudu na ukupno 23 mjeseca zatvora zbog \u0161verca [&hellip;]\" \/>\n<meta property=\"og:url\" content=\"https:\/\/www.prijedordanas.com\/?p=104145\" \/>\n<meta property=\"og:site_name\" content=\"PrijedorDanas.com - Prijedorski gradski portal\" \/>\n<meta property=\"article:publisher\" content=\"https:\/\/www.facebook.com\/PrijedorDanasCom\/\" \/>\n<meta property=\"article:published_time\" content=\"2018-05-02T17:29:18+00:00\" \/>\n<meta property=\"og:image\" content=\"https:\/\/www.prijedordanas.com\/wp-content\/uploads\/2016\/12\/glas-ilustracija-300x249.jpg\" \/>\n<meta name=\"author\" content=\"admin\" \/>\n<meta name=\"twitter:card\" content=\"summary_large_image\" \/>\n<meta name=\"twitter:label1\" content=\"Written by\" \/>\n\t<meta name=\"twitter:data1\" content=\"admin\" \/>\n\t<meta name=\"twitter:label2\" content=\"Est. reading time\" \/>\n\t<meta name=\"twitter:data2\" content=\"2 minutes\" \/>\n<script type=\"application\/ld+json\" class=\"yoast-schema-graph\">{\"@context\":\"https:\/\/schema.org\",\"@graph\":[{\"@type\":\"Article\",\"@id\":\"https:\/\/www.prijedordanas.com\/?p=104145#article\",\"isPartOf\":{\"@id\":\"https:\/\/www.prijedordanas.com\/?p=104145\"},\"author\":{\"name\":\"admin\",\"@id\":\"https:\/\/www.prijedordanas.com\/#\/schema\/person\/4e08ccf29b506ca916ff86d46bb700e6\"},\"headline\":\"PIRAMIDA JO\u0160 \u010cETVORO ODVELA IZA RE\u0160ETAKA\",\"datePublished\":\"2018-05-02T17:29:18+00:00\",\"dateModified\":\"2018-05-02T17:29:18+00:00\",\"mainEntityOfPage\":{\"@id\":\"https:\/\/www.prijedordanas.com\/?p=104145\"},\"wordCount\":337,\"publisher\":{\"@id\":\"https:\/\/www.prijedordanas.com\/#organization\"},\"keywords\":[\"Piramida\"],\"articleSection\":[\"Hronika\"],\"inLanguage\":\"en-US\"},{\"@type\":\"WebPage\",\"@id\":\"https:\/\/www.prijedordanas.com\/?p=104145\",\"url\":\"https:\/\/www.prijedordanas.com\/?p=104145\",\"name\":\"PIRAMIDA JO\u0160 \u010cETVORO ODVELA IZA RE\u0160ETAKA - PrijedorDanas.com - Prijedorski gradski portal\",\"isPartOf\":{\"@id\":\"https:\/\/www.prijedordanas.com\/#website\"},\"datePublished\":\"2018-05-02T17:29:18+00:00\",\"dateModified\":\"2018-05-02T17:29:18+00:00\",\"breadcrumb\":{\"@id\":\"https:\/\/www.prijedordanas.com\/?p=104145#breadcrumb\"},\"inLanguage\":\"en-US\",\"potentialAction\":[{\"@type\":\"ReadAction\",\"target\":[\"https:\/\/www.prijedordanas.com\/?p=104145\"]}]},{\"@type\":\"BreadcrumbList\",\"@id\":\"https:\/\/www.prijedordanas.com\/?p=104145#breadcrumb\",\"itemListElement\":[{\"@type\":\"ListItem\",\"position\":1,\"name\":\"Home\",\"item\":\"https:\/\/www.prijedordanas.com\/\"},{\"@type\":\"ListItem\",\"position\":2,\"name\":\"PIRAMIDA JO\u0160 \u010cETVORO ODVELA IZA RE\u0160ETAKA\"}]},{\"@type\":\"WebSite\",\"@id\":\"https:\/\/www.prijedordanas.com\/#website\",\"url\":\"https:\/\/www.prijedordanas.com\/\",\"name\":\"PrijedorDanas.com - Prijedorski gradski portal\",\"description\":\"Portal o doga\u0111anjima u gradu Prijedoru\",\"publisher\":{\"@id\":\"https:\/\/www.prijedordanas.com\/#organization\"},\"potentialAction\":[{\"@type\":\"SearchAction\",\"target\":{\"@type\":\"EntryPoint\",\"urlTemplate\":\"https:\/\/www.prijedordanas.com\/?s={search_term_string}\"},\"query-input\":\"required name=search_term_string\"}],\"inLanguage\":\"en-US\"},{\"@type\":\"Organization\",\"@id\":\"https:\/\/www.prijedordanas.com\/#organization\",\"name\":\"PrijedorDanas.com\",\"url\":\"https:\/\/www.prijedordanas.com\/\",\"logo\":{\"@type\":\"ImageObject\",\"inLanguage\":\"en-US\",\"@id\":\"https:\/\/www.prijedordanas.com\/#\/schema\/logo\/image\/\",\"url\":\"http:\/\/www.prijedordanas.com\/wp-content\/uploads\/2021\/12\/logopng.png\",\"contentUrl\":\"http:\/\/www.prijedordanas.com\/wp-content\/uploads\/2021\/12\/logopng.png\",\"width\":1019,\"height\":776,\"caption\":\"PrijedorDanas.com\"},\"image\":{\"@id\":\"https:\/\/www.prijedordanas.com\/#\/schema\/logo\/image\/\"},\"sameAs\":[\"https:\/\/www.facebook.com\/PrijedorDanasCom\/\"]},{\"@type\":\"Person\",\"@id\":\"https:\/\/www.prijedordanas.com\/#\/schema\/person\/4e08ccf29b506ca916ff86d46bb700e6\",\"name\":\"admin\",\"image\":{\"@type\":\"ImageObject\",\"inLanguage\":\"en-US\",\"@id\":\"https:\/\/www.prijedordanas.com\/#\/schema\/person\/image\/\",\"url\":\"https:\/\/secure.gravatar.com\/avatar\/1d3fc949d550f0b53a5f0d51e06dfd79?s=96&d=mm&r=g\",\"contentUrl\":\"https:\/\/secure.gravatar.com\/avatar\/1d3fc949d550f0b53a5f0d51e06dfd79?s=96&d=mm&r=g\",\"caption\":\"admin\"},\"url\":\"https:\/\/www.prijedordanas.com\/?author=1\"}]}<\/script>\n<!-- \/ Yoast SEO plugin. -->","yoast_head_json":{"title":"PIRAMIDA JO\u0160 \u010cETVORO ODVELA IZA RE\u0160ETAKA - PrijedorDanas.com - Prijedorski gradski portal","robots":{"index":"index","follow":"follow","max-snippet":"max-snippet:-1","max-image-preview":"max-image-preview:large","max-video-preview":"max-video-preview:-1"},"canonical":"https:\/\/www.prijedordanas.com\/?p=104145","og_locale":"en_US","og_type":"article","og_title":"PIRAMIDA JO\u0160 \u010cETVORO ODVELA IZA RE\u0160ETAKA - PrijedorDanas.com - Prijedorski gradski portal","og_description":"Dalibor Ma\u010dak (37), Julija Halupa (25), Dragan Maksimovi\u0107 \u017duti (39) i Dragan Stani\u0161i\u0107 Gagi (34) iz Banjaluke, osu\u0111eni su u banjalu\u010dkom Okru\u017enom sudu na ukupno 23 mjeseca zatvora zbog \u0161verca [&hellip;]","og_url":"https:\/\/www.prijedordanas.com\/?p=104145","og_site_name":"PrijedorDanas.com - Prijedorski gradski portal","article_publisher":"https:\/\/www.facebook.com\/PrijedorDanasCom\/","article_published_time":"2018-05-02T17:29:18+00:00","og_image":[{"url":"https:\/\/www.prijedordanas.com\/wp-content\/uploads\/2016\/12\/glas-ilustracija-300x249.jpg"}],"author":"admin","twitter_card":"summary_large_image","twitter_misc":{"Written by":"admin","Est. reading time":"2 minutes"},"schema":{"@context":"https:\/\/schema.org","@graph":[{"@type":"Article","@id":"https:\/\/www.prijedordanas.com\/?p=104145#article","isPartOf":{"@id":"https:\/\/www.prijedordanas.com\/?p=104145"},"author":{"name":"admin","@id":"https:\/\/www.prijedordanas.com\/#\/schema\/person\/4e08ccf29b506ca916ff86d46bb700e6"},"headline":"PIRAMIDA JO\u0160 \u010cETVORO ODVELA IZA RE\u0160ETAKA","datePublished":"2018-05-02T17:29:18+00:00","dateModified":"2018-05-02T17:29:18+00:00","mainEntityOfPage":{"@id":"https:\/\/www.prijedordanas.com\/?p=104145"},"wordCount":337,"publisher":{"@id":"https:\/\/www.prijedordanas.com\/#organization"},"keywords":["Piramida"],"articleSection":["Hronika"],"inLanguage":"en-US"},{"@type":"WebPage","@id":"https:\/\/www.prijedordanas.com\/?p=104145","url":"https:\/\/www.prijedordanas.com\/?p=104145","name":"PIRAMIDA JO\u0160 \u010cETVORO ODVELA IZA RE\u0160ETAKA - PrijedorDanas.com - Prijedorski gradski portal","isPartOf":{"@id":"https:\/\/www.prijedordanas.com\/#website"},"datePublished":"2018-05-02T17:29:18+00:00","dateModified":"2018-05-02T17:29:18+00:00","breadcrumb":{"@id":"https:\/\/www.prijedordanas.com\/?p=104145#breadcrumb"},"inLanguage":"en-US","potentialAction":[{"@type":"ReadAction","target":["https:\/\/www.prijedordanas.com\/?p=104145"]}]},{"@type":"BreadcrumbList","@id":"https:\/\/www.prijedordanas.com\/?p=104145#breadcrumb","itemListElement":[{"@type":"ListItem","position":1,"name":"Home","item":"https:\/\/www.prijedordanas.com\/"},{"@type":"ListItem","position":2,"name":"PIRAMIDA JO\u0160 \u010cETVORO ODVELA IZA RE\u0160ETAKA"}]},{"@type":"WebSite","@id":"https:\/\/www.prijedordanas.com\/#website","url":"https:\/\/www.prijedordanas.com\/","name":"PrijedorDanas.com - Prijedorski gradski portal","description":"Portal o doga\u0111anjima u gradu Prijedoru","publisher":{"@id":"https:\/\/www.prijedordanas.com\/#organization"},"potentialAction":[{"@type":"SearchAction","target":{"@type":"EntryPoint","urlTemplate":"https:\/\/www.prijedordanas.com\/?s={search_term_string}"},"query-input":"required name=search_term_string"}],"inLanguage":"en-US"},{"@type":"Organization","@id":"https:\/\/www.prijedordanas.com\/#organization","name":"PrijedorDanas.com","url":"https:\/\/www.prijedordanas.com\/","logo":{"@type":"ImageObject","inLanguage":"en-US","@id":"https:\/\/www.prijedordanas.com\/#\/schema\/logo\/image\/","url":"http:\/\/www.prijedordanas.com\/wp-content\/uploads\/2021\/12\/logopng.png","contentUrl":"http:\/\/www.prijedordanas.com\/wp-content\/uploads\/2021\/12\/logopng.png","width":1019,"height":776,"caption":"PrijedorDanas.com"},"image":{"@id":"https:\/\/www.prijedordanas.com\/#\/schema\/logo\/image\/"},"sameAs":["https:\/\/www.facebook.com\/PrijedorDanasCom\/"]},{"@type":"Person","@id":"https:\/\/www.prijedordanas.com\/#\/schema\/person\/4e08ccf29b506ca916ff86d46bb700e6","name":"admin","image":{"@type":"ImageObject","inLanguage":"en-US","@id":"https:\/\/www.prijedordanas.com\/#\/schema\/person\/image\/","url":"https:\/\/secure.gravatar.com\/avatar\/1d3fc949d550f0b53a5f0d51e06dfd79?s=96&d=mm&r=g","contentUrl":"https:\/\/secure.gravatar.com\/avatar\/1d3fc949d550f0b53a5f0d51e06dfd79?s=96&d=mm&r=g","caption":"admin"},"url":"https:\/\/www.prijedordanas.com\/?author=1"}]}},"_links":{"self":[{"href":"https:\/\/www.prijedordanas.com\/index.php?rest_route=\/wp\/v2\/posts\/104145"}],"collection":[{"href":"https:\/\/www.prijedordanas.com\/index.php?rest_route=\/wp\/v2\/posts"}],"about":[{"href":"https:\/\/www.prijedordanas.com\/index.php?rest_route=\/wp\/v2\/types\/post"}],"author":[{"embeddable":true,"href":"https:\/\/www.prijedordanas.com\/index.php?rest_route=\/wp\/v2\/users\/1"}],"replies":[{"embeddable":true,"href":"https:\/\/www.prijedordanas.com\/index.php?rest_route=%2Fwp%2Fv2%2Fcomments&post=104145"}],"version-history":[{"count":1,"href":"https:\/\/www.prijedordanas.com\/index.php?rest_route=\/wp\/v2\/posts\/104145\/revisions"}],"predecessor-version":[{"id":104146,"href":"https:\/\/www.prijedordanas.com\/index.php?rest_route=\/wp\/v2\/posts\/104145\/revisions\/104146"}],"wp:attachment":[{"href":"https:\/\/www.prijedordanas.com\/index.php?rest_route=%2Fwp%2Fv2%2Fmedia&parent=104145"}],"wp:term":[{"taxonomy":"category","embeddable":true,"href":"https:\/\/www.prijedordanas.com\/index.php?rest_route=%2Fwp%2Fv2%2Fcategories&post=104145"},{"taxonomy":"post_tag","embeddable":true,"href":"https:\/\/www.prijedordanas.com\/index.php?rest_route=%2Fwp%2Fv2%2Ftags&post=104145"}],"curies":[{"name":"wp","href":"https:\/\/api.w.org\/{rel}","templated":true}]}}