{"id":103983,"date":"2018-05-07T16:09:27","date_gmt":"2018-05-07T14:09:27","guid":{"rendered":"https:\/\/www.prijedordanas.com\/?p=103983"},"modified":"2018-05-07T16:09:27","modified_gmt":"2018-05-07T14:09:27","slug":"u-domu-zdravlja-prijedor-povecan-broj-pacijenata-sa-problemima-alergije-video","status":"publish","type":"post","link":"https:\/\/www.prijedordanas.com\/?p=103983","title":{"rendered":"U DOMU ZDRAVLJA PRIJEDOR POVE\u0106AN BROJ PACIJENATA SA PROBLEMIMA ALERGIJE \u2013 VIDEO"},"content":{"rendered":"<p><a href=\"https:\/\/www.prijedordanas.com\/wp-content\/uploads\/2018\/05\/rtrs-dom-zdravlja-pd-alergije.jpg\"><img loading=\"lazy\" decoding=\"async\" class=\"alignleft size-medium wp-image-104531\" src=\"https:\/\/www.prijedordanas.com\/wp-content\/uploads\/2018\/05\/rtrs-dom-zdravlja-pd-alergije-300x217.jpg\" alt=\"\" width=\"300\" height=\"217\" srcset=\"https:\/\/www.prijedordanas.com\/wp-content\/uploads\/2018\/05\/rtrs-dom-zdravlja-pd-alergije-300x217.jpg 300w, https:\/\/www.prijedordanas.com\/wp-content\/uploads\/2018\/05\/rtrs-dom-zdravlja-pd-alergije-100x72.jpg 100w, https:\/\/www.prijedordanas.com\/wp-content\/uploads\/2018\/05\/rtrs-dom-zdravlja-pd-alergije.jpg 690w\" sizes=\"(max-width: 300px) 100vw, 300px\" \/><\/a>Dolaskom prolje\u0107a u prijedorskom Domu zdravlja pove\u0107an je broj pacijenata koji po medicinsku pomo\u0107 dolaze zbog tegoba izazvanih alergijama. Sve \u010de\u0161\u0107i boravak u prirodi predstavlja i rizik od ujeda krpelja.<\/p>\n<p>Mladi Prijedor\u010danin Milo\u0161 Sad\u017eak ovog prolje\u0107a prvi put suo\u010dio se sa zdravstvenim pote\u0161ko\u0107ama zbog alergije. Trenira fudbal, pa je \u010desto na otvorenom.<\/p>\n<p>Naj\u010de\u0161\u0107e tegobe izazvane su alergijskim rinitisom, a jedan od najte\u017eih simptoma je ote\u017eano disanje. Najve\u0107i stepen alergena u vazduhu je od 5 do 10 sati ujutro.<\/p>\n<p>&#8220;Tako da to provjetravanje prostorija ostave za poslijepodne i ve\u010de. Apelujem i da \u0161etnje ostave za poslijepodne i ve\u010de kada je manji broj alergena. Osobe koje su alergi\u010dne bi trebalo svako ve\u010de da peru kosu, zbog toga \u0161to taj polen na kosi ostane, na taj na\u010din se jo\u0161 vi\u0161e manifestuje alergija. Tako\u0111e poru\u010dijem da garderobu presvla\u010de, da se pere \u010de\u0161\u0107e&#8221;, istakla je Dijana \u0110eri\u0107, specijalista porodi\u010dne medicine u Domu zdravlja Prijedor.<\/p>\n<p>Dolaskom lijepog vremena, sve \u010de\u0161\u0107e boravimo u prirodi. Me\u0111utim, boravak u \u0161umi ili \u0161etnja visokom travom, pove\u0107avaju rizik od ujeda krpelja, koji mogu biti prenosnici zaraznih bolesti.<\/p>\n<p>Ukoliko se brzo i pravilno ne odstrani, ovaj parazit mo\u017ee izazvati i te\u017ee zdravstvene komplikacije, od oboljenja zglobova do o\u0161te\u0107enja nervnog sistema.<\/p>\n<p>&#8220;Ukoliko za jednu do dvije nedjelje od uboda niste ve\u0107 bili kod ljekara, pojavi se crvenilo oko dijela gdje je ujed krpelja ili ako se pojave bolovi u mi\u0161i\u0107ima, zglobovima, povi\u0161ene temperature ili bilo koje simptome, onda je potrebno da se javi ljekaru&#8221;, apeluje \u0110eri\u0107eva.<\/p>\n<p>Ako sami izvadite krpelja, ranu je potrebno dezinfikovati alkoholom, a poslije boravka u prirodi, pregled je obavezan.<\/p>\n<p>RTRS<\/p>\n<p><iframe loading=\"lazy\" width=\"500\" height=\"281\" src=\"https:\/\/www.youtube.com\/embed\/bWzY6pQrbbA?feature=oembed\" frameborder=\"0\" allow=\"autoplay; encrypted-media\" allowfullscreen><\/iframe><\/p>\n","protected":false},"excerpt":{"rendered":"<p>Dolaskom prolje\u0107a u prijedorskom Domu zdravlja pove\u0107an je broj pacijenata koji po medicinsku pomo\u0107 dolaze zbog tegoba izazvanih alergijama. Sve \u010de\u0161\u0107i boravak u prirodi predstavlja i rizik od ujeda krpelja. [&hellip;]<\/p>\n","protected":false},"author":1,"featured_media":0,"comment_status":"closed","ping_status":"open","sticky":false,"template":"","format":"standard","meta":{"_monsterinsights_skip_tracking":false,"_monsterinsights_sitenote_active":false,"_monsterinsights_sitenote_note":"","_monsterinsights_sitenote_category":0,"footnotes":""},"categories":[8],"tags":[10584,55],"yoast_head":"<!-- This site is optimized with the Yoast SEO plugin v21.6 - https:\/\/yoast.com\/wordpress\/plugins\/seo\/ -->\n<title>U DOMU ZDRAVLJA PRIJEDOR POVE\u0106AN BROJ PACIJENATA SA PROBLEMIMA ALERGIJE \u2013 VIDEO - PrijedorDanas.com - Prijedorski gradski portal<\/title>\n<meta name=\"robots\" content=\"index, follow, max-snippet:-1, max-image-preview:large, max-video-preview:-1\" \/>\n<link rel=\"canonical\" href=\"https:\/\/www.prijedordanas.com\/?p=103983\" \/>\n<meta property=\"og:locale\" content=\"en_US\" \/>\n<meta property=\"og:type\" content=\"article\" \/>\n<meta property=\"og:title\" content=\"U DOMU ZDRAVLJA PRIJEDOR POVE\u0106AN BROJ PACIJENATA SA PROBLEMIMA ALERGIJE \u2013 VIDEO - PrijedorDanas.com - Prijedorski gradski portal\" \/>\n<meta property=\"og:description\" content=\"Dolaskom prolje\u0107a u prijedorskom Domu zdravlja pove\u0107an je broj pacijenata koji po medicinsku pomo\u0107 dolaze zbog tegoba izazvanih alergijama. Sve \u010de\u0161\u0107i boravak u prirodi predstavlja i rizik od ujeda krpelja. [&hellip;]\" \/>\n<meta property=\"og:url\" content=\"https:\/\/www.prijedordanas.com\/?p=103983\" \/>\n<meta property=\"og:site_name\" content=\"PrijedorDanas.com - Prijedorski gradski portal\" \/>\n<meta property=\"article:publisher\" content=\"https:\/\/www.facebook.com\/PrijedorDanasCom\/\" \/>\n<meta property=\"article:published_time\" content=\"2018-05-07T14:09:27+00:00\" \/>\n<meta property=\"og:image\" content=\"https:\/\/www.prijedordanas.com\/wp-content\/uploads\/2018\/05\/rtrs-dom-zdravlja-pd-alergije-300x217.jpg\" \/>\n<meta name=\"author\" content=\"admin\" \/>\n<meta name=\"twitter:card\" content=\"summary_large_image\" \/>\n<meta name=\"twitter:label1\" content=\"Written by\" \/>\n\t<meta name=\"twitter:data1\" content=\"admin\" \/>\n\t<meta name=\"twitter:label2\" content=\"Est. reading time\" \/>\n\t<meta name=\"twitter:data2\" content=\"2 minutes\" \/>\n<script type=\"application\/ld+json\" class=\"yoast-schema-graph\">{\"@context\":\"https:\/\/schema.org\",\"@graph\":[{\"@type\":\"Article\",\"@id\":\"https:\/\/www.prijedordanas.com\/?p=103983#article\",\"isPartOf\":{\"@id\":\"https:\/\/www.prijedordanas.com\/?p=103983\"},\"author\":{\"name\":\"admin\",\"@id\":\"https:\/\/www.prijedordanas.com\/#\/schema\/person\/4e08ccf29b506ca916ff86d46bb700e6\"},\"headline\":\"U DOMU ZDRAVLJA PRIJEDOR POVE\u0106AN BROJ PACIJENATA SA PROBLEMIMA ALERGIJE \u2013 VIDEO\",\"datePublished\":\"2018-05-07T14:09:27+00:00\",\"dateModified\":\"2018-05-07T14:09:27+00:00\",\"mainEntityOfPage\":{\"@id\":\"https:\/\/www.prijedordanas.com\/?p=103983\"},\"wordCount\":312,\"publisher\":{\"@id\":\"https:\/\/www.prijedordanas.com\/#organization\"},\"keywords\":[\"alergija\",\"Dom zdravlja Prijedor\"],\"articleSection\":[\"Svakodnevno\"],\"inLanguage\":\"en-US\"},{\"@type\":\"WebPage\",\"@id\":\"https:\/\/www.prijedordanas.com\/?p=103983\",\"url\":\"https:\/\/www.prijedordanas.com\/?p=103983\",\"name\":\"U DOMU ZDRAVLJA PRIJEDOR POVE\u0106AN BROJ PACIJENATA SA PROBLEMIMA ALERGIJE \u2013 VIDEO - PrijedorDanas.com - Prijedorski gradski portal\",\"isPartOf\":{\"@id\":\"https:\/\/www.prijedordanas.com\/#website\"},\"datePublished\":\"2018-05-07T14:09:27+00:00\",\"dateModified\":\"2018-05-07T14:09:27+00:00\",\"breadcrumb\":{\"@id\":\"https:\/\/www.prijedordanas.com\/?p=103983#breadcrumb\"},\"inLanguage\":\"en-US\",\"potentialAction\":[{\"@type\":\"ReadAction\",\"target\":[\"https:\/\/www.prijedordanas.com\/?p=103983\"]}]},{\"@type\":\"BreadcrumbList\",\"@id\":\"https:\/\/www.prijedordanas.com\/?p=103983#breadcrumb\",\"itemListElement\":[{\"@type\":\"ListItem\",\"position\":1,\"name\":\"Home\",\"item\":\"https:\/\/www.prijedordanas.com\/\"},{\"@type\":\"ListItem\",\"position\":2,\"name\":\"U DOMU ZDRAVLJA PRIJEDOR POVE\u0106AN BROJ PACIJENATA SA PROBLEMIMA ALERGIJE \u2013 VIDEO\"}]},{\"@type\":\"WebSite\",\"@id\":\"https:\/\/www.prijedordanas.com\/#website\",\"url\":\"https:\/\/www.prijedordanas.com\/\",\"name\":\"PrijedorDanas.com - Prijedorski gradski portal\",\"description\":\"Portal o doga\u0111anjima u gradu Prijedoru\",\"publisher\":{\"@id\":\"https:\/\/www.prijedordanas.com\/#organization\"},\"potentialAction\":[{\"@type\":\"SearchAction\",\"target\":{\"@type\":\"EntryPoint\",\"urlTemplate\":\"https:\/\/www.prijedordanas.com\/?s={search_term_string}\"},\"query-input\":\"required name=search_term_string\"}],\"inLanguage\":\"en-US\"},{\"@type\":\"Organization\",\"@id\":\"https:\/\/www.prijedordanas.com\/#organization\",\"name\":\"PrijedorDanas.com\",\"url\":\"https:\/\/www.prijedordanas.com\/\",\"logo\":{\"@type\":\"ImageObject\",\"inLanguage\":\"en-US\",\"@id\":\"https:\/\/www.prijedordanas.com\/#\/schema\/logo\/image\/\",\"url\":\"http:\/\/www.prijedordanas.com\/wp-content\/uploads\/2021\/12\/logopng.png\",\"contentUrl\":\"http:\/\/www.prijedordanas.com\/wp-content\/uploads\/2021\/12\/logopng.png\",\"width\":1019,\"height\":776,\"caption\":\"PrijedorDanas.com\"},\"image\":{\"@id\":\"https:\/\/www.prijedordanas.com\/#\/schema\/logo\/image\/\"},\"sameAs\":[\"https:\/\/www.facebook.com\/PrijedorDanasCom\/\"]},{\"@type\":\"Person\",\"@id\":\"https:\/\/www.prijedordanas.com\/#\/schema\/person\/4e08ccf29b506ca916ff86d46bb700e6\",\"name\":\"admin\",\"image\":{\"@type\":\"ImageObject\",\"inLanguage\":\"en-US\",\"@id\":\"https:\/\/www.prijedordanas.com\/#\/schema\/person\/image\/\",\"url\":\"https:\/\/secure.gravatar.com\/avatar\/1d3fc949d550f0b53a5f0d51e06dfd79?s=96&d=mm&r=g\",\"contentUrl\":\"https:\/\/secure.gravatar.com\/avatar\/1d3fc949d550f0b53a5f0d51e06dfd79?s=96&d=mm&r=g\",\"caption\":\"admin\"},\"url\":\"https:\/\/www.prijedordanas.com\/?author=1\"}]}<\/script>\n<!-- \/ Yoast SEO plugin. -->","yoast_head_json":{"title":"U DOMU ZDRAVLJA PRIJEDOR POVE\u0106AN BROJ PACIJENATA SA PROBLEMIMA ALERGIJE \u2013 VIDEO - PrijedorDanas.com - Prijedorski gradski portal","robots":{"index":"index","follow":"follow","max-snippet":"max-snippet:-1","max-image-preview":"max-image-preview:large","max-video-preview":"max-video-preview:-1"},"canonical":"https:\/\/www.prijedordanas.com\/?p=103983","og_locale":"en_US","og_type":"article","og_title":"U DOMU ZDRAVLJA PRIJEDOR POVE\u0106AN BROJ PACIJENATA SA PROBLEMIMA ALERGIJE \u2013 VIDEO - PrijedorDanas.com - Prijedorski gradski portal","og_description":"Dolaskom prolje\u0107a u prijedorskom Domu zdravlja pove\u0107an je broj pacijenata koji po medicinsku pomo\u0107 dolaze zbog tegoba izazvanih alergijama. Sve \u010de\u0161\u0107i boravak u prirodi predstavlja i rizik od ujeda krpelja. [&hellip;]","og_url":"https:\/\/www.prijedordanas.com\/?p=103983","og_site_name":"PrijedorDanas.com - Prijedorski gradski portal","article_publisher":"https:\/\/www.facebook.com\/PrijedorDanasCom\/","article_published_time":"2018-05-07T14:09:27+00:00","og_image":[{"url":"https:\/\/www.prijedordanas.com\/wp-content\/uploads\/2018\/05\/rtrs-dom-zdravlja-pd-alergije-300x217.jpg"}],"author":"admin","twitter_card":"summary_large_image","twitter_misc":{"Written by":"admin","Est. reading time":"2 minutes"},"schema":{"@context":"https:\/\/schema.org","@graph":[{"@type":"Article","@id":"https:\/\/www.prijedordanas.com\/?p=103983#article","isPartOf":{"@id":"https:\/\/www.prijedordanas.com\/?p=103983"},"author":{"name":"admin","@id":"https:\/\/www.prijedordanas.com\/#\/schema\/person\/4e08ccf29b506ca916ff86d46bb700e6"},"headline":"U DOMU ZDRAVLJA PRIJEDOR POVE\u0106AN BROJ PACIJENATA SA PROBLEMIMA ALERGIJE \u2013 VIDEO","datePublished":"2018-05-07T14:09:27+00:00","dateModified":"2018-05-07T14:09:27+00:00","mainEntityOfPage":{"@id":"https:\/\/www.prijedordanas.com\/?p=103983"},"wordCount":312,"publisher":{"@id":"https:\/\/www.prijedordanas.com\/#organization"},"keywords":["alergija","Dom zdravlja Prijedor"],"articleSection":["Svakodnevno"],"inLanguage":"en-US"},{"@type":"WebPage","@id":"https:\/\/www.prijedordanas.com\/?p=103983","url":"https:\/\/www.prijedordanas.com\/?p=103983","name":"U DOMU ZDRAVLJA PRIJEDOR POVE\u0106AN BROJ PACIJENATA SA PROBLEMIMA ALERGIJE \u2013 VIDEO - PrijedorDanas.com - Prijedorski gradski portal","isPartOf":{"@id":"https:\/\/www.prijedordanas.com\/#website"},"datePublished":"2018-05-07T14:09:27+00:00","dateModified":"2018-05-07T14:09:27+00:00","breadcrumb":{"@id":"https:\/\/www.prijedordanas.com\/?p=103983#breadcrumb"},"inLanguage":"en-US","potentialAction":[{"@type":"ReadAction","target":["https:\/\/www.prijedordanas.com\/?p=103983"]}]},{"@type":"BreadcrumbList","@id":"https:\/\/www.prijedordanas.com\/?p=103983#breadcrumb","itemListElement":[{"@type":"ListItem","position":1,"name":"Home","item":"https:\/\/www.prijedordanas.com\/"},{"@type":"ListItem","position":2,"name":"U DOMU ZDRAVLJA PRIJEDOR POVE\u0106AN BROJ PACIJENATA SA PROBLEMIMA ALERGIJE \u2013 VIDEO"}]},{"@type":"WebSite","@id":"https:\/\/www.prijedordanas.com\/#website","url":"https:\/\/www.prijedordanas.com\/","name":"PrijedorDanas.com - Prijedorski gradski portal","description":"Portal o doga\u0111anjima u gradu Prijedoru","publisher":{"@id":"https:\/\/www.prijedordanas.com\/#organization"},"potentialAction":[{"@type":"SearchAction","target":{"@type":"EntryPoint","urlTemplate":"https:\/\/www.prijedordanas.com\/?s={search_term_string}"},"query-input":"required name=search_term_string"}],"inLanguage":"en-US"},{"@type":"Organization","@id":"https:\/\/www.prijedordanas.com\/#organization","name":"PrijedorDanas.com","url":"https:\/\/www.prijedordanas.com\/","logo":{"@type":"ImageObject","inLanguage":"en-US","@id":"https:\/\/www.prijedordanas.com\/#\/schema\/logo\/image\/","url":"http:\/\/www.prijedordanas.com\/wp-content\/uploads\/2021\/12\/logopng.png","contentUrl":"http:\/\/www.prijedordanas.com\/wp-content\/uploads\/2021\/12\/logopng.png","width":1019,"height":776,"caption":"PrijedorDanas.com"},"image":{"@id":"https:\/\/www.prijedordanas.com\/#\/schema\/logo\/image\/"},"sameAs":["https:\/\/www.facebook.com\/PrijedorDanasCom\/"]},{"@type":"Person","@id":"https:\/\/www.prijedordanas.com\/#\/schema\/person\/4e08ccf29b506ca916ff86d46bb700e6","name":"admin","image":{"@type":"ImageObject","inLanguage":"en-US","@id":"https:\/\/www.prijedordanas.com\/#\/schema\/person\/image\/","url":"https:\/\/secure.gravatar.com\/avatar\/1d3fc949d550f0b53a5f0d51e06dfd79?s=96&d=mm&r=g","contentUrl":"https:\/\/secure.gravatar.com\/avatar\/1d3fc949d550f0b53a5f0d51e06dfd79?s=96&d=mm&r=g","caption":"admin"},"url":"https:\/\/www.prijedordanas.com\/?author=1"}]}},"_links":{"self":[{"href":"https:\/\/www.prijedordanas.com\/index.php?rest_route=\/wp\/v2\/posts\/103983"}],"collection":[{"href":"https:\/\/www.prijedordanas.com\/index.php?rest_route=\/wp\/v2\/posts"}],"about":[{"href":"https:\/\/www.prijedordanas.com\/index.php?rest_route=\/wp\/v2\/types\/post"}],"author":[{"embeddable":true,"href":"https:\/\/www.prijedordanas.com\/index.php?rest_route=\/wp\/v2\/users\/1"}],"replies":[{"embeddable":true,"href":"https:\/\/www.prijedordanas.com\/index.php?rest_route=%2Fwp%2Fv2%2Fcomments&post=103983"}],"version-history":[{"count":2,"href":"https:\/\/www.prijedordanas.com\/index.php?rest_route=\/wp\/v2\/posts\/103983\/revisions"}],"predecessor-version":[{"id":104533,"href":"https:\/\/www.prijedordanas.com\/index.php?rest_route=\/wp\/v2\/posts\/103983\/revisions\/104533"}],"wp:attachment":[{"href":"https:\/\/www.prijedordanas.com\/index.php?rest_route=%2Fwp%2Fv2%2Fmedia&parent=103983"}],"wp:term":[{"taxonomy":"category","embeddable":true,"href":"https:\/\/www.prijedordanas.com\/index.php?rest_route=%2Fwp%2Fv2%2Fcategories&post=103983"},{"taxonomy":"post_tag","embeddable":true,"href":"https:\/\/www.prijedordanas.com\/index.php?rest_route=%2Fwp%2Fv2%2Ftags&post=103983"}],"curies":[{"name":"wp","href":"https:\/\/api.w.org\/{rel}","templated":true}]}}