{"id":103507,"date":"2018-04-22T22:01:35","date_gmt":"2018-04-22T20:01:35","guid":{"rendered":"https:\/\/www.prijedordanas.com\/?p=103507"},"modified":"2018-04-22T22:01:35","modified_gmt":"2018-04-22T20:01:35","slug":"prijedor-u-sudaru-povrijeden-mladi-motociklista","status":"publish","type":"post","link":"https:\/\/www.prijedordanas.com\/?p=103507","title":{"rendered":"PRIJEDOR: U SUDARU POVRIJE\u0110EN MLADI MOTOCIKLISTA"},"content":{"rendered":"<p><a href=\"https:\/\/www.prijedordanas.com\/wp-content\/uploads\/2017\/03\/saobracajka-honda-golf-teze-povrede-4.jpg\"><img loading=\"lazy\" decoding=\"async\" class=\"alignleft size-medium wp-image-77617\" src=\"https:\/\/www.prijedordanas.com\/wp-content\/uploads\/2017\/03\/saobracajka-honda-golf-teze-povrede-4-300x222.jpg\" alt=\"\" width=\"300\" height=\"222\" srcset=\"https:\/\/www.prijedordanas.com\/wp-content\/uploads\/2017\/03\/saobracajka-honda-golf-teze-povrede-4-300x222.jpg 300w, https:\/\/www.prijedordanas.com\/wp-content\/uploads\/2017\/03\/saobracajka-honda-golf-teze-povrede-4-100x74.jpg 100w, https:\/\/www.prijedordanas.com\/wp-content\/uploads\/2017\/03\/saobracajka-honda-golf-teze-povrede-4.jpg 675w\" sizes=\"(max-width: 300px) 100vw, 300px\" \/><\/a>Na podru\u010dju koje pokriva Policijska uprava Prijedor proteklih dana dogodilo se nekoliko saobra\u0107ajki a bilo je i povrije\u0111enih osoba.<\/p>\n<p>-Dana 21.aprila oko 15:30 \u010dasova na raskrsnici ulica Srpskih velikana i Ive Andri\u0107a dogodila se saobra\u0107ajna nezgoda. U njoj su u\u010destvovali putni\u010dki automobil \u201cReno Klio\u201d kojim je upravljalo lice D.\u010c. (1970) iz Prijedora i motocikl \u201eHonda\u201c kojim je upravljalo lice D.A. (1994) iz Prijedora. Tom prilikom lake tjelesne povrede zadobio je voza\u010d motocikla \u2013 rekla je Vesna Pa\u010dariz, portparolka PU Prijedor.<\/p>\n<p>Uvi\u0111aj su obavili policijski slu\u017ebenici PS za bezbjednost saobra\u0107aja.<\/p>\n<p>Voza\u010di oprez, prilagodite svoju vo\u017enju uslovima na putu i po\u0161tujte saobra\u0107ajne propise.<\/p>\n<p>Tekst I foto ilustracija \u2013 Aleksandar Drakuli\u0107 \u2013 <a href=\"https:\/\/www.prijedordanas.com\" target=\"_blank\" rel=\"noopener noreferrer\">www.prijedordanas.com<\/a><\/p>\n<p><a href=\"https:\/\/www.prijedordanas.com\/wp-content\/uploads\/2017\/11\/policija-prijedor-6.jpg\"><img loading=\"lazy\" decoding=\"async\" class=\"alignleft size-medium wp-image-92856\" src=\"https:\/\/www.prijedordanas.com\/wp-content\/uploads\/2017\/11\/policija-prijedor-6-288x300.jpg\" alt=\"\" width=\"288\" height=\"300\" srcset=\"https:\/\/www.prijedordanas.com\/wp-content\/uploads\/2017\/11\/policija-prijedor-6-288x300.jpg 288w, https:\/\/www.prijedordanas.com\/wp-content\/uploads\/2017\/11\/policija-prijedor-6-96x100.jpg 96w, https:\/\/www.prijedordanas.com\/wp-content\/uploads\/2017\/11\/policija-prijedor-6.jpg 576w\" sizes=\"(max-width: 288px) 100vw, 288px\" \/><\/a><\/p>\n","protected":false},"excerpt":{"rendered":"<p>Na podru\u010dju koje pokriva Policijska uprava Prijedor proteklih dana dogodilo se nekoliko saobra\u0107ajki a bilo je i povrije\u0111enih osoba. -Dana 21.aprila oko 15:30 \u010dasova na raskrsnici ulica Srpskih velikana i [&hellip;]<\/p>\n","protected":false},"author":1,"featured_media":0,"comment_status":"closed","ping_status":"open","sticky":false,"template":"","format":"standard","meta":{"_monsterinsights_skip_tracking":false,"_monsterinsights_sitenote_active":false,"_monsterinsights_sitenote_note":"","_monsterinsights_sitenote_category":0,"footnotes":""},"categories":[5],"tags":[228],"yoast_head":"<!-- This site is optimized with the Yoast SEO plugin v21.6 - https:\/\/yoast.com\/wordpress\/plugins\/seo\/ -->\n<title>PRIJEDOR: U SUDARU POVRIJE\u0110EN MLADI MOTOCIKLISTA - PrijedorDanas.com - Prijedorski gradski portal<\/title>\n<meta name=\"robots\" content=\"index, follow, max-snippet:-1, max-image-preview:large, max-video-preview:-1\" \/>\n<link rel=\"canonical\" href=\"https:\/\/www.prijedordanas.com\/?p=103507\" \/>\n<meta property=\"og:locale\" content=\"en_US\" \/>\n<meta property=\"og:type\" content=\"article\" \/>\n<meta property=\"og:title\" content=\"PRIJEDOR: U SUDARU POVRIJE\u0110EN MLADI MOTOCIKLISTA - PrijedorDanas.com - Prijedorski gradski portal\" \/>\n<meta property=\"og:description\" content=\"Na podru\u010dju koje pokriva Policijska uprava Prijedor proteklih dana dogodilo se nekoliko saobra\u0107ajki a bilo je i povrije\u0111enih osoba. -Dana 21.aprila oko 15:30 \u010dasova na raskrsnici ulica Srpskih velikana i [&hellip;]\" \/>\n<meta property=\"og:url\" content=\"https:\/\/www.prijedordanas.com\/?p=103507\" \/>\n<meta property=\"og:site_name\" content=\"PrijedorDanas.com - Prijedorski gradski portal\" \/>\n<meta property=\"article:publisher\" content=\"https:\/\/www.facebook.com\/PrijedorDanasCom\/\" \/>\n<meta property=\"article:published_time\" content=\"2018-04-22T20:01:35+00:00\" \/>\n<meta property=\"og:image\" content=\"https:\/\/www.prijedordanas.com\/wp-content\/uploads\/2017\/03\/saobracajka-honda-golf-teze-povrede-4-300x222.jpg\" \/>\n<meta name=\"author\" content=\"admin\" \/>\n<meta name=\"twitter:card\" content=\"summary_large_image\" \/>\n<meta name=\"twitter:label1\" content=\"Written by\" \/>\n\t<meta name=\"twitter:data1\" content=\"admin\" \/>\n\t<meta name=\"twitter:label2\" content=\"Est. reading time\" \/>\n\t<meta name=\"twitter:data2\" content=\"1 minute\" \/>\n<script type=\"application\/ld+json\" class=\"yoast-schema-graph\">{\"@context\":\"https:\/\/schema.org\",\"@graph\":[{\"@type\":\"Article\",\"@id\":\"https:\/\/www.prijedordanas.com\/?p=103507#article\",\"isPartOf\":{\"@id\":\"https:\/\/www.prijedordanas.com\/?p=103507\"},\"author\":{\"name\":\"admin\",\"@id\":\"https:\/\/www.prijedordanas.com\/#\/schema\/person\/4e08ccf29b506ca916ff86d46bb700e6\"},\"headline\":\"PRIJEDOR: U SUDARU POVRIJE\u0110EN MLADI MOTOCIKLISTA\",\"datePublished\":\"2018-04-22T20:01:35+00:00\",\"dateModified\":\"2018-04-22T20:01:35+00:00\",\"mainEntityOfPage\":{\"@id\":\"https:\/\/www.prijedordanas.com\/?p=103507\"},\"wordCount\":129,\"publisher\":{\"@id\":\"https:\/\/www.prijedordanas.com\/#organization\"},\"keywords\":[\"saobra\u0107ajka\"],\"articleSection\":[\"Hronika\"],\"inLanguage\":\"en-US\"},{\"@type\":\"WebPage\",\"@id\":\"https:\/\/www.prijedordanas.com\/?p=103507\",\"url\":\"https:\/\/www.prijedordanas.com\/?p=103507\",\"name\":\"PRIJEDOR: U SUDARU POVRIJE\u0110EN MLADI MOTOCIKLISTA - PrijedorDanas.com - Prijedorski gradski portal\",\"isPartOf\":{\"@id\":\"https:\/\/www.prijedordanas.com\/#website\"},\"datePublished\":\"2018-04-22T20:01:35+00:00\",\"dateModified\":\"2018-04-22T20:01:35+00:00\",\"breadcrumb\":{\"@id\":\"https:\/\/www.prijedordanas.com\/?p=103507#breadcrumb\"},\"inLanguage\":\"en-US\",\"potentialAction\":[{\"@type\":\"ReadAction\",\"target\":[\"https:\/\/www.prijedordanas.com\/?p=103507\"]}]},{\"@type\":\"BreadcrumbList\",\"@id\":\"https:\/\/www.prijedordanas.com\/?p=103507#breadcrumb\",\"itemListElement\":[{\"@type\":\"ListItem\",\"position\":1,\"name\":\"Home\",\"item\":\"https:\/\/www.prijedordanas.com\/\"},{\"@type\":\"ListItem\",\"position\":2,\"name\":\"PRIJEDOR: U SUDARU POVRIJE\u0110EN MLADI MOTOCIKLISTA\"}]},{\"@type\":\"WebSite\",\"@id\":\"https:\/\/www.prijedordanas.com\/#website\",\"url\":\"https:\/\/www.prijedordanas.com\/\",\"name\":\"PrijedorDanas.com - Prijedorski gradski portal\",\"description\":\"Portal o doga\u0111anjima u gradu Prijedoru\",\"publisher\":{\"@id\":\"https:\/\/www.prijedordanas.com\/#organization\"},\"potentialAction\":[{\"@type\":\"SearchAction\",\"target\":{\"@type\":\"EntryPoint\",\"urlTemplate\":\"https:\/\/www.prijedordanas.com\/?s={search_term_string}\"},\"query-input\":\"required name=search_term_string\"}],\"inLanguage\":\"en-US\"},{\"@type\":\"Organization\",\"@id\":\"https:\/\/www.prijedordanas.com\/#organization\",\"name\":\"PrijedorDanas.com\",\"url\":\"https:\/\/www.prijedordanas.com\/\",\"logo\":{\"@type\":\"ImageObject\",\"inLanguage\":\"en-US\",\"@id\":\"https:\/\/www.prijedordanas.com\/#\/schema\/logo\/image\/\",\"url\":\"http:\/\/www.prijedordanas.com\/wp-content\/uploads\/2021\/12\/logopng.png\",\"contentUrl\":\"http:\/\/www.prijedordanas.com\/wp-content\/uploads\/2021\/12\/logopng.png\",\"width\":1019,\"height\":776,\"caption\":\"PrijedorDanas.com\"},\"image\":{\"@id\":\"https:\/\/www.prijedordanas.com\/#\/schema\/logo\/image\/\"},\"sameAs\":[\"https:\/\/www.facebook.com\/PrijedorDanasCom\/\"]},{\"@type\":\"Person\",\"@id\":\"https:\/\/www.prijedordanas.com\/#\/schema\/person\/4e08ccf29b506ca916ff86d46bb700e6\",\"name\":\"admin\",\"image\":{\"@type\":\"ImageObject\",\"inLanguage\":\"en-US\",\"@id\":\"https:\/\/www.prijedordanas.com\/#\/schema\/person\/image\/\",\"url\":\"https:\/\/secure.gravatar.com\/avatar\/1d3fc949d550f0b53a5f0d51e06dfd79?s=96&d=mm&r=g\",\"contentUrl\":\"https:\/\/secure.gravatar.com\/avatar\/1d3fc949d550f0b53a5f0d51e06dfd79?s=96&d=mm&r=g\",\"caption\":\"admin\"},\"url\":\"https:\/\/www.prijedordanas.com\/?author=1\"}]}<\/script>\n<!-- \/ Yoast SEO plugin. -->","yoast_head_json":{"title":"PRIJEDOR: U SUDARU POVRIJE\u0110EN MLADI MOTOCIKLISTA - PrijedorDanas.com - Prijedorski gradski portal","robots":{"index":"index","follow":"follow","max-snippet":"max-snippet:-1","max-image-preview":"max-image-preview:large","max-video-preview":"max-video-preview:-1"},"canonical":"https:\/\/www.prijedordanas.com\/?p=103507","og_locale":"en_US","og_type":"article","og_title":"PRIJEDOR: U SUDARU POVRIJE\u0110EN MLADI MOTOCIKLISTA - PrijedorDanas.com - Prijedorski gradski portal","og_description":"Na podru\u010dju koje pokriva Policijska uprava Prijedor proteklih dana dogodilo se nekoliko saobra\u0107ajki a bilo je i povrije\u0111enih osoba. -Dana 21.aprila oko 15:30 \u010dasova na raskrsnici ulica Srpskih velikana i [&hellip;]","og_url":"https:\/\/www.prijedordanas.com\/?p=103507","og_site_name":"PrijedorDanas.com - Prijedorski gradski portal","article_publisher":"https:\/\/www.facebook.com\/PrijedorDanasCom\/","article_published_time":"2018-04-22T20:01:35+00:00","og_image":[{"url":"https:\/\/www.prijedordanas.com\/wp-content\/uploads\/2017\/03\/saobracajka-honda-golf-teze-povrede-4-300x222.jpg"}],"author":"admin","twitter_card":"summary_large_image","twitter_misc":{"Written by":"admin","Est. reading time":"1 minute"},"schema":{"@context":"https:\/\/schema.org","@graph":[{"@type":"Article","@id":"https:\/\/www.prijedordanas.com\/?p=103507#article","isPartOf":{"@id":"https:\/\/www.prijedordanas.com\/?p=103507"},"author":{"name":"admin","@id":"https:\/\/www.prijedordanas.com\/#\/schema\/person\/4e08ccf29b506ca916ff86d46bb700e6"},"headline":"PRIJEDOR: U SUDARU POVRIJE\u0110EN MLADI MOTOCIKLISTA","datePublished":"2018-04-22T20:01:35+00:00","dateModified":"2018-04-22T20:01:35+00:00","mainEntityOfPage":{"@id":"https:\/\/www.prijedordanas.com\/?p=103507"},"wordCount":129,"publisher":{"@id":"https:\/\/www.prijedordanas.com\/#organization"},"keywords":["saobra\u0107ajka"],"articleSection":["Hronika"],"inLanguage":"en-US"},{"@type":"WebPage","@id":"https:\/\/www.prijedordanas.com\/?p=103507","url":"https:\/\/www.prijedordanas.com\/?p=103507","name":"PRIJEDOR: U SUDARU POVRIJE\u0110EN MLADI MOTOCIKLISTA - PrijedorDanas.com - Prijedorski gradski portal","isPartOf":{"@id":"https:\/\/www.prijedordanas.com\/#website"},"datePublished":"2018-04-22T20:01:35+00:00","dateModified":"2018-04-22T20:01:35+00:00","breadcrumb":{"@id":"https:\/\/www.prijedordanas.com\/?p=103507#breadcrumb"},"inLanguage":"en-US","potentialAction":[{"@type":"ReadAction","target":["https:\/\/www.prijedordanas.com\/?p=103507"]}]},{"@type":"BreadcrumbList","@id":"https:\/\/www.prijedordanas.com\/?p=103507#breadcrumb","itemListElement":[{"@type":"ListItem","position":1,"name":"Home","item":"https:\/\/www.prijedordanas.com\/"},{"@type":"ListItem","position":2,"name":"PRIJEDOR: U SUDARU POVRIJE\u0110EN MLADI MOTOCIKLISTA"}]},{"@type":"WebSite","@id":"https:\/\/www.prijedordanas.com\/#website","url":"https:\/\/www.prijedordanas.com\/","name":"PrijedorDanas.com - Prijedorski gradski portal","description":"Portal o doga\u0111anjima u gradu Prijedoru","publisher":{"@id":"https:\/\/www.prijedordanas.com\/#organization"},"potentialAction":[{"@type":"SearchAction","target":{"@type":"EntryPoint","urlTemplate":"https:\/\/www.prijedordanas.com\/?s={search_term_string}"},"query-input":"required name=search_term_string"}],"inLanguage":"en-US"},{"@type":"Organization","@id":"https:\/\/www.prijedordanas.com\/#organization","name":"PrijedorDanas.com","url":"https:\/\/www.prijedordanas.com\/","logo":{"@type":"ImageObject","inLanguage":"en-US","@id":"https:\/\/www.prijedordanas.com\/#\/schema\/logo\/image\/","url":"http:\/\/www.prijedordanas.com\/wp-content\/uploads\/2021\/12\/logopng.png","contentUrl":"http:\/\/www.prijedordanas.com\/wp-content\/uploads\/2021\/12\/logopng.png","width":1019,"height":776,"caption":"PrijedorDanas.com"},"image":{"@id":"https:\/\/www.prijedordanas.com\/#\/schema\/logo\/image\/"},"sameAs":["https:\/\/www.facebook.com\/PrijedorDanasCom\/"]},{"@type":"Person","@id":"https:\/\/www.prijedordanas.com\/#\/schema\/person\/4e08ccf29b506ca916ff86d46bb700e6","name":"admin","image":{"@type":"ImageObject","inLanguage":"en-US","@id":"https:\/\/www.prijedordanas.com\/#\/schema\/person\/image\/","url":"https:\/\/secure.gravatar.com\/avatar\/1d3fc949d550f0b53a5f0d51e06dfd79?s=96&d=mm&r=g","contentUrl":"https:\/\/secure.gravatar.com\/avatar\/1d3fc949d550f0b53a5f0d51e06dfd79?s=96&d=mm&r=g","caption":"admin"},"url":"https:\/\/www.prijedordanas.com\/?author=1"}]}},"_links":{"self":[{"href":"https:\/\/www.prijedordanas.com\/index.php?rest_route=\/wp\/v2\/posts\/103507"}],"collection":[{"href":"https:\/\/www.prijedordanas.com\/index.php?rest_route=\/wp\/v2\/posts"}],"about":[{"href":"https:\/\/www.prijedordanas.com\/index.php?rest_route=\/wp\/v2\/types\/post"}],"author":[{"embeddable":true,"href":"https:\/\/www.prijedordanas.com\/index.php?rest_route=\/wp\/v2\/users\/1"}],"replies":[{"embeddable":true,"href":"https:\/\/www.prijedordanas.com\/index.php?rest_route=%2Fwp%2Fv2%2Fcomments&post=103507"}],"version-history":[{"count":1,"href":"https:\/\/www.prijedordanas.com\/index.php?rest_route=\/wp\/v2\/posts\/103507\/revisions"}],"predecessor-version":[{"id":103508,"href":"https:\/\/www.prijedordanas.com\/index.php?rest_route=\/wp\/v2\/posts\/103507\/revisions\/103508"}],"wp:attachment":[{"href":"https:\/\/www.prijedordanas.com\/index.php?rest_route=%2Fwp%2Fv2%2Fmedia&parent=103507"}],"wp:term":[{"taxonomy":"category","embeddable":true,"href":"https:\/\/www.prijedordanas.com\/index.php?rest_route=%2Fwp%2Fv2%2Fcategories&post=103507"},{"taxonomy":"post_tag","embeddable":true,"href":"https:\/\/www.prijedordanas.com\/index.php?rest_route=%2Fwp%2Fv2%2Ftags&post=103507"}],"curies":[{"name":"wp","href":"https:\/\/api.w.org\/{rel}","templated":true}]}}