{"id":103376,"date":"2018-04-20T20:29:00","date_gmt":"2018-04-20T18:29:00","guid":{"rendered":"https:\/\/www.prijedordanas.com\/?p=103376"},"modified":"2018-04-20T20:29:00","modified_gmt":"2018-04-20T18:29:00","slug":"prijedorski-vatrogasci-spasavali-rekreativce-sa-gradskog-stadiona-foto","status":"publish","type":"post","link":"https:\/\/www.prijedordanas.com\/?p=103376","title":{"rendered":"PRIJEDORSKI VATROGASCI \u201cSPA\u0160AVALI\u201d REKREATIVCE SA GRADSKOG STADIONA \u2013 FOTO"},"content":{"rendered":"<p><a href=\"https:\/\/www.prijedordanas.com\/wp-content\/uploads\/2018\/04\/tvjpd-intervencija-gradski-stadion-1.jpg\"><img loading=\"lazy\" decoding=\"async\" class=\"alignleft size-medium wp-image-103377\" src=\"https:\/\/www.prijedordanas.com\/wp-content\/uploads\/2018\/04\/tvjpd-intervencija-gradski-stadion-1-300x217.jpg\" alt=\"\" width=\"300\" height=\"217\" srcset=\"https:\/\/www.prijedordanas.com\/wp-content\/uploads\/2018\/04\/tvjpd-intervencija-gradski-stadion-1-300x217.jpg 300w, https:\/\/www.prijedordanas.com\/wp-content\/uploads\/2018\/04\/tvjpd-intervencija-gradski-stadion-1-100x72.jpg 100w, https:\/\/www.prijedordanas.com\/wp-content\/uploads\/2018\/04\/tvjpd-intervencija-gradski-stadion-1.jpg 690w\" sizes=\"(max-width: 300px) 100vw, 300px\" \/><\/a>Pripadnici Teritorijalne vatrogasne jedinice Prijedor imali su sino\u0107 jednu neuobi\u010dajenu intervenciju.<\/p>\n<p>Naime, trojica vatrogasaca sa jednim vozilom su oko 21:10 \u010dasova reagovali na poziv da se na Gradskom stadionu u na\u0161em gradu nalazi nekoliko osoba koje ne mogu da iza\u0111u po\u0161to su sve kapije zaklju\u010dane.<\/p>\n<p>-Prolazio sam pored stadiona oko 21 \u010das, iznutra se \u010dula neka galama. Kada sam pri\u0161ao \u010duo sam dje\u010dji pla\u010d i dozivanje. Kako sam shvatio u tom trenutku, nekoliko rekreativaca se nalazilo na stazi a osoba koja je zadu\u017eena za zaklju\u010davanje kapija to je u\u010dinila bez provjere da li je neko unutra. Tada je nai\u0161ao i policajac koji je pozvao vatrogasce. Oni su stigli ubrzo pa su uz pomo\u0107 stepenica \u201cevakuisali\u201d troje odraslih i dvoje djece \u2013 ka\u017ee mje\u0161tanin naselja Pe\u0107ani koji se zadesio na licu mjesta.<\/p>\n<p><a href=\"https:\/\/www.prijedordanas.com\/wp-content\/uploads\/2018\/04\/tvjpd-intervencija-gradski-stadion-2.jpg\"><img loading=\"lazy\" decoding=\"async\" class=\"alignleft size-medium wp-image-103378\" src=\"https:\/\/www.prijedordanas.com\/wp-content\/uploads\/2018\/04\/tvjpd-intervencija-gradski-stadion-2-300x217.jpg\" alt=\"\" width=\"300\" height=\"217\" srcset=\"https:\/\/www.prijedordanas.com\/wp-content\/uploads\/2018\/04\/tvjpd-intervencija-gradski-stadion-2-300x217.jpg 300w, https:\/\/www.prijedordanas.com\/wp-content\/uploads\/2018\/04\/tvjpd-intervencija-gradski-stadion-2-100x72.jpg 100w, https:\/\/www.prijedordanas.com\/wp-content\/uploads\/2018\/04\/tvjpd-intervencija-gradski-stadion-2.jpg 690w\" sizes=\"(max-width: 300px) 100vw, 300px\" \/><\/a>Jedan od \u201cspa\u0161enih\u201d Prijedor\u010dana razo\u010daran je ovakvim postupkom onih koji su zadu\u017eeni za zaklju\u010davanje kapija.<\/p>\n<p>-Ne mogu da shvatim da \u010dovjek nije ni pogledao unutra, jer da jeste vidio bi nekoga od nas na stazi. \u010cak na kapiji nema ni obavje\u0161tenje kada se zaklju\u010dava. Sramota je da se ovako ne\u0161to de\u0161ava \u2013 rekao je na\u0161 sugra\u0111anin.<\/p>\n<p>Ina\u010de, prijedorski vatrogasci, osim onih standardnih imaju i neobi\u010dnih intervencija poput ove.<\/p>\n<p>Tako su hvatali zmije, spasavali ku\u0107ne ljubimce iz zaklju\u010danih ku\u0107a i stanova ili Prijedor\u010dane sa terasa nakon \u0161to se vrata zatvore.<\/p>\n<p>Tekst &#8211; Aleksandar Drakuli\u0107 \u2013 <a href=\"https:\/\/www.prijedordanas.com\" target=\"_blank\" rel=\"noopener noreferrer\">www.prijedordanas.com<\/a><br \/>\nFoto &#8211; TVJ Prijedor<\/p>\n<p><a href=\"https:\/\/www.prijedordanas.com\/wp-content\/uploads\/2018\/04\/tvjpd-intervencija-gradski-stadion-3.jpg\"><img loading=\"lazy\" decoding=\"async\" src=\"https:\/\/www.prijedordanas.com\/wp-content\/uploads\/2018\/04\/tvjpd-intervencija-gradski-stadion-3-300x217.jpg\" alt=\"\" width=\"300\" height=\"217\" class=\"alignleft size-medium wp-image-103379\" srcset=\"https:\/\/www.prijedordanas.com\/wp-content\/uploads\/2018\/04\/tvjpd-intervencija-gradski-stadion-3-300x217.jpg 300w, https:\/\/www.prijedordanas.com\/wp-content\/uploads\/2018\/04\/tvjpd-intervencija-gradski-stadion-3-100x72.jpg 100w, https:\/\/www.prijedordanas.com\/wp-content\/uploads\/2018\/04\/tvjpd-intervencija-gradski-stadion-3.jpg 690w\" sizes=\"(max-width: 300px) 100vw, 300px\" \/><\/a> <a href=\"https:\/\/www.prijedordanas.com\/wp-content\/uploads\/2018\/04\/tvjpd-intervencija-gradski-stadion-4.jpg\"><img loading=\"lazy\" decoding=\"async\" src=\"https:\/\/www.prijedordanas.com\/wp-content\/uploads\/2018\/04\/tvjpd-intervencija-gradski-stadion-4-300x217.jpg\" alt=\"\" width=\"300\" height=\"217\" class=\"alignleft size-medium wp-image-103380\" srcset=\"https:\/\/www.prijedordanas.com\/wp-content\/uploads\/2018\/04\/tvjpd-intervencija-gradski-stadion-4-300x217.jpg 300w, https:\/\/www.prijedordanas.com\/wp-content\/uploads\/2018\/04\/tvjpd-intervencija-gradski-stadion-4-100x72.jpg 100w, https:\/\/www.prijedordanas.com\/wp-content\/uploads\/2018\/04\/tvjpd-intervencija-gradski-stadion-4.jpg 690w\" sizes=\"(max-width: 300px) 100vw, 300px\" \/><\/a> <a href=\"https:\/\/www.prijedordanas.com\/wp-content\/uploads\/2018\/04\/tvjpd-intervencija-gradski-stadion-5.jpg\"><img loading=\"lazy\" decoding=\"async\" src=\"https:\/\/www.prijedordanas.com\/wp-content\/uploads\/2018\/04\/tvjpd-intervencija-gradski-stadion-5-300x217.jpg\" alt=\"\" width=\"300\" height=\"217\" class=\"alignleft size-medium wp-image-103381\" srcset=\"https:\/\/www.prijedordanas.com\/wp-content\/uploads\/2018\/04\/tvjpd-intervencija-gradski-stadion-5-300x217.jpg 300w, https:\/\/www.prijedordanas.com\/wp-content\/uploads\/2018\/04\/tvjpd-intervencija-gradski-stadion-5-100x72.jpg 100w, https:\/\/www.prijedordanas.com\/wp-content\/uploads\/2018\/04\/tvjpd-intervencija-gradski-stadion-5.jpg 690w\" sizes=\"(max-width: 300px) 100vw, 300px\" \/><\/a><\/p>\n","protected":false},"excerpt":{"rendered":"<p>Pripadnici Teritorijalne vatrogasne jedinice Prijedor imali su sino\u0107 jednu neuobi\u010dajenu intervenciju. Naime, trojica vatrogasaca sa jednim vozilom su oko 21:10 \u010dasova reagovali na poziv da se na Gradskom stadionu u [&hellip;]<\/p>\n","protected":false},"author":1,"featured_media":0,"comment_status":"closed","ping_status":"open","sticky":false,"template":"","format":"standard","meta":{"_monsterinsights_skip_tracking":false,"_monsterinsights_sitenote_active":false,"_monsterinsights_sitenote_note":"","_monsterinsights_sitenote_category":0,"footnotes":""},"categories":[4],"tags":[10560,255],"yoast_head":"<!-- This site is optimized with the Yoast SEO plugin v21.6 - https:\/\/yoast.com\/wordpress\/plugins\/seo\/ -->\n<title>PRIJEDORSKI VATROGASCI \u201cSPA\u0160AVALI\u201d REKREATIVCE SA GRADSKOG STADIONA \u2013 FOTO - PrijedorDanas.com - Prijedorski gradski portal<\/title>\n<meta name=\"robots\" content=\"index, follow, max-snippet:-1, max-image-preview:large, max-video-preview:-1\" \/>\n<link rel=\"canonical\" href=\"https:\/\/www.prijedordanas.com\/?p=103376\" \/>\n<meta property=\"og:locale\" content=\"en_US\" \/>\n<meta property=\"og:type\" content=\"article\" \/>\n<meta property=\"og:title\" content=\"PRIJEDORSKI VATROGASCI \u201cSPA\u0160AVALI\u201d REKREATIVCE SA GRADSKOG STADIONA \u2013 FOTO - PrijedorDanas.com - Prijedorski gradski portal\" \/>\n<meta property=\"og:description\" content=\"Pripadnici Teritorijalne vatrogasne jedinice Prijedor imali su sino\u0107 jednu neuobi\u010dajenu intervenciju. Naime, trojica vatrogasaca sa jednim vozilom su oko 21:10 \u010dasova reagovali na poziv da se na Gradskom stadionu u [&hellip;]\" \/>\n<meta property=\"og:url\" content=\"https:\/\/www.prijedordanas.com\/?p=103376\" \/>\n<meta property=\"og:site_name\" content=\"PrijedorDanas.com - Prijedorski gradski portal\" \/>\n<meta property=\"article:publisher\" content=\"https:\/\/www.facebook.com\/PrijedorDanasCom\/\" \/>\n<meta property=\"article:published_time\" content=\"2018-04-20T18:29:00+00:00\" \/>\n<meta property=\"og:image\" content=\"https:\/\/www.prijedordanas.com\/wp-content\/uploads\/2018\/04\/tvjpd-intervencija-gradski-stadion-1-300x217.jpg\" \/>\n<meta name=\"author\" content=\"admin\" \/>\n<meta name=\"twitter:card\" content=\"summary_large_image\" \/>\n<meta name=\"twitter:label1\" content=\"Written by\" \/>\n\t<meta name=\"twitter:data1\" content=\"admin\" \/>\n\t<meta name=\"twitter:label2\" content=\"Est. reading time\" \/>\n\t<meta name=\"twitter:data2\" content=\"1 minute\" \/>\n<script type=\"application\/ld+json\" class=\"yoast-schema-graph\">{\"@context\":\"https:\/\/schema.org\",\"@graph\":[{\"@type\":\"Article\",\"@id\":\"https:\/\/www.prijedordanas.com\/?p=103376#article\",\"isPartOf\":{\"@id\":\"https:\/\/www.prijedordanas.com\/?p=103376\"},\"author\":{\"name\":\"admin\",\"@id\":\"https:\/\/www.prijedordanas.com\/#\/schema\/person\/4e08ccf29b506ca916ff86d46bb700e6\"},\"headline\":\"PRIJEDORSKI VATROGASCI \u201cSPA\u0160AVALI\u201d REKREATIVCE SA GRADSKOG STADIONA \u2013 FOTO\",\"datePublished\":\"2018-04-20T18:29:00+00:00\",\"dateModified\":\"2018-04-20T18:29:00+00:00\",\"mainEntityOfPage\":{\"@id\":\"https:\/\/www.prijedordanas.com\/?p=103376\"},\"wordCount\":266,\"publisher\":{\"@id\":\"https:\/\/www.prijedordanas.com\/#organization\"},\"keywords\":[\"rekreativci\",\"TVJ Prijedor\"],\"articleSection\":[\"Dru\u0161tvo\"],\"inLanguage\":\"en-US\"},{\"@type\":\"WebPage\",\"@id\":\"https:\/\/www.prijedordanas.com\/?p=103376\",\"url\":\"https:\/\/www.prijedordanas.com\/?p=103376\",\"name\":\"PRIJEDORSKI VATROGASCI \u201cSPA\u0160AVALI\u201d REKREATIVCE SA GRADSKOG STADIONA \u2013 FOTO - PrijedorDanas.com - Prijedorski gradski portal\",\"isPartOf\":{\"@id\":\"https:\/\/www.prijedordanas.com\/#website\"},\"datePublished\":\"2018-04-20T18:29:00+00:00\",\"dateModified\":\"2018-04-20T18:29:00+00:00\",\"breadcrumb\":{\"@id\":\"https:\/\/www.prijedordanas.com\/?p=103376#breadcrumb\"},\"inLanguage\":\"en-US\",\"potentialAction\":[{\"@type\":\"ReadAction\",\"target\":[\"https:\/\/www.prijedordanas.com\/?p=103376\"]}]},{\"@type\":\"BreadcrumbList\",\"@id\":\"https:\/\/www.prijedordanas.com\/?p=103376#breadcrumb\",\"itemListElement\":[{\"@type\":\"ListItem\",\"position\":1,\"name\":\"Home\",\"item\":\"https:\/\/www.prijedordanas.com\/\"},{\"@type\":\"ListItem\",\"position\":2,\"name\":\"PRIJEDORSKI VATROGASCI \u201cSPA\u0160AVALI\u201d REKREATIVCE SA GRADSKOG STADIONA \u2013 FOTO\"}]},{\"@type\":\"WebSite\",\"@id\":\"https:\/\/www.prijedordanas.com\/#website\",\"url\":\"https:\/\/www.prijedordanas.com\/\",\"name\":\"PrijedorDanas.com - Prijedorski gradski portal\",\"description\":\"Portal o doga\u0111anjima u gradu Prijedoru\",\"publisher\":{\"@id\":\"https:\/\/www.prijedordanas.com\/#organization\"},\"potentialAction\":[{\"@type\":\"SearchAction\",\"target\":{\"@type\":\"EntryPoint\",\"urlTemplate\":\"https:\/\/www.prijedordanas.com\/?s={search_term_string}\"},\"query-input\":\"required name=search_term_string\"}],\"inLanguage\":\"en-US\"},{\"@type\":\"Organization\",\"@id\":\"https:\/\/www.prijedordanas.com\/#organization\",\"name\":\"PrijedorDanas.com\",\"url\":\"https:\/\/www.prijedordanas.com\/\",\"logo\":{\"@type\":\"ImageObject\",\"inLanguage\":\"en-US\",\"@id\":\"https:\/\/www.prijedordanas.com\/#\/schema\/logo\/image\/\",\"url\":\"http:\/\/www.prijedordanas.com\/wp-content\/uploads\/2021\/12\/logopng.png\",\"contentUrl\":\"http:\/\/www.prijedordanas.com\/wp-content\/uploads\/2021\/12\/logopng.png\",\"width\":1019,\"height\":776,\"caption\":\"PrijedorDanas.com\"},\"image\":{\"@id\":\"https:\/\/www.prijedordanas.com\/#\/schema\/logo\/image\/\"},\"sameAs\":[\"https:\/\/www.facebook.com\/PrijedorDanasCom\/\"]},{\"@type\":\"Person\",\"@id\":\"https:\/\/www.prijedordanas.com\/#\/schema\/person\/4e08ccf29b506ca916ff86d46bb700e6\",\"name\":\"admin\",\"image\":{\"@type\":\"ImageObject\",\"inLanguage\":\"en-US\",\"@id\":\"https:\/\/www.prijedordanas.com\/#\/schema\/person\/image\/\",\"url\":\"https:\/\/secure.gravatar.com\/avatar\/1d3fc949d550f0b53a5f0d51e06dfd79?s=96&d=mm&r=g\",\"contentUrl\":\"https:\/\/secure.gravatar.com\/avatar\/1d3fc949d550f0b53a5f0d51e06dfd79?s=96&d=mm&r=g\",\"caption\":\"admin\"},\"url\":\"https:\/\/www.prijedordanas.com\/?author=1\"}]}<\/script>\n<!-- \/ Yoast SEO plugin. -->","yoast_head_json":{"title":"PRIJEDORSKI VATROGASCI \u201cSPA\u0160AVALI\u201d REKREATIVCE SA GRADSKOG STADIONA \u2013 FOTO - PrijedorDanas.com - Prijedorski gradski portal","robots":{"index":"index","follow":"follow","max-snippet":"max-snippet:-1","max-image-preview":"max-image-preview:large","max-video-preview":"max-video-preview:-1"},"canonical":"https:\/\/www.prijedordanas.com\/?p=103376","og_locale":"en_US","og_type":"article","og_title":"PRIJEDORSKI VATROGASCI \u201cSPA\u0160AVALI\u201d REKREATIVCE SA GRADSKOG STADIONA \u2013 FOTO - PrijedorDanas.com - Prijedorski gradski portal","og_description":"Pripadnici Teritorijalne vatrogasne jedinice Prijedor imali su sino\u0107 jednu neuobi\u010dajenu intervenciju. Naime, trojica vatrogasaca sa jednim vozilom su oko 21:10 \u010dasova reagovali na poziv da se na Gradskom stadionu u [&hellip;]","og_url":"https:\/\/www.prijedordanas.com\/?p=103376","og_site_name":"PrijedorDanas.com - Prijedorski gradski portal","article_publisher":"https:\/\/www.facebook.com\/PrijedorDanasCom\/","article_published_time":"2018-04-20T18:29:00+00:00","og_image":[{"url":"https:\/\/www.prijedordanas.com\/wp-content\/uploads\/2018\/04\/tvjpd-intervencija-gradski-stadion-1-300x217.jpg"}],"author":"admin","twitter_card":"summary_large_image","twitter_misc":{"Written by":"admin","Est. reading time":"1 minute"},"schema":{"@context":"https:\/\/schema.org","@graph":[{"@type":"Article","@id":"https:\/\/www.prijedordanas.com\/?p=103376#article","isPartOf":{"@id":"https:\/\/www.prijedordanas.com\/?p=103376"},"author":{"name":"admin","@id":"https:\/\/www.prijedordanas.com\/#\/schema\/person\/4e08ccf29b506ca916ff86d46bb700e6"},"headline":"PRIJEDORSKI VATROGASCI \u201cSPA\u0160AVALI\u201d REKREATIVCE SA GRADSKOG STADIONA \u2013 FOTO","datePublished":"2018-04-20T18:29:00+00:00","dateModified":"2018-04-20T18:29:00+00:00","mainEntityOfPage":{"@id":"https:\/\/www.prijedordanas.com\/?p=103376"},"wordCount":266,"publisher":{"@id":"https:\/\/www.prijedordanas.com\/#organization"},"keywords":["rekreativci","TVJ Prijedor"],"articleSection":["Dru\u0161tvo"],"inLanguage":"en-US"},{"@type":"WebPage","@id":"https:\/\/www.prijedordanas.com\/?p=103376","url":"https:\/\/www.prijedordanas.com\/?p=103376","name":"PRIJEDORSKI VATROGASCI \u201cSPA\u0160AVALI\u201d REKREATIVCE SA GRADSKOG STADIONA \u2013 FOTO - PrijedorDanas.com - Prijedorski gradski portal","isPartOf":{"@id":"https:\/\/www.prijedordanas.com\/#website"},"datePublished":"2018-04-20T18:29:00+00:00","dateModified":"2018-04-20T18:29:00+00:00","breadcrumb":{"@id":"https:\/\/www.prijedordanas.com\/?p=103376#breadcrumb"},"inLanguage":"en-US","potentialAction":[{"@type":"ReadAction","target":["https:\/\/www.prijedordanas.com\/?p=103376"]}]},{"@type":"BreadcrumbList","@id":"https:\/\/www.prijedordanas.com\/?p=103376#breadcrumb","itemListElement":[{"@type":"ListItem","position":1,"name":"Home","item":"https:\/\/www.prijedordanas.com\/"},{"@type":"ListItem","position":2,"name":"PRIJEDORSKI VATROGASCI \u201cSPA\u0160AVALI\u201d REKREATIVCE SA GRADSKOG STADIONA \u2013 FOTO"}]},{"@type":"WebSite","@id":"https:\/\/www.prijedordanas.com\/#website","url":"https:\/\/www.prijedordanas.com\/","name":"PrijedorDanas.com - Prijedorski gradski portal","description":"Portal o doga\u0111anjima u gradu Prijedoru","publisher":{"@id":"https:\/\/www.prijedordanas.com\/#organization"},"potentialAction":[{"@type":"SearchAction","target":{"@type":"EntryPoint","urlTemplate":"https:\/\/www.prijedordanas.com\/?s={search_term_string}"},"query-input":"required name=search_term_string"}],"inLanguage":"en-US"},{"@type":"Organization","@id":"https:\/\/www.prijedordanas.com\/#organization","name":"PrijedorDanas.com","url":"https:\/\/www.prijedordanas.com\/","logo":{"@type":"ImageObject","inLanguage":"en-US","@id":"https:\/\/www.prijedordanas.com\/#\/schema\/logo\/image\/","url":"http:\/\/www.prijedordanas.com\/wp-content\/uploads\/2021\/12\/logopng.png","contentUrl":"http:\/\/www.prijedordanas.com\/wp-content\/uploads\/2021\/12\/logopng.png","width":1019,"height":776,"caption":"PrijedorDanas.com"},"image":{"@id":"https:\/\/www.prijedordanas.com\/#\/schema\/logo\/image\/"},"sameAs":["https:\/\/www.facebook.com\/PrijedorDanasCom\/"]},{"@type":"Person","@id":"https:\/\/www.prijedordanas.com\/#\/schema\/person\/4e08ccf29b506ca916ff86d46bb700e6","name":"admin","image":{"@type":"ImageObject","inLanguage":"en-US","@id":"https:\/\/www.prijedordanas.com\/#\/schema\/person\/image\/","url":"https:\/\/secure.gravatar.com\/avatar\/1d3fc949d550f0b53a5f0d51e06dfd79?s=96&d=mm&r=g","contentUrl":"https:\/\/secure.gravatar.com\/avatar\/1d3fc949d550f0b53a5f0d51e06dfd79?s=96&d=mm&r=g","caption":"admin"},"url":"https:\/\/www.prijedordanas.com\/?author=1"}]}},"_links":{"self":[{"href":"https:\/\/www.prijedordanas.com\/index.php?rest_route=\/wp\/v2\/posts\/103376"}],"collection":[{"href":"https:\/\/www.prijedordanas.com\/index.php?rest_route=\/wp\/v2\/posts"}],"about":[{"href":"https:\/\/www.prijedordanas.com\/index.php?rest_route=\/wp\/v2\/types\/post"}],"author":[{"embeddable":true,"href":"https:\/\/www.prijedordanas.com\/index.php?rest_route=\/wp\/v2\/users\/1"}],"replies":[{"embeddable":true,"href":"https:\/\/www.prijedordanas.com\/index.php?rest_route=%2Fwp%2Fv2%2Fcomments&post=103376"}],"version-history":[{"count":1,"href":"https:\/\/www.prijedordanas.com\/index.php?rest_route=\/wp\/v2\/posts\/103376\/revisions"}],"predecessor-version":[{"id":103382,"href":"https:\/\/www.prijedordanas.com\/index.php?rest_route=\/wp\/v2\/posts\/103376\/revisions\/103382"}],"wp:attachment":[{"href":"https:\/\/www.prijedordanas.com\/index.php?rest_route=%2Fwp%2Fv2%2Fmedia&parent=103376"}],"wp:term":[{"taxonomy":"category","embeddable":true,"href":"https:\/\/www.prijedordanas.com\/index.php?rest_route=%2Fwp%2Fv2%2Fcategories&post=103376"},{"taxonomy":"post_tag","embeddable":true,"href":"https:\/\/www.prijedordanas.com\/index.php?rest_route=%2Fwp%2Fv2%2Ftags&post=103376"}],"curies":[{"name":"wp","href":"https:\/\/api.w.org\/{rel}","templated":true}]}}