{"id":103344,"date":"2018-04-19T21:41:28","date_gmt":"2018-04-19T19:41:28","guid":{"rendered":"https:\/\/www.prijedordanas.com\/?p=103344"},"modified":"2018-04-19T21:41:28","modified_gmt":"2018-04-19T19:41:28","slug":"pocinje-sudenje-radovanu-dujicu-zbog-ubistva-sina-u-slucaju-koji-je-sokirao-prijedor","status":"publish","type":"post","link":"https:\/\/www.prijedordanas.com\/?p=103344","title":{"rendered":"PO\u010cINJE SU\u0110ENJE RADOVANU \u0110UJI\u0106U ZBOG UBISTVA SINA U SLU\u010cAJU KOJI JE \u0160OKIRAO PRIJEDOR"},"content":{"rendered":"<p><a href=\"https:\/\/www.prijedordanas.com\/wp-content\/uploads\/2017\/12\/nezavisne-kuca-uzasa-brezicani-3.jpg\"><img loading=\"lazy\" decoding=\"async\" class=\"alignleft size-medium wp-image-93830\" src=\"https:\/\/www.prijedordanas.com\/wp-content\/uploads\/2017\/12\/nezavisne-kuca-uzasa-brezicani-3-300x217.jpg\" alt=\"\" width=\"300\" height=\"217\" srcset=\"https:\/\/www.prijedordanas.com\/wp-content\/uploads\/2017\/12\/nezavisne-kuca-uzasa-brezicani-3-300x217.jpg 300w, https:\/\/www.prijedordanas.com\/wp-content\/uploads\/2017\/12\/nezavisne-kuca-uzasa-brezicani-3-100x72.jpg 100w, https:\/\/www.prijedordanas.com\/wp-content\/uploads\/2017\/12\/nezavisne-kuca-uzasa-brezicani-3.jpg 690w\" sizes=\"(max-width: 300px) 100vw, 300px\" \/><\/a>U Okru\u017enom sudu u Prijedoru u petak, 20.aprila, po\u010dinje su\u0111enje Radovanu \u0110uji\u0107u zbog krivi\u010dnog djela \u201cte\u0161ko ubistvo\u201d iz \u010dlana 124. Stav 1. Krivi\u010dnog zakonika Republike Srpske.<\/p>\n<p>Prijedorska policija je 5.decembra 2017.godine do\u0161la do saznanja da se u porodi\u010dnoj ku\u0107i u mjestu Brezi\u010dani nalazi be\u017eivotno tijelo lica.<\/p>\n<p>Tokom uvi\u0111aja policijski slu\u017ebenici su na licu mjesta prona\u0161li tragove koji su upu\u0107ivali na postojanje elemenata krivi\u010dnog djela \u201eTe\u0161ko ubistvo\u201c.<\/p>\n<p><a href=\"https:\/\/www.prijedordanas.com\/wp-content\/uploads\/2017\/12\/nezavisne-kuca-uzasa-brezicani-1.jpg\"><img loading=\"lazy\" decoding=\"async\" class=\"alignleft size-medium wp-image-93828\" src=\"https:\/\/www.prijedordanas.com\/wp-content\/uploads\/2017\/12\/nezavisne-kuca-uzasa-brezicani-1-300x217.jpg\" alt=\"\" width=\"300\" height=\"217\" srcset=\"https:\/\/www.prijedordanas.com\/wp-content\/uploads\/2017\/12\/nezavisne-kuca-uzasa-brezicani-1-300x217.jpg 300w, https:\/\/www.prijedordanas.com\/wp-content\/uploads\/2017\/12\/nezavisne-kuca-uzasa-brezicani-1-100x72.jpg 100w, https:\/\/www.prijedordanas.com\/wp-content\/uploads\/2017\/12\/nezavisne-kuca-uzasa-brezicani-1.jpg 690w\" sizes=\"(max-width: 300px) 100vw, 300px\" \/><\/a>Istog dana uhap\u0161en je Radovan \u0110uji\u0107(72) koji je osumnji\u010den za ubistvo sina Du\u0161ka (44).<\/p>\n<p>Prema onome \u0161to su tada ispri\u010dale kom\u0161ije, Du\u0161ka nisu vi\u0111ali dva mjeseca, a nezvani\u010dno se govorilo da je tijelo prona\u0111eno u fazi raspadanja u hodniku na spratu ku\u0107e.<\/p>\n<p>Priredio &#8211; Aleksandar Drakuli\u0107 \u2013 <a href=\"https:\/\/www.prijedordanas.com\" target=\"_blank\" rel=\"noopener noreferrer\">www.prijedordanas.com<\/a><br \/>\nFoto arhiva &#8211; Nezavisne novine<\/p>\n<p>Vezane vijesti:<\/p>\n<p><a href=\"https:\/\/www.prijedordanas.com\/?p=93796\" target=\"_blank\" rel=\"noopener\">\u0160OK U SELU KOD PRIJEDORA: PRONA\u0110ENO TIJELO MU\u0160KARCA, SUMNJA SE DA JE OTAC UBIO SINA<\/a><\/p>\n<p><a href=\"https:\/\/www.prijedordanas.com\/?p=93827\" target=\"_blank\" rel=\"noopener\">KU\u0106A U\u017dASA U PRIJEDORU OSTALA PRAZNA: JEDAN SIN UBIJEN, DRUGI NA PSIHIJATRIJI, OTAC UHAP\u0160EN \u2013 FOTO<\/a><\/p>\n<p><a href=\"https:\/\/www.prijedordanas.com\/?p=93847\" target=\"_blank\" rel=\"noopener\">BREZI\u010cANI U \u0160OKU: UBIO SINA I LE\u0160 DR\u017dAO U KU\u0106I \u2013 VIDEO<\/a><\/p>\n<p><a href=\"https:\/\/www.prijedordanas.com\/?p=93929\" target=\"_blank\" rel=\"noopener\">SLU\u010cAJ KOJI JE \u0160OKIRAO PRIJEDOR: UBIO SINA PA U DVORI\u0160TU PEKAO RAKIJU<\/a><\/p>\n","protected":false},"excerpt":{"rendered":"<p>U Okru\u017enom sudu u Prijedoru u petak, 20.aprila, po\u010dinje su\u0111enje Radovanu \u0110uji\u0107u zbog krivi\u010dnog djela \u201cte\u0161ko ubistvo\u201d iz \u010dlana 124. Stav 1. Krivi\u010dnog zakonika Republike Srpske. Prijedorska policija je 5.decembra [&hellip;]<\/p>\n","protected":false},"author":1,"featured_media":0,"comment_status":"closed","ping_status":"open","sticky":false,"template":"","format":"standard","meta":{"_monsterinsights_skip_tracking":false,"_monsterinsights_sitenote_active":false,"_monsterinsights_sitenote_note":"","_monsterinsights_sitenote_category":0,"footnotes":""},"categories":[5],"tags":[249],"yoast_head":"<!-- This site is optimized with the Yoast SEO plugin v21.6 - https:\/\/yoast.com\/wordpress\/plugins\/seo\/ -->\n<title>PO\u010cINJE SU\u0110ENJE RADOVANU \u0110UJI\u0106U ZBOG UBISTVA SINA U SLU\u010cAJU KOJI JE \u0160OKIRAO PRIJEDOR - PrijedorDanas.com - Prijedorski gradski portal<\/title>\n<meta name=\"robots\" content=\"index, follow, max-snippet:-1, max-image-preview:large, max-video-preview:-1\" \/>\n<link rel=\"canonical\" href=\"https:\/\/www.prijedordanas.com\/?p=103344\" \/>\n<meta property=\"og:locale\" content=\"en_US\" \/>\n<meta property=\"og:type\" content=\"article\" \/>\n<meta property=\"og:title\" content=\"PO\u010cINJE SU\u0110ENJE RADOVANU \u0110UJI\u0106U ZBOG UBISTVA SINA U SLU\u010cAJU KOJI JE \u0160OKIRAO PRIJEDOR - PrijedorDanas.com - Prijedorski gradski portal\" \/>\n<meta property=\"og:description\" content=\"U Okru\u017enom sudu u Prijedoru u petak, 20.aprila, po\u010dinje su\u0111enje Radovanu \u0110uji\u0107u zbog krivi\u010dnog djela \u201cte\u0161ko ubistvo\u201d iz \u010dlana 124. Stav 1. Krivi\u010dnog zakonika Republike Srpske. Prijedorska policija je 5.decembra [&hellip;]\" \/>\n<meta property=\"og:url\" content=\"https:\/\/www.prijedordanas.com\/?p=103344\" \/>\n<meta property=\"og:site_name\" content=\"PrijedorDanas.com - Prijedorski gradski portal\" \/>\n<meta property=\"article:publisher\" content=\"https:\/\/www.facebook.com\/PrijedorDanasCom\/\" \/>\n<meta property=\"article:published_time\" content=\"2018-04-19T19:41:28+00:00\" \/>\n<meta property=\"og:image\" content=\"https:\/\/www.prijedordanas.com\/wp-content\/uploads\/2017\/12\/nezavisne-kuca-uzasa-brezicani-3-300x217.jpg\" \/>\n<meta name=\"author\" content=\"admin\" \/>\n<meta name=\"twitter:card\" content=\"summary_large_image\" \/>\n<meta name=\"twitter:label1\" content=\"Written by\" \/>\n\t<meta name=\"twitter:data1\" content=\"admin\" \/>\n\t<meta name=\"twitter:label2\" content=\"Est. reading time\" \/>\n\t<meta name=\"twitter:data2\" content=\"1 minute\" \/>\n<script type=\"application\/ld+json\" class=\"yoast-schema-graph\">{\"@context\":\"https:\/\/schema.org\",\"@graph\":[{\"@type\":\"Article\",\"@id\":\"https:\/\/www.prijedordanas.com\/?p=103344#article\",\"isPartOf\":{\"@id\":\"https:\/\/www.prijedordanas.com\/?p=103344\"},\"author\":{\"name\":\"admin\",\"@id\":\"https:\/\/www.prijedordanas.com\/#\/schema\/person\/4e08ccf29b506ca916ff86d46bb700e6\"},\"headline\":\"PO\u010cINJE SU\u0110ENJE RADOVANU \u0110UJI\u0106U ZBOG UBISTVA SINA U SLU\u010cAJU KOJI JE \u0160OKIRAO PRIJEDOR\",\"datePublished\":\"2018-04-19T19:41:28+00:00\",\"dateModified\":\"2018-04-19T19:41:28+00:00\",\"mainEntityOfPage\":{\"@id\":\"https:\/\/www.prijedordanas.com\/?p=103344\"},\"wordCount\":227,\"publisher\":{\"@id\":\"https:\/\/www.prijedordanas.com\/#organization\"},\"keywords\":[\"su\u0111enje\"],\"articleSection\":[\"Hronika\"],\"inLanguage\":\"en-US\"},{\"@type\":\"WebPage\",\"@id\":\"https:\/\/www.prijedordanas.com\/?p=103344\",\"url\":\"https:\/\/www.prijedordanas.com\/?p=103344\",\"name\":\"PO\u010cINJE SU\u0110ENJE RADOVANU \u0110UJI\u0106U ZBOG UBISTVA SINA U SLU\u010cAJU KOJI JE \u0160OKIRAO PRIJEDOR - PrijedorDanas.com - Prijedorski gradski portal\",\"isPartOf\":{\"@id\":\"https:\/\/www.prijedordanas.com\/#website\"},\"datePublished\":\"2018-04-19T19:41:28+00:00\",\"dateModified\":\"2018-04-19T19:41:28+00:00\",\"breadcrumb\":{\"@id\":\"https:\/\/www.prijedordanas.com\/?p=103344#breadcrumb\"},\"inLanguage\":\"en-US\",\"potentialAction\":[{\"@type\":\"ReadAction\",\"target\":[\"https:\/\/www.prijedordanas.com\/?p=103344\"]}]},{\"@type\":\"BreadcrumbList\",\"@id\":\"https:\/\/www.prijedordanas.com\/?p=103344#breadcrumb\",\"itemListElement\":[{\"@type\":\"ListItem\",\"position\":1,\"name\":\"Home\",\"item\":\"https:\/\/www.prijedordanas.com\/\"},{\"@type\":\"ListItem\",\"position\":2,\"name\":\"PO\u010cINJE SU\u0110ENJE RADOVANU \u0110UJI\u0106U ZBOG UBISTVA SINA U SLU\u010cAJU KOJI JE \u0160OKIRAO PRIJEDOR\"}]},{\"@type\":\"WebSite\",\"@id\":\"https:\/\/www.prijedordanas.com\/#website\",\"url\":\"https:\/\/www.prijedordanas.com\/\",\"name\":\"PrijedorDanas.com - Prijedorski gradski portal\",\"description\":\"Portal o doga\u0111anjima u gradu Prijedoru\",\"publisher\":{\"@id\":\"https:\/\/www.prijedordanas.com\/#organization\"},\"potentialAction\":[{\"@type\":\"SearchAction\",\"target\":{\"@type\":\"EntryPoint\",\"urlTemplate\":\"https:\/\/www.prijedordanas.com\/?s={search_term_string}\"},\"query-input\":\"required name=search_term_string\"}],\"inLanguage\":\"en-US\"},{\"@type\":\"Organization\",\"@id\":\"https:\/\/www.prijedordanas.com\/#organization\",\"name\":\"PrijedorDanas.com\",\"url\":\"https:\/\/www.prijedordanas.com\/\",\"logo\":{\"@type\":\"ImageObject\",\"inLanguage\":\"en-US\",\"@id\":\"https:\/\/www.prijedordanas.com\/#\/schema\/logo\/image\/\",\"url\":\"http:\/\/www.prijedordanas.com\/wp-content\/uploads\/2021\/12\/logopng.png\",\"contentUrl\":\"http:\/\/www.prijedordanas.com\/wp-content\/uploads\/2021\/12\/logopng.png\",\"width\":1019,\"height\":776,\"caption\":\"PrijedorDanas.com\"},\"image\":{\"@id\":\"https:\/\/www.prijedordanas.com\/#\/schema\/logo\/image\/\"},\"sameAs\":[\"https:\/\/www.facebook.com\/PrijedorDanasCom\/\"]},{\"@type\":\"Person\",\"@id\":\"https:\/\/www.prijedordanas.com\/#\/schema\/person\/4e08ccf29b506ca916ff86d46bb700e6\",\"name\":\"admin\",\"image\":{\"@type\":\"ImageObject\",\"inLanguage\":\"en-US\",\"@id\":\"https:\/\/www.prijedordanas.com\/#\/schema\/person\/image\/\",\"url\":\"https:\/\/secure.gravatar.com\/avatar\/1d3fc949d550f0b53a5f0d51e06dfd79?s=96&d=mm&r=g\",\"contentUrl\":\"https:\/\/secure.gravatar.com\/avatar\/1d3fc949d550f0b53a5f0d51e06dfd79?s=96&d=mm&r=g\",\"caption\":\"admin\"},\"url\":\"https:\/\/www.prijedordanas.com\/?author=1\"}]}<\/script>\n<!-- \/ Yoast SEO plugin. -->","yoast_head_json":{"title":"PO\u010cINJE SU\u0110ENJE RADOVANU \u0110UJI\u0106U ZBOG UBISTVA SINA U SLU\u010cAJU KOJI JE \u0160OKIRAO PRIJEDOR - PrijedorDanas.com - Prijedorski gradski portal","robots":{"index":"index","follow":"follow","max-snippet":"max-snippet:-1","max-image-preview":"max-image-preview:large","max-video-preview":"max-video-preview:-1"},"canonical":"https:\/\/www.prijedordanas.com\/?p=103344","og_locale":"en_US","og_type":"article","og_title":"PO\u010cINJE SU\u0110ENJE RADOVANU \u0110UJI\u0106U ZBOG UBISTVA SINA U SLU\u010cAJU KOJI JE \u0160OKIRAO PRIJEDOR - PrijedorDanas.com - Prijedorski gradski portal","og_description":"U Okru\u017enom sudu u Prijedoru u petak, 20.aprila, po\u010dinje su\u0111enje Radovanu \u0110uji\u0107u zbog krivi\u010dnog djela \u201cte\u0161ko ubistvo\u201d iz \u010dlana 124. Stav 1. Krivi\u010dnog zakonika Republike Srpske. Prijedorska policija je 5.decembra [&hellip;]","og_url":"https:\/\/www.prijedordanas.com\/?p=103344","og_site_name":"PrijedorDanas.com - Prijedorski gradski portal","article_publisher":"https:\/\/www.facebook.com\/PrijedorDanasCom\/","article_published_time":"2018-04-19T19:41:28+00:00","og_image":[{"url":"https:\/\/www.prijedordanas.com\/wp-content\/uploads\/2017\/12\/nezavisne-kuca-uzasa-brezicani-3-300x217.jpg"}],"author":"admin","twitter_card":"summary_large_image","twitter_misc":{"Written by":"admin","Est. reading time":"1 minute"},"schema":{"@context":"https:\/\/schema.org","@graph":[{"@type":"Article","@id":"https:\/\/www.prijedordanas.com\/?p=103344#article","isPartOf":{"@id":"https:\/\/www.prijedordanas.com\/?p=103344"},"author":{"name":"admin","@id":"https:\/\/www.prijedordanas.com\/#\/schema\/person\/4e08ccf29b506ca916ff86d46bb700e6"},"headline":"PO\u010cINJE SU\u0110ENJE RADOVANU \u0110UJI\u0106U ZBOG UBISTVA SINA U SLU\u010cAJU KOJI JE \u0160OKIRAO PRIJEDOR","datePublished":"2018-04-19T19:41:28+00:00","dateModified":"2018-04-19T19:41:28+00:00","mainEntityOfPage":{"@id":"https:\/\/www.prijedordanas.com\/?p=103344"},"wordCount":227,"publisher":{"@id":"https:\/\/www.prijedordanas.com\/#organization"},"keywords":["su\u0111enje"],"articleSection":["Hronika"],"inLanguage":"en-US"},{"@type":"WebPage","@id":"https:\/\/www.prijedordanas.com\/?p=103344","url":"https:\/\/www.prijedordanas.com\/?p=103344","name":"PO\u010cINJE SU\u0110ENJE RADOVANU \u0110UJI\u0106U ZBOG UBISTVA SINA U SLU\u010cAJU KOJI JE \u0160OKIRAO PRIJEDOR - PrijedorDanas.com - Prijedorski gradski portal","isPartOf":{"@id":"https:\/\/www.prijedordanas.com\/#website"},"datePublished":"2018-04-19T19:41:28+00:00","dateModified":"2018-04-19T19:41:28+00:00","breadcrumb":{"@id":"https:\/\/www.prijedordanas.com\/?p=103344#breadcrumb"},"inLanguage":"en-US","potentialAction":[{"@type":"ReadAction","target":["https:\/\/www.prijedordanas.com\/?p=103344"]}]},{"@type":"BreadcrumbList","@id":"https:\/\/www.prijedordanas.com\/?p=103344#breadcrumb","itemListElement":[{"@type":"ListItem","position":1,"name":"Home","item":"https:\/\/www.prijedordanas.com\/"},{"@type":"ListItem","position":2,"name":"PO\u010cINJE SU\u0110ENJE RADOVANU \u0110UJI\u0106U ZBOG UBISTVA SINA U SLU\u010cAJU KOJI JE \u0160OKIRAO PRIJEDOR"}]},{"@type":"WebSite","@id":"https:\/\/www.prijedordanas.com\/#website","url":"https:\/\/www.prijedordanas.com\/","name":"PrijedorDanas.com - Prijedorski gradski portal","description":"Portal o doga\u0111anjima u gradu Prijedoru","publisher":{"@id":"https:\/\/www.prijedordanas.com\/#organization"},"potentialAction":[{"@type":"SearchAction","target":{"@type":"EntryPoint","urlTemplate":"https:\/\/www.prijedordanas.com\/?s={search_term_string}"},"query-input":"required name=search_term_string"}],"inLanguage":"en-US"},{"@type":"Organization","@id":"https:\/\/www.prijedordanas.com\/#organization","name":"PrijedorDanas.com","url":"https:\/\/www.prijedordanas.com\/","logo":{"@type":"ImageObject","inLanguage":"en-US","@id":"https:\/\/www.prijedordanas.com\/#\/schema\/logo\/image\/","url":"http:\/\/www.prijedordanas.com\/wp-content\/uploads\/2021\/12\/logopng.png","contentUrl":"http:\/\/www.prijedordanas.com\/wp-content\/uploads\/2021\/12\/logopng.png","width":1019,"height":776,"caption":"PrijedorDanas.com"},"image":{"@id":"https:\/\/www.prijedordanas.com\/#\/schema\/logo\/image\/"},"sameAs":["https:\/\/www.facebook.com\/PrijedorDanasCom\/"]},{"@type":"Person","@id":"https:\/\/www.prijedordanas.com\/#\/schema\/person\/4e08ccf29b506ca916ff86d46bb700e6","name":"admin","image":{"@type":"ImageObject","inLanguage":"en-US","@id":"https:\/\/www.prijedordanas.com\/#\/schema\/person\/image\/","url":"https:\/\/secure.gravatar.com\/avatar\/1d3fc949d550f0b53a5f0d51e06dfd79?s=96&d=mm&r=g","contentUrl":"https:\/\/secure.gravatar.com\/avatar\/1d3fc949d550f0b53a5f0d51e06dfd79?s=96&d=mm&r=g","caption":"admin"},"url":"https:\/\/www.prijedordanas.com\/?author=1"}]}},"_links":{"self":[{"href":"https:\/\/www.prijedordanas.com\/index.php?rest_route=\/wp\/v2\/posts\/103344"}],"collection":[{"href":"https:\/\/www.prijedordanas.com\/index.php?rest_route=\/wp\/v2\/posts"}],"about":[{"href":"https:\/\/www.prijedordanas.com\/index.php?rest_route=\/wp\/v2\/types\/post"}],"author":[{"embeddable":true,"href":"https:\/\/www.prijedordanas.com\/index.php?rest_route=\/wp\/v2\/users\/1"}],"replies":[{"embeddable":true,"href":"https:\/\/www.prijedordanas.com\/index.php?rest_route=%2Fwp%2Fv2%2Fcomments&post=103344"}],"version-history":[{"count":1,"href":"https:\/\/www.prijedordanas.com\/index.php?rest_route=\/wp\/v2\/posts\/103344\/revisions"}],"predecessor-version":[{"id":103345,"href":"https:\/\/www.prijedordanas.com\/index.php?rest_route=\/wp\/v2\/posts\/103344\/revisions\/103345"}],"wp:attachment":[{"href":"https:\/\/www.prijedordanas.com\/index.php?rest_route=%2Fwp%2Fv2%2Fmedia&parent=103344"}],"wp:term":[{"taxonomy":"category","embeddable":true,"href":"https:\/\/www.prijedordanas.com\/index.php?rest_route=%2Fwp%2Fv2%2Fcategories&post=103344"},{"taxonomy":"post_tag","embeddable":true,"href":"https:\/\/www.prijedordanas.com\/index.php?rest_route=%2Fwp%2Fv2%2Ftags&post=103344"}],"curies":[{"name":"wp","href":"https:\/\/api.w.org\/{rel}","templated":true}]}}