{"id":103329,"date":"2018-04-19T19:00:43","date_gmt":"2018-04-19T17:00:43","guid":{"rendered":"https:\/\/www.prijedordanas.com\/?p=103329"},"modified":"2018-04-19T19:00:43","modified_gmt":"2018-04-19T17:00:43","slug":"ministar-mirjanic-posjetio-sumsko-gazdinstvo-prijedor-najuspjesnije-u-republici-srpskoj-foto-video","status":"publish","type":"post","link":"https:\/\/www.prijedordanas.com\/?p=103329","title":{"rendered":"MINISTAR MIRJANI\u0106 POSJETIO \u0160UMSKO GAZDINSTVO PRIJEDOR, NAJUSPJE\u0160NIJE U REPUBLICI SRPSKOJ \u2013 FOTO\/VIDEO"},"content":{"rendered":"<p><a href=\"https:\/\/www.prijedordanas.com\/wp-content\/uploads\/2018\/04\/ministar-mirjanic-sumsko-gazdinstvo-prijedor-1.jpg\"><img loading=\"lazy\" decoding=\"async\" class=\"alignleft size-medium wp-image-103322\" src=\"https:\/\/www.prijedordanas.com\/wp-content\/uploads\/2018\/04\/ministar-mirjanic-sumsko-gazdinstvo-prijedor-1-300x222.jpg\" alt=\"\" width=\"300\" height=\"222\" srcset=\"https:\/\/www.prijedordanas.com\/wp-content\/uploads\/2018\/04\/ministar-mirjanic-sumsko-gazdinstvo-prijedor-1-300x222.jpg 300w, https:\/\/www.prijedordanas.com\/wp-content\/uploads\/2018\/04\/ministar-mirjanic-sumsko-gazdinstvo-prijedor-1-100x74.jpg 100w, https:\/\/www.prijedordanas.com\/wp-content\/uploads\/2018\/04\/ministar-mirjanic-sumsko-gazdinstvo-prijedor-1.jpg 675w\" sizes=\"(max-width: 300px) 100vw, 300px\" \/><\/a>Ministar poljoprivrede, \u0161umarstva i vodoprivrede Republike Srpske prof. dr Stevo Mirjani\u0107 izjavio je da u Javnom preduze\u0107u &#8220;\u0160ume Srpske&#8221; niko od 4.500 radnika ne\u0107e ostati bez posla, ve\u0107 da \u0107e se nastojati da se godi\u0161nje ostvari dodatni prihod od 20 do 30 miliona KM, a da \u0107e broj radnika postepeno smanjivati prirodnim putem, odnosno penzionisanjem.<\/p>\n<p>Ministar Mirjani\u0107 je tokom posjete \u0160umskom gazdinstvu &#8220;Prijedor&#8221; naglasio da \u0107e pitanje unutra\u0161nje organizacije i sistematizacije radnih mjesta, te uspostavljanje informacionih sistema koji \u0107e upravljati tro\u0161kovima i prihodima imati za cilj uvo\u0111enje potpunog reda u oblasti \u0161umarstva.<\/p>\n<p>&#8220;To su projekti koji idu u pravcu uvo\u0111enja reda u oblast \u0161umarstva i izgradnje sistema koji \u0107e doprinijeti da Javno preduze\u0107e `\u0160ume` mnogo vi\u0161e doprinose ekonomiji Republike Srpske nego \u0161to je to danas&#8221;, rekao je Mirjani\u0107 novinarima.<\/p>\n<p><a href=\"https:\/\/www.prijedordanas.com\/wp-content\/uploads\/2018\/04\/ministar-mirjanic-sumsko-gazdinstvo-prijedor-2.jpg\"><img loading=\"lazy\" decoding=\"async\" class=\"alignleft size-medium wp-image-103323\" src=\"https:\/\/www.prijedordanas.com\/wp-content\/uploads\/2018\/04\/ministar-mirjanic-sumsko-gazdinstvo-prijedor-2-300x222.jpg\" alt=\"\" width=\"300\" height=\"222\" srcset=\"https:\/\/www.prijedordanas.com\/wp-content\/uploads\/2018\/04\/ministar-mirjanic-sumsko-gazdinstvo-prijedor-2-300x222.jpg 300w, https:\/\/www.prijedordanas.com\/wp-content\/uploads\/2018\/04\/ministar-mirjanic-sumsko-gazdinstvo-prijedor-2-100x74.jpg 100w, https:\/\/www.prijedordanas.com\/wp-content\/uploads\/2018\/04\/ministar-mirjanic-sumsko-gazdinstvo-prijedor-2.jpg 675w\" sizes=\"(max-width: 300px) 100vw, 300px\" \/><\/a>On je istakao da je tema razgovora za rukovodstvom \u0160G &#8220;Prijedor&#8221; bilo poslovanje u pro\u0161loj i planovi za 2018. godinu.<\/p>\n<p>&#8220;Konstatovali smo da je ovdje rije\u010d o uspje\u0161nom \u0161umskom gazdinstvu koje je najbolje poslovalo u sistemu Javnog preduze\u0107a `\u0160ume` i vjerujemo da ima prostora za pobolj\u0161anje&#8221;, naveo je Mirjani\u0107.<\/p>\n<p>On je dodao da je u \u0160G &#8220;Prijedor&#8221; pro\u0161le godine ostvaren prihod od 12 miliona KM odnosno po zaposlenom vi\u0161e od 60.000 KM, kao i 3.500 KM po zaposlenom kada je rije\u010d o dobiti.<\/p>\n<p>&#8220;Najve\u0107a snaga im je veliki broj visokoobrazovanih radnika, vi\u0161e od 36 odsto, ali i \u010dinjenica da redovno izmiruju obaveze prema ugovorima sa 105 kupaca, iako imaju nepovoljnu strukturu i razu\u0111en prostor od pet op\u0161tina&#8221;, istakao je Mirjani\u0107.<\/p>\n<p><a href=\"https:\/\/www.prijedordanas.com\/wp-content\/uploads\/2018\/04\/ministar-mirjanic-sumsko-gazdinstvo-prijedor-3.jpg\"><img loading=\"lazy\" decoding=\"async\" class=\"alignleft size-medium wp-image-103324\" src=\"https:\/\/www.prijedordanas.com\/wp-content\/uploads\/2018\/04\/ministar-mirjanic-sumsko-gazdinstvo-prijedor-3-300x222.jpg\" alt=\"\" width=\"300\" height=\"222\" srcset=\"https:\/\/www.prijedordanas.com\/wp-content\/uploads\/2018\/04\/ministar-mirjanic-sumsko-gazdinstvo-prijedor-3-300x222.jpg 300w, https:\/\/www.prijedordanas.com\/wp-content\/uploads\/2018\/04\/ministar-mirjanic-sumsko-gazdinstvo-prijedor-3-100x74.jpg 100w, https:\/\/www.prijedordanas.com\/wp-content\/uploads\/2018\/04\/ministar-mirjanic-sumsko-gazdinstvo-prijedor-3.jpg 675w\" sizes=\"(max-width: 300px) 100vw, 300px\" \/><\/a>Prema njegovim rije\u010dima, njihov rezultat kao najuspje\u0161nijeg gazdinstva dobija jo\u0161 ve\u0107u vrijednost ako se ima u vidu da imaju za oko 65 odsto ni\u017ee vrijedne drvne sortimente.<\/p>\n<p>Direktor \u0160umskog gazdinstva &#8220;Prijedor&#8221; Sa\u0161a Bursa\u0107 rekao je da je razgovarano o tome kako da stanje u ovom gazdinstvu bude \u0161to bolje i da se unaprijedi, iako je ono poslovalo sa najve\u0107om dobiti u 2017. godini.<\/p>\n<p>&#8220;Odr\u017eali smo kvalitetan sastanak i na\u0161im rezultatom smo zaslu\u017eili da nam do\u0111e ovako visoka delegacija&#8221;, rekao je Bursa\u0107.<\/p>\n<p>On je dodao da je pro\u0161logodi\u0161nja dobit bila ne\u0161to ve\u0107a od 858.000 KM i da je taj rezultat postignut doma\u0107inskim poslovanjem.<\/p>\n<p>Sastanku u Prijedoru su prisustvovali i pomo\u0107nik ministra za \u0161umarstvo i lovstvo Goran Zubi\u0107 i direktor Agencije za agrarna pla\u0107anja Srpske Savo Mini\u0107.<\/p>\n<p>Mirjani\u0107 je tokom dana prisustvovao i okruglom stolu o temi &#8220;Perspektive razvoja poljoprivrede i ruralnih podru\u010dja grada Prijedora&#8221; u Domu u Sani\u010danima.<\/p>\n<p>Ministarstvo poljoprivrede, \u0161umarstva i vodoprivrede Republike Srpske<\/p>\n<div style=\"width: 640px;\" class=\"wp-video\"><!--[if lt IE 9]><script>document.createElement('video');<\/script><![endif]-->\n<video class=\"wp-video-shortcode\" id=\"video-103329-1\" width=\"640\" height=\"360\" preload=\"metadata\" controls=\"controls\"><source type=\"video\/mp4\" src=\"http:\/\/arh3.rtrs.tv\/arhiva\/2018\/04\/18\/tvclip027343.mp4?_=1\" \/><a href=\"http:\/\/arh3.rtrs.tv\/arhiva\/2018\/04\/18\/tvclip027343.mp4\">http:\/\/arh3.rtrs.tv\/arhiva\/2018\/04\/18\/tvclip027343.mp4<\/a><\/video><\/div>\n<p><a href=\"https:\/\/www.prijedordanas.com\/wp-content\/uploads\/2018\/04\/ministar-mirjanic-sumsko-gazdinstvo-prijedor-4.jpg\"><img loading=\"lazy\" decoding=\"async\" src=\"https:\/\/www.prijedordanas.com\/wp-content\/uploads\/2018\/04\/ministar-mirjanic-sumsko-gazdinstvo-prijedor-4-300x222.jpg\" alt=\"\" width=\"300\" height=\"222\" class=\"alignleft size-medium wp-image-103325\" srcset=\"https:\/\/www.prijedordanas.com\/wp-content\/uploads\/2018\/04\/ministar-mirjanic-sumsko-gazdinstvo-prijedor-4-300x222.jpg 300w, https:\/\/www.prijedordanas.com\/wp-content\/uploads\/2018\/04\/ministar-mirjanic-sumsko-gazdinstvo-prijedor-4-100x74.jpg 100w, https:\/\/www.prijedordanas.com\/wp-content\/uploads\/2018\/04\/ministar-mirjanic-sumsko-gazdinstvo-prijedor-4.jpg 675w\" sizes=\"(max-width: 300px) 100vw, 300px\" \/><\/a> <a href=\"https:\/\/www.prijedordanas.com\/wp-content\/uploads\/2018\/04\/ministar-mirjanic-sumsko-gazdinstvo-prijedor-5.jpg\"><img loading=\"lazy\" decoding=\"async\" src=\"https:\/\/www.prijedordanas.com\/wp-content\/uploads\/2018\/04\/ministar-mirjanic-sumsko-gazdinstvo-prijedor-5-300x222.jpg\" alt=\"\" width=\"300\" height=\"222\" class=\"alignleft size-medium wp-image-103326\" srcset=\"https:\/\/www.prijedordanas.com\/wp-content\/uploads\/2018\/04\/ministar-mirjanic-sumsko-gazdinstvo-prijedor-5-300x222.jpg 300w, https:\/\/www.prijedordanas.com\/wp-content\/uploads\/2018\/04\/ministar-mirjanic-sumsko-gazdinstvo-prijedor-5-100x74.jpg 100w, https:\/\/www.prijedordanas.com\/wp-content\/uploads\/2018\/04\/ministar-mirjanic-sumsko-gazdinstvo-prijedor-5.jpg 675w\" sizes=\"(max-width: 300px) 100vw, 300px\" \/><\/a><\/p>\n","protected":false},"excerpt":{"rendered":"<p>Ministar poljoprivrede, \u0161umarstva i vodoprivrede Republike Srpske prof. dr Stevo Mirjani\u0107 izjavio je da u Javnom preduze\u0107u &#8220;\u0160ume Srpske&#8221; niko od 4.500 radnika ne\u0107e ostati bez posla, ve\u0107 da \u0107e [&hellip;]<\/p>\n","protected":false},"author":1,"featured_media":0,"comment_status":"closed","ping_status":"open","sticky":false,"template":"","format":"standard","meta":{"_monsterinsights_skip_tracking":false,"_monsterinsights_sitenote_active":false,"_monsterinsights_sitenote_note":"","_monsterinsights_sitenote_category":0,"footnotes":""},"categories":[8],"tags":[1221],"yoast_head":"<!-- This site is optimized with the Yoast SEO plugin v21.6 - https:\/\/yoast.com\/wordpress\/plugins\/seo\/ -->\n<title>MINISTAR MIRJANI\u0106 POSJETIO \u0160UMSKO GAZDINSTVO PRIJEDOR, NAJUSPJE\u0160NIJE U REPUBLICI SRPSKOJ \u2013 FOTO\/VIDEO - PrijedorDanas.com - Prijedorski gradski portal<\/title>\n<meta name=\"robots\" content=\"index, follow, max-snippet:-1, max-image-preview:large, max-video-preview:-1\" \/>\n<link rel=\"canonical\" href=\"https:\/\/www.prijedordanas.com\/?p=103329\" \/>\n<meta property=\"og:locale\" content=\"en_US\" \/>\n<meta property=\"og:type\" content=\"article\" \/>\n<meta property=\"og:title\" content=\"MINISTAR MIRJANI\u0106 POSJETIO \u0160UMSKO GAZDINSTVO PRIJEDOR, NAJUSPJE\u0160NIJE U REPUBLICI SRPSKOJ \u2013 FOTO\/VIDEO - PrijedorDanas.com - Prijedorski gradski portal\" \/>\n<meta property=\"og:description\" content=\"Ministar poljoprivrede, \u0161umarstva i vodoprivrede Republike Srpske prof. dr Stevo Mirjani\u0107 izjavio je da u Javnom preduze\u0107u &#8220;\u0160ume Srpske&#8221; niko od 4.500 radnika ne\u0107e ostati bez posla, ve\u0107 da \u0107e [&hellip;]\" \/>\n<meta property=\"og:url\" content=\"https:\/\/www.prijedordanas.com\/?p=103329\" \/>\n<meta property=\"og:site_name\" content=\"PrijedorDanas.com - Prijedorski gradski portal\" \/>\n<meta property=\"article:publisher\" content=\"https:\/\/www.facebook.com\/PrijedorDanasCom\/\" \/>\n<meta property=\"article:published_time\" content=\"2018-04-19T17:00:43+00:00\" \/>\n<meta property=\"og:image\" content=\"https:\/\/www.prijedordanas.com\/wp-content\/uploads\/2018\/04\/ministar-mirjanic-sumsko-gazdinstvo-prijedor-1-300x222.jpg\" \/>\n<meta name=\"author\" content=\"admin\" \/>\n<meta name=\"twitter:card\" content=\"summary_large_image\" \/>\n<meta name=\"twitter:label1\" content=\"Written by\" \/>\n\t<meta name=\"twitter:data1\" content=\"admin\" \/>\n\t<meta name=\"twitter:label2\" content=\"Est. reading time\" \/>\n\t<meta name=\"twitter:data2\" content=\"2 minutes\" \/>\n<script type=\"application\/ld+json\" class=\"yoast-schema-graph\">{\"@context\":\"https:\/\/schema.org\",\"@graph\":[{\"@type\":\"Article\",\"@id\":\"https:\/\/www.prijedordanas.com\/?p=103329#article\",\"isPartOf\":{\"@id\":\"https:\/\/www.prijedordanas.com\/?p=103329\"},\"author\":{\"name\":\"admin\",\"@id\":\"https:\/\/www.prijedordanas.com\/#\/schema\/person\/4e08ccf29b506ca916ff86d46bb700e6\"},\"headline\":\"MINISTAR MIRJANI\u0106 POSJETIO \u0160UMSKO GAZDINSTVO PRIJEDOR, NAJUSPJE\u0160NIJE U REPUBLICI SRPSKOJ \u2013 FOTO\/VIDEO\",\"datePublished\":\"2018-04-19T17:00:43+00:00\",\"dateModified\":\"2018-04-19T17:00:43+00:00\",\"mainEntityOfPage\":{\"@id\":\"https:\/\/www.prijedordanas.com\/?p=103329\"},\"wordCount\":449,\"publisher\":{\"@id\":\"https:\/\/www.prijedordanas.com\/#organization\"},\"keywords\":[\"\u0160umsko gazdinstvo Prijedor\"],\"articleSection\":[\"Svakodnevno\"],\"inLanguage\":\"en-US\"},{\"@type\":\"WebPage\",\"@id\":\"https:\/\/www.prijedordanas.com\/?p=103329\",\"url\":\"https:\/\/www.prijedordanas.com\/?p=103329\",\"name\":\"MINISTAR MIRJANI\u0106 POSJETIO \u0160UMSKO GAZDINSTVO PRIJEDOR, NAJUSPJE\u0160NIJE U REPUBLICI SRPSKOJ \u2013 FOTO\/VIDEO - PrijedorDanas.com - Prijedorski gradski portal\",\"isPartOf\":{\"@id\":\"https:\/\/www.prijedordanas.com\/#website\"},\"datePublished\":\"2018-04-19T17:00:43+00:00\",\"dateModified\":\"2018-04-19T17:00:43+00:00\",\"breadcrumb\":{\"@id\":\"https:\/\/www.prijedordanas.com\/?p=103329#breadcrumb\"},\"inLanguage\":\"en-US\",\"potentialAction\":[{\"@type\":\"ReadAction\",\"target\":[\"https:\/\/www.prijedordanas.com\/?p=103329\"]}]},{\"@type\":\"BreadcrumbList\",\"@id\":\"https:\/\/www.prijedordanas.com\/?p=103329#breadcrumb\",\"itemListElement\":[{\"@type\":\"ListItem\",\"position\":1,\"name\":\"Home\",\"item\":\"https:\/\/www.prijedordanas.com\/\"},{\"@type\":\"ListItem\",\"position\":2,\"name\":\"MINISTAR MIRJANI\u0106 POSJETIO \u0160UMSKO GAZDINSTVO PRIJEDOR, NAJUSPJE\u0160NIJE U REPUBLICI SRPSKOJ \u2013 FOTO\/VIDEO\"}]},{\"@type\":\"WebSite\",\"@id\":\"https:\/\/www.prijedordanas.com\/#website\",\"url\":\"https:\/\/www.prijedordanas.com\/\",\"name\":\"PrijedorDanas.com - Prijedorski gradski portal\",\"description\":\"Portal o doga\u0111anjima u gradu Prijedoru\",\"publisher\":{\"@id\":\"https:\/\/www.prijedordanas.com\/#organization\"},\"potentialAction\":[{\"@type\":\"SearchAction\",\"target\":{\"@type\":\"EntryPoint\",\"urlTemplate\":\"https:\/\/www.prijedordanas.com\/?s={search_term_string}\"},\"query-input\":\"required name=search_term_string\"}],\"inLanguage\":\"en-US\"},{\"@type\":\"Organization\",\"@id\":\"https:\/\/www.prijedordanas.com\/#organization\",\"name\":\"PrijedorDanas.com\",\"url\":\"https:\/\/www.prijedordanas.com\/\",\"logo\":{\"@type\":\"ImageObject\",\"inLanguage\":\"en-US\",\"@id\":\"https:\/\/www.prijedordanas.com\/#\/schema\/logo\/image\/\",\"url\":\"http:\/\/www.prijedordanas.com\/wp-content\/uploads\/2021\/12\/logopng.png\",\"contentUrl\":\"http:\/\/www.prijedordanas.com\/wp-content\/uploads\/2021\/12\/logopng.png\",\"width\":1019,\"height\":776,\"caption\":\"PrijedorDanas.com\"},\"image\":{\"@id\":\"https:\/\/www.prijedordanas.com\/#\/schema\/logo\/image\/\"},\"sameAs\":[\"https:\/\/www.facebook.com\/PrijedorDanasCom\/\"]},{\"@type\":\"Person\",\"@id\":\"https:\/\/www.prijedordanas.com\/#\/schema\/person\/4e08ccf29b506ca916ff86d46bb700e6\",\"name\":\"admin\",\"image\":{\"@type\":\"ImageObject\",\"inLanguage\":\"en-US\",\"@id\":\"https:\/\/www.prijedordanas.com\/#\/schema\/person\/image\/\",\"url\":\"https:\/\/secure.gravatar.com\/avatar\/1d3fc949d550f0b53a5f0d51e06dfd79?s=96&d=mm&r=g\",\"contentUrl\":\"https:\/\/secure.gravatar.com\/avatar\/1d3fc949d550f0b53a5f0d51e06dfd79?s=96&d=mm&r=g\",\"caption\":\"admin\"},\"url\":\"https:\/\/www.prijedordanas.com\/?author=1\"}]}<\/script>\n<!-- \/ Yoast SEO plugin. -->","yoast_head_json":{"title":"MINISTAR MIRJANI\u0106 POSJETIO \u0160UMSKO GAZDINSTVO PRIJEDOR, NAJUSPJE\u0160NIJE U REPUBLICI SRPSKOJ \u2013 FOTO\/VIDEO - PrijedorDanas.com - Prijedorski gradski portal","robots":{"index":"index","follow":"follow","max-snippet":"max-snippet:-1","max-image-preview":"max-image-preview:large","max-video-preview":"max-video-preview:-1"},"canonical":"https:\/\/www.prijedordanas.com\/?p=103329","og_locale":"en_US","og_type":"article","og_title":"MINISTAR MIRJANI\u0106 POSJETIO \u0160UMSKO GAZDINSTVO PRIJEDOR, NAJUSPJE\u0160NIJE U REPUBLICI SRPSKOJ \u2013 FOTO\/VIDEO - PrijedorDanas.com - Prijedorski gradski portal","og_description":"Ministar poljoprivrede, \u0161umarstva i vodoprivrede Republike Srpske prof. dr Stevo Mirjani\u0107 izjavio je da u Javnom preduze\u0107u &#8220;\u0160ume Srpske&#8221; niko od 4.500 radnika ne\u0107e ostati bez posla, ve\u0107 da \u0107e [&hellip;]","og_url":"https:\/\/www.prijedordanas.com\/?p=103329","og_site_name":"PrijedorDanas.com - Prijedorski gradski portal","article_publisher":"https:\/\/www.facebook.com\/PrijedorDanasCom\/","article_published_time":"2018-04-19T17:00:43+00:00","og_image":[{"url":"https:\/\/www.prijedordanas.com\/wp-content\/uploads\/2018\/04\/ministar-mirjanic-sumsko-gazdinstvo-prijedor-1-300x222.jpg"}],"author":"admin","twitter_card":"summary_large_image","twitter_misc":{"Written by":"admin","Est. reading time":"2 minutes"},"schema":{"@context":"https:\/\/schema.org","@graph":[{"@type":"Article","@id":"https:\/\/www.prijedordanas.com\/?p=103329#article","isPartOf":{"@id":"https:\/\/www.prijedordanas.com\/?p=103329"},"author":{"name":"admin","@id":"https:\/\/www.prijedordanas.com\/#\/schema\/person\/4e08ccf29b506ca916ff86d46bb700e6"},"headline":"MINISTAR MIRJANI\u0106 POSJETIO \u0160UMSKO GAZDINSTVO PRIJEDOR, NAJUSPJE\u0160NIJE U REPUBLICI SRPSKOJ \u2013 FOTO\/VIDEO","datePublished":"2018-04-19T17:00:43+00:00","dateModified":"2018-04-19T17:00:43+00:00","mainEntityOfPage":{"@id":"https:\/\/www.prijedordanas.com\/?p=103329"},"wordCount":449,"publisher":{"@id":"https:\/\/www.prijedordanas.com\/#organization"},"keywords":["\u0160umsko gazdinstvo Prijedor"],"articleSection":["Svakodnevno"],"inLanguage":"en-US"},{"@type":"WebPage","@id":"https:\/\/www.prijedordanas.com\/?p=103329","url":"https:\/\/www.prijedordanas.com\/?p=103329","name":"MINISTAR MIRJANI\u0106 POSJETIO \u0160UMSKO GAZDINSTVO PRIJEDOR, NAJUSPJE\u0160NIJE U REPUBLICI SRPSKOJ \u2013 FOTO\/VIDEO - PrijedorDanas.com - Prijedorski gradski portal","isPartOf":{"@id":"https:\/\/www.prijedordanas.com\/#website"},"datePublished":"2018-04-19T17:00:43+00:00","dateModified":"2018-04-19T17:00:43+00:00","breadcrumb":{"@id":"https:\/\/www.prijedordanas.com\/?p=103329#breadcrumb"},"inLanguage":"en-US","potentialAction":[{"@type":"ReadAction","target":["https:\/\/www.prijedordanas.com\/?p=103329"]}]},{"@type":"BreadcrumbList","@id":"https:\/\/www.prijedordanas.com\/?p=103329#breadcrumb","itemListElement":[{"@type":"ListItem","position":1,"name":"Home","item":"https:\/\/www.prijedordanas.com\/"},{"@type":"ListItem","position":2,"name":"MINISTAR MIRJANI\u0106 POSJETIO \u0160UMSKO GAZDINSTVO PRIJEDOR, NAJUSPJE\u0160NIJE U REPUBLICI SRPSKOJ \u2013 FOTO\/VIDEO"}]},{"@type":"WebSite","@id":"https:\/\/www.prijedordanas.com\/#website","url":"https:\/\/www.prijedordanas.com\/","name":"PrijedorDanas.com - Prijedorski gradski portal","description":"Portal o doga\u0111anjima u gradu Prijedoru","publisher":{"@id":"https:\/\/www.prijedordanas.com\/#organization"},"potentialAction":[{"@type":"SearchAction","target":{"@type":"EntryPoint","urlTemplate":"https:\/\/www.prijedordanas.com\/?s={search_term_string}"},"query-input":"required name=search_term_string"}],"inLanguage":"en-US"},{"@type":"Organization","@id":"https:\/\/www.prijedordanas.com\/#organization","name":"PrijedorDanas.com","url":"https:\/\/www.prijedordanas.com\/","logo":{"@type":"ImageObject","inLanguage":"en-US","@id":"https:\/\/www.prijedordanas.com\/#\/schema\/logo\/image\/","url":"http:\/\/www.prijedordanas.com\/wp-content\/uploads\/2021\/12\/logopng.png","contentUrl":"http:\/\/www.prijedordanas.com\/wp-content\/uploads\/2021\/12\/logopng.png","width":1019,"height":776,"caption":"PrijedorDanas.com"},"image":{"@id":"https:\/\/www.prijedordanas.com\/#\/schema\/logo\/image\/"},"sameAs":["https:\/\/www.facebook.com\/PrijedorDanasCom\/"]},{"@type":"Person","@id":"https:\/\/www.prijedordanas.com\/#\/schema\/person\/4e08ccf29b506ca916ff86d46bb700e6","name":"admin","image":{"@type":"ImageObject","inLanguage":"en-US","@id":"https:\/\/www.prijedordanas.com\/#\/schema\/person\/image\/","url":"https:\/\/secure.gravatar.com\/avatar\/1d3fc949d550f0b53a5f0d51e06dfd79?s=96&d=mm&r=g","contentUrl":"https:\/\/secure.gravatar.com\/avatar\/1d3fc949d550f0b53a5f0d51e06dfd79?s=96&d=mm&r=g","caption":"admin"},"url":"https:\/\/www.prijedordanas.com\/?author=1"}]}},"_links":{"self":[{"href":"https:\/\/www.prijedordanas.com\/index.php?rest_route=\/wp\/v2\/posts\/103329"}],"collection":[{"href":"https:\/\/www.prijedordanas.com\/index.php?rest_route=\/wp\/v2\/posts"}],"about":[{"href":"https:\/\/www.prijedordanas.com\/index.php?rest_route=\/wp\/v2\/types\/post"}],"author":[{"embeddable":true,"href":"https:\/\/www.prijedordanas.com\/index.php?rest_route=\/wp\/v2\/users\/1"}],"replies":[{"embeddable":true,"href":"https:\/\/www.prijedordanas.com\/index.php?rest_route=%2Fwp%2Fv2%2Fcomments&post=103329"}],"version-history":[{"count":1,"href":"https:\/\/www.prijedordanas.com\/index.php?rest_route=\/wp\/v2\/posts\/103329\/revisions"}],"predecessor-version":[{"id":103330,"href":"https:\/\/www.prijedordanas.com\/index.php?rest_route=\/wp\/v2\/posts\/103329\/revisions\/103330"}],"wp:attachment":[{"href":"https:\/\/www.prijedordanas.com\/index.php?rest_route=%2Fwp%2Fv2%2Fmedia&parent=103329"}],"wp:term":[{"taxonomy":"category","embeddable":true,"href":"https:\/\/www.prijedordanas.com\/index.php?rest_route=%2Fwp%2Fv2%2Fcategories&post=103329"},{"taxonomy":"post_tag","embeddable":true,"href":"https:\/\/www.prijedordanas.com\/index.php?rest_route=%2Fwp%2Fv2%2Ftags&post=103329"}],"curies":[{"name":"wp","href":"https:\/\/api.w.org\/{rel}","templated":true}]}}