{"id":102132,"date":"2018-04-03T09:43:15","date_gmt":"2018-04-03T07:43:15","guid":{"rendered":"https:\/\/www.prijedordanas.com\/?p=102132"},"modified":"2018-04-03T09:43:15","modified_gmt":"2018-04-03T07:43:15","slug":"otvorio-dusu-halid-muslimovic-progovorio-o-kolegama-i-sujeti-na-estradi","status":"publish","type":"post","link":"https:\/\/www.prijedordanas.com\/?p=102132","title":{"rendered":"OTVORIO DU\u0160U: HALID MUSLIMOVI\u0106 PROGOVORIO O KOLEGAMA I SUJETI NA ESTRADI"},"content":{"rendered":"<p><a href=\"https:\/\/www.prijedordanas.com\/wp-content\/uploads\/2018\/04\/alo-halid-muslimovic-2.jpg\"><img loading=\"lazy\" decoding=\"async\" src=\"https:\/\/www.prijedordanas.com\/wp-content\/uploads\/2018\/04\/alo-halid-muslimovic-2-300x217.jpg\" alt=\"\" width=\"300\" height=\"217\" class=\"alignleft size-medium wp-image-102133\" srcset=\"https:\/\/www.prijedordanas.com\/wp-content\/uploads\/2018\/04\/alo-halid-muslimovic-2-300x217.jpg 300w, https:\/\/www.prijedordanas.com\/wp-content\/uploads\/2018\/04\/alo-halid-muslimovic-2-100x72.jpg 100w, https:\/\/www.prijedordanas.com\/wp-content\/uploads\/2018\/04\/alo-halid-muslimovic-2.jpg 690w\" sizes=\"(max-width: 300px) 100vw, 300px\" \/><\/a>Halid Muslimovi\u0107, jedan od najpopularnijih folk pjeva\u010da biv\u0161e Jugoslavije, u narodu poznatiji kao \u201eplavi \u010duperak\u201d, rijetko daje intervjue za srpske medije.<\/p>\n<p>Ipak, za \u201eAlo!\u201d je rije\u0161io da otvori du\u0161u i prokomentari\u0161e sve ono o \u010demu se spekulisalo dok je bio u medijskoj ilegali od pet godina.<\/p>\n<p>&#8211; Ove godine slavim 35 godina na estradi. \u017delio sam da napravim ne\u0161to lijepo za one koji tri i po decenije vole i prate moj rad, zbog \u010dega sam osmislio kolekciju od pedeset hitova, na tri CD-a, i pojavio sam se da bih sve \u0161to imam iza sebe vratio u \u017eivot. Planiram i koncert u Beogradu, negdje u novembru. Vjerovatno \u0107e to biti u Centru \u201eSava\u201c, dan, mo\u017eda dva. Ne treba pretjerivati, va\u017eno je da pru\u017eim kvalitet.<\/p>\n<p>\u010cini se da vas mla\u0111a publika obo\u017eava\u2026<\/p>\n<p>&#8211; Mladi slu\u0161aju moje pjesme kada god kazaljka isprati pono\u0107, a neki \u010dak i ne znaju da ja pevam pjesme \u201eMene je u\u010dilo vrijeme\u201c, \u201eHej, kafano, ne\u0107u vi\u0161e\u201c, \u201e\u017delja si mi samo ti\u201c, \u201eNije mene, du\u0161o, ubilo\u201c. \u010cesto sjednem na pi\u0107e u Beogradu, pri\u0111e mi neko mlad i ka\u017ee da voli jednu moju pjesmu. Onda se ja opkladim sa njim da voli petnaest. Tada ostanu iznena\u0111eni koliko mojih pjesama slu\u0161aju i naru\u010duju, a da nikada nisu znali da ih zapravo ja pjevam.<\/p>\n<p><a href=\"https:\/\/www.prijedordanas.com\/wp-content\/uploads\/2018\/04\/alo-halid-muslimovic-1.jpg\"><img loading=\"lazy\" decoding=\"async\" src=\"https:\/\/www.prijedordanas.com\/wp-content\/uploads\/2018\/04\/alo-halid-muslimovic-1-300x219.jpg\" alt=\"\" width=\"300\" height=\"219\" class=\"alignleft size-medium wp-image-102134\" srcset=\"https:\/\/www.prijedordanas.com\/wp-content\/uploads\/2018\/04\/alo-halid-muslimovic-1-300x219.jpg 300w, https:\/\/www.prijedordanas.com\/wp-content\/uploads\/2018\/04\/alo-halid-muslimovic-1-100x73.jpg 100w, https:\/\/www.prijedordanas.com\/wp-content\/uploads\/2018\/04\/alo-halid-muslimovic-1.jpg 685w\" sizes=\"(max-width: 300px) 100vw, 300px\" \/><\/a>Kako ste se sve ove godine odr\u017eali na estradi?<\/p>\n<p>&#8211; Prvenstveno zato \u0161to svim srcem volim ovaj posao. Bog mi je dao glas kakav jeste i ne bih ga mijenjao za drugi. Proputovao sam cio svijet, a uvijek sam stvari gledao odozdo. Bolje vidim kada gledam sa zemlje, jer ljudi sa estrade \u010desto zaboravljaju da ih gledanje kao da su iznad drugih ne\u0107e nigdje odvesti. Mi smo uvijek dole i nismo nezamjenljivi ili bolji od naroda.<\/p>\n<p>Koji je najve\u0107i problem sa dana\u0161njom estradom i mladim pjeva\u010dima? <\/p>\n<p>&#8211; Ima toliko vrsnih pjeva\u010da da me du\u0161a boli \u0161to nekako uvijek ostanu u sjenci nekih nekvalitetnijih sa estrade. Ima ih previ\u0161e i to je veliki problem. To vam je kao da se desi po\u017ear, a na vrata kada se stvori gu\u017eva mogu pro\u0107i dvoje, eventualno troje, ako su mr\u0161avi. Ostali svi ginu. Tako je i na muzi\u010dkoj sceni. Nije dovoljno biti dobar pjeva\u010d. Bitno je da budete medijski jaki.<\/p>\n<p>Ko vas je od pjeva\u010dica va\u0161e generacije najljep\u0161e iznenadio tokom svih ovih godina?<\/p>\n<p>&#8211; To je definitivno Neda Ukraden. \u017dena je napravila takav preokret, izgleda bolje nego ikad, \u010dak mnogo bolje od ve\u0107ine znatno mla\u0111ih pjeva\u010dica, i pokazala je da kvalitet nema cijenu. \u017dena izgleda kao da ima trideset i pet godina.<\/p>\n<p><a href=\"https:\/\/www.prijedordanas.com\/wp-content\/uploads\/2018\/04\/alo-halid-muslimovic-3.jpg\"><img loading=\"lazy\" decoding=\"async\" src=\"https:\/\/www.prijedordanas.com\/wp-content\/uploads\/2018\/04\/alo-halid-muslimovic-3-300x217.jpg\" alt=\"\" width=\"300\" height=\"217\" class=\"alignleft size-medium wp-image-102135\" srcset=\"https:\/\/www.prijedordanas.com\/wp-content\/uploads\/2018\/04\/alo-halid-muslimovic-3-300x217.jpg 300w, https:\/\/www.prijedordanas.com\/wp-content\/uploads\/2018\/04\/alo-halid-muslimovic-3-100x72.jpg 100w, https:\/\/www.prijedordanas.com\/wp-content\/uploads\/2018\/04\/alo-halid-muslimovic-3.jpg 690w\" sizes=\"(max-width: 300px) 100vw, 300px\" \/><\/a>Sa kojim kolegom biste voljeli da ste radili, a niste?<\/p>\n<p>&#8211; Sa Miroslavom Ili\u0107em, \u0160abanom i Halidom Besli\u0107em. \u010cak imam ura\u0111enu pjesmu za mog imenjaka, njegov udes nas je spre\u010dio da to ostvarimo, ali bo\u017ee moj. Mo\u017eda nekada ugleda svjetlost dana i ta duetska numera.<\/p>\n<p>Dosta toga lo\u0161eg se vezivalo za Halida Be\u0161li\u0107a i vas. Da li ste zaista u lo\u0161em odnosu? <\/p>\n<p>&#8211; Uvijek smo bili dobri, uvijek smo po\u0161tovali jedan drugog i bili kolegijalni. Me\u0111utim, uvijek su oko nas bili ljudi i neljudi. Onih koji su bacali neke intrige, neke koske, kako meni, tako i njemu. Nikada nisam osjetio ljubomoru prema njemu. Mogu da budem ponosan na sebe ili da ne budem. Sam sebi sam konkurencija. Ako ne\u0161to lo\u0161e uradim ili ne uradim dobar album, nije mi Halid kriv ili neko drugi. Kriv sam samo ja.<\/p>\n<p>Prije mnogo godina ste poklonili Breni kratku ko\u017enu suknju za ro\u0111endan, da li biste joj sada poklonili ne\u0161to sli\u010dno? <\/p>\n<p>&#8211; Brena je bila zbilja vrlo zanimljiva kada se pojavila osamdesetih godina. Kada smo bili u Americi na turneji, potrefilo se da ro\u0111endan slavi u \u010cikagu. Nisam bio \u0161meker koji zna \u0161ta da kupi dami. Vidio sam tu ko\u017enu suknju na lutki dok sam \u0161etao gradom i odlu\u010dio da joj to uzmem. Ona se odu\u0161evila, bilo joj je mnogo drago, suze su joj zamalo krenule. Tada je rekla da ona ne dobija \u010desto poklone, da ih uglavnom ona daje.<\/p>\n<p>Njen sin Stefan krenuo je maminim putem, da li biste podr\u017eali va\u0161eg sina kada bi \u017eelio da se bavi muzikom?<\/p>\n<p>&#8211; Stefan i moj sin se dosta dru\u017ee i sara\u0111uju. Bio je kod nas u Prijedoru sa Bobom, gostovao je sa svojim bendom. Ima glas, ima kvalitet, iskustvo \u0107e do\u0107i. Ima sve preduslove da uspije u ovom poslom, pozitivno zra\u010di, a eto, iza njega je \u017eena koja je neprevazi\u0111ena na na\u0161oj muzi\u010dkoj sceni. Svog sina bih podr\u017eao u svemu u \u010demu je dobar. Svima nam je jasno da na estradi postoje pjeva\u010di koji svoju djecu forsiraju na muzi\u010dke vode, a ta djeca ne znaju da pri\u010daju, a ne da pjevaju.<\/p>\n<p>Na koga mislite? <\/p>\n<p>&#8211; Ne bih o tome. Nisam neko ko ima prava da nekom zabrani da pjeva. Komentari\u0161em \u010dinjenice, ne bih da nekog povredim, ili izdvajam, pogotovo \u0161to ih ima vi\u0161e takvih.<\/p>\n<p>Da li biste u\u0161li u rijaliti? <\/p>\n<p>&#8211; Nisam za takvu pri\u010du. Vidim tu sva\u0161ta, te\u0161ko je sna\u0107i se unutra, a iza\u0107i zdrave svijesti. Udaraju nisko, ispred svakog nivoa. \u010cesto su nekulturni, ne po\u0161tuju starije.<\/p>\n<p>Da li biste pustili svoje dijete u rijaliti?<\/p>\n<p>-Ni po koju cijenu ne bih to dozvolio. Sprije\u010dio bih ga kako znam i umijem. Jedino da nemam kontrolu nad sopstvenim djetetom, pa da samo u\u0111e. Nekako mi se \u010dini da je tamo glavna stvar ko \u0107e koga vi\u0161e da ponizi i otjera u ludake. <\/p>\n<p>Ko je najljep\u0161a pjeva\u010dica na estradi?<\/p>\n<p>&#8211; Lepa Brena, koja mi je i pri srcu draga, Ana Bekuta tako\u0111e.<\/p>\n<p>Da li je istina da ste izjavili da Vesna Zmijanac hitno mora da smr\u0161a?<\/p>\n<p>&#8211; Nisam rekao da mora da smr\u0161a, ve\u0107 da je estradni mag i da zbog toga koliko hitova ima i kako pjeva treba konstantno da bude prisutna na estradi. Ni u najve\u0107em ludilu takvu \u017eenu ne bih uvrijedio. Ona nije stara \u017eena, evo ja nemam vi\u0161ka kilograma, za\u0161to bi ona imala? Mi koji smo toliko na estradi svjesni smo koliku prolaznost ona i dalje ima. To je jedini razlog zbog \u010dega sam spomenuo kila\u017eu.<\/p>\n<p>Koliko istine ima u tome da ste bili u vezi? <\/p>\n<p>&#8211; Vesna je svojevremeno bila moja velika simpatija. Od samog po\u010detka je to znala. Udvarao sam joj se neko vrijeme, bili smo bliski, ali to nije dugo trajalo. Putevi su nam se razdvojili i glupo je pri\u010dati o tome sada, kada imamo svoje \u017eivote.<\/p>\n<p>Pri\u010dalo se da ste bili sa Zoricom Brunclik&#8230;<\/p>\n<p>&#8211; Dobar period se pri\u010dalo da sam sa Zoricom u vezi. To me je pogodilo jer sam bio u odli\u010dnom odnosu i sa njom i sa Kemi\u0161om. Za mene je to vrlo neprijatna pri\u010da i zaista mi nije bilo jasno za\u0161to se to potencira. Ona je veoma lijepa \u017eena, jaka \u017eena prije svega&#8230;<\/p>\n<p>Da li je saobra\u0107ajna nezgoda, kada ste udarili djevoj\u010dicu, ostavila traga na vas? <\/p>\n<p>&#8211; To je najte\u017ea situacija koja mi se dogodila otkada sam \u017eiv. Ne osje\u0107am se krivim kao voza\u010d, ali me je mnogo pogodilo to \u0161to se dogodilo. Te\u0161ko je kada gledate kako neko le\u017ei na zemlji, u sekundi vrijeme stane. Taj osje\u0107aj straha, panike ne mo\u017ee da se opi\u0161e. Bio sam u kontaktu sa njenom majkom. Sada je na toj lokaciji postavljen znak, koji tada nije bio tu, i va\u017eno je da se sprije\u010di da se nekom opet dogodi ne\u0161to sli\u010dno.<\/p>\n<p>Nikada ne\u0107u mrzeti Srbe! <\/p>\n<p>U ratu ste izgubili sve, da li vas i dalje osu\u0111uju kada do\u0111ete u Srbiju?<\/p>\n<p>&#8211; U ratu jesam izgubio sve i to je ne\u0161to \u0161to ni uz sav trud ne mo\u017ee da se izbri\u0161e. Bio sam na turneji kada je na mjestu gde je bio moj dom ostala livada. To vas pogodi i ostavi traga na srcu. Izgubio sam sve \u0161to sam imao, u trenu. Sve mi je bilo poru\u0161eno i oplja\u010dkano, oduzeto. Rata se ne sjetim iz ratnih pobuna ili \u017eelje da nekog osudim, uperim prst na srpski narod, ve\u0107 me uhvati nostalgija za Jugoslavijom. Zapitam se do \u010dega su u tom trenutku do\u0161li ljudi. Svi. Ne zasebno. Jesam nai\u0161ao na osudu kada sam poslije svega toga do\u0161ao u Srbiju, ali meni je \u010dist obraz. Nikada ne\u0107u mrzeti Srbe.<\/p>\n<p>Alo.rs<\/p>\n","protected":false},"excerpt":{"rendered":"<p>Halid Muslimovi\u0107, jedan od najpopularnijih folk pjeva\u010da biv\u0161e Jugoslavije, u narodu poznatiji kao \u201eplavi \u010duperak\u201d, rijetko daje intervjue za srpske medije. Ipak, za \u201eAlo!\u201d je rije\u0161io da otvori du\u0161u i [&hellip;]<\/p>\n","protected":false},"author":1,"featured_media":0,"comment_status":"closed","ping_status":"open","sticky":false,"template":"","format":"standard","meta":{"_monsterinsights_skip_tracking":false,"_monsterinsights_sitenote_active":false,"_monsterinsights_sitenote_note":"","_monsterinsights_sitenote_category":0,"footnotes":""},"categories":[3],"tags":[2878],"yoast_head":"<!-- This site is optimized with the Yoast SEO plugin v21.6 - https:\/\/yoast.com\/wordpress\/plugins\/seo\/ -->\n<title>OTVORIO DU\u0160U: HALID MUSLIMOVI\u0106 PROGOVORIO O KOLEGAMA I SUJETI NA ESTRADI - PrijedorDanas.com - Prijedorski gradski portal<\/title>\n<meta name=\"robots\" content=\"index, follow, max-snippet:-1, max-image-preview:large, max-video-preview:-1\" \/>\n<link rel=\"canonical\" href=\"https:\/\/www.prijedordanas.com\/?p=102132\" \/>\n<meta property=\"og:locale\" content=\"en_US\" \/>\n<meta property=\"og:type\" content=\"article\" \/>\n<meta property=\"og:title\" content=\"OTVORIO DU\u0160U: HALID MUSLIMOVI\u0106 PROGOVORIO O KOLEGAMA I SUJETI NA ESTRADI - PrijedorDanas.com - Prijedorski gradski portal\" \/>\n<meta property=\"og:description\" content=\"Halid Muslimovi\u0107, jedan od najpopularnijih folk pjeva\u010da biv\u0161e Jugoslavije, u narodu poznatiji kao \u201eplavi \u010duperak\u201d, rijetko daje intervjue za srpske medije. Ipak, za \u201eAlo!\u201d je rije\u0161io da otvori du\u0161u i [&hellip;]\" \/>\n<meta property=\"og:url\" content=\"https:\/\/www.prijedordanas.com\/?p=102132\" \/>\n<meta property=\"og:site_name\" content=\"PrijedorDanas.com - Prijedorski gradski portal\" \/>\n<meta property=\"article:publisher\" content=\"https:\/\/www.facebook.com\/PrijedorDanasCom\/\" \/>\n<meta property=\"article:published_time\" content=\"2018-04-03T07:43:15+00:00\" \/>\n<meta property=\"og:image\" content=\"https:\/\/www.prijedordanas.com\/wp-content\/uploads\/2018\/04\/alo-halid-muslimovic-2-300x217.jpg\" \/>\n<meta name=\"author\" content=\"admin\" \/>\n<meta name=\"twitter:card\" content=\"summary_large_image\" \/>\n<meta name=\"twitter:label1\" content=\"Written by\" \/>\n\t<meta name=\"twitter:data1\" content=\"admin\" \/>\n\t<meta name=\"twitter:label2\" content=\"Est. reading time\" \/>\n\t<meta name=\"twitter:data2\" content=\"7 minutes\" \/>\n<script type=\"application\/ld+json\" class=\"yoast-schema-graph\">{\"@context\":\"https:\/\/schema.org\",\"@graph\":[{\"@type\":\"Article\",\"@id\":\"https:\/\/www.prijedordanas.com\/?p=102132#article\",\"isPartOf\":{\"@id\":\"https:\/\/www.prijedordanas.com\/?p=102132\"},\"author\":{\"name\":\"admin\",\"@id\":\"https:\/\/www.prijedordanas.com\/#\/schema\/person\/4e08ccf29b506ca916ff86d46bb700e6\"},\"headline\":\"OTVORIO DU\u0160U: HALID MUSLIMOVI\u0106 PROGOVORIO O KOLEGAMA I SUJETI NA ESTRADI\",\"datePublished\":\"2018-04-03T07:43:15+00:00\",\"dateModified\":\"2018-04-03T07:43:15+00:00\",\"mainEntityOfPage\":{\"@id\":\"https:\/\/www.prijedordanas.com\/?p=102132\"},\"wordCount\":1479,\"publisher\":{\"@id\":\"https:\/\/www.prijedordanas.com\/#organization\"},\"keywords\":[\"Halid Muslimovi\u0107\"],\"articleSection\":[\"\u017divot\"],\"inLanguage\":\"en-US\"},{\"@type\":\"WebPage\",\"@id\":\"https:\/\/www.prijedordanas.com\/?p=102132\",\"url\":\"https:\/\/www.prijedordanas.com\/?p=102132\",\"name\":\"OTVORIO DU\u0160U: HALID MUSLIMOVI\u0106 PROGOVORIO O KOLEGAMA I SUJETI NA ESTRADI - PrijedorDanas.com - Prijedorski gradski portal\",\"isPartOf\":{\"@id\":\"https:\/\/www.prijedordanas.com\/#website\"},\"datePublished\":\"2018-04-03T07:43:15+00:00\",\"dateModified\":\"2018-04-03T07:43:15+00:00\",\"breadcrumb\":{\"@id\":\"https:\/\/www.prijedordanas.com\/?p=102132#breadcrumb\"},\"inLanguage\":\"en-US\",\"potentialAction\":[{\"@type\":\"ReadAction\",\"target\":[\"https:\/\/www.prijedordanas.com\/?p=102132\"]}]},{\"@type\":\"BreadcrumbList\",\"@id\":\"https:\/\/www.prijedordanas.com\/?p=102132#breadcrumb\",\"itemListElement\":[{\"@type\":\"ListItem\",\"position\":1,\"name\":\"Home\",\"item\":\"https:\/\/www.prijedordanas.com\/\"},{\"@type\":\"ListItem\",\"position\":2,\"name\":\"OTVORIO DU\u0160U: HALID MUSLIMOVI\u0106 PROGOVORIO O KOLEGAMA I SUJETI NA ESTRADI\"}]},{\"@type\":\"WebSite\",\"@id\":\"https:\/\/www.prijedordanas.com\/#website\",\"url\":\"https:\/\/www.prijedordanas.com\/\",\"name\":\"PrijedorDanas.com - Prijedorski gradski portal\",\"description\":\"Portal o doga\u0111anjima u gradu Prijedoru\",\"publisher\":{\"@id\":\"https:\/\/www.prijedordanas.com\/#organization\"},\"potentialAction\":[{\"@type\":\"SearchAction\",\"target\":{\"@type\":\"EntryPoint\",\"urlTemplate\":\"https:\/\/www.prijedordanas.com\/?s={search_term_string}\"},\"query-input\":\"required name=search_term_string\"}],\"inLanguage\":\"en-US\"},{\"@type\":\"Organization\",\"@id\":\"https:\/\/www.prijedordanas.com\/#organization\",\"name\":\"PrijedorDanas.com\",\"url\":\"https:\/\/www.prijedordanas.com\/\",\"logo\":{\"@type\":\"ImageObject\",\"inLanguage\":\"en-US\",\"@id\":\"https:\/\/www.prijedordanas.com\/#\/schema\/logo\/image\/\",\"url\":\"http:\/\/www.prijedordanas.com\/wp-content\/uploads\/2021\/12\/logopng.png\",\"contentUrl\":\"http:\/\/www.prijedordanas.com\/wp-content\/uploads\/2021\/12\/logopng.png\",\"width\":1019,\"height\":776,\"caption\":\"PrijedorDanas.com\"},\"image\":{\"@id\":\"https:\/\/www.prijedordanas.com\/#\/schema\/logo\/image\/\"},\"sameAs\":[\"https:\/\/www.facebook.com\/PrijedorDanasCom\/\"]},{\"@type\":\"Person\",\"@id\":\"https:\/\/www.prijedordanas.com\/#\/schema\/person\/4e08ccf29b506ca916ff86d46bb700e6\",\"name\":\"admin\",\"image\":{\"@type\":\"ImageObject\",\"inLanguage\":\"en-US\",\"@id\":\"https:\/\/www.prijedordanas.com\/#\/schema\/person\/image\/\",\"url\":\"https:\/\/secure.gravatar.com\/avatar\/1d3fc949d550f0b53a5f0d51e06dfd79?s=96&d=mm&r=g\",\"contentUrl\":\"https:\/\/secure.gravatar.com\/avatar\/1d3fc949d550f0b53a5f0d51e06dfd79?s=96&d=mm&r=g\",\"caption\":\"admin\"},\"url\":\"https:\/\/www.prijedordanas.com\/?author=1\"}]}<\/script>\n<!-- \/ Yoast SEO plugin. -->","yoast_head_json":{"title":"OTVORIO DU\u0160U: HALID MUSLIMOVI\u0106 PROGOVORIO O KOLEGAMA I SUJETI NA ESTRADI - PrijedorDanas.com - Prijedorski gradski portal","robots":{"index":"index","follow":"follow","max-snippet":"max-snippet:-1","max-image-preview":"max-image-preview:large","max-video-preview":"max-video-preview:-1"},"canonical":"https:\/\/www.prijedordanas.com\/?p=102132","og_locale":"en_US","og_type":"article","og_title":"OTVORIO DU\u0160U: HALID MUSLIMOVI\u0106 PROGOVORIO O KOLEGAMA I SUJETI NA ESTRADI - PrijedorDanas.com - Prijedorski gradski portal","og_description":"Halid Muslimovi\u0107, jedan od najpopularnijih folk pjeva\u010da biv\u0161e Jugoslavije, u narodu poznatiji kao \u201eplavi \u010duperak\u201d, rijetko daje intervjue za srpske medije. Ipak, za \u201eAlo!\u201d je rije\u0161io da otvori du\u0161u i [&hellip;]","og_url":"https:\/\/www.prijedordanas.com\/?p=102132","og_site_name":"PrijedorDanas.com - Prijedorski gradski portal","article_publisher":"https:\/\/www.facebook.com\/PrijedorDanasCom\/","article_published_time":"2018-04-03T07:43:15+00:00","og_image":[{"url":"https:\/\/www.prijedordanas.com\/wp-content\/uploads\/2018\/04\/alo-halid-muslimovic-2-300x217.jpg"}],"author":"admin","twitter_card":"summary_large_image","twitter_misc":{"Written by":"admin","Est. reading time":"7 minutes"},"schema":{"@context":"https:\/\/schema.org","@graph":[{"@type":"Article","@id":"https:\/\/www.prijedordanas.com\/?p=102132#article","isPartOf":{"@id":"https:\/\/www.prijedordanas.com\/?p=102132"},"author":{"name":"admin","@id":"https:\/\/www.prijedordanas.com\/#\/schema\/person\/4e08ccf29b506ca916ff86d46bb700e6"},"headline":"OTVORIO DU\u0160U: HALID MUSLIMOVI\u0106 PROGOVORIO O KOLEGAMA I SUJETI NA ESTRADI","datePublished":"2018-04-03T07:43:15+00:00","dateModified":"2018-04-03T07:43:15+00:00","mainEntityOfPage":{"@id":"https:\/\/www.prijedordanas.com\/?p=102132"},"wordCount":1479,"publisher":{"@id":"https:\/\/www.prijedordanas.com\/#organization"},"keywords":["Halid Muslimovi\u0107"],"articleSection":["\u017divot"],"inLanguage":"en-US"},{"@type":"WebPage","@id":"https:\/\/www.prijedordanas.com\/?p=102132","url":"https:\/\/www.prijedordanas.com\/?p=102132","name":"OTVORIO DU\u0160U: HALID MUSLIMOVI\u0106 PROGOVORIO O KOLEGAMA I SUJETI NA ESTRADI - PrijedorDanas.com - Prijedorski gradski portal","isPartOf":{"@id":"https:\/\/www.prijedordanas.com\/#website"},"datePublished":"2018-04-03T07:43:15+00:00","dateModified":"2018-04-03T07:43:15+00:00","breadcrumb":{"@id":"https:\/\/www.prijedordanas.com\/?p=102132#breadcrumb"},"inLanguage":"en-US","potentialAction":[{"@type":"ReadAction","target":["https:\/\/www.prijedordanas.com\/?p=102132"]}]},{"@type":"BreadcrumbList","@id":"https:\/\/www.prijedordanas.com\/?p=102132#breadcrumb","itemListElement":[{"@type":"ListItem","position":1,"name":"Home","item":"https:\/\/www.prijedordanas.com\/"},{"@type":"ListItem","position":2,"name":"OTVORIO DU\u0160U: HALID MUSLIMOVI\u0106 PROGOVORIO O KOLEGAMA I SUJETI NA ESTRADI"}]},{"@type":"WebSite","@id":"https:\/\/www.prijedordanas.com\/#website","url":"https:\/\/www.prijedordanas.com\/","name":"PrijedorDanas.com - Prijedorski gradski portal","description":"Portal o doga\u0111anjima u gradu Prijedoru","publisher":{"@id":"https:\/\/www.prijedordanas.com\/#organization"},"potentialAction":[{"@type":"SearchAction","target":{"@type":"EntryPoint","urlTemplate":"https:\/\/www.prijedordanas.com\/?s={search_term_string}"},"query-input":"required name=search_term_string"}],"inLanguage":"en-US"},{"@type":"Organization","@id":"https:\/\/www.prijedordanas.com\/#organization","name":"PrijedorDanas.com","url":"https:\/\/www.prijedordanas.com\/","logo":{"@type":"ImageObject","inLanguage":"en-US","@id":"https:\/\/www.prijedordanas.com\/#\/schema\/logo\/image\/","url":"http:\/\/www.prijedordanas.com\/wp-content\/uploads\/2021\/12\/logopng.png","contentUrl":"http:\/\/www.prijedordanas.com\/wp-content\/uploads\/2021\/12\/logopng.png","width":1019,"height":776,"caption":"PrijedorDanas.com"},"image":{"@id":"https:\/\/www.prijedordanas.com\/#\/schema\/logo\/image\/"},"sameAs":["https:\/\/www.facebook.com\/PrijedorDanasCom\/"]},{"@type":"Person","@id":"https:\/\/www.prijedordanas.com\/#\/schema\/person\/4e08ccf29b506ca916ff86d46bb700e6","name":"admin","image":{"@type":"ImageObject","inLanguage":"en-US","@id":"https:\/\/www.prijedordanas.com\/#\/schema\/person\/image\/","url":"https:\/\/secure.gravatar.com\/avatar\/1d3fc949d550f0b53a5f0d51e06dfd79?s=96&d=mm&r=g","contentUrl":"https:\/\/secure.gravatar.com\/avatar\/1d3fc949d550f0b53a5f0d51e06dfd79?s=96&d=mm&r=g","caption":"admin"},"url":"https:\/\/www.prijedordanas.com\/?author=1"}]}},"_links":{"self":[{"href":"https:\/\/www.prijedordanas.com\/index.php?rest_route=\/wp\/v2\/posts\/102132"}],"collection":[{"href":"https:\/\/www.prijedordanas.com\/index.php?rest_route=\/wp\/v2\/posts"}],"about":[{"href":"https:\/\/www.prijedordanas.com\/index.php?rest_route=\/wp\/v2\/types\/post"}],"author":[{"embeddable":true,"href":"https:\/\/www.prijedordanas.com\/index.php?rest_route=\/wp\/v2\/users\/1"}],"replies":[{"embeddable":true,"href":"https:\/\/www.prijedordanas.com\/index.php?rest_route=%2Fwp%2Fv2%2Fcomments&post=102132"}],"version-history":[{"count":1,"href":"https:\/\/www.prijedordanas.com\/index.php?rest_route=\/wp\/v2\/posts\/102132\/revisions"}],"predecessor-version":[{"id":102136,"href":"https:\/\/www.prijedordanas.com\/index.php?rest_route=\/wp\/v2\/posts\/102132\/revisions\/102136"}],"wp:attachment":[{"href":"https:\/\/www.prijedordanas.com\/index.php?rest_route=%2Fwp%2Fv2%2Fmedia&parent=102132"}],"wp:term":[{"taxonomy":"category","embeddable":true,"href":"https:\/\/www.prijedordanas.com\/index.php?rest_route=%2Fwp%2Fv2%2Fcategories&post=102132"},{"taxonomy":"post_tag","embeddable":true,"href":"https:\/\/www.prijedordanas.com\/index.php?rest_route=%2Fwp%2Fv2%2Ftags&post=102132"}],"curies":[{"name":"wp","href":"https:\/\/api.w.org\/{rel}","templated":true}]}}