{"id":101968,"date":"2018-03-31T15:28:34","date_gmt":"2018-03-31T13:28:34","guid":{"rendered":"https:\/\/www.prijedordanas.com\/?p=101968"},"modified":"2018-03-31T15:28:34","modified_gmt":"2018-03-31T13:28:34","slug":"misteriozni-zlocin-15-godina-progoni-prijedorske-istrazitelje-ubica-koji-je-izmasakrirao-zenu-i-dalje-na-slobodi","status":"publish","type":"post","link":"https:\/\/www.prijedordanas.com\/?p=101968","title":{"rendered":"MISTERIOZNI ZLO\u010cIN 15 GODINA PROGONI PRIJEDORSKE ISTRA\u017dITELJE: UBICA KOJI JE IZMASAKRIRAO \u017dENU I DALJE NA SLOBODI"},"content":{"rendered":"<p><a href=\"https:\/\/www.prijedordanas.com\/wp-content\/uploads\/2018\/03\/avaz-jerina-bilbija-ubistvo-1.jpg\"><img loading=\"lazy\" decoding=\"async\" src=\"https:\/\/www.prijedordanas.com\/wp-content\/uploads\/2018\/03\/avaz-jerina-bilbija-ubistvo-1-300x281.jpg\" alt=\"\" width=\"300\" height=\"281\" class=\"alignleft size-medium wp-image-101969\" srcset=\"https:\/\/www.prijedordanas.com\/wp-content\/uploads\/2018\/03\/avaz-jerina-bilbija-ubistvo-1-300x281.jpg 300w, https:\/\/www.prijedordanas.com\/wp-content\/uploads\/2018\/03\/avaz-jerina-bilbija-ubistvo-1-100x94.jpg 100w, https:\/\/www.prijedordanas.com\/wp-content\/uploads\/2018\/03\/avaz-jerina-bilbija-ubistvo-1.jpg 533w\" sizes=\"(max-width: 300px) 100vw, 300px\" \/><\/a>Nepunih 15 godina pro\u0161lo je od ubistva Jerine Bilbije (54), mje\u0161tanke Tukova kod Prijedora koju su u tro\u0161noj porodi\u010dnoj ku\u0107i u kojoj je \u017eivjela sama 21. marta 2003. godine mrtvu prona\u0161le kom\u0161ije. <\/p>\n<p>U Policijskoj upravi Prijedor potvr\u0111eno nam je da slu\u010daj nije rije\u0161en, ali da se na njemu, uprkos &#8220;hladnim&#8221; tragovima, i dalje intenzivno radi. <\/p>\n<p>Izljev krvi <\/p>\n<p>-U potrazi za ubicom ili ubicama obavljeno je vi\u0161e informativnih razgovora, pretresa na vi\u0161e lokacija, izuzeti su razli\u010diti tragovi s lica mjesta, ura\u0111eno je i DNK vje\u0161ta\u010denje u Tuzli, a potom i u Beogradu. Koliko znam, izvr\u0161ena su i tri tjelesna pregleda, nekoliko poligrafskih testiranja, ali ubica ili ubice nisu prona\u0111eni &#8211; poja\u0161njava za na\u0161 list izvor blizak ovoj istrazi.<\/p>\n<p>Na unaka\u017eenom tijelu ubijene, glavi, licu, vratu i butinama tada su otkriveni brojni tragovi nasilja i fizi\u010dkog zlostavljanja, a nalaz obdukcije pokazao je da je nesretna \u017eena preminula od izljeva krvi u mozak koje su izazvali brojni udarci u glavu. <\/p>\n<p>Zbog modrica i podljeva na unutra\u0161njem dijelu butina u po\u010detku se sumnjalo da je Jerina i silovana. Me\u0111utim, kasnije je DNK vje\u0161ta\u010denjem utvr\u0111eno da nije. <\/p>\n<p><a href=\"https:\/\/www.prijedordanas.com\/wp-content\/uploads\/2018\/03\/avaz-jerina-bilbija-ubistvo-2.jpg\"><img loading=\"lazy\" decoding=\"async\" src=\"https:\/\/www.prijedordanas.com\/wp-content\/uploads\/2018\/03\/avaz-jerina-bilbija-ubistvo-2-300x217.jpg\" alt=\"\" width=\"300\" height=\"217\" class=\"alignleft size-medium wp-image-101970\" srcset=\"https:\/\/www.prijedordanas.com\/wp-content\/uploads\/2018\/03\/avaz-jerina-bilbija-ubistvo-2-300x217.jpg 300w, https:\/\/www.prijedordanas.com\/wp-content\/uploads\/2018\/03\/avaz-jerina-bilbija-ubistvo-2-100x72.jpg 100w, https:\/\/www.prijedordanas.com\/wp-content\/uploads\/2018\/03\/avaz-jerina-bilbija-ubistvo-2.jpg 690w\" sizes=\"(max-width: 300px) 100vw, 300px\" \/><\/a>Vrijeme smrti <\/p>\n<p>Motiv ubistva u ovom slu\u010daju je i najve\u0107a nepoznanica. Koristoljublje je isklju\u010deno tokom istrage, jer je rije\u010d o \u017eeni koja je \u017eivjela od tu\u0111e i pomo\u0107i Centra za socijalni rad. Istraga je, tako\u0111e pokazala da je Jerina, osim \u0161to je \u017eivjela skromno, imala i odre\u0111enih psihi\u010dkih problema.<\/p>\n<p>Prazna ku\u0107a <\/p>\n<p>Ve\u0107ina mje\u0161tana koji su poznavali Bilbiju bila je jednoglasna u ocjeni da je rije\u010d o psihi\u010dki te\u0161ko bolesnoj \u017eeni, tako da niko od njih nije mogao ni naslutiti motiv zbog kojeg je ubijena. Ku\u0107a u kojoj je ubijena Jerina Bilbija u Tukovima, pored rijeke Sane, i danas je prazna, zarasla u travu i korov i mje\u0161tani je zaobilaze. <\/p>\n<p>Ni\u0161ta sumnjivo u to vrijeme nisu primijetile ni njene kom\u0161ije, a nepoznanicaje ostalo i ta\u010dno vrijeme njene smrti. Tako je za odrednicu uzet dan kada je posljednji put videna \u017eiva, 17. mart, odnosno dan kada je prona\u0111ena mrtva.<\/p>\n<p>Dnevni avaz<\/p>\n","protected":false},"excerpt":{"rendered":"<p>Nepunih 15 godina pro\u0161lo je od ubistva Jerine Bilbije (54), mje\u0161tanke Tukova kod Prijedora koju su u tro\u0161noj porodi\u010dnoj ku\u0107i u kojoj je \u017eivjela sama 21. marta 2003. godine mrtvu [&hellip;]<\/p>\n","protected":false},"author":1,"featured_media":0,"comment_status":"closed","ping_status":"open","sticky":false,"template":"","format":"standard","meta":{"_monsterinsights_skip_tracking":false,"_monsterinsights_sitenote_active":false,"_monsterinsights_sitenote_note":"","_monsterinsights_sitenote_category":0,"footnotes":""},"categories":[5],"tags":[2031],"yoast_head":"<!-- This site is optimized with the Yoast SEO plugin v21.6 - https:\/\/yoast.com\/wordpress\/plugins\/seo\/ -->\n<title>MISTERIOZNI ZLO\u010cIN 15 GODINA PROGONI PRIJEDORSKE ISTRA\u017dITELJE: UBICA KOJI JE IZMASAKRIRAO \u017dENU I DALJE NA SLOBODI - PrijedorDanas.com - Prijedorski gradski portal<\/title>\n<meta name=\"robots\" content=\"index, follow, max-snippet:-1, max-image-preview:large, max-video-preview:-1\" \/>\n<link rel=\"canonical\" href=\"https:\/\/www.prijedordanas.com\/?p=101968\" \/>\n<meta property=\"og:locale\" content=\"en_US\" \/>\n<meta property=\"og:type\" content=\"article\" \/>\n<meta property=\"og:title\" content=\"MISTERIOZNI ZLO\u010cIN 15 GODINA PROGONI PRIJEDORSKE ISTRA\u017dITELJE: UBICA KOJI JE IZMASAKRIRAO \u017dENU I DALJE NA SLOBODI - PrijedorDanas.com - Prijedorski gradski portal\" \/>\n<meta property=\"og:description\" content=\"Nepunih 15 godina pro\u0161lo je od ubistva Jerine Bilbije (54), mje\u0161tanke Tukova kod Prijedora koju su u tro\u0161noj porodi\u010dnoj ku\u0107i u kojoj je \u017eivjela sama 21. marta 2003. godine mrtvu [&hellip;]\" \/>\n<meta property=\"og:url\" content=\"https:\/\/www.prijedordanas.com\/?p=101968\" \/>\n<meta property=\"og:site_name\" content=\"PrijedorDanas.com - Prijedorski gradski portal\" \/>\n<meta property=\"article:publisher\" content=\"https:\/\/www.facebook.com\/PrijedorDanasCom\/\" \/>\n<meta property=\"article:published_time\" content=\"2018-03-31T13:28:34+00:00\" \/>\n<meta property=\"og:image\" content=\"https:\/\/www.prijedordanas.com\/wp-content\/uploads\/2018\/03\/avaz-jerina-bilbija-ubistvo-1-300x281.jpg\" \/>\n<meta name=\"author\" content=\"admin\" \/>\n<meta name=\"twitter:card\" content=\"summary_large_image\" \/>\n<meta name=\"twitter:label1\" content=\"Written by\" \/>\n\t<meta name=\"twitter:data1\" content=\"admin\" \/>\n\t<meta name=\"twitter:label2\" content=\"Est. reading time\" \/>\n\t<meta name=\"twitter:data2\" content=\"2 minutes\" \/>\n<script type=\"application\/ld+json\" class=\"yoast-schema-graph\">{\"@context\":\"https:\/\/schema.org\",\"@graph\":[{\"@type\":\"Article\",\"@id\":\"https:\/\/www.prijedordanas.com\/?p=101968#article\",\"isPartOf\":{\"@id\":\"https:\/\/www.prijedordanas.com\/?p=101968\"},\"author\":{\"name\":\"admin\",\"@id\":\"https:\/\/www.prijedordanas.com\/#\/schema\/person\/4e08ccf29b506ca916ff86d46bb700e6\"},\"headline\":\"MISTERIOZNI ZLO\u010cIN 15 GODINA PROGONI PRIJEDORSKE ISTRA\u017dITELJE: UBICA KOJI JE IZMASAKRIRAO \u017dENU I DALJE NA SLOBODI\",\"datePublished\":\"2018-03-31T13:28:34+00:00\",\"dateModified\":\"2018-03-31T13:28:34+00:00\",\"mainEntityOfPage\":{\"@id\":\"https:\/\/www.prijedordanas.com\/?p=101968\"},\"wordCount\":389,\"publisher\":{\"@id\":\"https:\/\/www.prijedordanas.com\/#organization\"},\"keywords\":[\"zlo\u010din\"],\"articleSection\":[\"Hronika\"],\"inLanguage\":\"en-US\"},{\"@type\":\"WebPage\",\"@id\":\"https:\/\/www.prijedordanas.com\/?p=101968\",\"url\":\"https:\/\/www.prijedordanas.com\/?p=101968\",\"name\":\"MISTERIOZNI ZLO\u010cIN 15 GODINA PROGONI PRIJEDORSKE ISTRA\u017dITELJE: UBICA KOJI JE IZMASAKRIRAO \u017dENU I DALJE NA SLOBODI - PrijedorDanas.com - Prijedorski gradski portal\",\"isPartOf\":{\"@id\":\"https:\/\/www.prijedordanas.com\/#website\"},\"datePublished\":\"2018-03-31T13:28:34+00:00\",\"dateModified\":\"2018-03-31T13:28:34+00:00\",\"breadcrumb\":{\"@id\":\"https:\/\/www.prijedordanas.com\/?p=101968#breadcrumb\"},\"inLanguage\":\"en-US\",\"potentialAction\":[{\"@type\":\"ReadAction\",\"target\":[\"https:\/\/www.prijedordanas.com\/?p=101968\"]}]},{\"@type\":\"BreadcrumbList\",\"@id\":\"https:\/\/www.prijedordanas.com\/?p=101968#breadcrumb\",\"itemListElement\":[{\"@type\":\"ListItem\",\"position\":1,\"name\":\"Home\",\"item\":\"https:\/\/www.prijedordanas.com\/\"},{\"@type\":\"ListItem\",\"position\":2,\"name\":\"MISTERIOZNI ZLO\u010cIN 15 GODINA PROGONI PRIJEDORSKE ISTRA\u017dITELJE: UBICA KOJI JE IZMASAKRIRAO \u017dENU I DALJE NA SLOBODI\"}]},{\"@type\":\"WebSite\",\"@id\":\"https:\/\/www.prijedordanas.com\/#website\",\"url\":\"https:\/\/www.prijedordanas.com\/\",\"name\":\"PrijedorDanas.com - Prijedorski gradski portal\",\"description\":\"Portal o doga\u0111anjima u gradu Prijedoru\",\"publisher\":{\"@id\":\"https:\/\/www.prijedordanas.com\/#organization\"},\"potentialAction\":[{\"@type\":\"SearchAction\",\"target\":{\"@type\":\"EntryPoint\",\"urlTemplate\":\"https:\/\/www.prijedordanas.com\/?s={search_term_string}\"},\"query-input\":\"required name=search_term_string\"}],\"inLanguage\":\"en-US\"},{\"@type\":\"Organization\",\"@id\":\"https:\/\/www.prijedordanas.com\/#organization\",\"name\":\"PrijedorDanas.com\",\"url\":\"https:\/\/www.prijedordanas.com\/\",\"logo\":{\"@type\":\"ImageObject\",\"inLanguage\":\"en-US\",\"@id\":\"https:\/\/www.prijedordanas.com\/#\/schema\/logo\/image\/\",\"url\":\"http:\/\/www.prijedordanas.com\/wp-content\/uploads\/2021\/12\/logopng.png\",\"contentUrl\":\"http:\/\/www.prijedordanas.com\/wp-content\/uploads\/2021\/12\/logopng.png\",\"width\":1019,\"height\":776,\"caption\":\"PrijedorDanas.com\"},\"image\":{\"@id\":\"https:\/\/www.prijedordanas.com\/#\/schema\/logo\/image\/\"},\"sameAs\":[\"https:\/\/www.facebook.com\/PrijedorDanasCom\/\"]},{\"@type\":\"Person\",\"@id\":\"https:\/\/www.prijedordanas.com\/#\/schema\/person\/4e08ccf29b506ca916ff86d46bb700e6\",\"name\":\"admin\",\"image\":{\"@type\":\"ImageObject\",\"inLanguage\":\"en-US\",\"@id\":\"https:\/\/www.prijedordanas.com\/#\/schema\/person\/image\/\",\"url\":\"https:\/\/secure.gravatar.com\/avatar\/1d3fc949d550f0b53a5f0d51e06dfd79?s=96&d=mm&r=g\",\"contentUrl\":\"https:\/\/secure.gravatar.com\/avatar\/1d3fc949d550f0b53a5f0d51e06dfd79?s=96&d=mm&r=g\",\"caption\":\"admin\"},\"url\":\"https:\/\/www.prijedordanas.com\/?author=1\"}]}<\/script>\n<!-- \/ Yoast SEO plugin. -->","yoast_head_json":{"title":"MISTERIOZNI ZLO\u010cIN 15 GODINA PROGONI PRIJEDORSKE ISTRA\u017dITELJE: UBICA KOJI JE IZMASAKRIRAO \u017dENU I DALJE NA SLOBODI - PrijedorDanas.com - Prijedorski gradski portal","robots":{"index":"index","follow":"follow","max-snippet":"max-snippet:-1","max-image-preview":"max-image-preview:large","max-video-preview":"max-video-preview:-1"},"canonical":"https:\/\/www.prijedordanas.com\/?p=101968","og_locale":"en_US","og_type":"article","og_title":"MISTERIOZNI ZLO\u010cIN 15 GODINA PROGONI PRIJEDORSKE ISTRA\u017dITELJE: UBICA KOJI JE IZMASAKRIRAO \u017dENU I DALJE NA SLOBODI - PrijedorDanas.com - Prijedorski gradski portal","og_description":"Nepunih 15 godina pro\u0161lo je od ubistva Jerine Bilbije (54), mje\u0161tanke Tukova kod Prijedora koju su u tro\u0161noj porodi\u010dnoj ku\u0107i u kojoj je \u017eivjela sama 21. marta 2003. godine mrtvu [&hellip;]","og_url":"https:\/\/www.prijedordanas.com\/?p=101968","og_site_name":"PrijedorDanas.com - Prijedorski gradski portal","article_publisher":"https:\/\/www.facebook.com\/PrijedorDanasCom\/","article_published_time":"2018-03-31T13:28:34+00:00","og_image":[{"url":"https:\/\/www.prijedordanas.com\/wp-content\/uploads\/2018\/03\/avaz-jerina-bilbija-ubistvo-1-300x281.jpg"}],"author":"admin","twitter_card":"summary_large_image","twitter_misc":{"Written by":"admin","Est. reading time":"2 minutes"},"schema":{"@context":"https:\/\/schema.org","@graph":[{"@type":"Article","@id":"https:\/\/www.prijedordanas.com\/?p=101968#article","isPartOf":{"@id":"https:\/\/www.prijedordanas.com\/?p=101968"},"author":{"name":"admin","@id":"https:\/\/www.prijedordanas.com\/#\/schema\/person\/4e08ccf29b506ca916ff86d46bb700e6"},"headline":"MISTERIOZNI ZLO\u010cIN 15 GODINA PROGONI PRIJEDORSKE ISTRA\u017dITELJE: UBICA KOJI JE IZMASAKRIRAO \u017dENU I DALJE NA SLOBODI","datePublished":"2018-03-31T13:28:34+00:00","dateModified":"2018-03-31T13:28:34+00:00","mainEntityOfPage":{"@id":"https:\/\/www.prijedordanas.com\/?p=101968"},"wordCount":389,"publisher":{"@id":"https:\/\/www.prijedordanas.com\/#organization"},"keywords":["zlo\u010din"],"articleSection":["Hronika"],"inLanguage":"en-US"},{"@type":"WebPage","@id":"https:\/\/www.prijedordanas.com\/?p=101968","url":"https:\/\/www.prijedordanas.com\/?p=101968","name":"MISTERIOZNI ZLO\u010cIN 15 GODINA PROGONI PRIJEDORSKE ISTRA\u017dITELJE: UBICA KOJI JE IZMASAKRIRAO \u017dENU I DALJE NA SLOBODI - PrijedorDanas.com - Prijedorski gradski portal","isPartOf":{"@id":"https:\/\/www.prijedordanas.com\/#website"},"datePublished":"2018-03-31T13:28:34+00:00","dateModified":"2018-03-31T13:28:34+00:00","breadcrumb":{"@id":"https:\/\/www.prijedordanas.com\/?p=101968#breadcrumb"},"inLanguage":"en-US","potentialAction":[{"@type":"ReadAction","target":["https:\/\/www.prijedordanas.com\/?p=101968"]}]},{"@type":"BreadcrumbList","@id":"https:\/\/www.prijedordanas.com\/?p=101968#breadcrumb","itemListElement":[{"@type":"ListItem","position":1,"name":"Home","item":"https:\/\/www.prijedordanas.com\/"},{"@type":"ListItem","position":2,"name":"MISTERIOZNI ZLO\u010cIN 15 GODINA PROGONI PRIJEDORSKE ISTRA\u017dITELJE: UBICA KOJI JE IZMASAKRIRAO \u017dENU I DALJE NA SLOBODI"}]},{"@type":"WebSite","@id":"https:\/\/www.prijedordanas.com\/#website","url":"https:\/\/www.prijedordanas.com\/","name":"PrijedorDanas.com - Prijedorski gradski portal","description":"Portal o doga\u0111anjima u gradu Prijedoru","publisher":{"@id":"https:\/\/www.prijedordanas.com\/#organization"},"potentialAction":[{"@type":"SearchAction","target":{"@type":"EntryPoint","urlTemplate":"https:\/\/www.prijedordanas.com\/?s={search_term_string}"},"query-input":"required name=search_term_string"}],"inLanguage":"en-US"},{"@type":"Organization","@id":"https:\/\/www.prijedordanas.com\/#organization","name":"PrijedorDanas.com","url":"https:\/\/www.prijedordanas.com\/","logo":{"@type":"ImageObject","inLanguage":"en-US","@id":"https:\/\/www.prijedordanas.com\/#\/schema\/logo\/image\/","url":"http:\/\/www.prijedordanas.com\/wp-content\/uploads\/2021\/12\/logopng.png","contentUrl":"http:\/\/www.prijedordanas.com\/wp-content\/uploads\/2021\/12\/logopng.png","width":1019,"height":776,"caption":"PrijedorDanas.com"},"image":{"@id":"https:\/\/www.prijedordanas.com\/#\/schema\/logo\/image\/"},"sameAs":["https:\/\/www.facebook.com\/PrijedorDanasCom\/"]},{"@type":"Person","@id":"https:\/\/www.prijedordanas.com\/#\/schema\/person\/4e08ccf29b506ca916ff86d46bb700e6","name":"admin","image":{"@type":"ImageObject","inLanguage":"en-US","@id":"https:\/\/www.prijedordanas.com\/#\/schema\/person\/image\/","url":"https:\/\/secure.gravatar.com\/avatar\/1d3fc949d550f0b53a5f0d51e06dfd79?s=96&d=mm&r=g","contentUrl":"https:\/\/secure.gravatar.com\/avatar\/1d3fc949d550f0b53a5f0d51e06dfd79?s=96&d=mm&r=g","caption":"admin"},"url":"https:\/\/www.prijedordanas.com\/?author=1"}]}},"_links":{"self":[{"href":"https:\/\/www.prijedordanas.com\/index.php?rest_route=\/wp\/v2\/posts\/101968"}],"collection":[{"href":"https:\/\/www.prijedordanas.com\/index.php?rest_route=\/wp\/v2\/posts"}],"about":[{"href":"https:\/\/www.prijedordanas.com\/index.php?rest_route=\/wp\/v2\/types\/post"}],"author":[{"embeddable":true,"href":"https:\/\/www.prijedordanas.com\/index.php?rest_route=\/wp\/v2\/users\/1"}],"replies":[{"embeddable":true,"href":"https:\/\/www.prijedordanas.com\/index.php?rest_route=%2Fwp%2Fv2%2Fcomments&post=101968"}],"version-history":[{"count":1,"href":"https:\/\/www.prijedordanas.com\/index.php?rest_route=\/wp\/v2\/posts\/101968\/revisions"}],"predecessor-version":[{"id":101971,"href":"https:\/\/www.prijedordanas.com\/index.php?rest_route=\/wp\/v2\/posts\/101968\/revisions\/101971"}],"wp:attachment":[{"href":"https:\/\/www.prijedordanas.com\/index.php?rest_route=%2Fwp%2Fv2%2Fmedia&parent=101968"}],"wp:term":[{"taxonomy":"category","embeddable":true,"href":"https:\/\/www.prijedordanas.com\/index.php?rest_route=%2Fwp%2Fv2%2Fcategories&post=101968"},{"taxonomy":"post_tag","embeddable":true,"href":"https:\/\/www.prijedordanas.com\/index.php?rest_route=%2Fwp%2Fv2%2Ftags&post=101968"}],"curies":[{"name":"wp","href":"https:\/\/api.w.org\/{rel}","templated":true}]}}