{"id":101774,"date":"2018-03-29T16:04:48","date_gmt":"2018-03-29T14:04:48","guid":{"rendered":"https:\/\/www.prijedordanas.com\/?p=101774"},"modified":"2018-03-29T16:04:48","modified_gmt":"2018-03-29T14:04:48","slug":"projekat-saradnje-gimnazije-sveti-sava-prijedor-i-gimnazije-galilei-iz-trenta-foto","status":"publish","type":"post","link":"https:\/\/www.prijedordanas.com\/?p=101774","title":{"rendered":"PROJEKAT SARADNJE GIMNAZIJE \u201eSVETI SAVA\u201c PRIJEDOR I GIMNAZIJE \u201eGALILEI\u201c IZ TRENTA \u2013 FOTO"},"content":{"rendered":"<p><a href=\"https:\/\/www.prijedordanas.com\/wp-content\/uploads\/2018\/03\/gimnazija-sveti-sava-posjeta-gimnazije-trento-1.jpg\"><img loading=\"lazy\" decoding=\"async\" class=\"alignleft size-medium wp-image-101761\" src=\"https:\/\/www.prijedordanas.com\/wp-content\/uploads\/2018\/03\/gimnazija-sveti-sava-posjeta-gimnazije-trento-1-300x217.jpg\" alt=\"\" width=\"300\" height=\"217\" srcset=\"https:\/\/www.prijedordanas.com\/wp-content\/uploads\/2018\/03\/gimnazija-sveti-sava-posjeta-gimnazije-trento-1-300x217.jpg 300w, https:\/\/www.prijedordanas.com\/wp-content\/uploads\/2018\/03\/gimnazija-sveti-sava-posjeta-gimnazije-trento-1-100x72.jpg 100w, https:\/\/www.prijedordanas.com\/wp-content\/uploads\/2018\/03\/gimnazija-sveti-sava-posjeta-gimnazije-trento-1.jpg 690w\" sizes=\"(max-width: 300px) 100vw, 300px\" \/><\/a>U vremenskom periodu od 21. do 23.marta ove godine Gimnaziju \u201eSveti Sava\u201c Prijedor posjetili su u\u010denici i profesori Gimnazije \u201eGalilei\u201c iz Trenta.<\/p>\n<p>Radni naziv posjete bio je \u201eMislim i igram se naukom\u201c.<\/p>\n<p>Prvog dana boravka u na\u0161em gradu, doma\u0107ini su priredili dramsko-muzi\u010dki program i upoznali gimnazijalce iz Trenta sa istorijatom i radom prijedorske \u0161kole.<\/p>\n<p>Potom su u\u010denici iz Trenta odr\u017eali radionice iz fizike i logike.<\/p>\n<p>Drugog dana su nastavljene aktivnosti, uporednim radom tri grupe.<\/p>\n<p>Radionice iz fizike i zlatnog presjeka, prezentacije dru\u0161tveno \u2013istorijskog zna\u010daja Trenta i pokrajine Trentino, grada Prijedora i planine Kozara sa posebnim osvrtom na doga\u0111aje iz Drugog svjetskog rata i njihovu refleksiju na \u010ditavu Prijedorsku regiju.<\/p>\n<p><a href=\"https:\/\/www.prijedordanas.com\/wp-content\/uploads\/2018\/03\/gimnazija-sveti-sava-posjeta-gimnazije-trento-2.jpg\"><img loading=\"lazy\" decoding=\"async\" class=\"alignleft size-medium wp-image-101763\" src=\"https:\/\/www.prijedordanas.com\/wp-content\/uploads\/2018\/03\/gimnazija-sveti-sava-posjeta-gimnazije-trento-2-300x217.jpg\" alt=\"\" width=\"300\" height=\"217\" srcset=\"https:\/\/www.prijedordanas.com\/wp-content\/uploads\/2018\/03\/gimnazija-sveti-sava-posjeta-gimnazije-trento-2-300x217.jpg 300w, https:\/\/www.prijedordanas.com\/wp-content\/uploads\/2018\/03\/gimnazija-sveti-sava-posjeta-gimnazije-trento-2-100x72.jpg 100w, https:\/\/www.prijedordanas.com\/wp-content\/uploads\/2018\/03\/gimnazija-sveti-sava-posjeta-gimnazije-trento-2.jpg 690w\" sizes=\"(max-width: 300px) 100vw, 300px\" \/><\/a>Aktivnosti drugog dana su nastavljene posjetom Nacionalnom parku Mrakovica.<\/p>\n<p>Tre\u0107eg dana su u\u010denici obje gimnazije zajedno prezentovali eksperimente iz fizike i igre iz logike, u\u010denicima osmog i devetog razreda Osnovne \u0161kole \u201eBranko \u0106opi\u0107\u201c iz Prijedora.<\/p>\n<p>Projekat je uspje\u0161no realizovan a svi u\u010desnici ove posjete su izuzetno zadovoljni dru\u017eenjem, radom i postignutim zajedni\u010dkim rezultatima.<\/p>\n<p>U organizaciji i realizaciji su u\u010destvovali profesorice Svjetlana Ron\u010devi\u0107, Aleksandra Zec i Dragana Janjetovi\u0107.<\/p>\n<p>Projekat se nastavlja u mjesecu oktobru, uzvratnom posjetom.<\/p>\n<p>Gimnazija \u201eSveti Sava\u201c Prijedor<\/p>\n<p><a href=\"https:\/\/www.prijedordanas.com\/wp-content\/uploads\/2018\/03\/gimnazija-sveti-sava-posjeta-gimnazije-trento-3.jpg\"><img loading=\"lazy\" decoding=\"async\" src=\"https:\/\/www.prijedordanas.com\/wp-content\/uploads\/2018\/03\/gimnazija-sveti-sava-posjeta-gimnazije-trento-3-300x217.jpg\" alt=\"\" width=\"300\" height=\"217\" class=\"alignleft size-medium wp-image-101764\" srcset=\"https:\/\/www.prijedordanas.com\/wp-content\/uploads\/2018\/03\/gimnazija-sveti-sava-posjeta-gimnazije-trento-3-300x217.jpg 300w, https:\/\/www.prijedordanas.com\/wp-content\/uploads\/2018\/03\/gimnazija-sveti-sava-posjeta-gimnazije-trento-3-100x72.jpg 100w, https:\/\/www.prijedordanas.com\/wp-content\/uploads\/2018\/03\/gimnazija-sveti-sava-posjeta-gimnazije-trento-3.jpg 690w\" sizes=\"(max-width: 300px) 100vw, 300px\" \/><\/a> <a href=\"https:\/\/www.prijedordanas.com\/wp-content\/uploads\/2018\/03\/gimnazija-sveti-sava-posjeta-gimnazije-trento-4.jpg\"><img loading=\"lazy\" decoding=\"async\" src=\"https:\/\/www.prijedordanas.com\/wp-content\/uploads\/2018\/03\/gimnazija-sveti-sava-posjeta-gimnazije-trento-4-300x217.jpg\" alt=\"\" width=\"300\" height=\"217\" class=\"alignleft size-medium wp-image-101765\" srcset=\"https:\/\/www.prijedordanas.com\/wp-content\/uploads\/2018\/03\/gimnazija-sveti-sava-posjeta-gimnazije-trento-4-300x217.jpg 300w, https:\/\/www.prijedordanas.com\/wp-content\/uploads\/2018\/03\/gimnazija-sveti-sava-posjeta-gimnazije-trento-4-100x72.jpg 100w, https:\/\/www.prijedordanas.com\/wp-content\/uploads\/2018\/03\/gimnazija-sveti-sava-posjeta-gimnazije-trento-4.jpg 690w\" sizes=\"(max-width: 300px) 100vw, 300px\" \/><\/a> <a href=\"https:\/\/www.prijedordanas.com\/wp-content\/uploads\/2018\/03\/gimnazija-sveti-sava-posjeta-gimnazije-trento-11.jpg\"><img loading=\"lazy\" decoding=\"async\" src=\"https:\/\/www.prijedordanas.com\/wp-content\/uploads\/2018\/03\/gimnazija-sveti-sava-posjeta-gimnazije-trento-11-300x217.jpg\" alt=\"\" width=\"300\" height=\"217\" class=\"alignleft size-medium wp-image-101766\" srcset=\"https:\/\/www.prijedordanas.com\/wp-content\/uploads\/2018\/03\/gimnazija-sveti-sava-posjeta-gimnazije-trento-11-300x217.jpg 300w, https:\/\/www.prijedordanas.com\/wp-content\/uploads\/2018\/03\/gimnazija-sveti-sava-posjeta-gimnazije-trento-11-100x72.jpg 100w, https:\/\/www.prijedordanas.com\/wp-content\/uploads\/2018\/03\/gimnazija-sveti-sava-posjeta-gimnazije-trento-11.jpg 690w\" sizes=\"(max-width: 300px) 100vw, 300px\" \/><\/a> <a href=\"https:\/\/www.prijedordanas.com\/wp-content\/uploads\/2018\/03\/gimnazija-sveti-sava-posjeta-gimnazije-trento-5.jpg\"><img loading=\"lazy\" decoding=\"async\" src=\"https:\/\/www.prijedordanas.com\/wp-content\/uploads\/2018\/03\/gimnazija-sveti-sava-posjeta-gimnazije-trento-5-300x217.jpg\" alt=\"\" width=\"300\" height=\"217\" class=\"alignleft size-medium wp-image-101767\" srcset=\"https:\/\/www.prijedordanas.com\/wp-content\/uploads\/2018\/03\/gimnazija-sveti-sava-posjeta-gimnazije-trento-5-300x217.jpg 300w, https:\/\/www.prijedordanas.com\/wp-content\/uploads\/2018\/03\/gimnazija-sveti-sava-posjeta-gimnazije-trento-5-100x72.jpg 100w, https:\/\/www.prijedordanas.com\/wp-content\/uploads\/2018\/03\/gimnazija-sveti-sava-posjeta-gimnazije-trento-5.jpg 690w\" sizes=\"(max-width: 300px) 100vw, 300px\" \/><\/a> <a href=\"https:\/\/www.prijedordanas.com\/wp-content\/uploads\/2018\/03\/gimnazija-sveti-sava-posjeta-gimnazije-trento-6.jpg\"><img loading=\"lazy\" decoding=\"async\" src=\"https:\/\/www.prijedordanas.com\/wp-content\/uploads\/2018\/03\/gimnazija-sveti-sava-posjeta-gimnazije-trento-6-300x200.jpg\" alt=\"\" width=\"300\" height=\"200\" class=\"alignleft size-medium wp-image-101768\" srcset=\"https:\/\/www.prijedordanas.com\/wp-content\/uploads\/2018\/03\/gimnazija-sveti-sava-posjeta-gimnazije-trento-6-300x200.jpg 300w, https:\/\/www.prijedordanas.com\/wp-content\/uploads\/2018\/03\/gimnazija-sveti-sava-posjeta-gimnazije-trento-6-100x67.jpg 100w, https:\/\/www.prijedordanas.com\/wp-content\/uploads\/2018\/03\/gimnazija-sveti-sava-posjeta-gimnazije-trento-6-480x320.jpg 480w, https:\/\/www.prijedordanas.com\/wp-content\/uploads\/2018\/03\/gimnazija-sveti-sava-posjeta-gimnazije-trento-6.jpg 600w\" sizes=\"(max-width: 300px) 100vw, 300px\" \/><\/a> <a href=\"https:\/\/www.prijedordanas.com\/wp-content\/uploads\/2018\/03\/gimnazija-sveti-sava-posjeta-gimnazije-trento-7.jpg\"><img loading=\"lazy\" decoding=\"async\" src=\"https:\/\/www.prijedordanas.com\/wp-content\/uploads\/2018\/03\/gimnazija-sveti-sava-posjeta-gimnazije-trento-7-300x200.jpg\" alt=\"\" width=\"300\" height=\"200\" class=\"alignleft size-medium wp-image-101769\" srcset=\"https:\/\/www.prijedordanas.com\/wp-content\/uploads\/2018\/03\/gimnazija-sveti-sava-posjeta-gimnazije-trento-7-300x200.jpg 300w, https:\/\/www.prijedordanas.com\/wp-content\/uploads\/2018\/03\/gimnazija-sveti-sava-posjeta-gimnazije-trento-7-100x67.jpg 100w, https:\/\/www.prijedordanas.com\/wp-content\/uploads\/2018\/03\/gimnazija-sveti-sava-posjeta-gimnazije-trento-7-480x320.jpg 480w, https:\/\/www.prijedordanas.com\/wp-content\/uploads\/2018\/03\/gimnazija-sveti-sava-posjeta-gimnazije-trento-7.jpg 600w\" sizes=\"(max-width: 300px) 100vw, 300px\" \/><\/a> <a href=\"https:\/\/www.prijedordanas.com\/wp-content\/uploads\/2018\/03\/gimnazija-sveti-sava-posjeta-gimnazije-trento-8.jpg\"><img loading=\"lazy\" decoding=\"async\" src=\"https:\/\/www.prijedordanas.com\/wp-content\/uploads\/2018\/03\/gimnazija-sveti-sava-posjeta-gimnazije-trento-8-300x200.jpg\" alt=\"\" width=\"300\" height=\"200\" class=\"alignleft size-medium wp-image-101770\" srcset=\"https:\/\/www.prijedordanas.com\/wp-content\/uploads\/2018\/03\/gimnazija-sveti-sava-posjeta-gimnazije-trento-8-300x200.jpg 300w, https:\/\/www.prijedordanas.com\/wp-content\/uploads\/2018\/03\/gimnazija-sveti-sava-posjeta-gimnazije-trento-8-100x67.jpg 100w, https:\/\/www.prijedordanas.com\/wp-content\/uploads\/2018\/03\/gimnazija-sveti-sava-posjeta-gimnazije-trento-8-480x320.jpg 480w, https:\/\/www.prijedordanas.com\/wp-content\/uploads\/2018\/03\/gimnazija-sveti-sava-posjeta-gimnazije-trento-8.jpg 600w\" sizes=\"(max-width: 300px) 100vw, 300px\" \/><\/a> <a href=\"https:\/\/www.prijedordanas.com\/wp-content\/uploads\/2018\/03\/gimnazija-sveti-sava-posjeta-gimnazije-trento-9.jpg\"><img loading=\"lazy\" decoding=\"async\" src=\"https:\/\/www.prijedordanas.com\/wp-content\/uploads\/2018\/03\/gimnazija-sveti-sava-posjeta-gimnazije-trento-9-300x200.jpg\" alt=\"\" width=\"300\" height=\"200\" class=\"alignleft size-medium wp-image-101771\" srcset=\"https:\/\/www.prijedordanas.com\/wp-content\/uploads\/2018\/03\/gimnazija-sveti-sava-posjeta-gimnazije-trento-9-300x200.jpg 300w, https:\/\/www.prijedordanas.com\/wp-content\/uploads\/2018\/03\/gimnazija-sveti-sava-posjeta-gimnazije-trento-9-100x67.jpg 100w, https:\/\/www.prijedordanas.com\/wp-content\/uploads\/2018\/03\/gimnazija-sveti-sava-posjeta-gimnazije-trento-9-480x320.jpg 480w, https:\/\/www.prijedordanas.com\/wp-content\/uploads\/2018\/03\/gimnazija-sveti-sava-posjeta-gimnazije-trento-9.jpg 600w\" sizes=\"(max-width: 300px) 100vw, 300px\" \/><\/a> <a href=\"https:\/\/www.prijedordanas.com\/wp-content\/uploads\/2018\/03\/gimnazija-sveti-sava-posjeta-gimnazije-trento-10.jpg\"><img loading=\"lazy\" decoding=\"async\" src=\"https:\/\/www.prijedordanas.com\/wp-content\/uploads\/2018\/03\/gimnazija-sveti-sava-posjeta-gimnazije-trento-10-300x200.jpg\" alt=\"\" width=\"300\" height=\"200\" class=\"alignleft size-medium wp-image-101772\" srcset=\"https:\/\/www.prijedordanas.com\/wp-content\/uploads\/2018\/03\/gimnazija-sveti-sava-posjeta-gimnazije-trento-10-300x200.jpg 300w, https:\/\/www.prijedordanas.com\/wp-content\/uploads\/2018\/03\/gimnazija-sveti-sava-posjeta-gimnazije-trento-10-100x67.jpg 100w, https:\/\/www.prijedordanas.com\/wp-content\/uploads\/2018\/03\/gimnazija-sveti-sava-posjeta-gimnazije-trento-10-480x320.jpg 480w, https:\/\/www.prijedordanas.com\/wp-content\/uploads\/2018\/03\/gimnazija-sveti-sava-posjeta-gimnazije-trento-10.jpg 600w\" sizes=\"(max-width: 300px) 100vw, 300px\" \/><\/a><\/p>\n","protected":false},"excerpt":{"rendered":"<p>U vremenskom periodu od 21. do 23.marta ove godine Gimnaziju \u201eSveti Sava\u201c Prijedor posjetili su u\u010denici i profesori Gimnazije \u201eGalilei\u201c iz Trenta. Radni naziv posjete bio je \u201eMislim i igram [&hellip;]<\/p>\n","protected":false},"author":1,"featured_media":0,"comment_status":"closed","ping_status":"open","sticky":false,"template":"","format":"standard","meta":{"_monsterinsights_skip_tracking":false,"_monsterinsights_sitenote_active":false,"_monsterinsights_sitenote_note":"","_monsterinsights_sitenote_category":0,"footnotes":""},"categories":[7518],"tags":[2994],"yoast_head":"<!-- This site is optimized with the Yoast SEO plugin v21.6 - https:\/\/yoast.com\/wordpress\/plugins\/seo\/ -->\n<title>PROJEKAT SARADNJE GIMNAZIJE \u201eSVETI SAVA\u201c PRIJEDOR I GIMNAZIJE \u201eGALILEI\u201c IZ TRENTA \u2013 FOTO - PrijedorDanas.com - Prijedorski gradski portal<\/title>\n<meta name=\"robots\" content=\"index, follow, max-snippet:-1, max-image-preview:large, max-video-preview:-1\" \/>\n<link rel=\"canonical\" href=\"https:\/\/www.prijedordanas.com\/?p=101774\" \/>\n<meta property=\"og:locale\" content=\"en_US\" \/>\n<meta property=\"og:type\" content=\"article\" \/>\n<meta property=\"og:title\" content=\"PROJEKAT SARADNJE GIMNAZIJE \u201eSVETI SAVA\u201c PRIJEDOR I GIMNAZIJE \u201eGALILEI\u201c IZ TRENTA \u2013 FOTO - PrijedorDanas.com - Prijedorski gradski portal\" \/>\n<meta property=\"og:description\" content=\"U vremenskom periodu od 21. do 23.marta ove godine Gimnaziju \u201eSveti Sava\u201c Prijedor posjetili su u\u010denici i profesori Gimnazije \u201eGalilei\u201c iz Trenta. Radni naziv posjete bio je \u201eMislim i igram [&hellip;]\" \/>\n<meta property=\"og:url\" content=\"https:\/\/www.prijedordanas.com\/?p=101774\" \/>\n<meta property=\"og:site_name\" content=\"PrijedorDanas.com - Prijedorski gradski portal\" \/>\n<meta property=\"article:publisher\" content=\"https:\/\/www.facebook.com\/PrijedorDanasCom\/\" \/>\n<meta property=\"article:published_time\" content=\"2018-03-29T14:04:48+00:00\" \/>\n<meta property=\"og:image\" content=\"https:\/\/www.prijedordanas.com\/wp-content\/uploads\/2018\/03\/gimnazija-sveti-sava-posjeta-gimnazije-trento-1-300x217.jpg\" \/>\n<meta name=\"author\" content=\"admin\" \/>\n<meta name=\"twitter:card\" content=\"summary_large_image\" \/>\n<meta name=\"twitter:label1\" content=\"Written by\" \/>\n\t<meta name=\"twitter:data1\" content=\"admin\" \/>\n\t<meta name=\"twitter:label2\" content=\"Est. reading time\" \/>\n\t<meta name=\"twitter:data2\" content=\"1 minute\" \/>\n<script type=\"application\/ld+json\" class=\"yoast-schema-graph\">{\"@context\":\"https:\/\/schema.org\",\"@graph\":[{\"@type\":\"Article\",\"@id\":\"https:\/\/www.prijedordanas.com\/?p=101774#article\",\"isPartOf\":{\"@id\":\"https:\/\/www.prijedordanas.com\/?p=101774\"},\"author\":{\"name\":\"admin\",\"@id\":\"https:\/\/www.prijedordanas.com\/#\/schema\/person\/4e08ccf29b506ca916ff86d46bb700e6\"},\"headline\":\"PROJEKAT SARADNJE GIMNAZIJE \u201eSVETI SAVA\u201c PRIJEDOR I GIMNAZIJE \u201eGALILEI\u201c IZ TRENTA \u2013 FOTO\",\"datePublished\":\"2018-03-29T14:04:48+00:00\",\"dateModified\":\"2018-03-29T14:04:48+00:00\",\"mainEntityOfPage\":{\"@id\":\"https:\/\/www.prijedordanas.com\/?p=101774\"},\"wordCount\":217,\"publisher\":{\"@id\":\"https:\/\/www.prijedordanas.com\/#organization\"},\"keywords\":[\"Gimnazija Sveti Sava Prijedor\"],\"articleSection\":[\"Mladi\"],\"inLanguage\":\"en-US\"},{\"@type\":\"WebPage\",\"@id\":\"https:\/\/www.prijedordanas.com\/?p=101774\",\"url\":\"https:\/\/www.prijedordanas.com\/?p=101774\",\"name\":\"PROJEKAT SARADNJE GIMNAZIJE \u201eSVETI SAVA\u201c PRIJEDOR I GIMNAZIJE \u201eGALILEI\u201c IZ TRENTA \u2013 FOTO - PrijedorDanas.com - Prijedorski gradski portal\",\"isPartOf\":{\"@id\":\"https:\/\/www.prijedordanas.com\/#website\"},\"datePublished\":\"2018-03-29T14:04:48+00:00\",\"dateModified\":\"2018-03-29T14:04:48+00:00\",\"breadcrumb\":{\"@id\":\"https:\/\/www.prijedordanas.com\/?p=101774#breadcrumb\"},\"inLanguage\":\"en-US\",\"potentialAction\":[{\"@type\":\"ReadAction\",\"target\":[\"https:\/\/www.prijedordanas.com\/?p=101774\"]}]},{\"@type\":\"BreadcrumbList\",\"@id\":\"https:\/\/www.prijedordanas.com\/?p=101774#breadcrumb\",\"itemListElement\":[{\"@type\":\"ListItem\",\"position\":1,\"name\":\"Home\",\"item\":\"https:\/\/www.prijedordanas.com\/\"},{\"@type\":\"ListItem\",\"position\":2,\"name\":\"PROJEKAT SARADNJE GIMNAZIJE \u201eSVETI SAVA\u201c PRIJEDOR I GIMNAZIJE \u201eGALILEI\u201c IZ TRENTA \u2013 FOTO\"}]},{\"@type\":\"WebSite\",\"@id\":\"https:\/\/www.prijedordanas.com\/#website\",\"url\":\"https:\/\/www.prijedordanas.com\/\",\"name\":\"PrijedorDanas.com - Prijedorski gradski portal\",\"description\":\"Portal o doga\u0111anjima u gradu Prijedoru\",\"publisher\":{\"@id\":\"https:\/\/www.prijedordanas.com\/#organization\"},\"potentialAction\":[{\"@type\":\"SearchAction\",\"target\":{\"@type\":\"EntryPoint\",\"urlTemplate\":\"https:\/\/www.prijedordanas.com\/?s={search_term_string}\"},\"query-input\":\"required name=search_term_string\"}],\"inLanguage\":\"en-US\"},{\"@type\":\"Organization\",\"@id\":\"https:\/\/www.prijedordanas.com\/#organization\",\"name\":\"PrijedorDanas.com\",\"url\":\"https:\/\/www.prijedordanas.com\/\",\"logo\":{\"@type\":\"ImageObject\",\"inLanguage\":\"en-US\",\"@id\":\"https:\/\/www.prijedordanas.com\/#\/schema\/logo\/image\/\",\"url\":\"http:\/\/www.prijedordanas.com\/wp-content\/uploads\/2021\/12\/logopng.png\",\"contentUrl\":\"http:\/\/www.prijedordanas.com\/wp-content\/uploads\/2021\/12\/logopng.png\",\"width\":1019,\"height\":776,\"caption\":\"PrijedorDanas.com\"},\"image\":{\"@id\":\"https:\/\/www.prijedordanas.com\/#\/schema\/logo\/image\/\"},\"sameAs\":[\"https:\/\/www.facebook.com\/PrijedorDanasCom\/\"]},{\"@type\":\"Person\",\"@id\":\"https:\/\/www.prijedordanas.com\/#\/schema\/person\/4e08ccf29b506ca916ff86d46bb700e6\",\"name\":\"admin\",\"image\":{\"@type\":\"ImageObject\",\"inLanguage\":\"en-US\",\"@id\":\"https:\/\/www.prijedordanas.com\/#\/schema\/person\/image\/\",\"url\":\"https:\/\/secure.gravatar.com\/avatar\/1d3fc949d550f0b53a5f0d51e06dfd79?s=96&d=mm&r=g\",\"contentUrl\":\"https:\/\/secure.gravatar.com\/avatar\/1d3fc949d550f0b53a5f0d51e06dfd79?s=96&d=mm&r=g\",\"caption\":\"admin\"},\"url\":\"https:\/\/www.prijedordanas.com\/?author=1\"}]}<\/script>\n<!-- \/ Yoast SEO plugin. -->","yoast_head_json":{"title":"PROJEKAT SARADNJE GIMNAZIJE \u201eSVETI SAVA\u201c PRIJEDOR I GIMNAZIJE \u201eGALILEI\u201c IZ TRENTA \u2013 FOTO - PrijedorDanas.com - Prijedorski gradski portal","robots":{"index":"index","follow":"follow","max-snippet":"max-snippet:-1","max-image-preview":"max-image-preview:large","max-video-preview":"max-video-preview:-1"},"canonical":"https:\/\/www.prijedordanas.com\/?p=101774","og_locale":"en_US","og_type":"article","og_title":"PROJEKAT SARADNJE GIMNAZIJE \u201eSVETI SAVA\u201c PRIJEDOR I GIMNAZIJE \u201eGALILEI\u201c IZ TRENTA \u2013 FOTO - PrijedorDanas.com - Prijedorski gradski portal","og_description":"U vremenskom periodu od 21. do 23.marta ove godine Gimnaziju \u201eSveti Sava\u201c Prijedor posjetili su u\u010denici i profesori Gimnazije \u201eGalilei\u201c iz Trenta. Radni naziv posjete bio je \u201eMislim i igram [&hellip;]","og_url":"https:\/\/www.prijedordanas.com\/?p=101774","og_site_name":"PrijedorDanas.com - Prijedorski gradski portal","article_publisher":"https:\/\/www.facebook.com\/PrijedorDanasCom\/","article_published_time":"2018-03-29T14:04:48+00:00","og_image":[{"url":"https:\/\/www.prijedordanas.com\/wp-content\/uploads\/2018\/03\/gimnazija-sveti-sava-posjeta-gimnazije-trento-1-300x217.jpg"}],"author":"admin","twitter_card":"summary_large_image","twitter_misc":{"Written by":"admin","Est. reading time":"1 minute"},"schema":{"@context":"https:\/\/schema.org","@graph":[{"@type":"Article","@id":"https:\/\/www.prijedordanas.com\/?p=101774#article","isPartOf":{"@id":"https:\/\/www.prijedordanas.com\/?p=101774"},"author":{"name":"admin","@id":"https:\/\/www.prijedordanas.com\/#\/schema\/person\/4e08ccf29b506ca916ff86d46bb700e6"},"headline":"PROJEKAT SARADNJE GIMNAZIJE \u201eSVETI SAVA\u201c PRIJEDOR I GIMNAZIJE \u201eGALILEI\u201c IZ TRENTA \u2013 FOTO","datePublished":"2018-03-29T14:04:48+00:00","dateModified":"2018-03-29T14:04:48+00:00","mainEntityOfPage":{"@id":"https:\/\/www.prijedordanas.com\/?p=101774"},"wordCount":217,"publisher":{"@id":"https:\/\/www.prijedordanas.com\/#organization"},"keywords":["Gimnazija Sveti Sava Prijedor"],"articleSection":["Mladi"],"inLanguage":"en-US"},{"@type":"WebPage","@id":"https:\/\/www.prijedordanas.com\/?p=101774","url":"https:\/\/www.prijedordanas.com\/?p=101774","name":"PROJEKAT SARADNJE GIMNAZIJE \u201eSVETI SAVA\u201c PRIJEDOR I GIMNAZIJE \u201eGALILEI\u201c IZ TRENTA \u2013 FOTO - PrijedorDanas.com - Prijedorski gradski portal","isPartOf":{"@id":"https:\/\/www.prijedordanas.com\/#website"},"datePublished":"2018-03-29T14:04:48+00:00","dateModified":"2018-03-29T14:04:48+00:00","breadcrumb":{"@id":"https:\/\/www.prijedordanas.com\/?p=101774#breadcrumb"},"inLanguage":"en-US","potentialAction":[{"@type":"ReadAction","target":["https:\/\/www.prijedordanas.com\/?p=101774"]}]},{"@type":"BreadcrumbList","@id":"https:\/\/www.prijedordanas.com\/?p=101774#breadcrumb","itemListElement":[{"@type":"ListItem","position":1,"name":"Home","item":"https:\/\/www.prijedordanas.com\/"},{"@type":"ListItem","position":2,"name":"PROJEKAT SARADNJE GIMNAZIJE \u201eSVETI SAVA\u201c PRIJEDOR I GIMNAZIJE \u201eGALILEI\u201c IZ TRENTA \u2013 FOTO"}]},{"@type":"WebSite","@id":"https:\/\/www.prijedordanas.com\/#website","url":"https:\/\/www.prijedordanas.com\/","name":"PrijedorDanas.com - Prijedorski gradski portal","description":"Portal o doga\u0111anjima u gradu Prijedoru","publisher":{"@id":"https:\/\/www.prijedordanas.com\/#organization"},"potentialAction":[{"@type":"SearchAction","target":{"@type":"EntryPoint","urlTemplate":"https:\/\/www.prijedordanas.com\/?s={search_term_string}"},"query-input":"required name=search_term_string"}],"inLanguage":"en-US"},{"@type":"Organization","@id":"https:\/\/www.prijedordanas.com\/#organization","name":"PrijedorDanas.com","url":"https:\/\/www.prijedordanas.com\/","logo":{"@type":"ImageObject","inLanguage":"en-US","@id":"https:\/\/www.prijedordanas.com\/#\/schema\/logo\/image\/","url":"http:\/\/www.prijedordanas.com\/wp-content\/uploads\/2021\/12\/logopng.png","contentUrl":"http:\/\/www.prijedordanas.com\/wp-content\/uploads\/2021\/12\/logopng.png","width":1019,"height":776,"caption":"PrijedorDanas.com"},"image":{"@id":"https:\/\/www.prijedordanas.com\/#\/schema\/logo\/image\/"},"sameAs":["https:\/\/www.facebook.com\/PrijedorDanasCom\/"]},{"@type":"Person","@id":"https:\/\/www.prijedordanas.com\/#\/schema\/person\/4e08ccf29b506ca916ff86d46bb700e6","name":"admin","image":{"@type":"ImageObject","inLanguage":"en-US","@id":"https:\/\/www.prijedordanas.com\/#\/schema\/person\/image\/","url":"https:\/\/secure.gravatar.com\/avatar\/1d3fc949d550f0b53a5f0d51e06dfd79?s=96&d=mm&r=g","contentUrl":"https:\/\/secure.gravatar.com\/avatar\/1d3fc949d550f0b53a5f0d51e06dfd79?s=96&d=mm&r=g","caption":"admin"},"url":"https:\/\/www.prijedordanas.com\/?author=1"}]}},"_links":{"self":[{"href":"https:\/\/www.prijedordanas.com\/index.php?rest_route=\/wp\/v2\/posts\/101774"}],"collection":[{"href":"https:\/\/www.prijedordanas.com\/index.php?rest_route=\/wp\/v2\/posts"}],"about":[{"href":"https:\/\/www.prijedordanas.com\/index.php?rest_route=\/wp\/v2\/types\/post"}],"author":[{"embeddable":true,"href":"https:\/\/www.prijedordanas.com\/index.php?rest_route=\/wp\/v2\/users\/1"}],"replies":[{"embeddable":true,"href":"https:\/\/www.prijedordanas.com\/index.php?rest_route=%2Fwp%2Fv2%2Fcomments&post=101774"}],"version-history":[{"count":1,"href":"https:\/\/www.prijedordanas.com\/index.php?rest_route=\/wp\/v2\/posts\/101774\/revisions"}],"predecessor-version":[{"id":101775,"href":"https:\/\/www.prijedordanas.com\/index.php?rest_route=\/wp\/v2\/posts\/101774\/revisions\/101775"}],"wp:attachment":[{"href":"https:\/\/www.prijedordanas.com\/index.php?rest_route=%2Fwp%2Fv2%2Fmedia&parent=101774"}],"wp:term":[{"taxonomy":"category","embeddable":true,"href":"https:\/\/www.prijedordanas.com\/index.php?rest_route=%2Fwp%2Fv2%2Fcategories&post=101774"},{"taxonomy":"post_tag","embeddable":true,"href":"https:\/\/www.prijedordanas.com\/index.php?rest_route=%2Fwp%2Fv2%2Ftags&post=101774"}],"curies":[{"name":"wp","href":"https:\/\/api.w.org\/{rel}","templated":true}]}}