{"id":101719,"date":"2018-03-28T22:36:20","date_gmt":"2018-03-28T20:36:20","guid":{"rendered":"https:\/\/www.prijedordanas.com\/?p=101719"},"modified":"2018-03-28T22:36:20","modified_gmt":"2018-03-28T20:36:20","slug":"posjeta-prijedoru-ministra-cordasa-i-potpredsjednika-rs-jerkovica-izgradnja-166-stambenih-jedinica-video","status":"publish","type":"post","link":"https:\/\/www.prijedordanas.com\/?p=101719","title":{"rendered":"POSJETA PRIJEDORU MINISTRA \u010cORDA\u0160A I POTPREDSJEDNIKA RS JERKOVI\u0106A: IZGRADNJA 166 STAMBENIH JEDINICA &#8211; VIDEO"},"content":{"rendered":"<p><a href=\"https:\/\/www.prijedordanas.com\/wp-content\/uploads\/2018\/03\/djakovic-jerkovic-cordas.jpg\"><img loading=\"lazy\" decoding=\"async\" src=\"https:\/\/www.prijedordanas.com\/wp-content\/uploads\/2018\/03\/djakovic-jerkovic-cordas-300x222.jpg\" alt=\"\" width=\"300\" height=\"222\" class=\"alignleft size-medium wp-image-101722\" srcset=\"https:\/\/www.prijedordanas.com\/wp-content\/uploads\/2018\/03\/djakovic-jerkovic-cordas-300x222.jpg 300w, https:\/\/www.prijedordanas.com\/wp-content\/uploads\/2018\/03\/djakovic-jerkovic-cordas-100x74.jpg 100w, https:\/\/www.prijedordanas.com\/wp-content\/uploads\/2018\/03\/djakovic-jerkovic-cordas.jpg 675w\" sizes=\"(max-width: 300px) 100vw, 300px\" \/><\/a>U radnoj posjeti Prijedoru danas su boravili potpredsjednik Republike Srpske iz reda hrvatskog naroda Josip Jerkovic\u0301 i ministar za izbjeglice i raseljena lica Vlade Republike Srpske Davor \u010corda\u0161.<\/p>\n<p>Oni su tom prilikom razgovarali sa gradona\u010delnikom Milenkom \u0110akovi\u0107em i njegovim saradnicima.<\/p>\n<p>-Vodili smo va\u017ene i korisne razgovore o pitanjima povratka i obnove porodi\u010dnih kuc\u0301a na \u0161irem podru\u010dju grada Prijedora. Akcenat je bio na povratku Hrvata iako je to samo jedan dio potra\u017enje za rje\u0161avanjem problema obnove stambenih objekata &#8211; rekao je potpredsjednik RS Josip Jerkovi\u0107.<\/p>\n<p>-Na sastanku smo razgovarali ne samo o stambenom zbrinjavanju, nego i o socijalno odr\u017eivom povratku kroz rje\u0161avanja pitanja iz Zakona o socijalnom stanovanju. Razmijenili smo mi\u0161ljenja i sagledali trenutno stanje projekata. Nadam se da \u0107emo tokom ove i naredne godine rije\u0161iti ve\u0107i dio problema ovih kategorija stanovnika \u2013 rekao je novinarima gradona\u010delnik Prijedora Milenko \u0110akovic\u0301.<\/p>\n<p>Prema onome \u0161to se moglo \u010duti na dana\u0161njem sastanku, u maju \u0107e biti zavr\u0161ena stambena zgrada sa 50 stambenih jedinica za izbjeglice i raseljena lica.<\/p>\n<p>-Tokom ove godine u Prijedoru \u0107e biti zavr\u0161ena ili zapo\u010deta izgradnja 166 stambenih objekata \u010dija c\u0301e vrijednost biti oko 6,5 miliona KM. Ovo je jedan na\u010din razvoja privrede u gradu jer ako neko investira na ovaj na\u010din \u0161to donatorskih \u0161to kreditnih sredstava u visini od 69,5 miliona KM, to je onda jedna dobra investicija \u2013 rekao je \u010corda\u0161.<\/p>\n<p>On je dodao da je Prijedor bio prvi kada je u pitanju problematika socijalnog stanovanja pa je prvi i u dopunskom dijelu ovog projekta gdje je u postupku tender za izgradnju jo\u0161 32 stambene jedinice.<\/p>\n<p>-U planu je skori po\u010detak izgradnje te zgrade, kao i zgrade sa 20 stanova u okviru projekta raspu\u0161tanja kolektivnih centara \u2013 istakao je ministar za izbjeglice i raseljena lica u Vladi RS.<\/p>\n<p>Tekst i foto &#8211; Aleksandar Drakuli\u0107 \u2013 <a href=\"https:\/\/www.prijedordanas.com\" target=\"_blank\" rel=\"noopener noreferrer\">www.prijedordanas.com<\/a><\/p>\n<p><iframe loading=\"lazy\" width=\"500\" height=\"281\" src=\"https:\/\/www.youtube.com\/embed\/qiqLERHj9Xk?feature=oembed\" frameborder=\"0\" allow=\"autoplay; encrypted-media\" allowfullscreen><\/iframe><\/p>\n<p><iframe loading=\"lazy\" width=\"500\" height=\"281\" src=\"https:\/\/www.youtube.com\/embed\/J4gHXxv_gPI?feature=oembed\" frameborder=\"0\" allow=\"autoplay; encrypted-media\" allowfullscreen><\/iframe><\/p>\n","protected":false},"excerpt":{"rendered":"<p>U radnoj posjeti Prijedoru danas su boravili potpredsjednik Republike Srpske iz reda hrvatskog naroda Josip Jerkovic\u0301 i ministar za izbjeglice i raseljena lica Vlade Republike Srpske Davor \u010corda\u0161. Oni su [&hellip;]<\/p>\n","protected":false},"author":1,"featured_media":0,"comment_status":"closed","ping_status":"open","sticky":false,"template":"","format":"standard","meta":{"_monsterinsights_skip_tracking":false,"_monsterinsights_sitenote_active":false,"_monsterinsights_sitenote_note":"","_monsterinsights_sitenote_category":0,"footnotes":""},"categories":[8],"tags":[723],"yoast_head":"<!-- This site is optimized with the Yoast SEO plugin v21.6 - https:\/\/yoast.com\/wordpress\/plugins\/seo\/ -->\n<title>POSJETA PRIJEDORU MINISTRA \u010cORDA\u0160A I POTPREDSJEDNIKA RS JERKOVI\u0106A: IZGRADNJA 166 STAMBENIH JEDINICA - VIDEO - PrijedorDanas.com - Prijedorski gradski portal<\/title>\n<meta name=\"robots\" content=\"index, follow, max-snippet:-1, max-image-preview:large, max-video-preview:-1\" \/>\n<link rel=\"canonical\" href=\"https:\/\/www.prijedordanas.com\/?p=101719\" \/>\n<meta property=\"og:locale\" content=\"en_US\" \/>\n<meta property=\"og:type\" content=\"article\" \/>\n<meta property=\"og:title\" content=\"POSJETA PRIJEDORU MINISTRA \u010cORDA\u0160A I POTPREDSJEDNIKA RS JERKOVI\u0106A: IZGRADNJA 166 STAMBENIH JEDINICA - VIDEO - PrijedorDanas.com - Prijedorski gradski portal\" \/>\n<meta property=\"og:description\" content=\"U radnoj posjeti Prijedoru danas su boravili potpredsjednik Republike Srpske iz reda hrvatskog naroda Josip Jerkovic\u0301 i ministar za izbjeglice i raseljena lica Vlade Republike Srpske Davor \u010corda\u0161. Oni su [&hellip;]\" \/>\n<meta property=\"og:url\" content=\"https:\/\/www.prijedordanas.com\/?p=101719\" \/>\n<meta property=\"og:site_name\" content=\"PrijedorDanas.com - Prijedorski gradski portal\" \/>\n<meta property=\"article:publisher\" content=\"https:\/\/www.facebook.com\/PrijedorDanasCom\/\" \/>\n<meta property=\"article:published_time\" content=\"2018-03-28T20:36:20+00:00\" \/>\n<meta property=\"og:image\" content=\"https:\/\/www.prijedordanas.com\/wp-content\/uploads\/2018\/03\/djakovic-jerkovic-cordas-300x222.jpg\" \/>\n<meta name=\"author\" content=\"admin\" \/>\n<meta name=\"twitter:card\" content=\"summary_large_image\" \/>\n<meta name=\"twitter:label1\" content=\"Written by\" \/>\n\t<meta name=\"twitter:data1\" content=\"admin\" \/>\n\t<meta name=\"twitter:label2\" content=\"Est. reading time\" \/>\n\t<meta name=\"twitter:data2\" content=\"2 minutes\" \/>\n<script type=\"application\/ld+json\" class=\"yoast-schema-graph\">{\"@context\":\"https:\/\/schema.org\",\"@graph\":[{\"@type\":\"Article\",\"@id\":\"https:\/\/www.prijedordanas.com\/?p=101719#article\",\"isPartOf\":{\"@id\":\"https:\/\/www.prijedordanas.com\/?p=101719\"},\"author\":{\"name\":\"admin\",\"@id\":\"https:\/\/www.prijedordanas.com\/#\/schema\/person\/4e08ccf29b506ca916ff86d46bb700e6\"},\"headline\":\"POSJETA PRIJEDORU MINISTRA \u010cORDA\u0160A I POTPREDSJEDNIKA RS JERKOVI\u0106A: IZGRADNJA 166 STAMBENIH JEDINICA &#8211; VIDEO\",\"datePublished\":\"2018-03-28T20:36:20+00:00\",\"dateModified\":\"2018-03-28T20:36:20+00:00\",\"mainEntityOfPage\":{\"@id\":\"https:\/\/www.prijedordanas.com\/?p=101719\"},\"wordCount\":338,\"publisher\":{\"@id\":\"https:\/\/www.prijedordanas.com\/#organization\"},\"keywords\":[\"posjeta\"],\"articleSection\":[\"Svakodnevno\"],\"inLanguage\":\"en-US\"},{\"@type\":\"WebPage\",\"@id\":\"https:\/\/www.prijedordanas.com\/?p=101719\",\"url\":\"https:\/\/www.prijedordanas.com\/?p=101719\",\"name\":\"POSJETA PRIJEDORU MINISTRA \u010cORDA\u0160A I POTPREDSJEDNIKA RS JERKOVI\u0106A: IZGRADNJA 166 STAMBENIH JEDINICA - VIDEO - PrijedorDanas.com - Prijedorski gradski portal\",\"isPartOf\":{\"@id\":\"https:\/\/www.prijedordanas.com\/#website\"},\"datePublished\":\"2018-03-28T20:36:20+00:00\",\"dateModified\":\"2018-03-28T20:36:20+00:00\",\"breadcrumb\":{\"@id\":\"https:\/\/www.prijedordanas.com\/?p=101719#breadcrumb\"},\"inLanguage\":\"en-US\",\"potentialAction\":[{\"@type\":\"ReadAction\",\"target\":[\"https:\/\/www.prijedordanas.com\/?p=101719\"]}]},{\"@type\":\"BreadcrumbList\",\"@id\":\"https:\/\/www.prijedordanas.com\/?p=101719#breadcrumb\",\"itemListElement\":[{\"@type\":\"ListItem\",\"position\":1,\"name\":\"Home\",\"item\":\"https:\/\/www.prijedordanas.com\/\"},{\"@type\":\"ListItem\",\"position\":2,\"name\":\"POSJETA PRIJEDORU MINISTRA \u010cORDA\u0160A I POTPREDSJEDNIKA RS JERKOVI\u0106A: IZGRADNJA 166 STAMBENIH JEDINICA &#8211; VIDEO\"}]},{\"@type\":\"WebSite\",\"@id\":\"https:\/\/www.prijedordanas.com\/#website\",\"url\":\"https:\/\/www.prijedordanas.com\/\",\"name\":\"PrijedorDanas.com - Prijedorski gradski portal\",\"description\":\"Portal o doga\u0111anjima u gradu Prijedoru\",\"publisher\":{\"@id\":\"https:\/\/www.prijedordanas.com\/#organization\"},\"potentialAction\":[{\"@type\":\"SearchAction\",\"target\":{\"@type\":\"EntryPoint\",\"urlTemplate\":\"https:\/\/www.prijedordanas.com\/?s={search_term_string}\"},\"query-input\":\"required name=search_term_string\"}],\"inLanguage\":\"en-US\"},{\"@type\":\"Organization\",\"@id\":\"https:\/\/www.prijedordanas.com\/#organization\",\"name\":\"PrijedorDanas.com\",\"url\":\"https:\/\/www.prijedordanas.com\/\",\"logo\":{\"@type\":\"ImageObject\",\"inLanguage\":\"en-US\",\"@id\":\"https:\/\/www.prijedordanas.com\/#\/schema\/logo\/image\/\",\"url\":\"http:\/\/www.prijedordanas.com\/wp-content\/uploads\/2021\/12\/logopng.png\",\"contentUrl\":\"http:\/\/www.prijedordanas.com\/wp-content\/uploads\/2021\/12\/logopng.png\",\"width\":1019,\"height\":776,\"caption\":\"PrijedorDanas.com\"},\"image\":{\"@id\":\"https:\/\/www.prijedordanas.com\/#\/schema\/logo\/image\/\"},\"sameAs\":[\"https:\/\/www.facebook.com\/PrijedorDanasCom\/\"]},{\"@type\":\"Person\",\"@id\":\"https:\/\/www.prijedordanas.com\/#\/schema\/person\/4e08ccf29b506ca916ff86d46bb700e6\",\"name\":\"admin\",\"image\":{\"@type\":\"ImageObject\",\"inLanguage\":\"en-US\",\"@id\":\"https:\/\/www.prijedordanas.com\/#\/schema\/person\/image\/\",\"url\":\"https:\/\/secure.gravatar.com\/avatar\/1d3fc949d550f0b53a5f0d51e06dfd79?s=96&d=mm&r=g\",\"contentUrl\":\"https:\/\/secure.gravatar.com\/avatar\/1d3fc949d550f0b53a5f0d51e06dfd79?s=96&d=mm&r=g\",\"caption\":\"admin\"},\"url\":\"https:\/\/www.prijedordanas.com\/?author=1\"}]}<\/script>\n<!-- \/ Yoast SEO plugin. -->","yoast_head_json":{"title":"POSJETA PRIJEDORU MINISTRA \u010cORDA\u0160A I POTPREDSJEDNIKA RS JERKOVI\u0106A: IZGRADNJA 166 STAMBENIH JEDINICA - VIDEO - PrijedorDanas.com - Prijedorski gradski portal","robots":{"index":"index","follow":"follow","max-snippet":"max-snippet:-1","max-image-preview":"max-image-preview:large","max-video-preview":"max-video-preview:-1"},"canonical":"https:\/\/www.prijedordanas.com\/?p=101719","og_locale":"en_US","og_type":"article","og_title":"POSJETA PRIJEDORU MINISTRA \u010cORDA\u0160A I POTPREDSJEDNIKA RS JERKOVI\u0106A: IZGRADNJA 166 STAMBENIH JEDINICA - VIDEO - PrijedorDanas.com - Prijedorski gradski portal","og_description":"U radnoj posjeti Prijedoru danas su boravili potpredsjednik Republike Srpske iz reda hrvatskog naroda Josip Jerkovic\u0301 i ministar za izbjeglice i raseljena lica Vlade Republike Srpske Davor \u010corda\u0161. Oni su [&hellip;]","og_url":"https:\/\/www.prijedordanas.com\/?p=101719","og_site_name":"PrijedorDanas.com - Prijedorski gradski portal","article_publisher":"https:\/\/www.facebook.com\/PrijedorDanasCom\/","article_published_time":"2018-03-28T20:36:20+00:00","og_image":[{"url":"https:\/\/www.prijedordanas.com\/wp-content\/uploads\/2018\/03\/djakovic-jerkovic-cordas-300x222.jpg"}],"author":"admin","twitter_card":"summary_large_image","twitter_misc":{"Written by":"admin","Est. reading time":"2 minutes"},"schema":{"@context":"https:\/\/schema.org","@graph":[{"@type":"Article","@id":"https:\/\/www.prijedordanas.com\/?p=101719#article","isPartOf":{"@id":"https:\/\/www.prijedordanas.com\/?p=101719"},"author":{"name":"admin","@id":"https:\/\/www.prijedordanas.com\/#\/schema\/person\/4e08ccf29b506ca916ff86d46bb700e6"},"headline":"POSJETA PRIJEDORU MINISTRA \u010cORDA\u0160A I POTPREDSJEDNIKA RS JERKOVI\u0106A: IZGRADNJA 166 STAMBENIH JEDINICA &#8211; VIDEO","datePublished":"2018-03-28T20:36:20+00:00","dateModified":"2018-03-28T20:36:20+00:00","mainEntityOfPage":{"@id":"https:\/\/www.prijedordanas.com\/?p=101719"},"wordCount":338,"publisher":{"@id":"https:\/\/www.prijedordanas.com\/#organization"},"keywords":["posjeta"],"articleSection":["Svakodnevno"],"inLanguage":"en-US"},{"@type":"WebPage","@id":"https:\/\/www.prijedordanas.com\/?p=101719","url":"https:\/\/www.prijedordanas.com\/?p=101719","name":"POSJETA PRIJEDORU MINISTRA \u010cORDA\u0160A I POTPREDSJEDNIKA RS JERKOVI\u0106A: IZGRADNJA 166 STAMBENIH JEDINICA - VIDEO - PrijedorDanas.com - Prijedorski gradski portal","isPartOf":{"@id":"https:\/\/www.prijedordanas.com\/#website"},"datePublished":"2018-03-28T20:36:20+00:00","dateModified":"2018-03-28T20:36:20+00:00","breadcrumb":{"@id":"https:\/\/www.prijedordanas.com\/?p=101719#breadcrumb"},"inLanguage":"en-US","potentialAction":[{"@type":"ReadAction","target":["https:\/\/www.prijedordanas.com\/?p=101719"]}]},{"@type":"BreadcrumbList","@id":"https:\/\/www.prijedordanas.com\/?p=101719#breadcrumb","itemListElement":[{"@type":"ListItem","position":1,"name":"Home","item":"https:\/\/www.prijedordanas.com\/"},{"@type":"ListItem","position":2,"name":"POSJETA PRIJEDORU MINISTRA \u010cORDA\u0160A I POTPREDSJEDNIKA RS JERKOVI\u0106A: IZGRADNJA 166 STAMBENIH JEDINICA &#8211; VIDEO"}]},{"@type":"WebSite","@id":"https:\/\/www.prijedordanas.com\/#website","url":"https:\/\/www.prijedordanas.com\/","name":"PrijedorDanas.com - Prijedorski gradski portal","description":"Portal o doga\u0111anjima u gradu Prijedoru","publisher":{"@id":"https:\/\/www.prijedordanas.com\/#organization"},"potentialAction":[{"@type":"SearchAction","target":{"@type":"EntryPoint","urlTemplate":"https:\/\/www.prijedordanas.com\/?s={search_term_string}"},"query-input":"required name=search_term_string"}],"inLanguage":"en-US"},{"@type":"Organization","@id":"https:\/\/www.prijedordanas.com\/#organization","name":"PrijedorDanas.com","url":"https:\/\/www.prijedordanas.com\/","logo":{"@type":"ImageObject","inLanguage":"en-US","@id":"https:\/\/www.prijedordanas.com\/#\/schema\/logo\/image\/","url":"http:\/\/www.prijedordanas.com\/wp-content\/uploads\/2021\/12\/logopng.png","contentUrl":"http:\/\/www.prijedordanas.com\/wp-content\/uploads\/2021\/12\/logopng.png","width":1019,"height":776,"caption":"PrijedorDanas.com"},"image":{"@id":"https:\/\/www.prijedordanas.com\/#\/schema\/logo\/image\/"},"sameAs":["https:\/\/www.facebook.com\/PrijedorDanasCom\/"]},{"@type":"Person","@id":"https:\/\/www.prijedordanas.com\/#\/schema\/person\/4e08ccf29b506ca916ff86d46bb700e6","name":"admin","image":{"@type":"ImageObject","inLanguage":"en-US","@id":"https:\/\/www.prijedordanas.com\/#\/schema\/person\/image\/","url":"https:\/\/secure.gravatar.com\/avatar\/1d3fc949d550f0b53a5f0d51e06dfd79?s=96&d=mm&r=g","contentUrl":"https:\/\/secure.gravatar.com\/avatar\/1d3fc949d550f0b53a5f0d51e06dfd79?s=96&d=mm&r=g","caption":"admin"},"url":"https:\/\/www.prijedordanas.com\/?author=1"}]}},"_links":{"self":[{"href":"https:\/\/www.prijedordanas.com\/index.php?rest_route=\/wp\/v2\/posts\/101719"}],"collection":[{"href":"https:\/\/www.prijedordanas.com\/index.php?rest_route=\/wp\/v2\/posts"}],"about":[{"href":"https:\/\/www.prijedordanas.com\/index.php?rest_route=\/wp\/v2\/types\/post"}],"author":[{"embeddable":true,"href":"https:\/\/www.prijedordanas.com\/index.php?rest_route=\/wp\/v2\/users\/1"}],"replies":[{"embeddable":true,"href":"https:\/\/www.prijedordanas.com\/index.php?rest_route=%2Fwp%2Fv2%2Fcomments&post=101719"}],"version-history":[{"count":2,"href":"https:\/\/www.prijedordanas.com\/index.php?rest_route=\/wp\/v2\/posts\/101719\/revisions"}],"predecessor-version":[{"id":101724,"href":"https:\/\/www.prijedordanas.com\/index.php?rest_route=\/wp\/v2\/posts\/101719\/revisions\/101724"}],"wp:attachment":[{"href":"https:\/\/www.prijedordanas.com\/index.php?rest_route=%2Fwp%2Fv2%2Fmedia&parent=101719"}],"wp:term":[{"taxonomy":"category","embeddable":true,"href":"https:\/\/www.prijedordanas.com\/index.php?rest_route=%2Fwp%2Fv2%2Fcategories&post=101719"},{"taxonomy":"post_tag","embeddable":true,"href":"https:\/\/www.prijedordanas.com\/index.php?rest_route=%2Fwp%2Fv2%2Ftags&post=101719"}],"curies":[{"name":"wp","href":"https:\/\/api.w.org\/{rel}","templated":true}]}}