{"id":101681,"date":"2018-03-28T14:16:42","date_gmt":"2018-03-28T12:16:42","guid":{"rendered":"https:\/\/www.prijedordanas.com\/?p=101681"},"modified":"2018-03-28T15:38:15","modified_gmt":"2018-03-28T13:38:15","slug":"luka-kacavenda-prvi-prijedorcanin-koji-je-izborio-evropsko-prvenstvo-u-fudbalu-u-17-reprezentacija-bih-ide-u-englesku","status":"publish","type":"post","link":"https:\/\/www.prijedordanas.com\/?p=101681","title":{"rendered":"LUKA KA\u010cAVENDA PRVI PRIJEDOR\u010cANIN KOJI JE IZBORIO EVROPSKO PRVENSTVO U FUDBALU: U-17 REPREZENTACIJA BIH IDE U ENGLESKU"},"content":{"rendered":"<p><a href=\"https:\/\/www.prijedordanas.com\/wp-content\/uploads\/2018\/03\/u17-reprezentacija-bih-1.jpg\"><img loading=\"lazy\" decoding=\"async\" class=\"alignleft size-medium wp-image-101683\" src=\"https:\/\/www.prijedordanas.com\/wp-content\/uploads\/2018\/03\/u17-reprezentacija-bih-1-300x236.jpg\" alt=\"\" width=\"300\" height=\"236\" srcset=\"https:\/\/www.prijedordanas.com\/wp-content\/uploads\/2018\/03\/u17-reprezentacija-bih-1-300x236.jpg 300w, https:\/\/www.prijedordanas.com\/wp-content\/uploads\/2018\/03\/u17-reprezentacija-bih-1-100x79.jpg 100w, https:\/\/www.prijedordanas.com\/wp-content\/uploads\/2018\/03\/u17-reprezentacija-bih-1.jpg 636w\" sizes=\"(max-width: 300px) 100vw, 300px\" \/><\/a>\u0160esnaestogodi\u0161nji Luka Ka\u010davenda jo\u0161 jednom je pokazao svoje golmanske kvalitete nastupaju\u0107i za U-17 reprezentaciju Bosne i Hercegovine.<\/p>\n<p>Mladi Prijedor\u010danin dao je svoj puni doprinos i bio me\u0111u najzaslu\u017enijima za novi veliki rezultat kadetske selekcije koja se na kvalifikacionom turniru u Austriji izborila za plasman na Evropsko prvenstvo u Englesku.<\/p>\n<p>Nakon po\u010detnog neuspjeha u susretu sa Francuskom(poraz od 3:0), mladi fudbaleri koje je sa klupe predvodio \u0161ef struke Zoran Erbez(selektor Sakib Malko\u010devi\u0107 opravdano izostao), potom su slavili protiv doma\u0107ina Austrije 3:1.<\/p>\n<p><a href=\"https:\/\/www.prijedordanas.com\/wp-content\/uploads\/2018\/03\/u17-reprezentacija-bih-2.jpg\"><img loading=\"lazy\" decoding=\"async\" class=\"alignleft size-medium wp-image-101684\" src=\"https:\/\/www.prijedordanas.com\/wp-content\/uploads\/2018\/03\/u17-reprezentacija-bih-2-300x248.jpg\" alt=\"\" width=\"300\" height=\"248\" srcset=\"https:\/\/www.prijedordanas.com\/wp-content\/uploads\/2018\/03\/u17-reprezentacija-bih-2-300x248.jpg 300w, https:\/\/www.prijedordanas.com\/wp-content\/uploads\/2018\/03\/u17-reprezentacija-bih-2-100x83.jpg 100w, https:\/\/www.prijedordanas.com\/wp-content\/uploads\/2018\/03\/u17-reprezentacija-bih-2.jpg 605w\" sizes=\"(max-width: 300px) 100vw, 300px\" \/><\/a>U odlu\u010duju\u0107em me\u010du bh. igra\u010di su sa minimalnih 1:0 bili bolji od Danske \u0161to im je, uz remi Francuske i Austrije, donijelo prvo mjesto i plasman na novo Evropsko prvenstvo.<\/p>\n<p>Prema ocjenama onih koji su posmatrali ovaj kvalifikacioni turnir, jedan od najboljih u bh. selekciji bio je Luka Ka\u010davenda.<\/p>\n<p>Mladi Prijedor\u010danin bio je naro\u010dito siguran u posljednjem susretu kada je pri rezultatu 0:0 odbranio \u201ezicer\u201c protivni\u010dkom igra\u010du.<\/p>\n<p>-Svi u reprezentaciji smo presretni. Veliki je ovo uspjeh za na\u0161 fudbal. Nadam se da \u0107u biti dio tima koji \u0107e putovati u Englesku u maju mjesecu gdje \u0107emo dati sve od sebe da napravimo dobar rezultat. Sada se vra\u0107am klupskim obavezama u FK Vojvodina u \u017eelji za novim dokazivanjima \u2013 rekao nam je Luka Ka\u010davenda.<\/p>\n<p><a href=\"https:\/\/www.prijedordanas.com\/wp-content\/uploads\/2018\/03\/u17-reprezentacija-bih-3.jpg\"><img loading=\"lazy\" decoding=\"async\" class=\"alignleft size-medium wp-image-101685\" src=\"https:\/\/www.prijedordanas.com\/wp-content\/uploads\/2018\/03\/u17-reprezentacija-bih-3-300x228.jpg\" alt=\"\" width=\"300\" height=\"228\" srcset=\"https:\/\/www.prijedordanas.com\/wp-content\/uploads\/2018\/03\/u17-reprezentacija-bih-3-300x228.jpg 300w, https:\/\/www.prijedordanas.com\/wp-content\/uploads\/2018\/03\/u17-reprezentacija-bih-3-100x76.jpg 100w, https:\/\/www.prijedordanas.com\/wp-content\/uploads\/2018\/03\/u17-reprezentacija-bih-3.jpg 657w\" sizes=\"(max-width: 300px) 100vw, 300px\" \/><\/a>Podsje\u0107amo, on je pro\u0161ao sve uzrasne kategorije Rudar-Prijedora, sa kadetima je lani osvojio Omladinsku ligu BiH, nakon \u010dega je odlu\u010dio da svoju karijeru nastavi u Vojvodini.<\/p>\n<p>Ina\u010de, Luka Ka\u010davenda je ovim rezultatom postao prvi Prijedor\u010danin koji je na terenu izborio plasman na Evropsko prvenstvo u fudbalu u bilo kojoj uzrasnoj kategoriji(Prijedor\u010danin Idriz Ho\u0161i\u0107 jeste igrao za reprezentaciju Jugoslavije na Evropskom prvenstvu 1968.godine, ali nije igrao u kvalifikacijama), a sigurni smo da \u0107e se na\u0107i me\u0111u odabranim reprezentativcima koji \u0107e BiH predstavljati na ovom takmi\u010denju koje \u0107e biti odr\u017eano u Engleskoj od 4. do 20. maja ove godine.<\/p>\n<p>Tekst i foto &#8211; Aleksandar Drakuli\u0107 \u2013 <a href=\"https:\/\/www.prijedordanas.com\" target=\"_blank\" rel=\"noopener noreferrer\">www.prijedordanas.com<\/a><br \/>\nFoto \u2013 N\/FS BiH<\/p>\n<p><a href=\"https:\/\/www.prijedordanas.com\/wp-content\/uploads\/2017\/04\/luka-kacavenda.jpg\"><img loading=\"lazy\" decoding=\"async\" class=\"alignleft size-medium wp-image-78044\" src=\"https:\/\/www.prijedordanas.com\/wp-content\/uploads\/2017\/04\/luka-kacavenda-254x300.jpg\" alt=\"\" width=\"254\" height=\"300\" srcset=\"https:\/\/www.prijedordanas.com\/wp-content\/uploads\/2017\/04\/luka-kacavenda-254x300.jpg 254w, https:\/\/www.prijedordanas.com\/wp-content\/uploads\/2017\/04\/luka-kacavenda-85x100.jpg 85w, https:\/\/www.prijedordanas.com\/wp-content\/uploads\/2017\/04\/luka-kacavenda.jpg 508w\" sizes=\"(max-width: 254px) 100vw, 254px\" \/><\/a><\/p>\n","protected":false},"excerpt":{"rendered":"<p>\u0160esnaestogodi\u0161nji Luka Ka\u010davenda jo\u0161 jednom je pokazao svoje golmanske kvalitete nastupaju\u0107i za U-17 reprezentaciju Bosne i Hercegovine. Mladi Prijedor\u010danin dao je svoj puni doprinos i bio me\u0111u najzaslu\u017enijima za novi [&hellip;]<\/p>\n","protected":false},"author":1,"featured_media":0,"comment_status":"closed","ping_status":"open","sticky":false,"template":"","format":"standard","meta":{"_monsterinsights_skip_tracking":false,"_monsterinsights_sitenote_active":false,"_monsterinsights_sitenote_note":"","_monsterinsights_sitenote_category":0,"footnotes":""},"categories":[7],"tags":[2607],"yoast_head":"<!-- This site is optimized with the Yoast SEO plugin v21.6 - https:\/\/yoast.com\/wordpress\/plugins\/seo\/ -->\n<title>LUKA KA\u010cAVENDA PRVI PRIJEDOR\u010cANIN KOJI JE IZBORIO EVROPSKO PRVENSTVO U FUDBALU: U-17 REPREZENTACIJA BIH IDE U ENGLESKU - PrijedorDanas.com - Prijedorski gradski portal<\/title>\n<meta name=\"robots\" content=\"index, follow, max-snippet:-1, max-image-preview:large, max-video-preview:-1\" \/>\n<link rel=\"canonical\" href=\"https:\/\/www.prijedordanas.com\/?p=101681\" \/>\n<meta property=\"og:locale\" content=\"en_US\" \/>\n<meta property=\"og:type\" content=\"article\" \/>\n<meta property=\"og:title\" content=\"LUKA KA\u010cAVENDA PRVI PRIJEDOR\u010cANIN KOJI JE IZBORIO EVROPSKO PRVENSTVO U FUDBALU: U-17 REPREZENTACIJA BIH IDE U ENGLESKU - PrijedorDanas.com - Prijedorski gradski portal\" \/>\n<meta property=\"og:description\" content=\"\u0160esnaestogodi\u0161nji Luka Ka\u010davenda jo\u0161 jednom je pokazao svoje golmanske kvalitete nastupaju\u0107i za U-17 reprezentaciju Bosne i Hercegovine. Mladi Prijedor\u010danin dao je svoj puni doprinos i bio me\u0111u najzaslu\u017enijima za novi [&hellip;]\" \/>\n<meta property=\"og:url\" content=\"https:\/\/www.prijedordanas.com\/?p=101681\" \/>\n<meta property=\"og:site_name\" content=\"PrijedorDanas.com - Prijedorski gradski portal\" \/>\n<meta property=\"article:publisher\" content=\"https:\/\/www.facebook.com\/PrijedorDanasCom\/\" \/>\n<meta property=\"article:published_time\" content=\"2018-03-28T12:16:42+00:00\" \/>\n<meta property=\"article:modified_time\" content=\"2018-03-28T13:38:15+00:00\" \/>\n<meta property=\"og:image\" content=\"https:\/\/www.prijedordanas.com\/wp-content\/uploads\/2018\/03\/u17-reprezentacija-bih-1-300x236.jpg\" \/>\n<meta name=\"author\" content=\"admin\" \/>\n<meta name=\"twitter:card\" content=\"summary_large_image\" \/>\n<meta name=\"twitter:label1\" content=\"Written by\" \/>\n\t<meta name=\"twitter:data1\" content=\"admin\" \/>\n\t<meta name=\"twitter:label2\" content=\"Est. reading time\" \/>\n\t<meta name=\"twitter:data2\" content=\"2 minutes\" \/>\n<script type=\"application\/ld+json\" class=\"yoast-schema-graph\">{\"@context\":\"https:\/\/schema.org\",\"@graph\":[{\"@type\":\"Article\",\"@id\":\"https:\/\/www.prijedordanas.com\/?p=101681#article\",\"isPartOf\":{\"@id\":\"https:\/\/www.prijedordanas.com\/?p=101681\"},\"author\":{\"name\":\"admin\",\"@id\":\"https:\/\/www.prijedordanas.com\/#\/schema\/person\/4e08ccf29b506ca916ff86d46bb700e6\"},\"headline\":\"LUKA KA\u010cAVENDA PRVI PRIJEDOR\u010cANIN KOJI JE IZBORIO EVROPSKO PRVENSTVO U FUDBALU: U-17 REPREZENTACIJA BIH IDE U ENGLESKU\",\"datePublished\":\"2018-03-28T12:16:42+00:00\",\"dateModified\":\"2018-03-28T13:38:15+00:00\",\"mainEntityOfPage\":{\"@id\":\"https:\/\/www.prijedordanas.com\/?p=101681\"},\"wordCount\":360,\"publisher\":{\"@id\":\"https:\/\/www.prijedordanas.com\/#organization\"},\"keywords\":[\"Luka Ka\u010davenda\"],\"articleSection\":[\"Sport\"],\"inLanguage\":\"en-US\"},{\"@type\":\"WebPage\",\"@id\":\"https:\/\/www.prijedordanas.com\/?p=101681\",\"url\":\"https:\/\/www.prijedordanas.com\/?p=101681\",\"name\":\"LUKA KA\u010cAVENDA PRVI PRIJEDOR\u010cANIN KOJI JE IZBORIO EVROPSKO PRVENSTVO U FUDBALU: U-17 REPREZENTACIJA BIH IDE U ENGLESKU - PrijedorDanas.com - Prijedorski gradski portal\",\"isPartOf\":{\"@id\":\"https:\/\/www.prijedordanas.com\/#website\"},\"datePublished\":\"2018-03-28T12:16:42+00:00\",\"dateModified\":\"2018-03-28T13:38:15+00:00\",\"breadcrumb\":{\"@id\":\"https:\/\/www.prijedordanas.com\/?p=101681#breadcrumb\"},\"inLanguage\":\"en-US\",\"potentialAction\":[{\"@type\":\"ReadAction\",\"target\":[\"https:\/\/www.prijedordanas.com\/?p=101681\"]}]},{\"@type\":\"BreadcrumbList\",\"@id\":\"https:\/\/www.prijedordanas.com\/?p=101681#breadcrumb\",\"itemListElement\":[{\"@type\":\"ListItem\",\"position\":1,\"name\":\"Home\",\"item\":\"https:\/\/www.prijedordanas.com\/\"},{\"@type\":\"ListItem\",\"position\":2,\"name\":\"LUKA KA\u010cAVENDA PRVI PRIJEDOR\u010cANIN KOJI JE IZBORIO EVROPSKO PRVENSTVO U FUDBALU: U-17 REPREZENTACIJA BIH IDE U ENGLESKU\"}]},{\"@type\":\"WebSite\",\"@id\":\"https:\/\/www.prijedordanas.com\/#website\",\"url\":\"https:\/\/www.prijedordanas.com\/\",\"name\":\"PrijedorDanas.com - Prijedorski gradski portal\",\"description\":\"Portal o doga\u0111anjima u gradu Prijedoru\",\"publisher\":{\"@id\":\"https:\/\/www.prijedordanas.com\/#organization\"},\"potentialAction\":[{\"@type\":\"SearchAction\",\"target\":{\"@type\":\"EntryPoint\",\"urlTemplate\":\"https:\/\/www.prijedordanas.com\/?s={search_term_string}\"},\"query-input\":\"required name=search_term_string\"}],\"inLanguage\":\"en-US\"},{\"@type\":\"Organization\",\"@id\":\"https:\/\/www.prijedordanas.com\/#organization\",\"name\":\"PrijedorDanas.com\",\"url\":\"https:\/\/www.prijedordanas.com\/\",\"logo\":{\"@type\":\"ImageObject\",\"inLanguage\":\"en-US\",\"@id\":\"https:\/\/www.prijedordanas.com\/#\/schema\/logo\/image\/\",\"url\":\"http:\/\/www.prijedordanas.com\/wp-content\/uploads\/2021\/12\/logopng.png\",\"contentUrl\":\"http:\/\/www.prijedordanas.com\/wp-content\/uploads\/2021\/12\/logopng.png\",\"width\":1019,\"height\":776,\"caption\":\"PrijedorDanas.com\"},\"image\":{\"@id\":\"https:\/\/www.prijedordanas.com\/#\/schema\/logo\/image\/\"},\"sameAs\":[\"https:\/\/www.facebook.com\/PrijedorDanasCom\/\"]},{\"@type\":\"Person\",\"@id\":\"https:\/\/www.prijedordanas.com\/#\/schema\/person\/4e08ccf29b506ca916ff86d46bb700e6\",\"name\":\"admin\",\"image\":{\"@type\":\"ImageObject\",\"inLanguage\":\"en-US\",\"@id\":\"https:\/\/www.prijedordanas.com\/#\/schema\/person\/image\/\",\"url\":\"https:\/\/secure.gravatar.com\/avatar\/1d3fc949d550f0b53a5f0d51e06dfd79?s=96&d=mm&r=g\",\"contentUrl\":\"https:\/\/secure.gravatar.com\/avatar\/1d3fc949d550f0b53a5f0d51e06dfd79?s=96&d=mm&r=g\",\"caption\":\"admin\"},\"url\":\"https:\/\/www.prijedordanas.com\/?author=1\"}]}<\/script>\n<!-- \/ Yoast SEO plugin. -->","yoast_head_json":{"title":"LUKA KA\u010cAVENDA PRVI PRIJEDOR\u010cANIN KOJI JE IZBORIO EVROPSKO PRVENSTVO U FUDBALU: U-17 REPREZENTACIJA BIH IDE U ENGLESKU - PrijedorDanas.com - Prijedorski gradski portal","robots":{"index":"index","follow":"follow","max-snippet":"max-snippet:-1","max-image-preview":"max-image-preview:large","max-video-preview":"max-video-preview:-1"},"canonical":"https:\/\/www.prijedordanas.com\/?p=101681","og_locale":"en_US","og_type":"article","og_title":"LUKA KA\u010cAVENDA PRVI PRIJEDOR\u010cANIN KOJI JE IZBORIO EVROPSKO PRVENSTVO U FUDBALU: U-17 REPREZENTACIJA BIH IDE U ENGLESKU - PrijedorDanas.com - Prijedorski gradski portal","og_description":"\u0160esnaestogodi\u0161nji Luka Ka\u010davenda jo\u0161 jednom je pokazao svoje golmanske kvalitete nastupaju\u0107i za U-17 reprezentaciju Bosne i Hercegovine. Mladi Prijedor\u010danin dao je svoj puni doprinos i bio me\u0111u najzaslu\u017enijima za novi [&hellip;]","og_url":"https:\/\/www.prijedordanas.com\/?p=101681","og_site_name":"PrijedorDanas.com - Prijedorski gradski portal","article_publisher":"https:\/\/www.facebook.com\/PrijedorDanasCom\/","article_published_time":"2018-03-28T12:16:42+00:00","article_modified_time":"2018-03-28T13:38:15+00:00","og_image":[{"url":"https:\/\/www.prijedordanas.com\/wp-content\/uploads\/2018\/03\/u17-reprezentacija-bih-1-300x236.jpg"}],"author":"admin","twitter_card":"summary_large_image","twitter_misc":{"Written by":"admin","Est. reading time":"2 minutes"},"schema":{"@context":"https:\/\/schema.org","@graph":[{"@type":"Article","@id":"https:\/\/www.prijedordanas.com\/?p=101681#article","isPartOf":{"@id":"https:\/\/www.prijedordanas.com\/?p=101681"},"author":{"name":"admin","@id":"https:\/\/www.prijedordanas.com\/#\/schema\/person\/4e08ccf29b506ca916ff86d46bb700e6"},"headline":"LUKA KA\u010cAVENDA PRVI PRIJEDOR\u010cANIN KOJI JE IZBORIO EVROPSKO PRVENSTVO U FUDBALU: U-17 REPREZENTACIJA BIH IDE U ENGLESKU","datePublished":"2018-03-28T12:16:42+00:00","dateModified":"2018-03-28T13:38:15+00:00","mainEntityOfPage":{"@id":"https:\/\/www.prijedordanas.com\/?p=101681"},"wordCount":360,"publisher":{"@id":"https:\/\/www.prijedordanas.com\/#organization"},"keywords":["Luka Ka\u010davenda"],"articleSection":["Sport"],"inLanguage":"en-US"},{"@type":"WebPage","@id":"https:\/\/www.prijedordanas.com\/?p=101681","url":"https:\/\/www.prijedordanas.com\/?p=101681","name":"LUKA KA\u010cAVENDA PRVI PRIJEDOR\u010cANIN KOJI JE IZBORIO EVROPSKO PRVENSTVO U FUDBALU: U-17 REPREZENTACIJA BIH IDE U ENGLESKU - PrijedorDanas.com - Prijedorski gradski portal","isPartOf":{"@id":"https:\/\/www.prijedordanas.com\/#website"},"datePublished":"2018-03-28T12:16:42+00:00","dateModified":"2018-03-28T13:38:15+00:00","breadcrumb":{"@id":"https:\/\/www.prijedordanas.com\/?p=101681#breadcrumb"},"inLanguage":"en-US","potentialAction":[{"@type":"ReadAction","target":["https:\/\/www.prijedordanas.com\/?p=101681"]}]},{"@type":"BreadcrumbList","@id":"https:\/\/www.prijedordanas.com\/?p=101681#breadcrumb","itemListElement":[{"@type":"ListItem","position":1,"name":"Home","item":"https:\/\/www.prijedordanas.com\/"},{"@type":"ListItem","position":2,"name":"LUKA KA\u010cAVENDA PRVI PRIJEDOR\u010cANIN KOJI JE IZBORIO EVROPSKO PRVENSTVO U FUDBALU: U-17 REPREZENTACIJA BIH IDE U ENGLESKU"}]},{"@type":"WebSite","@id":"https:\/\/www.prijedordanas.com\/#website","url":"https:\/\/www.prijedordanas.com\/","name":"PrijedorDanas.com - Prijedorski gradski portal","description":"Portal o doga\u0111anjima u gradu Prijedoru","publisher":{"@id":"https:\/\/www.prijedordanas.com\/#organization"},"potentialAction":[{"@type":"SearchAction","target":{"@type":"EntryPoint","urlTemplate":"https:\/\/www.prijedordanas.com\/?s={search_term_string}"},"query-input":"required name=search_term_string"}],"inLanguage":"en-US"},{"@type":"Organization","@id":"https:\/\/www.prijedordanas.com\/#organization","name":"PrijedorDanas.com","url":"https:\/\/www.prijedordanas.com\/","logo":{"@type":"ImageObject","inLanguage":"en-US","@id":"https:\/\/www.prijedordanas.com\/#\/schema\/logo\/image\/","url":"http:\/\/www.prijedordanas.com\/wp-content\/uploads\/2021\/12\/logopng.png","contentUrl":"http:\/\/www.prijedordanas.com\/wp-content\/uploads\/2021\/12\/logopng.png","width":1019,"height":776,"caption":"PrijedorDanas.com"},"image":{"@id":"https:\/\/www.prijedordanas.com\/#\/schema\/logo\/image\/"},"sameAs":["https:\/\/www.facebook.com\/PrijedorDanasCom\/"]},{"@type":"Person","@id":"https:\/\/www.prijedordanas.com\/#\/schema\/person\/4e08ccf29b506ca916ff86d46bb700e6","name":"admin","image":{"@type":"ImageObject","inLanguage":"en-US","@id":"https:\/\/www.prijedordanas.com\/#\/schema\/person\/image\/","url":"https:\/\/secure.gravatar.com\/avatar\/1d3fc949d550f0b53a5f0d51e06dfd79?s=96&d=mm&r=g","contentUrl":"https:\/\/secure.gravatar.com\/avatar\/1d3fc949d550f0b53a5f0d51e06dfd79?s=96&d=mm&r=g","caption":"admin"},"url":"https:\/\/www.prijedordanas.com\/?author=1"}]}},"_links":{"self":[{"href":"https:\/\/www.prijedordanas.com\/index.php?rest_route=\/wp\/v2\/posts\/101681"}],"collection":[{"href":"https:\/\/www.prijedordanas.com\/index.php?rest_route=\/wp\/v2\/posts"}],"about":[{"href":"https:\/\/www.prijedordanas.com\/index.php?rest_route=\/wp\/v2\/types\/post"}],"author":[{"embeddable":true,"href":"https:\/\/www.prijedordanas.com\/index.php?rest_route=\/wp\/v2\/users\/1"}],"replies":[{"embeddable":true,"href":"https:\/\/www.prijedordanas.com\/index.php?rest_route=%2Fwp%2Fv2%2Fcomments&post=101681"}],"version-history":[{"count":3,"href":"https:\/\/www.prijedordanas.com\/index.php?rest_route=\/wp\/v2\/posts\/101681\/revisions"}],"predecessor-version":[{"id":101700,"href":"https:\/\/www.prijedordanas.com\/index.php?rest_route=\/wp\/v2\/posts\/101681\/revisions\/101700"}],"wp:attachment":[{"href":"https:\/\/www.prijedordanas.com\/index.php?rest_route=%2Fwp%2Fv2%2Fmedia&parent=101681"}],"wp:term":[{"taxonomy":"category","embeddable":true,"href":"https:\/\/www.prijedordanas.com\/index.php?rest_route=%2Fwp%2Fv2%2Fcategories&post=101681"},{"taxonomy":"post_tag","embeddable":true,"href":"https:\/\/www.prijedordanas.com\/index.php?rest_route=%2Fwp%2Fv2%2Ftags&post=101681"}],"curies":[{"name":"wp","href":"https:\/\/api.w.org\/{rel}","templated":true}]}}