{"id":101274,"date":"2018-03-25T08:56:29","date_gmt":"2018-03-25T06:56:29","guid":{"rendered":"https:\/\/www.prijedordanas.com\/?p=101274"},"modified":"2018-03-25T08:56:29","modified_gmt":"2018-03-25T06:56:29","slug":"konkurs-za-posao-gimnazija-sveti-sava-prijedor-prima-radnika","status":"publish","type":"post","link":"https:\/\/www.prijedordanas.com\/?p=101274","title":{"rendered":"KONKURS ZA POSAO: GIMNAZIJA \u201cSVETI SAVA\u201d PRIJEDOR PRIMA RADNIKA"},"content":{"rendered":"<p><a href=\"https:\/\/www.prijedordanas.com\/wp-content\/uploads\/2017\/12\/ilustracija-profesor-srednja-skola-2.jpg\"><img loading=\"lazy\" decoding=\"async\" src=\"https:\/\/www.prijedordanas.com\/wp-content\/uploads\/2017\/12\/ilustracija-profesor-srednja-skola-2-300x217.jpg\" alt=\"\" width=\"300\" height=\"217\" class=\"alignleft size-medium wp-image-93739\" srcset=\"https:\/\/www.prijedordanas.com\/wp-content\/uploads\/2017\/12\/ilustracija-profesor-srednja-skola-2-300x217.jpg 300w, https:\/\/www.prijedordanas.com\/wp-content\/uploads\/2017\/12\/ilustracija-profesor-srednja-skola-2-100x72.jpg 100w, https:\/\/www.prijedordanas.com\/wp-content\/uploads\/2017\/12\/ilustracija-profesor-srednja-skola-2.jpg 690w\" sizes=\"(max-width: 300px) 100vw, 300px\" \/><\/a>Profesor geografije &#8211; GIMNAZIJA \u201cSVETI SAVA\u201d PRIJEDOR<\/p>\n<p>Oblast: Obrazovanje<br \/>\nRad na: Odre\u0111eno vrijeme<br \/>\nRegija: Prijedor<br \/>\nOtvoreno do: 29.03.2018.<br \/>\nBroj izvr\u0161ilaca: 1<\/p>\n<p>OPIS RADNOG MJESTA<br \/>\nProfesor geografije 4 \u010dasa, 1 izvr\u0161ilac na odre\u0111eno vrijeme, do povratka radnika sa bolovanja a najdu\u017ee do 31.08.2018. godine,<\/p>\n<p>OP\u0160TI I POSEBNI USLOVI ZA PRIJEM U RADNI ODNOS<br \/>\n-Za radno mjesto pod rednim brojem 1. u radni odnos se prima lice sa radnim iskustvom i polo\u017eenim stru\u010dnim ispitom za rad u vaspitno-obrazovnom procesu.<br \/>\n-Radni odnos se zasniva po okon\u010danju konkursnog postupka.<br \/>\nZa ispunjavanje op\u0161tih i posebnih uslova, kandidati moraju prilo\u017eiti sljedec\u0301u dokumentaciju:<\/p>\n<p>I Op\u0161ti uslovi koje kandidati treba da ispunjavaju prilikom prijavljivanja na javni konkurs su:<br \/>\n1) da je dr\u017eavljanin Republike Srpske ili Bosne i Hercegovine, a to se dokazuje, uvjerenjem o dr\u017eavljanstvu;<br \/>\n2) da je punoljetan, a to se dokazuje, izvodom iz mati\u010dne knjige ro\u0111enih ili kopijom li\u010dne karte;<br \/>\n3) da je radno sposoban, a to se dokazuje, ljekarskim uvjerenjem, koje ne mo\u017ee biti starije od \u0161est mjeseci i koje prila\u017ee samo izabrani kandidat, nakon izvr\u0161enog izbora po konkursu, a prije zasnivanja radnog odnosa;<br \/>\n4) da nije osu\u0111ivan pravosna\u017enom presudom za krivi\u010dna djela u\u010dinjena protiv dostojanstva li\u010dnosti, morala, slu\u017ebene du\u017enosti, trgovine ljudima, zlostavljanja djeteta, polnog i drugog nasilja nad djetetom ili maloljetnim licem. Uvjerenje o neosu\u0111ivanosti \u0160kola pribavlja slu\u017ebenim putem za izabranog kandidata, a prije zasnivanja radnog odnosa.<\/p>\n<p>II Posebni uslovi u skladu sa \u010dlanom 75. Zakona o srednjem obrazovanju i vaspitanju, (\u201e Sl. glasnik Republike Srpske\u201d broj: 74\/08,106\/09 104\/11 i 33\/14) i \u010dlanova 2 i 3. Pravilnika o vrsti stru\u010dne spreme nastavnika i stru\u010dnih saradnika u Gimnaziji( Sl. glasnik Republike Srpske 34\/15, 83\/15) kandidati su obavezni dostaviti:<br \/>\n1.Ovjerenu foto-kopiju diplome o zavr\u0161enom prvom ciklusu studijskog programa u \u010detvorogodi\u0161njem trajanju i ostvarenih najmanje ( 240 ECTS bodova) i imaju stru\u010dno zvanje:<\/p>\n<p>1) geografija<br \/>\n&#8211; profesor geografije,<br \/>\n&#8211; diplomirani geograf.<\/p>\n<p>Uz prijavu (potpisanu od strane kandidata koji se prijavljuje na javni konkurs i dokumentaciju iz \u010dlana 7. Pravilnika potrebno je dostaviti dokumentaciju na osnovu koje se dokazuje ispunjenost posebnih uslova i dokumentaciju na osnovu koje se vr\u0161i bodovanje po kriterijumima iz \u010dlana 9. Pravilnika.<br \/>\n1.Ovjerena foto-kopija diplome o zavr\u0161enom prvom ciklusu studijskog programa u \u010detvorogodi\u0161njem trajanju sa ostvarenih najmanje 240 ECTS bodova u kojoj je navedeno stru\u010dno zvanje u odre\u0111enoj oblasti ili ekvivalent.<br \/>\n2.Uvjerenje o polo\u017eenom stru\u010dnom ispitu za rad u vaspitno-obrazovnom procesu.<br \/>\n3. Dodatak diplomi, koji sadr\u017ei podatke o prosjeku ocjena tokom studiranja ili uvjerenje visoko\u0161kolske ustanove o prosjeku ocjena tokom studiranja, ako u diplomi ne postoje podaci o prosjeku ocjena;<br \/>\n4.Uvjerenje izdato od Zavoda za zapo\u0161ljavanje na podru\u010dju jedinice lokalne samouprave gdje je kandidat prijavljen o vremenu provedenom na evidenciji nezaposlenih lica, a nakon sticanja stru\u010dne spreme tra\u017eene konkursom ,<br \/>\n5.Uvjerenje o radnom sta\u017eu izdato od ranijeg poslodavca kod kojeg je kandidat bio zaposlen na radnom mjestu koje odgovara stru\u010dnoj spremi koja se tra\u017ei ovim konkursom. Uvjerenje treba da sadr\u017ei podatke propisane \u010dlanom 19. Pravilnika .<br \/>\n6.Uvjerenje op\u0161tinskog\/gradskog organa uprave nadle\u017enog za bora\u010dko- invalidsku za\u0161titu o utvr\u0111enom statusu \u010dlana porodice poginulog borca Odbrambeno-otad\u017ebinskog rata Republike Srpske, ukoliko se radi o kandidatu iz kategorije porodice poginulog borca.<br \/>\n7.Uvjerenje op\u0161tinskog\/gradskog organa uprave nadle\u017enog za bora\u010dko- invalidsku za\u0161titu o utvr\u0111enom statusu ratnog vojnog invalida Odbrambeno-otad\u017ebinskog rata Republike Srpske, ukoliko se radi o kandidatu iz kategorije ratnog vojnog invalida.<br \/>\n8.Uvjerenje op\u0161tinskog\/gradskog organa uprave nadle\u017enog za bora\u010dko- invalidsku za\u0161titu o utvr\u0111enom statusu borca Odbrambeno-otad\u017ebinskog rata Republike Srpske, ukoliko se radi o kandidatu iz kategorije borca.<\/p>\n<p>&#8211; Kandidati su du\u017eni dostaviti ovjerene kopije svih dokumenata i te kopije nec\u0301e biti vrac\u0301ene kandidatima.<br \/>\n&#8211; Testiranje i intervju sa kandidatima koji su dostavili potpune i blagovremene prijave, te ispunjavaju uslove konkursa c\u0301e se obaviti dana 10.04.2018. godine u prostorijama \u0160kole.<br \/>\n-Testiranje kandidata c\u0301e se obaviti u 10:00 \u010dasova<br \/>\n-Intervju sa kandidatima u 11:00 \u010dasova.<br \/>\nPrijavljeni kandidati nec\u0301e se posebno pozivati na testiranje i intervju; a ukoliko se ne pojave na testiranju ili intervjuu, smatrac\u0301e se da su odsutali od prijave na konkurs.<br \/>\n&#8211; Nepotpune i neblagovremene prijave nec\u0301e biti razmatrane.<br \/>\n&#8211; Konkurs je otvoren 8 dana od dana javnog objavljivanja.<br \/>\n&#8211; Li\u010dno potpisane prijave sa dokazima o ispunjavanju op\u0161tih i posebnih uslova konkursa dostaviti u zatvorenoj koverti. Na koverti obavezno nazna\u010diti: JU Gimnazija \u201cSveti Sava\u201d Prijedor, Ul. Nikole Pa\u0161ic\u0301a br. 6. 79101 Prijedor &#8211; Komisiji za izbor (navesti, radno mjesto na koje se konkuri\u0161e). Prijave se mogu dostaviti li\u010dno na protokol \u0160kole ili putem po\u0161te.<\/p>\n<p>Zavod za zapo\u0161ljavanje RS<br \/>\nFoto \u2013 ilustracija<\/p>\n","protected":false},"excerpt":{"rendered":"<p>Profesor geografije &#8211; GIMNAZIJA \u201cSVETI SAVA\u201d PRIJEDOR Oblast: Obrazovanje Rad na: Odre\u0111eno vrijeme Regija: Prijedor Otvoreno do: 29.03.2018. Broj izvr\u0161ilaca: 1 OPIS RADNOG MJESTA Profesor geografije 4 \u010dasa, 1 izvr\u0161ilac [&hellip;]<\/p>\n","protected":false},"author":1,"featured_media":0,"comment_status":"closed","ping_status":"open","sticky":false,"template":"","format":"standard","meta":{"_monsterinsights_skip_tracking":false,"_monsterinsights_sitenote_active":false,"_monsterinsights_sitenote_note":"","_monsterinsights_sitenote_category":0,"footnotes":""},"categories":[7519],"tags":[597],"yoast_head":"<!-- This site is optimized with the Yoast SEO plugin v21.6 - https:\/\/yoast.com\/wordpress\/plugins\/seo\/ -->\n<title>KONKURS ZA POSAO: GIMNAZIJA \u201cSVETI SAVA\u201d PRIJEDOR PRIMA RADNIKA - PrijedorDanas.com - Prijedorski gradski portal<\/title>\n<meta name=\"robots\" content=\"index, follow, max-snippet:-1, max-image-preview:large, max-video-preview:-1\" \/>\n<link rel=\"canonical\" href=\"https:\/\/www.prijedordanas.com\/?p=101274\" \/>\n<meta property=\"og:locale\" content=\"en_US\" \/>\n<meta property=\"og:type\" content=\"article\" \/>\n<meta property=\"og:title\" content=\"KONKURS ZA POSAO: GIMNAZIJA \u201cSVETI SAVA\u201d PRIJEDOR PRIMA RADNIKA - PrijedorDanas.com - Prijedorski gradski portal\" \/>\n<meta property=\"og:description\" content=\"Profesor geografije &#8211; GIMNAZIJA \u201cSVETI SAVA\u201d PRIJEDOR Oblast: Obrazovanje Rad na: Odre\u0111eno vrijeme Regija: Prijedor Otvoreno do: 29.03.2018. Broj izvr\u0161ilaca: 1 OPIS RADNOG MJESTA Profesor geografije 4 \u010dasa, 1 izvr\u0161ilac [&hellip;]\" \/>\n<meta property=\"og:url\" content=\"https:\/\/www.prijedordanas.com\/?p=101274\" \/>\n<meta property=\"og:site_name\" content=\"PrijedorDanas.com - Prijedorski gradski portal\" \/>\n<meta property=\"article:publisher\" content=\"https:\/\/www.facebook.com\/PrijedorDanasCom\/\" \/>\n<meta property=\"article:published_time\" content=\"2018-03-25T06:56:29+00:00\" \/>\n<meta property=\"og:image\" content=\"https:\/\/www.prijedordanas.com\/wp-content\/uploads\/2017\/12\/ilustracija-profesor-srednja-skola-2-300x217.jpg\" \/>\n<meta name=\"author\" content=\"admin\" \/>\n<meta name=\"twitter:card\" content=\"summary_large_image\" \/>\n<meta name=\"twitter:label1\" content=\"Written by\" \/>\n\t<meta name=\"twitter:data1\" content=\"admin\" \/>\n\t<meta name=\"twitter:label2\" content=\"Est. reading time\" \/>\n\t<meta name=\"twitter:data2\" content=\"4 minutes\" \/>\n<script type=\"application\/ld+json\" class=\"yoast-schema-graph\">{\"@context\":\"https:\/\/schema.org\",\"@graph\":[{\"@type\":\"Article\",\"@id\":\"https:\/\/www.prijedordanas.com\/?p=101274#article\",\"isPartOf\":{\"@id\":\"https:\/\/www.prijedordanas.com\/?p=101274\"},\"author\":{\"name\":\"admin\",\"@id\":\"https:\/\/www.prijedordanas.com\/#\/schema\/person\/4e08ccf29b506ca916ff86d46bb700e6\"},\"headline\":\"KONKURS ZA POSAO: GIMNAZIJA \u201cSVETI SAVA\u201d PRIJEDOR PRIMA RADNIKA\",\"datePublished\":\"2018-03-25T06:56:29+00:00\",\"dateModified\":\"2018-03-25T06:56:29+00:00\",\"mainEntityOfPage\":{\"@id\":\"https:\/\/www.prijedordanas.com\/?p=101274\"},\"wordCount\":793,\"publisher\":{\"@id\":\"https:\/\/www.prijedordanas.com\/#organization\"},\"keywords\":[\"posao\"],\"articleSection\":[\"Posao\"],\"inLanguage\":\"en-US\"},{\"@type\":\"WebPage\",\"@id\":\"https:\/\/www.prijedordanas.com\/?p=101274\",\"url\":\"https:\/\/www.prijedordanas.com\/?p=101274\",\"name\":\"KONKURS ZA POSAO: GIMNAZIJA \u201cSVETI SAVA\u201d PRIJEDOR PRIMA RADNIKA - PrijedorDanas.com - Prijedorski gradski portal\",\"isPartOf\":{\"@id\":\"https:\/\/www.prijedordanas.com\/#website\"},\"datePublished\":\"2018-03-25T06:56:29+00:00\",\"dateModified\":\"2018-03-25T06:56:29+00:00\",\"breadcrumb\":{\"@id\":\"https:\/\/www.prijedordanas.com\/?p=101274#breadcrumb\"},\"inLanguage\":\"en-US\",\"potentialAction\":[{\"@type\":\"ReadAction\",\"target\":[\"https:\/\/www.prijedordanas.com\/?p=101274\"]}]},{\"@type\":\"BreadcrumbList\",\"@id\":\"https:\/\/www.prijedordanas.com\/?p=101274#breadcrumb\",\"itemListElement\":[{\"@type\":\"ListItem\",\"position\":1,\"name\":\"Home\",\"item\":\"https:\/\/www.prijedordanas.com\/\"},{\"@type\":\"ListItem\",\"position\":2,\"name\":\"KONKURS ZA POSAO: GIMNAZIJA \u201cSVETI SAVA\u201d PRIJEDOR PRIMA RADNIKA\"}]},{\"@type\":\"WebSite\",\"@id\":\"https:\/\/www.prijedordanas.com\/#website\",\"url\":\"https:\/\/www.prijedordanas.com\/\",\"name\":\"PrijedorDanas.com - Prijedorski gradski portal\",\"description\":\"Portal o doga\u0111anjima u gradu Prijedoru\",\"publisher\":{\"@id\":\"https:\/\/www.prijedordanas.com\/#organization\"},\"potentialAction\":[{\"@type\":\"SearchAction\",\"target\":{\"@type\":\"EntryPoint\",\"urlTemplate\":\"https:\/\/www.prijedordanas.com\/?s={search_term_string}\"},\"query-input\":\"required name=search_term_string\"}],\"inLanguage\":\"en-US\"},{\"@type\":\"Organization\",\"@id\":\"https:\/\/www.prijedordanas.com\/#organization\",\"name\":\"PrijedorDanas.com\",\"url\":\"https:\/\/www.prijedordanas.com\/\",\"logo\":{\"@type\":\"ImageObject\",\"inLanguage\":\"en-US\",\"@id\":\"https:\/\/www.prijedordanas.com\/#\/schema\/logo\/image\/\",\"url\":\"http:\/\/www.prijedordanas.com\/wp-content\/uploads\/2021\/12\/logopng.png\",\"contentUrl\":\"http:\/\/www.prijedordanas.com\/wp-content\/uploads\/2021\/12\/logopng.png\",\"width\":1019,\"height\":776,\"caption\":\"PrijedorDanas.com\"},\"image\":{\"@id\":\"https:\/\/www.prijedordanas.com\/#\/schema\/logo\/image\/\"},\"sameAs\":[\"https:\/\/www.facebook.com\/PrijedorDanasCom\/\"]},{\"@type\":\"Person\",\"@id\":\"https:\/\/www.prijedordanas.com\/#\/schema\/person\/4e08ccf29b506ca916ff86d46bb700e6\",\"name\":\"admin\",\"image\":{\"@type\":\"ImageObject\",\"inLanguage\":\"en-US\",\"@id\":\"https:\/\/www.prijedordanas.com\/#\/schema\/person\/image\/\",\"url\":\"https:\/\/secure.gravatar.com\/avatar\/1d3fc949d550f0b53a5f0d51e06dfd79?s=96&d=mm&r=g\",\"contentUrl\":\"https:\/\/secure.gravatar.com\/avatar\/1d3fc949d550f0b53a5f0d51e06dfd79?s=96&d=mm&r=g\",\"caption\":\"admin\"},\"url\":\"https:\/\/www.prijedordanas.com\/?author=1\"}]}<\/script>\n<!-- \/ Yoast SEO plugin. -->","yoast_head_json":{"title":"KONKURS ZA POSAO: GIMNAZIJA \u201cSVETI SAVA\u201d PRIJEDOR PRIMA RADNIKA - PrijedorDanas.com - Prijedorski gradski portal","robots":{"index":"index","follow":"follow","max-snippet":"max-snippet:-1","max-image-preview":"max-image-preview:large","max-video-preview":"max-video-preview:-1"},"canonical":"https:\/\/www.prijedordanas.com\/?p=101274","og_locale":"en_US","og_type":"article","og_title":"KONKURS ZA POSAO: GIMNAZIJA \u201cSVETI SAVA\u201d PRIJEDOR PRIMA RADNIKA - PrijedorDanas.com - Prijedorski gradski portal","og_description":"Profesor geografije &#8211; GIMNAZIJA \u201cSVETI SAVA\u201d PRIJEDOR Oblast: Obrazovanje Rad na: Odre\u0111eno vrijeme Regija: Prijedor Otvoreno do: 29.03.2018. Broj izvr\u0161ilaca: 1 OPIS RADNOG MJESTA Profesor geografije 4 \u010dasa, 1 izvr\u0161ilac [&hellip;]","og_url":"https:\/\/www.prijedordanas.com\/?p=101274","og_site_name":"PrijedorDanas.com - Prijedorski gradski portal","article_publisher":"https:\/\/www.facebook.com\/PrijedorDanasCom\/","article_published_time":"2018-03-25T06:56:29+00:00","og_image":[{"url":"https:\/\/www.prijedordanas.com\/wp-content\/uploads\/2017\/12\/ilustracija-profesor-srednja-skola-2-300x217.jpg"}],"author":"admin","twitter_card":"summary_large_image","twitter_misc":{"Written by":"admin","Est. reading time":"4 minutes"},"schema":{"@context":"https:\/\/schema.org","@graph":[{"@type":"Article","@id":"https:\/\/www.prijedordanas.com\/?p=101274#article","isPartOf":{"@id":"https:\/\/www.prijedordanas.com\/?p=101274"},"author":{"name":"admin","@id":"https:\/\/www.prijedordanas.com\/#\/schema\/person\/4e08ccf29b506ca916ff86d46bb700e6"},"headline":"KONKURS ZA POSAO: GIMNAZIJA \u201cSVETI SAVA\u201d PRIJEDOR PRIMA RADNIKA","datePublished":"2018-03-25T06:56:29+00:00","dateModified":"2018-03-25T06:56:29+00:00","mainEntityOfPage":{"@id":"https:\/\/www.prijedordanas.com\/?p=101274"},"wordCount":793,"publisher":{"@id":"https:\/\/www.prijedordanas.com\/#organization"},"keywords":["posao"],"articleSection":["Posao"],"inLanguage":"en-US"},{"@type":"WebPage","@id":"https:\/\/www.prijedordanas.com\/?p=101274","url":"https:\/\/www.prijedordanas.com\/?p=101274","name":"KONKURS ZA POSAO: GIMNAZIJA \u201cSVETI SAVA\u201d PRIJEDOR PRIMA RADNIKA - PrijedorDanas.com - Prijedorski gradski portal","isPartOf":{"@id":"https:\/\/www.prijedordanas.com\/#website"},"datePublished":"2018-03-25T06:56:29+00:00","dateModified":"2018-03-25T06:56:29+00:00","breadcrumb":{"@id":"https:\/\/www.prijedordanas.com\/?p=101274#breadcrumb"},"inLanguage":"en-US","potentialAction":[{"@type":"ReadAction","target":["https:\/\/www.prijedordanas.com\/?p=101274"]}]},{"@type":"BreadcrumbList","@id":"https:\/\/www.prijedordanas.com\/?p=101274#breadcrumb","itemListElement":[{"@type":"ListItem","position":1,"name":"Home","item":"https:\/\/www.prijedordanas.com\/"},{"@type":"ListItem","position":2,"name":"KONKURS ZA POSAO: GIMNAZIJA \u201cSVETI SAVA\u201d PRIJEDOR PRIMA RADNIKA"}]},{"@type":"WebSite","@id":"https:\/\/www.prijedordanas.com\/#website","url":"https:\/\/www.prijedordanas.com\/","name":"PrijedorDanas.com - Prijedorski gradski portal","description":"Portal o doga\u0111anjima u gradu Prijedoru","publisher":{"@id":"https:\/\/www.prijedordanas.com\/#organization"},"potentialAction":[{"@type":"SearchAction","target":{"@type":"EntryPoint","urlTemplate":"https:\/\/www.prijedordanas.com\/?s={search_term_string}"},"query-input":"required name=search_term_string"}],"inLanguage":"en-US"},{"@type":"Organization","@id":"https:\/\/www.prijedordanas.com\/#organization","name":"PrijedorDanas.com","url":"https:\/\/www.prijedordanas.com\/","logo":{"@type":"ImageObject","inLanguage":"en-US","@id":"https:\/\/www.prijedordanas.com\/#\/schema\/logo\/image\/","url":"http:\/\/www.prijedordanas.com\/wp-content\/uploads\/2021\/12\/logopng.png","contentUrl":"http:\/\/www.prijedordanas.com\/wp-content\/uploads\/2021\/12\/logopng.png","width":1019,"height":776,"caption":"PrijedorDanas.com"},"image":{"@id":"https:\/\/www.prijedordanas.com\/#\/schema\/logo\/image\/"},"sameAs":["https:\/\/www.facebook.com\/PrijedorDanasCom\/"]},{"@type":"Person","@id":"https:\/\/www.prijedordanas.com\/#\/schema\/person\/4e08ccf29b506ca916ff86d46bb700e6","name":"admin","image":{"@type":"ImageObject","inLanguage":"en-US","@id":"https:\/\/www.prijedordanas.com\/#\/schema\/person\/image\/","url":"https:\/\/secure.gravatar.com\/avatar\/1d3fc949d550f0b53a5f0d51e06dfd79?s=96&d=mm&r=g","contentUrl":"https:\/\/secure.gravatar.com\/avatar\/1d3fc949d550f0b53a5f0d51e06dfd79?s=96&d=mm&r=g","caption":"admin"},"url":"https:\/\/www.prijedordanas.com\/?author=1"}]}},"_links":{"self":[{"href":"https:\/\/www.prijedordanas.com\/index.php?rest_route=\/wp\/v2\/posts\/101274"}],"collection":[{"href":"https:\/\/www.prijedordanas.com\/index.php?rest_route=\/wp\/v2\/posts"}],"about":[{"href":"https:\/\/www.prijedordanas.com\/index.php?rest_route=\/wp\/v2\/types\/post"}],"author":[{"embeddable":true,"href":"https:\/\/www.prijedordanas.com\/index.php?rest_route=\/wp\/v2\/users\/1"}],"replies":[{"embeddable":true,"href":"https:\/\/www.prijedordanas.com\/index.php?rest_route=%2Fwp%2Fv2%2Fcomments&post=101274"}],"version-history":[{"count":1,"href":"https:\/\/www.prijedordanas.com\/index.php?rest_route=\/wp\/v2\/posts\/101274\/revisions"}],"predecessor-version":[{"id":101275,"href":"https:\/\/www.prijedordanas.com\/index.php?rest_route=\/wp\/v2\/posts\/101274\/revisions\/101275"}],"wp:attachment":[{"href":"https:\/\/www.prijedordanas.com\/index.php?rest_route=%2Fwp%2Fv2%2Fmedia&parent=101274"}],"wp:term":[{"taxonomy":"category","embeddable":true,"href":"https:\/\/www.prijedordanas.com\/index.php?rest_route=%2Fwp%2Fv2%2Fcategories&post=101274"},{"taxonomy":"post_tag","embeddable":true,"href":"https:\/\/www.prijedordanas.com\/index.php?rest_route=%2Fwp%2Fv2%2Ftags&post=101274"}],"curies":[{"name":"wp","href":"https:\/\/api.w.org\/{rel}","templated":true}]}}