{"id":10126,"date":"2014-11-02T19:18:22","date_gmt":"2014-11-02T18:18:22","guid":{"rendered":"https:\/\/www.prijedordanas.com\/?p=10126"},"modified":"2014-11-02T19:30:23","modified_gmt":"2014-11-02T18:30:23","slug":"humanost-semire-hoffman-ponovo-na-djelu-foto","status":"publish","type":"post","link":"https:\/\/www.prijedordanas.com\/?p=10126","title":{"rendered":"HUMANOST SEMIRE HOFFMAN PONOVO NA DJELU &#8211; FOTO"},"content":{"rendered":"<p><a href=\"https:\/\/www.prijedordanas.com\/wp-content\/uploads\/2014\/11\/humanost-semira-hoffman-4.jpg\"><img loading=\"lazy\" decoding=\"async\" class=\"alignleft size-medium wp-image-10127\" src=\"https:\/\/www.prijedordanas.com\/wp-content\/uploads\/2014\/11\/humanost-semira-hoffman-4-300x200.jpg\" alt=\"humanost-semira hoffman (4)\" width=\"300\" height=\"200\" srcset=\"https:\/\/www.prijedordanas.com\/wp-content\/uploads\/2014\/11\/humanost-semira-hoffman-4-300x200.jpg 300w, https:\/\/www.prijedordanas.com\/wp-content\/uploads\/2014\/11\/humanost-semira-hoffman-4.jpg 600w\" sizes=\"(max-width: 300px) 100vw, 300px\" \/><\/a>Semira Hoffman, Ljubijanka sa ameri\u010dkom adresom i vlasnica klinike za ranu intervenciju i tretiranje autizma na Floridi, od ponedjeljka, 3.11. ove godine, zapo\u010dinje sedmodnevnu edukaciju stru\u010dnjaka Bosne i Hercegovine iz podru\u010dja ranih intervencija u autizmu.<\/p>\n<p>Edukacija \u0107e se odr\u017eavati u Banjaluci, a povod je donacija najsavremenijeg softvera Teach Town.<\/p>\n<p>Odmah po dolasku u rodnu Ljubiju ugostila je i darovala softversku aplikaciju Teach Town i laptop familiji Bahun iz Zagreba, koja ima dvoje djece, od kojih jedno ima elemente autizma.<\/p>\n<p>U doniranom laptopu je jo\u0161 softverskih programa za desetoro djece s autizmom a svaki softver vrijedi 350 ameri\u010dkih dolara.<\/p>\n<p>Tokom ju\u010dera\u0161njeg popodneva BCBA Tate Mc Ghee koji radi u klinici na Floridi kao terapeut, uputio je roditelje u kori\u0161tenje softvera. Dje\u010dak Ivor se odmah pridru\u017eio u u\u010denju i od po\u010detka pokazao interes za novim znanjima.<\/p>\n<p><a href=\"https:\/\/www.prijedordanas.com\/wp-content\/uploads\/2014\/11\/humanost-semira-hoffman-2.jpg\"><img loading=\"lazy\" decoding=\"async\" class=\"alignleft size-medium wp-image-10128\" src=\"https:\/\/www.prijedordanas.com\/wp-content\/uploads\/2014\/11\/humanost-semira-hoffman-2-300x200.jpg\" alt=\"humanost-semira hoffman (2)\" width=\"300\" height=\"200\" srcset=\"https:\/\/www.prijedordanas.com\/wp-content\/uploads\/2014\/11\/humanost-semira-hoffman-2-300x200.jpg 300w, https:\/\/www.prijedordanas.com\/wp-content\/uploads\/2014\/11\/humanost-semira-hoffman-2.jpg 600w\" sizes=\"(max-width: 300px) 100vw, 300px\" \/><\/a>Program Teach Town na kreativan i djeci pristupa\u010dan na\u010din kroz animacije poti\u010de kognitivni razvoj djece s ovakvim razvojnim te\u0161ko\u0107ama. Tako\u0111e sadr\u017ei instrument za mjerenje napretka intelektualnog razvoja djeteta.<\/p>\n<p>Familija Bahun vjeruje da \u0107e njihov Ivor uz ovakav rad br\u017ee napredovati i usvajati nove socijalne vje\u0161tine i da \u0107e lak\u0161e iskomunicirati svoje \u017eelje i potrebe.<\/p>\n<p>Na ovakvom poklonu su neizmjerno zahvalni i od srca se raduju mogu\u0107nosti da pomognu i drugoj djeci u Hrvatskoj.<\/p>\n<p>Na kraju su istakli da \u0107e im biti \u010dast da gospo\u0111a Semira Hoffman bude po\u010dasni \u010dlan centra koji \u0107e u Zagrebu pru\u017eati podr\u0161ku osobama s autizmom i njihovim porodicama.<\/p>\n<p>Ina\u010de, Semira Hoffman je u Prijedoru osnovala Fondaciju Zajedni\u010dki put radi unaprije\u0111enja dru\u0161tvenog i socijalnog polo\u017eaja djece i mladih a posebno onih s posebnim fizi\u010dkim, ekonomskim i drugim potrebama. <\/p>\n<p>Tekst i foto \u2013 Ahmet Re\u0161idovi\u0107<br \/>\n<a href=\"https:\/\/www.prijedordanas.com\/wp-content\/uploads\/2014\/11\/humanost-semira-hoffman-3.jpg\"><img loading=\"lazy\" decoding=\"async\" class=\"alignleft size-medium wp-image-10129\" src=\"https:\/\/www.prijedordanas.com\/wp-content\/uploads\/2014\/11\/humanost-semira-hoffman-3-300x200.jpg\" alt=\"humanost-semira hoffman (3)\" width=\"300\" height=\"200\" srcset=\"https:\/\/www.prijedordanas.com\/wp-content\/uploads\/2014\/11\/humanost-semira-hoffman-3-300x200.jpg 300w, https:\/\/www.prijedordanas.com\/wp-content\/uploads\/2014\/11\/humanost-semira-hoffman-3.jpg 600w\" sizes=\"(max-width: 300px) 100vw, 300px\" \/><\/a> <a href=\"https:\/\/www.prijedordanas.com\/wp-content\/uploads\/2014\/11\/humanost-semira-hoffman-5.jpg\"><img loading=\"lazy\" decoding=\"async\" class=\"alignleft size-medium wp-image-10130\" src=\"https:\/\/www.prijedordanas.com\/wp-content\/uploads\/2014\/11\/humanost-semira-hoffman-5-300x200.jpg\" alt=\"humanost-semira hoffman (5)\" width=\"300\" height=\"200\" srcset=\"https:\/\/www.prijedordanas.com\/wp-content\/uploads\/2014\/11\/humanost-semira-hoffman-5-300x200.jpg 300w, https:\/\/www.prijedordanas.com\/wp-content\/uploads\/2014\/11\/humanost-semira-hoffman-5.jpg 600w\" sizes=\"(max-width: 300px) 100vw, 300px\" \/><\/a> <a href=\"https:\/\/www.prijedordanas.com\/wp-content\/uploads\/2014\/11\/humanost-semira-hoffman-1.jpg\"><img loading=\"lazy\" decoding=\"async\" class=\"alignleft size-medium wp-image-10131\" src=\"https:\/\/www.prijedordanas.com\/wp-content\/uploads\/2014\/11\/humanost-semira-hoffman-1-300x200.jpg\" alt=\"humanost-semira hoffman (1)\" width=\"300\" height=\"200\" srcset=\"https:\/\/www.prijedordanas.com\/wp-content\/uploads\/2014\/11\/humanost-semira-hoffman-1-300x200.jpg 300w, https:\/\/www.prijedordanas.com\/wp-content\/uploads\/2014\/11\/humanost-semira-hoffman-1.jpg 600w\" sizes=\"(max-width: 300px) 100vw, 300px\" \/><\/a><\/p>\n","protected":false},"excerpt":{"rendered":"<p>Semira Hoffman, Ljubijanka sa ameri\u010dkom adresom i vlasnica klinike za ranu intervenciju i tretiranje autizma na Floridi, od ponedjeljka, 3.11. ove godine, zapo\u010dinje sedmodnevnu edukaciju stru\u010dnjaka Bosne i Hercegovine iz [&hellip;]<\/p>\n","protected":false},"author":1,"featured_media":0,"comment_status":"closed","ping_status":"open","sticky":false,"template":"","format":"standard","meta":{"_monsterinsights_skip_tracking":false,"_monsterinsights_sitenote_active":false,"_monsterinsights_sitenote_note":"","_monsterinsights_sitenote_category":0,"footnotes":""},"categories":[4],"tags":[2614],"yoast_head":"<!-- This site is optimized with the Yoast SEO plugin v21.6 - https:\/\/yoast.com\/wordpress\/plugins\/seo\/ -->\n<title>HUMANOST SEMIRE HOFFMAN PONOVO NA DJELU - FOTO - PrijedorDanas.com - Prijedorski gradski portal<\/title>\n<meta name=\"robots\" content=\"index, follow, max-snippet:-1, max-image-preview:large, max-video-preview:-1\" \/>\n<link rel=\"canonical\" href=\"https:\/\/www.prijedordanas.com\/?p=10126\" \/>\n<meta property=\"og:locale\" content=\"en_US\" \/>\n<meta property=\"og:type\" content=\"article\" \/>\n<meta property=\"og:title\" content=\"HUMANOST SEMIRE HOFFMAN PONOVO NA DJELU - FOTO - PrijedorDanas.com - Prijedorski gradski portal\" \/>\n<meta property=\"og:description\" content=\"Semira Hoffman, Ljubijanka sa ameri\u010dkom adresom i vlasnica klinike za ranu intervenciju i tretiranje autizma na Floridi, od ponedjeljka, 3.11. ove godine, zapo\u010dinje sedmodnevnu edukaciju stru\u010dnjaka Bosne i Hercegovine iz [&hellip;]\" \/>\n<meta property=\"og:url\" content=\"https:\/\/www.prijedordanas.com\/?p=10126\" \/>\n<meta property=\"og:site_name\" content=\"PrijedorDanas.com - Prijedorski gradski portal\" \/>\n<meta property=\"article:publisher\" content=\"https:\/\/www.facebook.com\/PrijedorDanasCom\/\" \/>\n<meta property=\"article:published_time\" content=\"2014-11-02T18:18:22+00:00\" \/>\n<meta property=\"article:modified_time\" content=\"2014-11-02T18:30:23+00:00\" \/>\n<meta property=\"og:image\" content=\"https:\/\/www.prijedordanas.com\/wp-content\/uploads\/2014\/11\/humanost-semira-hoffman-4-300x200.jpg\" \/>\n<meta name=\"author\" content=\"admin\" \/>\n<meta name=\"twitter:card\" content=\"summary_large_image\" \/>\n<meta name=\"twitter:label1\" content=\"Written by\" \/>\n\t<meta name=\"twitter:data1\" content=\"admin\" \/>\n\t<meta name=\"twitter:label2\" content=\"Est. reading time\" \/>\n\t<meta name=\"twitter:data2\" content=\"2 minutes\" \/>\n<script type=\"application\/ld+json\" class=\"yoast-schema-graph\">{\"@context\":\"https:\/\/schema.org\",\"@graph\":[{\"@type\":\"Article\",\"@id\":\"https:\/\/www.prijedordanas.com\/?p=10126#article\",\"isPartOf\":{\"@id\":\"https:\/\/www.prijedordanas.com\/?p=10126\"},\"author\":{\"name\":\"admin\",\"@id\":\"https:\/\/www.prijedordanas.com\/#\/schema\/person\/4e08ccf29b506ca916ff86d46bb700e6\"},\"headline\":\"HUMANOST SEMIRE HOFFMAN PONOVO NA DJELU &#8211; FOTO\",\"datePublished\":\"2014-11-02T18:18:22+00:00\",\"dateModified\":\"2014-11-02T18:30:23+00:00\",\"mainEntityOfPage\":{\"@id\":\"https:\/\/www.prijedordanas.com\/?p=10126\"},\"wordCount\":311,\"publisher\":{\"@id\":\"https:\/\/www.prijedordanas.com\/#organization\"},\"keywords\":[\"Semira Hoffman\"],\"articleSection\":[\"Dru\u0161tvo\"],\"inLanguage\":\"en-US\"},{\"@type\":\"WebPage\",\"@id\":\"https:\/\/www.prijedordanas.com\/?p=10126\",\"url\":\"https:\/\/www.prijedordanas.com\/?p=10126\",\"name\":\"HUMANOST SEMIRE HOFFMAN PONOVO NA DJELU - FOTO - PrijedorDanas.com - Prijedorski gradski portal\",\"isPartOf\":{\"@id\":\"https:\/\/www.prijedordanas.com\/#website\"},\"datePublished\":\"2014-11-02T18:18:22+00:00\",\"dateModified\":\"2014-11-02T18:30:23+00:00\",\"breadcrumb\":{\"@id\":\"https:\/\/www.prijedordanas.com\/?p=10126#breadcrumb\"},\"inLanguage\":\"en-US\",\"potentialAction\":[{\"@type\":\"ReadAction\",\"target\":[\"https:\/\/www.prijedordanas.com\/?p=10126\"]}]},{\"@type\":\"BreadcrumbList\",\"@id\":\"https:\/\/www.prijedordanas.com\/?p=10126#breadcrumb\",\"itemListElement\":[{\"@type\":\"ListItem\",\"position\":1,\"name\":\"Home\",\"item\":\"https:\/\/www.prijedordanas.com\/\"},{\"@type\":\"ListItem\",\"position\":2,\"name\":\"HUMANOST SEMIRE HOFFMAN PONOVO NA DJELU &#8211; FOTO\"}]},{\"@type\":\"WebSite\",\"@id\":\"https:\/\/www.prijedordanas.com\/#website\",\"url\":\"https:\/\/www.prijedordanas.com\/\",\"name\":\"PrijedorDanas.com - Prijedorski gradski portal\",\"description\":\"Portal o doga\u0111anjima u gradu Prijedoru\",\"publisher\":{\"@id\":\"https:\/\/www.prijedordanas.com\/#organization\"},\"potentialAction\":[{\"@type\":\"SearchAction\",\"target\":{\"@type\":\"EntryPoint\",\"urlTemplate\":\"https:\/\/www.prijedordanas.com\/?s={search_term_string}\"},\"query-input\":\"required name=search_term_string\"}],\"inLanguage\":\"en-US\"},{\"@type\":\"Organization\",\"@id\":\"https:\/\/www.prijedordanas.com\/#organization\",\"name\":\"PrijedorDanas.com\",\"url\":\"https:\/\/www.prijedordanas.com\/\",\"logo\":{\"@type\":\"ImageObject\",\"inLanguage\":\"en-US\",\"@id\":\"https:\/\/www.prijedordanas.com\/#\/schema\/logo\/image\/\",\"url\":\"http:\/\/www.prijedordanas.com\/wp-content\/uploads\/2021\/12\/logopng.png\",\"contentUrl\":\"http:\/\/www.prijedordanas.com\/wp-content\/uploads\/2021\/12\/logopng.png\",\"width\":1019,\"height\":776,\"caption\":\"PrijedorDanas.com\"},\"image\":{\"@id\":\"https:\/\/www.prijedordanas.com\/#\/schema\/logo\/image\/\"},\"sameAs\":[\"https:\/\/www.facebook.com\/PrijedorDanasCom\/\"]},{\"@type\":\"Person\",\"@id\":\"https:\/\/www.prijedordanas.com\/#\/schema\/person\/4e08ccf29b506ca916ff86d46bb700e6\",\"name\":\"admin\",\"image\":{\"@type\":\"ImageObject\",\"inLanguage\":\"en-US\",\"@id\":\"https:\/\/www.prijedordanas.com\/#\/schema\/person\/image\/\",\"url\":\"https:\/\/secure.gravatar.com\/avatar\/1d3fc949d550f0b53a5f0d51e06dfd79?s=96&d=mm&r=g\",\"contentUrl\":\"https:\/\/secure.gravatar.com\/avatar\/1d3fc949d550f0b53a5f0d51e06dfd79?s=96&d=mm&r=g\",\"caption\":\"admin\"},\"url\":\"https:\/\/www.prijedordanas.com\/?author=1\"}]}<\/script>\n<!-- \/ Yoast SEO plugin. -->","yoast_head_json":{"title":"HUMANOST SEMIRE HOFFMAN PONOVO NA DJELU - FOTO - PrijedorDanas.com - Prijedorski gradski portal","robots":{"index":"index","follow":"follow","max-snippet":"max-snippet:-1","max-image-preview":"max-image-preview:large","max-video-preview":"max-video-preview:-1"},"canonical":"https:\/\/www.prijedordanas.com\/?p=10126","og_locale":"en_US","og_type":"article","og_title":"HUMANOST SEMIRE HOFFMAN PONOVO NA DJELU - FOTO - PrijedorDanas.com - Prijedorski gradski portal","og_description":"Semira Hoffman, Ljubijanka sa ameri\u010dkom adresom i vlasnica klinike za ranu intervenciju i tretiranje autizma na Floridi, od ponedjeljka, 3.11. ove godine, zapo\u010dinje sedmodnevnu edukaciju stru\u010dnjaka Bosne i Hercegovine iz [&hellip;]","og_url":"https:\/\/www.prijedordanas.com\/?p=10126","og_site_name":"PrijedorDanas.com - Prijedorski gradski portal","article_publisher":"https:\/\/www.facebook.com\/PrijedorDanasCom\/","article_published_time":"2014-11-02T18:18:22+00:00","article_modified_time":"2014-11-02T18:30:23+00:00","og_image":[{"url":"https:\/\/www.prijedordanas.com\/wp-content\/uploads\/2014\/11\/humanost-semira-hoffman-4-300x200.jpg"}],"author":"admin","twitter_card":"summary_large_image","twitter_misc":{"Written by":"admin","Est. reading time":"2 minutes"},"schema":{"@context":"https:\/\/schema.org","@graph":[{"@type":"Article","@id":"https:\/\/www.prijedordanas.com\/?p=10126#article","isPartOf":{"@id":"https:\/\/www.prijedordanas.com\/?p=10126"},"author":{"name":"admin","@id":"https:\/\/www.prijedordanas.com\/#\/schema\/person\/4e08ccf29b506ca916ff86d46bb700e6"},"headline":"HUMANOST SEMIRE HOFFMAN PONOVO NA DJELU &#8211; FOTO","datePublished":"2014-11-02T18:18:22+00:00","dateModified":"2014-11-02T18:30:23+00:00","mainEntityOfPage":{"@id":"https:\/\/www.prijedordanas.com\/?p=10126"},"wordCount":311,"publisher":{"@id":"https:\/\/www.prijedordanas.com\/#organization"},"keywords":["Semira Hoffman"],"articleSection":["Dru\u0161tvo"],"inLanguage":"en-US"},{"@type":"WebPage","@id":"https:\/\/www.prijedordanas.com\/?p=10126","url":"https:\/\/www.prijedordanas.com\/?p=10126","name":"HUMANOST SEMIRE HOFFMAN PONOVO NA DJELU - FOTO - PrijedorDanas.com - Prijedorski gradski portal","isPartOf":{"@id":"https:\/\/www.prijedordanas.com\/#website"},"datePublished":"2014-11-02T18:18:22+00:00","dateModified":"2014-11-02T18:30:23+00:00","breadcrumb":{"@id":"https:\/\/www.prijedordanas.com\/?p=10126#breadcrumb"},"inLanguage":"en-US","potentialAction":[{"@type":"ReadAction","target":["https:\/\/www.prijedordanas.com\/?p=10126"]}]},{"@type":"BreadcrumbList","@id":"https:\/\/www.prijedordanas.com\/?p=10126#breadcrumb","itemListElement":[{"@type":"ListItem","position":1,"name":"Home","item":"https:\/\/www.prijedordanas.com\/"},{"@type":"ListItem","position":2,"name":"HUMANOST SEMIRE HOFFMAN PONOVO NA DJELU &#8211; FOTO"}]},{"@type":"WebSite","@id":"https:\/\/www.prijedordanas.com\/#website","url":"https:\/\/www.prijedordanas.com\/","name":"PrijedorDanas.com - Prijedorski gradski portal","description":"Portal o doga\u0111anjima u gradu Prijedoru","publisher":{"@id":"https:\/\/www.prijedordanas.com\/#organization"},"potentialAction":[{"@type":"SearchAction","target":{"@type":"EntryPoint","urlTemplate":"https:\/\/www.prijedordanas.com\/?s={search_term_string}"},"query-input":"required name=search_term_string"}],"inLanguage":"en-US"},{"@type":"Organization","@id":"https:\/\/www.prijedordanas.com\/#organization","name":"PrijedorDanas.com","url":"https:\/\/www.prijedordanas.com\/","logo":{"@type":"ImageObject","inLanguage":"en-US","@id":"https:\/\/www.prijedordanas.com\/#\/schema\/logo\/image\/","url":"http:\/\/www.prijedordanas.com\/wp-content\/uploads\/2021\/12\/logopng.png","contentUrl":"http:\/\/www.prijedordanas.com\/wp-content\/uploads\/2021\/12\/logopng.png","width":1019,"height":776,"caption":"PrijedorDanas.com"},"image":{"@id":"https:\/\/www.prijedordanas.com\/#\/schema\/logo\/image\/"},"sameAs":["https:\/\/www.facebook.com\/PrijedorDanasCom\/"]},{"@type":"Person","@id":"https:\/\/www.prijedordanas.com\/#\/schema\/person\/4e08ccf29b506ca916ff86d46bb700e6","name":"admin","image":{"@type":"ImageObject","inLanguage":"en-US","@id":"https:\/\/www.prijedordanas.com\/#\/schema\/person\/image\/","url":"https:\/\/secure.gravatar.com\/avatar\/1d3fc949d550f0b53a5f0d51e06dfd79?s=96&d=mm&r=g","contentUrl":"https:\/\/secure.gravatar.com\/avatar\/1d3fc949d550f0b53a5f0d51e06dfd79?s=96&d=mm&r=g","caption":"admin"},"url":"https:\/\/www.prijedordanas.com\/?author=1"}]}},"_links":{"self":[{"href":"https:\/\/www.prijedordanas.com\/index.php?rest_route=\/wp\/v2\/posts\/10126"}],"collection":[{"href":"https:\/\/www.prijedordanas.com\/index.php?rest_route=\/wp\/v2\/posts"}],"about":[{"href":"https:\/\/www.prijedordanas.com\/index.php?rest_route=\/wp\/v2\/types\/post"}],"author":[{"embeddable":true,"href":"https:\/\/www.prijedordanas.com\/index.php?rest_route=\/wp\/v2\/users\/1"}],"replies":[{"embeddable":true,"href":"https:\/\/www.prijedordanas.com\/index.php?rest_route=%2Fwp%2Fv2%2Fcomments&post=10126"}],"version-history":[{"count":4,"href":"https:\/\/www.prijedordanas.com\/index.php?rest_route=\/wp\/v2\/posts\/10126\/revisions"}],"predecessor-version":[{"id":10135,"href":"https:\/\/www.prijedordanas.com\/index.php?rest_route=\/wp\/v2\/posts\/10126\/revisions\/10135"}],"wp:attachment":[{"href":"https:\/\/www.prijedordanas.com\/index.php?rest_route=%2Fwp%2Fv2%2Fmedia&parent=10126"}],"wp:term":[{"taxonomy":"category","embeddable":true,"href":"https:\/\/www.prijedordanas.com\/index.php?rest_route=%2Fwp%2Fv2%2Fcategories&post=10126"},{"taxonomy":"post_tag","embeddable":true,"href":"https:\/\/www.prijedordanas.com\/index.php?rest_route=%2Fwp%2Fv2%2Ftags&post=10126"}],"curies":[{"name":"wp","href":"https:\/\/api.w.org\/{rel}","templated":true}]}}