{"id":10064,"date":"2014-11-09T10:06:17","date_gmt":"2014-11-09T09:06:17","guid":{"rendered":"https:\/\/www.prijedordanas.com\/?p=10064"},"modified":"2014-11-09T10:06:17","modified_gmt":"2014-11-09T09:06:17","slug":"petar-pero-kmezic-poslednji-vikalo-u-prijedoru","status":"publish","type":"post","link":"https:\/\/www.prijedordanas.com\/?p=10064","title":{"rendered":"PETAR PERO KMEZI\u0106 \u2013 POSLEDNJI VIKALO U PRIJEDORU!"},"content":{"rendered":"<p><a href=\"https:\/\/www.prijedordanas.com\/wp-content\/uploads\/2014\/10\/pressrs-vikalo.jpg\"><img loading=\"lazy\" decoding=\"async\" class=\"alignleft size-medium wp-image-10065\" src=\"https:\/\/www.prijedordanas.com\/wp-content\/uploads\/2014\/10\/pressrs-vikalo-300x163.jpg\" alt=\"pressrs-vikalo\" width=\"300\" height=\"163\" srcset=\"https:\/\/www.prijedordanas.com\/wp-content\/uploads\/2014\/10\/pressrs-vikalo-300x163.jpg 300w, https:\/\/www.prijedordanas.com\/wp-content\/uploads\/2014\/10\/pressrs-vikalo.jpg 600w\" sizes=\"(max-width: 300px) 100vw, 300px\" \/><\/a>U Prijedoru je od nekada\u0161njih na desetine vikala, odnosno ljudi koji su prigodnim re\u010dima uveli\u010davali obi\u010daj pokrivanja ku\u0107a, ostao samo Petar Kmezi\u0107.<\/p>\n<p>Ovaj krepki \u0161ezdesetsedmogodi\u0161njak iz mesta Donji Garevci vikanje je nau\u010dio jo\u0161 u 18. godini od Rade Gnjatovi\u0107a zvanog \u0160truljko, koji je \u017eiveo u obli\u017enjim Orlovcima.<\/p>\n<p>&#8211; Rekao je \u2019ajde mali vi\u010di i meni se svidelo od prvog dana. U po\u010detku sam znao slabo, ali do danas sam se prili\u010dno usavr\u0161io. I kada se setim, time su se bavili Ostoja Vranje\u0161, Rade Pecalj i brojni drugi, me\u0111utim samo ja sam ostao i dalje aktivan &#8211; ka\u017ee Kmezi\u0107.<\/p>\n<p>Zapravo, vikanje je stari narodni obi\u010daj u Potkozarju u kome se prilikom pokrivanja ku\u0107e gazdi i njegovim gostima, prijateljima, rodbini i kom\u0161ijama uzvikuju prigodne re\u010di za sre\u0107u i veselje.<\/p>\n<p>Grlat i duhovit<\/p>\n<p>&#8211; Kod nas je uvek bila velika stvar kada neko pravi svoju ku\u0107u. Naime, tada se vikalo popne na krov i dok se stavljaju crepovi uzvikuje, nabraja, blagosilja, hvali gazdu i sve one koji dolaze i donose milo\u0161tu. Na primer, ako je neko doneo pe\u0161kir od metra ja ka\u017eem da je od pet metara, ako je litar rakije ja velim pet litara, ako je gajba piva ka\u017eem pet gajbi, ako je prase ka\u017eem da je doneo vola na ramenima&#8230; Dakle, u sve se unosi malo dinamike, komedije i \u0161ale. I ne mora se uvek pametno govoriti. Mo\u017ee i budalasto, sme\u0161no i da se malo sla\u017ee jer je cilj ne potceniti \u010doveka ako nije mogao vi\u0161e da donese. S druge strane, znam da u nekim drugim krajevima Srpske ima takvih obi\u010daja gde se gosti na svadbama potcenjuju \u0161to nije lepo ni kulturno &#8211; obja\u0161njava Petar i dodaje da svaki vikalo mora biti grlat i duhovit da bi mogao da nasmeje i razonodi prisutne.<\/p>\n<p>&#8211; Mora dobro da peva i glumi, a kod nas u Potkozarju je pravilo da zna ojka\u010du. Jer kada se popnete na krov i krenete vikati \u010duje vas celo selo. Zna se iskupiti i po nekoliko stotina ljudi, a ja sam do sada \u201enavikao\u201c nekoliko hiljada ku\u0107a po prijedorskoj op\u0161tini. Vikao sam i na svojoj i na sinovljevoj ku\u0107i &#8211; navodi Kmezi\u0107.<\/p>\n<p>On isti\u010de da njegov hobi nije nimalo lak, jer se de\u0161avalo da vi\u010de i po tri dana uzastopno.<\/p>\n<p>&#8211; Do\u0111e\u0161 na pokrivanje u 12 \u010dasova, pa vi\u010di Pero najmanje do 18 \u010dasova. Iako si klonuo, promukao i vi\u0161e ne mo\u017ee\u0161 da prozbori\u0161 ni\u0161ta, jer glas izdaje, mora\u0161 ostati zadnji. Nikada ne zna\u0161 kada \u0107e neko do\u0107i da po\u017eeli doma\u0107inu lepe \u017eelje. A kada se vrati\u0161 ku\u0107i, grlo ti bude kao da je neko u njega turio usijano \u017eelezo. Ne mo\u017ee\u0161 pri\u010dati, ve\u0107 danima stavlja\u0161 obloge od rakije &#8211; otkriva ovaj Prijedor\u010danin koji je penziju zaradio u prijedorskom \u201e\u017ditoprometu\u201c.<\/p>\n<p>Na krovu ne pije<\/p>\n<p>Jo\u0161 napominje da nikada nije pao sa neke ku\u0107e, jer na krovu uvek pije samo sok.<\/p>\n<p>&#8211; Moj \u201eplen\u201c na vikanju, koji poga\u0111am ranije s gazdom, mo\u017ee biti u ko\u0161uljama, pe\u0161kirima, \u010darapama, rakiji i u novcu. Nikada nisam tra\u017eio puno para a vikao sam i d\u017eabe jer se ne mo\u017ee uzimati od bede i sirotinje. Kako god, najbolje godine za ovo su bile pre rata, a sada se ose\u0107a velika kriza &#8211; ka\u017ee na\u0161 sagovornik.<\/p>\n<p>Iako ima dva sina, osmoro unu\u010dadi i troje praunu\u010dadi, ovaj poslednji vikalo u Prijedoru jo\u0161 nema naslednika, ali se nada da \u0107e ga dobiti.<\/p>\n<p>&#8211; Diko moja, ovo na\u017ealost izumire. Nestaje. Ode narod. Sve se manje ku\u0107a pravi, a jo\u0161 manje pokriva. Pogledajte samo koliko je ku\u0107a u Garevcima zaklju\u010dano. Sela izumiru, jer nema podmlatka, a momci se ne \u017eene na vreme. Evo ja sam se o\u017eenio sa 17 godina, a u 18. sam ve\u0107 dobio sina &#8211; ka\u017ee Kmezi\u0107 i, dok ga ostavljamo, uzvikuje: \u201eEj kom\u0161ije, kumovi, prijatelji i ostala mnogobrojna rodbino&#8230; Evo Sa\u0161a doneo jedan veliki dar, pomog\u2019o ga Gospod Bog. Evo Zoran pokriva svoj dom a Sa\u0161a dariva sa velikim jednim prevozom, jednom gajbom pive, pet kila rakije, jednim velikim prasetom. Doneo \u017eiv i zdrav bio, on i njegova familija, Bog ih pomogao. \u017divio gazda ove ku\u0107e.\u201c<\/p>\n<p>Press RS<\/p>\n","protected":false},"excerpt":{"rendered":"<p>U Prijedoru je od nekada\u0161njih na desetine vikala, odnosno ljudi koji su prigodnim re\u010dima uveli\u010davali obi\u010daj pokrivanja ku\u0107a, ostao samo Petar Kmezi\u0107. Ovaj krepki \u0161ezdesetsedmogodi\u0161njak iz mesta Donji Garevci vikanje [&hellip;]<\/p>\n","protected":false},"author":1,"featured_media":0,"comment_status":"closed","ping_status":"open","sticky":false,"template":"","format":"standard","meta":{"_monsterinsights_skip_tracking":false,"_monsterinsights_sitenote_active":false,"_monsterinsights_sitenote_note":"","_monsterinsights_sitenote_category":0,"footnotes":""},"categories":[3],"tags":[2606],"yoast_head":"<!-- This site is optimized with the Yoast SEO plugin v21.6 - https:\/\/yoast.com\/wordpress\/plugins\/seo\/ -->\n<title>PETAR PERO KMEZI\u0106 \u2013 POSLEDNJI VIKALO U PRIJEDORU! - PrijedorDanas.com - Prijedorski gradski portal<\/title>\n<meta name=\"robots\" content=\"index, follow, max-snippet:-1, max-image-preview:large, max-video-preview:-1\" \/>\n<link rel=\"canonical\" href=\"https:\/\/www.prijedordanas.com\/?p=10064\" \/>\n<meta property=\"og:locale\" content=\"en_US\" \/>\n<meta property=\"og:type\" content=\"article\" \/>\n<meta property=\"og:title\" content=\"PETAR PERO KMEZI\u0106 \u2013 POSLEDNJI VIKALO U PRIJEDORU! - PrijedorDanas.com - Prijedorski gradski portal\" \/>\n<meta property=\"og:description\" content=\"U Prijedoru je od nekada\u0161njih na desetine vikala, odnosno ljudi koji su prigodnim re\u010dima uveli\u010davali obi\u010daj pokrivanja ku\u0107a, ostao samo Petar Kmezi\u0107. Ovaj krepki \u0161ezdesetsedmogodi\u0161njak iz mesta Donji Garevci vikanje [&hellip;]\" \/>\n<meta property=\"og:url\" content=\"https:\/\/www.prijedordanas.com\/?p=10064\" \/>\n<meta property=\"og:site_name\" content=\"PrijedorDanas.com - Prijedorski gradski portal\" \/>\n<meta property=\"article:publisher\" content=\"https:\/\/www.facebook.com\/PrijedorDanasCom\/\" \/>\n<meta property=\"article:published_time\" content=\"2014-11-09T09:06:17+00:00\" \/>\n<meta property=\"og:image\" content=\"https:\/\/www.prijedordanas.com\/wp-content\/uploads\/2014\/10\/pressrs-vikalo-300x163.jpg\" \/>\n<meta name=\"author\" content=\"admin\" \/>\n<meta name=\"twitter:card\" content=\"summary_large_image\" \/>\n<meta name=\"twitter:label1\" content=\"Written by\" \/>\n\t<meta name=\"twitter:data1\" content=\"admin\" \/>\n\t<meta name=\"twitter:label2\" content=\"Est. reading time\" \/>\n\t<meta name=\"twitter:data2\" content=\"4 minutes\" \/>\n<script type=\"application\/ld+json\" class=\"yoast-schema-graph\">{\"@context\":\"https:\/\/schema.org\",\"@graph\":[{\"@type\":\"Article\",\"@id\":\"https:\/\/www.prijedordanas.com\/?p=10064#article\",\"isPartOf\":{\"@id\":\"https:\/\/www.prijedordanas.com\/?p=10064\"},\"author\":{\"name\":\"admin\",\"@id\":\"https:\/\/www.prijedordanas.com\/#\/schema\/person\/4e08ccf29b506ca916ff86d46bb700e6\"},\"headline\":\"PETAR PERO KMEZI\u0106 \u2013 POSLEDNJI VIKALO U PRIJEDORU!\",\"datePublished\":\"2014-11-09T09:06:17+00:00\",\"dateModified\":\"2014-11-09T09:06:17+00:00\",\"mainEntityOfPage\":{\"@id\":\"https:\/\/www.prijedordanas.com\/?p=10064\"},\"wordCount\":749,\"publisher\":{\"@id\":\"https:\/\/www.prijedordanas.com\/#organization\"},\"keywords\":[\"vikalo\"],\"articleSection\":[\"\u017divot\"],\"inLanguage\":\"en-US\"},{\"@type\":\"WebPage\",\"@id\":\"https:\/\/www.prijedordanas.com\/?p=10064\",\"url\":\"https:\/\/www.prijedordanas.com\/?p=10064\",\"name\":\"PETAR PERO KMEZI\u0106 \u2013 POSLEDNJI VIKALO U PRIJEDORU! - PrijedorDanas.com - Prijedorski gradski portal\",\"isPartOf\":{\"@id\":\"https:\/\/www.prijedordanas.com\/#website\"},\"datePublished\":\"2014-11-09T09:06:17+00:00\",\"dateModified\":\"2014-11-09T09:06:17+00:00\",\"breadcrumb\":{\"@id\":\"https:\/\/www.prijedordanas.com\/?p=10064#breadcrumb\"},\"inLanguage\":\"en-US\",\"potentialAction\":[{\"@type\":\"ReadAction\",\"target\":[\"https:\/\/www.prijedordanas.com\/?p=10064\"]}]},{\"@type\":\"BreadcrumbList\",\"@id\":\"https:\/\/www.prijedordanas.com\/?p=10064#breadcrumb\",\"itemListElement\":[{\"@type\":\"ListItem\",\"position\":1,\"name\":\"Home\",\"item\":\"https:\/\/www.prijedordanas.com\/\"},{\"@type\":\"ListItem\",\"position\":2,\"name\":\"PETAR PERO KMEZI\u0106 \u2013 POSLEDNJI VIKALO U PRIJEDORU!\"}]},{\"@type\":\"WebSite\",\"@id\":\"https:\/\/www.prijedordanas.com\/#website\",\"url\":\"https:\/\/www.prijedordanas.com\/\",\"name\":\"PrijedorDanas.com - Prijedorski gradski portal\",\"description\":\"Portal o doga\u0111anjima u gradu Prijedoru\",\"publisher\":{\"@id\":\"https:\/\/www.prijedordanas.com\/#organization\"},\"potentialAction\":[{\"@type\":\"SearchAction\",\"target\":{\"@type\":\"EntryPoint\",\"urlTemplate\":\"https:\/\/www.prijedordanas.com\/?s={search_term_string}\"},\"query-input\":\"required name=search_term_string\"}],\"inLanguage\":\"en-US\"},{\"@type\":\"Organization\",\"@id\":\"https:\/\/www.prijedordanas.com\/#organization\",\"name\":\"PrijedorDanas.com\",\"url\":\"https:\/\/www.prijedordanas.com\/\",\"logo\":{\"@type\":\"ImageObject\",\"inLanguage\":\"en-US\",\"@id\":\"https:\/\/www.prijedordanas.com\/#\/schema\/logo\/image\/\",\"url\":\"http:\/\/www.prijedordanas.com\/wp-content\/uploads\/2021\/12\/logopng.png\",\"contentUrl\":\"http:\/\/www.prijedordanas.com\/wp-content\/uploads\/2021\/12\/logopng.png\",\"width\":1019,\"height\":776,\"caption\":\"PrijedorDanas.com\"},\"image\":{\"@id\":\"https:\/\/www.prijedordanas.com\/#\/schema\/logo\/image\/\"},\"sameAs\":[\"https:\/\/www.facebook.com\/PrijedorDanasCom\/\"]},{\"@type\":\"Person\",\"@id\":\"https:\/\/www.prijedordanas.com\/#\/schema\/person\/4e08ccf29b506ca916ff86d46bb700e6\",\"name\":\"admin\",\"image\":{\"@type\":\"ImageObject\",\"inLanguage\":\"en-US\",\"@id\":\"https:\/\/www.prijedordanas.com\/#\/schema\/person\/image\/\",\"url\":\"https:\/\/secure.gravatar.com\/avatar\/1d3fc949d550f0b53a5f0d51e06dfd79?s=96&d=mm&r=g\",\"contentUrl\":\"https:\/\/secure.gravatar.com\/avatar\/1d3fc949d550f0b53a5f0d51e06dfd79?s=96&d=mm&r=g\",\"caption\":\"admin\"},\"url\":\"https:\/\/www.prijedordanas.com\/?author=1\"}]}<\/script>\n<!-- \/ Yoast SEO plugin. -->","yoast_head_json":{"title":"PETAR PERO KMEZI\u0106 \u2013 POSLEDNJI VIKALO U PRIJEDORU! - PrijedorDanas.com - Prijedorski gradski portal","robots":{"index":"index","follow":"follow","max-snippet":"max-snippet:-1","max-image-preview":"max-image-preview:large","max-video-preview":"max-video-preview:-1"},"canonical":"https:\/\/www.prijedordanas.com\/?p=10064","og_locale":"en_US","og_type":"article","og_title":"PETAR PERO KMEZI\u0106 \u2013 POSLEDNJI VIKALO U PRIJEDORU! - PrijedorDanas.com - Prijedorski gradski portal","og_description":"U Prijedoru je od nekada\u0161njih na desetine vikala, odnosno ljudi koji su prigodnim re\u010dima uveli\u010davali obi\u010daj pokrivanja ku\u0107a, ostao samo Petar Kmezi\u0107. Ovaj krepki \u0161ezdesetsedmogodi\u0161njak iz mesta Donji Garevci vikanje [&hellip;]","og_url":"https:\/\/www.prijedordanas.com\/?p=10064","og_site_name":"PrijedorDanas.com - Prijedorski gradski portal","article_publisher":"https:\/\/www.facebook.com\/PrijedorDanasCom\/","article_published_time":"2014-11-09T09:06:17+00:00","og_image":[{"url":"https:\/\/www.prijedordanas.com\/wp-content\/uploads\/2014\/10\/pressrs-vikalo-300x163.jpg"}],"author":"admin","twitter_card":"summary_large_image","twitter_misc":{"Written by":"admin","Est. reading time":"4 minutes"},"schema":{"@context":"https:\/\/schema.org","@graph":[{"@type":"Article","@id":"https:\/\/www.prijedordanas.com\/?p=10064#article","isPartOf":{"@id":"https:\/\/www.prijedordanas.com\/?p=10064"},"author":{"name":"admin","@id":"https:\/\/www.prijedordanas.com\/#\/schema\/person\/4e08ccf29b506ca916ff86d46bb700e6"},"headline":"PETAR PERO KMEZI\u0106 \u2013 POSLEDNJI VIKALO U PRIJEDORU!","datePublished":"2014-11-09T09:06:17+00:00","dateModified":"2014-11-09T09:06:17+00:00","mainEntityOfPage":{"@id":"https:\/\/www.prijedordanas.com\/?p=10064"},"wordCount":749,"publisher":{"@id":"https:\/\/www.prijedordanas.com\/#organization"},"keywords":["vikalo"],"articleSection":["\u017divot"],"inLanguage":"en-US"},{"@type":"WebPage","@id":"https:\/\/www.prijedordanas.com\/?p=10064","url":"https:\/\/www.prijedordanas.com\/?p=10064","name":"PETAR PERO KMEZI\u0106 \u2013 POSLEDNJI VIKALO U PRIJEDORU! - PrijedorDanas.com - Prijedorski gradski portal","isPartOf":{"@id":"https:\/\/www.prijedordanas.com\/#website"},"datePublished":"2014-11-09T09:06:17+00:00","dateModified":"2014-11-09T09:06:17+00:00","breadcrumb":{"@id":"https:\/\/www.prijedordanas.com\/?p=10064#breadcrumb"},"inLanguage":"en-US","potentialAction":[{"@type":"ReadAction","target":["https:\/\/www.prijedordanas.com\/?p=10064"]}]},{"@type":"BreadcrumbList","@id":"https:\/\/www.prijedordanas.com\/?p=10064#breadcrumb","itemListElement":[{"@type":"ListItem","position":1,"name":"Home","item":"https:\/\/www.prijedordanas.com\/"},{"@type":"ListItem","position":2,"name":"PETAR PERO KMEZI\u0106 \u2013 POSLEDNJI VIKALO U PRIJEDORU!"}]},{"@type":"WebSite","@id":"https:\/\/www.prijedordanas.com\/#website","url":"https:\/\/www.prijedordanas.com\/","name":"PrijedorDanas.com - Prijedorski gradski portal","description":"Portal o doga\u0111anjima u gradu Prijedoru","publisher":{"@id":"https:\/\/www.prijedordanas.com\/#organization"},"potentialAction":[{"@type":"SearchAction","target":{"@type":"EntryPoint","urlTemplate":"https:\/\/www.prijedordanas.com\/?s={search_term_string}"},"query-input":"required name=search_term_string"}],"inLanguage":"en-US"},{"@type":"Organization","@id":"https:\/\/www.prijedordanas.com\/#organization","name":"PrijedorDanas.com","url":"https:\/\/www.prijedordanas.com\/","logo":{"@type":"ImageObject","inLanguage":"en-US","@id":"https:\/\/www.prijedordanas.com\/#\/schema\/logo\/image\/","url":"http:\/\/www.prijedordanas.com\/wp-content\/uploads\/2021\/12\/logopng.png","contentUrl":"http:\/\/www.prijedordanas.com\/wp-content\/uploads\/2021\/12\/logopng.png","width":1019,"height":776,"caption":"PrijedorDanas.com"},"image":{"@id":"https:\/\/www.prijedordanas.com\/#\/schema\/logo\/image\/"},"sameAs":["https:\/\/www.facebook.com\/PrijedorDanasCom\/"]},{"@type":"Person","@id":"https:\/\/www.prijedordanas.com\/#\/schema\/person\/4e08ccf29b506ca916ff86d46bb700e6","name":"admin","image":{"@type":"ImageObject","inLanguage":"en-US","@id":"https:\/\/www.prijedordanas.com\/#\/schema\/person\/image\/","url":"https:\/\/secure.gravatar.com\/avatar\/1d3fc949d550f0b53a5f0d51e06dfd79?s=96&d=mm&r=g","contentUrl":"https:\/\/secure.gravatar.com\/avatar\/1d3fc949d550f0b53a5f0d51e06dfd79?s=96&d=mm&r=g","caption":"admin"},"url":"https:\/\/www.prijedordanas.com\/?author=1"}]}},"_links":{"self":[{"href":"https:\/\/www.prijedordanas.com\/index.php?rest_route=\/wp\/v2\/posts\/10064"}],"collection":[{"href":"https:\/\/www.prijedordanas.com\/index.php?rest_route=\/wp\/v2\/posts"}],"about":[{"href":"https:\/\/www.prijedordanas.com\/index.php?rest_route=\/wp\/v2\/types\/post"}],"author":[{"embeddable":true,"href":"https:\/\/www.prijedordanas.com\/index.php?rest_route=\/wp\/v2\/users\/1"}],"replies":[{"embeddable":true,"href":"https:\/\/www.prijedordanas.com\/index.php?rest_route=%2Fwp%2Fv2%2Fcomments&post=10064"}],"version-history":[{"count":1,"href":"https:\/\/www.prijedordanas.com\/index.php?rest_route=\/wp\/v2\/posts\/10064\/revisions"}],"predecessor-version":[{"id":10066,"href":"https:\/\/www.prijedordanas.com\/index.php?rest_route=\/wp\/v2\/posts\/10064\/revisions\/10066"}],"wp:attachment":[{"href":"https:\/\/www.prijedordanas.com\/index.php?rest_route=%2Fwp%2Fv2%2Fmedia&parent=10064"}],"wp:term":[{"taxonomy":"category","embeddable":true,"href":"https:\/\/www.prijedordanas.com\/index.php?rest_route=%2Fwp%2Fv2%2Fcategories&post=10064"},{"taxonomy":"post_tag","embeddable":true,"href":"https:\/\/www.prijedordanas.com\/index.php?rest_route=%2Fwp%2Fv2%2Ftags&post=10064"}],"curies":[{"name":"wp","href":"https:\/\/api.w.org\/{rel}","templated":true}]}}