{"id":100228,"date":"2018-03-08T21:34:28","date_gmt":"2018-03-08T20:34:28","guid":{"rendered":"https:\/\/www.prijedordanas.com\/?p=100228"},"modified":"2018-03-08T21:34:28","modified_gmt":"2018-03-08T20:34:28","slug":"novi-kredit-na-plecima-prijedora-foto-video","status":"publish","type":"post","link":"https:\/\/www.prijedordanas.com\/?p=100228","title":{"rendered":"NOVI KREDIT NA PLE\u0106IMA PRIJEDORA \u2013 FOTO\/VIDEO"},"content":{"rendered":"<p><a href=\"https:\/\/www.prijedordanas.com\/wp-content\/uploads\/2018\/03\/skupstina-grada-7mart-13.jpg\"><img loading=\"lazy\" decoding=\"async\" class=\"alignleft size-medium wp-image-100230\" src=\"https:\/\/www.prijedordanas.com\/wp-content\/uploads\/2018\/03\/skupstina-grada-7mart-13-300x222.jpg\" alt=\"\" width=\"300\" height=\"222\" srcset=\"https:\/\/www.prijedordanas.com\/wp-content\/uploads\/2018\/03\/skupstina-grada-7mart-13-300x222.jpg 300w, https:\/\/www.prijedordanas.com\/wp-content\/uploads\/2018\/03\/skupstina-grada-7mart-13-100x74.jpg 100w, https:\/\/www.prijedordanas.com\/wp-content\/uploads\/2018\/03\/skupstina-grada-7mart-13.jpg 675w\" sizes=\"(max-width: 300px) 100vw, 300px\" \/><\/a>Prijedorski odbornici jednoglasno su usvojili Odluku o kreditnom zadu\u017eenju grada u iznosu od 2 400 000 KM. Sredstva su namijenja, ka\u017eu, za realizaciju kapitalnih projekata.<\/p>\n<p>Jedan od njih je i izgradnja hale u Poslovnoj zoni \u201cCelpak\u201d, u kojoj bi pogon trebala otvoriti slovena\u010dka firma \u201cKolektor\u201d. Gradona\u010delnik smatra da je to od velikog zna\u010daja jer \u0107e u tom preduze\u0107u posao prona\u0107i oko 400 novih radnika.<\/p>\n<p>\u2013 To je firma koja posluje na 34 lokacije \u0161irom svijeta. Ima preko 5.000 zaposlenih radnika. Bavi se proizvodnjom komutatora za elektomotore, stop sistemima i proizvodnjom pumpi za gorivo \u2013 pojasnio nam je Milenko \u0110akovi\u0107, gradona\u010delnik Prijedora.<\/p>\n<p><a href=\"https:\/\/www.prijedordanas.com\/wp-content\/uploads\/2018\/03\/skupstina-grada-7mart-9.jpg\"><img loading=\"lazy\" decoding=\"async\" class=\"alignleft size-medium wp-image-100231\" src=\"https:\/\/www.prijedordanas.com\/wp-content\/uploads\/2018\/03\/skupstina-grada-7mart-9-300x222.jpg\" alt=\"\" width=\"300\" height=\"222\" srcset=\"https:\/\/www.prijedordanas.com\/wp-content\/uploads\/2018\/03\/skupstina-grada-7mart-9-300x222.jpg 300w, https:\/\/www.prijedordanas.com\/wp-content\/uploads\/2018\/03\/skupstina-grada-7mart-9-100x74.jpg 100w, https:\/\/www.prijedordanas.com\/wp-content\/uploads\/2018\/03\/skupstina-grada-7mart-9.jpg 675w\" sizes=\"(max-width: 300px) 100vw, 300px\" \/><\/a>Pred odbornicima se na\u0161ao i Izvje\u0161taj o radu gradona\u010delnika i Gradske uprave u protekloj godini. Usvojen je glasovima ve\u0107ine odbornika.<\/p>\n<p>Podr\u0161ka opozicije je izostala. Lokalnoj vlasti najvi\u0161e zamjeraju to \u0161to, kako ka\u017eu, ne posve\u0107uju pa\u017enju razvoju privrede, a nisu zadovoljni ni situacijom u obrazovanju.<\/p>\n<p>\u2013 Dvije visoko\u0161kolske ustanove smje\u0161tene su u barakama. Mi smo ve\u0107 skoro 20 godina u nemogu\u0107im uslovima. U srednjem obrazovanju treba stvarati vi\u0161e uslova za prakti\u010dnu nastavu. Upisna politika treba biti daleko kvalitetnija \u2013 smatra Radenko Stijepi\u0107, \u0161ef Kluba odbornika SDS-a u SG Prijedor.<\/p>\n<p><a href=\"https:\/\/www.prijedordanas.com\/wp-content\/uploads\/2018\/03\/skupstina-grada-7mart-5.jpg\"><img loading=\"lazy\" decoding=\"async\" src=\"https:\/\/www.prijedordanas.com\/wp-content\/uploads\/2018\/03\/skupstina-grada-7mart-5-300x222.jpg\" alt=\"\" width=\"300\" height=\"222\" class=\"alignleft size-medium wp-image-100232\" srcset=\"https:\/\/www.prijedordanas.com\/wp-content\/uploads\/2018\/03\/skupstina-grada-7mart-5-300x222.jpg 300w, https:\/\/www.prijedordanas.com\/wp-content\/uploads\/2018\/03\/skupstina-grada-7mart-5-100x74.jpg 100w, https:\/\/www.prijedordanas.com\/wp-content\/uploads\/2018\/03\/skupstina-grada-7mart-5.jpg 675w\" sizes=\"(max-width: 300px) 100vw, 300px\" \/><\/a>Gradona\u010delnik, ipak tvrdi da je u 2017. godini u Prijedoru dosta toga ura\u0111eno. Posebno je ponosan na ostvareni suficit u gradskoj kasi, ali i infrastrukturne projekte i projekte zapo\u0161ljavanja i samozapo\u0161ljavanja. Istom dinamikom radi\u0107e se i u ovoj godini, tvrdi \u0110akovi\u0107.<\/p>\n<p>\u2013 O\u010dekujemo zavr\u0161etak radova na izgradnji Sportske dvorane na Urijama. Uradi\u0107emo jako puno asfaltnih puteva. Planiramo nastaviti sa izgradnjom vatrogasnog doma. Nastavi\u0107emo i izgradnju domova u mjesnim zajednicama \u2013 dodaje \u0110akovi\u0107.<\/p>\n<p>On je najavio i pregovore sa novim investitorima. Krajem marta trebao bi se sastati sa predstavnicima italijanske firme \u201cKalcedonija\u201d, koji su zainteresovani da otvore pogon u Prijedoru i zaposle i do 1.000 radnika.<\/p>\n<p>Srpskacafe.com<\/p>\n<p><iframe loading=\"lazy\" width=\"500\" height=\"281\" src=\"https:\/\/www.youtube.com\/embed\/kwUHWXOXSmk?feature=oembed\" frameborder=\"0\" allow=\"autoplay; encrypted-media\" allowfullscreen><\/iframe><\/p>\n<p><a href=\"https:\/\/www.prijedordanas.com\/wp-content\/uploads\/2018\/03\/skupstina-grada-7mart-6.jpg\"><img loading=\"lazy\" decoding=\"async\" src=\"https:\/\/www.prijedordanas.com\/wp-content\/uploads\/2018\/03\/skupstina-grada-7mart-6-300x222.jpg\" alt=\"\" width=\"300\" height=\"222\" class=\"alignleft size-medium wp-image-100233\" srcset=\"https:\/\/www.prijedordanas.com\/wp-content\/uploads\/2018\/03\/skupstina-grada-7mart-6-300x222.jpg 300w, https:\/\/www.prijedordanas.com\/wp-content\/uploads\/2018\/03\/skupstina-grada-7mart-6-100x74.jpg 100w, https:\/\/www.prijedordanas.com\/wp-content\/uploads\/2018\/03\/skupstina-grada-7mart-6.jpg 675w\" sizes=\"(max-width: 300px) 100vw, 300px\" \/><\/a> <a href=\"https:\/\/www.prijedordanas.com\/wp-content\/uploads\/2018\/03\/skupstina-grada-7mart-11.jpg\"><img loading=\"lazy\" decoding=\"async\" src=\"https:\/\/www.prijedordanas.com\/wp-content\/uploads\/2018\/03\/skupstina-grada-7mart-11-300x222.jpg\" alt=\"\" width=\"300\" height=\"222\" class=\"alignleft size-medium wp-image-100234\" srcset=\"https:\/\/www.prijedordanas.com\/wp-content\/uploads\/2018\/03\/skupstina-grada-7mart-11-300x222.jpg 300w, https:\/\/www.prijedordanas.com\/wp-content\/uploads\/2018\/03\/skupstina-grada-7mart-11-100x74.jpg 100w, https:\/\/www.prijedordanas.com\/wp-content\/uploads\/2018\/03\/skupstina-grada-7mart-11.jpg 675w\" sizes=\"(max-width: 300px) 100vw, 300px\" \/><\/a><\/p>\n","protected":false},"excerpt":{"rendered":"<p>Prijedorski odbornici jednoglasno su usvojili Odluku o kreditnom zadu\u017eenju grada u iznosu od 2 400 000 KM. Sredstva su namijenja, ka\u017eu, za realizaciju kapitalnih projekata. Jedan od njih je i [&hellip;]<\/p>\n","protected":false},"author":1,"featured_media":0,"comment_status":"closed","ping_status":"open","sticky":false,"template":"","format":"standard","meta":{"_monsterinsights_skip_tracking":false,"_monsterinsights_sitenote_active":false,"_monsterinsights_sitenote_note":"","_monsterinsights_sitenote_category":0,"footnotes":""},"categories":[4],"tags":[793],"yoast_head":"<!-- This site is optimized with the Yoast SEO plugin v21.6 - https:\/\/yoast.com\/wordpress\/plugins\/seo\/ -->\n<title>NOVI KREDIT NA PLE\u0106IMA PRIJEDORA \u2013 FOTO\/VIDEO - PrijedorDanas.com - Prijedorski gradski portal<\/title>\n<meta name=\"robots\" content=\"index, follow, max-snippet:-1, max-image-preview:large, max-video-preview:-1\" \/>\n<link rel=\"canonical\" href=\"https:\/\/www.prijedordanas.com\/?p=100228\" \/>\n<meta property=\"og:locale\" content=\"en_US\" \/>\n<meta property=\"og:type\" content=\"article\" \/>\n<meta property=\"og:title\" content=\"NOVI KREDIT NA PLE\u0106IMA PRIJEDORA \u2013 FOTO\/VIDEO - PrijedorDanas.com - Prijedorski gradski portal\" \/>\n<meta property=\"og:description\" content=\"Prijedorski odbornici jednoglasno su usvojili Odluku o kreditnom zadu\u017eenju grada u iznosu od 2 400 000 KM. Sredstva su namijenja, ka\u017eu, za realizaciju kapitalnih projekata. Jedan od njih je i [&hellip;]\" \/>\n<meta property=\"og:url\" content=\"https:\/\/www.prijedordanas.com\/?p=100228\" \/>\n<meta property=\"og:site_name\" content=\"PrijedorDanas.com - Prijedorski gradski portal\" \/>\n<meta property=\"article:publisher\" content=\"https:\/\/www.facebook.com\/PrijedorDanasCom\/\" \/>\n<meta property=\"article:published_time\" content=\"2018-03-08T20:34:28+00:00\" \/>\n<meta property=\"og:image\" content=\"https:\/\/www.prijedordanas.com\/wp-content\/uploads\/2018\/03\/skupstina-grada-7mart-13-300x222.jpg\" \/>\n<meta name=\"author\" content=\"admin\" \/>\n<meta name=\"twitter:card\" content=\"summary_large_image\" \/>\n<meta name=\"twitter:label1\" content=\"Written by\" \/>\n\t<meta name=\"twitter:data1\" content=\"admin\" \/>\n\t<meta name=\"twitter:label2\" content=\"Est. reading time\" \/>\n\t<meta name=\"twitter:data2\" content=\"2 minutes\" \/>\n<script type=\"application\/ld+json\" class=\"yoast-schema-graph\">{\"@context\":\"https:\/\/schema.org\",\"@graph\":[{\"@type\":\"Article\",\"@id\":\"https:\/\/www.prijedordanas.com\/?p=100228#article\",\"isPartOf\":{\"@id\":\"https:\/\/www.prijedordanas.com\/?p=100228\"},\"author\":{\"name\":\"admin\",\"@id\":\"https:\/\/www.prijedordanas.com\/#\/schema\/person\/4e08ccf29b506ca916ff86d46bb700e6\"},\"headline\":\"NOVI KREDIT NA PLE\u0106IMA PRIJEDORA \u2013 FOTO\/VIDEO\",\"datePublished\":\"2018-03-08T20:34:28+00:00\",\"dateModified\":\"2018-03-08T20:34:28+00:00\",\"mainEntityOfPage\":{\"@id\":\"https:\/\/www.prijedordanas.com\/?p=100228\"},\"wordCount\":324,\"publisher\":{\"@id\":\"https:\/\/www.prijedordanas.com\/#organization\"},\"keywords\":[\"kredit\"],\"articleSection\":[\"Dru\u0161tvo\"],\"inLanguage\":\"en-US\"},{\"@type\":\"WebPage\",\"@id\":\"https:\/\/www.prijedordanas.com\/?p=100228\",\"url\":\"https:\/\/www.prijedordanas.com\/?p=100228\",\"name\":\"NOVI KREDIT NA PLE\u0106IMA PRIJEDORA \u2013 FOTO\/VIDEO - PrijedorDanas.com - Prijedorski gradski portal\",\"isPartOf\":{\"@id\":\"https:\/\/www.prijedordanas.com\/#website\"},\"datePublished\":\"2018-03-08T20:34:28+00:00\",\"dateModified\":\"2018-03-08T20:34:28+00:00\",\"breadcrumb\":{\"@id\":\"https:\/\/www.prijedordanas.com\/?p=100228#breadcrumb\"},\"inLanguage\":\"en-US\",\"potentialAction\":[{\"@type\":\"ReadAction\",\"target\":[\"https:\/\/www.prijedordanas.com\/?p=100228\"]}]},{\"@type\":\"BreadcrumbList\",\"@id\":\"https:\/\/www.prijedordanas.com\/?p=100228#breadcrumb\",\"itemListElement\":[{\"@type\":\"ListItem\",\"position\":1,\"name\":\"Home\",\"item\":\"https:\/\/www.prijedordanas.com\/\"},{\"@type\":\"ListItem\",\"position\":2,\"name\":\"NOVI KREDIT NA PLE\u0106IMA PRIJEDORA \u2013 FOTO\/VIDEO\"}]},{\"@type\":\"WebSite\",\"@id\":\"https:\/\/www.prijedordanas.com\/#website\",\"url\":\"https:\/\/www.prijedordanas.com\/\",\"name\":\"PrijedorDanas.com - Prijedorski gradski portal\",\"description\":\"Portal o doga\u0111anjima u gradu Prijedoru\",\"publisher\":{\"@id\":\"https:\/\/www.prijedordanas.com\/#organization\"},\"potentialAction\":[{\"@type\":\"SearchAction\",\"target\":{\"@type\":\"EntryPoint\",\"urlTemplate\":\"https:\/\/www.prijedordanas.com\/?s={search_term_string}\"},\"query-input\":\"required name=search_term_string\"}],\"inLanguage\":\"en-US\"},{\"@type\":\"Organization\",\"@id\":\"https:\/\/www.prijedordanas.com\/#organization\",\"name\":\"PrijedorDanas.com\",\"url\":\"https:\/\/www.prijedordanas.com\/\",\"logo\":{\"@type\":\"ImageObject\",\"inLanguage\":\"en-US\",\"@id\":\"https:\/\/www.prijedordanas.com\/#\/schema\/logo\/image\/\",\"url\":\"http:\/\/www.prijedordanas.com\/wp-content\/uploads\/2021\/12\/logopng.png\",\"contentUrl\":\"http:\/\/www.prijedordanas.com\/wp-content\/uploads\/2021\/12\/logopng.png\",\"width\":1019,\"height\":776,\"caption\":\"PrijedorDanas.com\"},\"image\":{\"@id\":\"https:\/\/www.prijedordanas.com\/#\/schema\/logo\/image\/\"},\"sameAs\":[\"https:\/\/www.facebook.com\/PrijedorDanasCom\/\"]},{\"@type\":\"Person\",\"@id\":\"https:\/\/www.prijedordanas.com\/#\/schema\/person\/4e08ccf29b506ca916ff86d46bb700e6\",\"name\":\"admin\",\"image\":{\"@type\":\"ImageObject\",\"inLanguage\":\"en-US\",\"@id\":\"https:\/\/www.prijedordanas.com\/#\/schema\/person\/image\/\",\"url\":\"https:\/\/secure.gravatar.com\/avatar\/1d3fc949d550f0b53a5f0d51e06dfd79?s=96&d=mm&r=g\",\"contentUrl\":\"https:\/\/secure.gravatar.com\/avatar\/1d3fc949d550f0b53a5f0d51e06dfd79?s=96&d=mm&r=g\",\"caption\":\"admin\"},\"url\":\"https:\/\/www.prijedordanas.com\/?author=1\"}]}<\/script>\n<!-- \/ Yoast SEO plugin. -->","yoast_head_json":{"title":"NOVI KREDIT NA PLE\u0106IMA PRIJEDORA \u2013 FOTO\/VIDEO - PrijedorDanas.com - Prijedorski gradski portal","robots":{"index":"index","follow":"follow","max-snippet":"max-snippet:-1","max-image-preview":"max-image-preview:large","max-video-preview":"max-video-preview:-1"},"canonical":"https:\/\/www.prijedordanas.com\/?p=100228","og_locale":"en_US","og_type":"article","og_title":"NOVI KREDIT NA PLE\u0106IMA PRIJEDORA \u2013 FOTO\/VIDEO - PrijedorDanas.com - Prijedorski gradski portal","og_description":"Prijedorski odbornici jednoglasno su usvojili Odluku o kreditnom zadu\u017eenju grada u iznosu od 2 400 000 KM. Sredstva su namijenja, ka\u017eu, za realizaciju kapitalnih projekata. Jedan od njih je i [&hellip;]","og_url":"https:\/\/www.prijedordanas.com\/?p=100228","og_site_name":"PrijedorDanas.com - Prijedorski gradski portal","article_publisher":"https:\/\/www.facebook.com\/PrijedorDanasCom\/","article_published_time":"2018-03-08T20:34:28+00:00","og_image":[{"url":"https:\/\/www.prijedordanas.com\/wp-content\/uploads\/2018\/03\/skupstina-grada-7mart-13-300x222.jpg"}],"author":"admin","twitter_card":"summary_large_image","twitter_misc":{"Written by":"admin","Est. reading time":"2 minutes"},"schema":{"@context":"https:\/\/schema.org","@graph":[{"@type":"Article","@id":"https:\/\/www.prijedordanas.com\/?p=100228#article","isPartOf":{"@id":"https:\/\/www.prijedordanas.com\/?p=100228"},"author":{"name":"admin","@id":"https:\/\/www.prijedordanas.com\/#\/schema\/person\/4e08ccf29b506ca916ff86d46bb700e6"},"headline":"NOVI KREDIT NA PLE\u0106IMA PRIJEDORA \u2013 FOTO\/VIDEO","datePublished":"2018-03-08T20:34:28+00:00","dateModified":"2018-03-08T20:34:28+00:00","mainEntityOfPage":{"@id":"https:\/\/www.prijedordanas.com\/?p=100228"},"wordCount":324,"publisher":{"@id":"https:\/\/www.prijedordanas.com\/#organization"},"keywords":["kredit"],"articleSection":["Dru\u0161tvo"],"inLanguage":"en-US"},{"@type":"WebPage","@id":"https:\/\/www.prijedordanas.com\/?p=100228","url":"https:\/\/www.prijedordanas.com\/?p=100228","name":"NOVI KREDIT NA PLE\u0106IMA PRIJEDORA \u2013 FOTO\/VIDEO - PrijedorDanas.com - Prijedorski gradski portal","isPartOf":{"@id":"https:\/\/www.prijedordanas.com\/#website"},"datePublished":"2018-03-08T20:34:28+00:00","dateModified":"2018-03-08T20:34:28+00:00","breadcrumb":{"@id":"https:\/\/www.prijedordanas.com\/?p=100228#breadcrumb"},"inLanguage":"en-US","potentialAction":[{"@type":"ReadAction","target":["https:\/\/www.prijedordanas.com\/?p=100228"]}]},{"@type":"BreadcrumbList","@id":"https:\/\/www.prijedordanas.com\/?p=100228#breadcrumb","itemListElement":[{"@type":"ListItem","position":1,"name":"Home","item":"https:\/\/www.prijedordanas.com\/"},{"@type":"ListItem","position":2,"name":"NOVI KREDIT NA PLE\u0106IMA PRIJEDORA \u2013 FOTO\/VIDEO"}]},{"@type":"WebSite","@id":"https:\/\/www.prijedordanas.com\/#website","url":"https:\/\/www.prijedordanas.com\/","name":"PrijedorDanas.com - Prijedorski gradski portal","description":"Portal o doga\u0111anjima u gradu Prijedoru","publisher":{"@id":"https:\/\/www.prijedordanas.com\/#organization"},"potentialAction":[{"@type":"SearchAction","target":{"@type":"EntryPoint","urlTemplate":"https:\/\/www.prijedordanas.com\/?s={search_term_string}"},"query-input":"required name=search_term_string"}],"inLanguage":"en-US"},{"@type":"Organization","@id":"https:\/\/www.prijedordanas.com\/#organization","name":"PrijedorDanas.com","url":"https:\/\/www.prijedordanas.com\/","logo":{"@type":"ImageObject","inLanguage":"en-US","@id":"https:\/\/www.prijedordanas.com\/#\/schema\/logo\/image\/","url":"http:\/\/www.prijedordanas.com\/wp-content\/uploads\/2021\/12\/logopng.png","contentUrl":"http:\/\/www.prijedordanas.com\/wp-content\/uploads\/2021\/12\/logopng.png","width":1019,"height":776,"caption":"PrijedorDanas.com"},"image":{"@id":"https:\/\/www.prijedordanas.com\/#\/schema\/logo\/image\/"},"sameAs":["https:\/\/www.facebook.com\/PrijedorDanasCom\/"]},{"@type":"Person","@id":"https:\/\/www.prijedordanas.com\/#\/schema\/person\/4e08ccf29b506ca916ff86d46bb700e6","name":"admin","image":{"@type":"ImageObject","inLanguage":"en-US","@id":"https:\/\/www.prijedordanas.com\/#\/schema\/person\/image\/","url":"https:\/\/secure.gravatar.com\/avatar\/1d3fc949d550f0b53a5f0d51e06dfd79?s=96&d=mm&r=g","contentUrl":"https:\/\/secure.gravatar.com\/avatar\/1d3fc949d550f0b53a5f0d51e06dfd79?s=96&d=mm&r=g","caption":"admin"},"url":"https:\/\/www.prijedordanas.com\/?author=1"}]}},"_links":{"self":[{"href":"https:\/\/www.prijedordanas.com\/index.php?rest_route=\/wp\/v2\/posts\/100228"}],"collection":[{"href":"https:\/\/www.prijedordanas.com\/index.php?rest_route=\/wp\/v2\/posts"}],"about":[{"href":"https:\/\/www.prijedordanas.com\/index.php?rest_route=\/wp\/v2\/types\/post"}],"author":[{"embeddable":true,"href":"https:\/\/www.prijedordanas.com\/index.php?rest_route=\/wp\/v2\/users\/1"}],"replies":[{"embeddable":true,"href":"https:\/\/www.prijedordanas.com\/index.php?rest_route=%2Fwp%2Fv2%2Fcomments&post=100228"}],"version-history":[{"count":1,"href":"https:\/\/www.prijedordanas.com\/index.php?rest_route=\/wp\/v2\/posts\/100228\/revisions"}],"predecessor-version":[{"id":100235,"href":"https:\/\/www.prijedordanas.com\/index.php?rest_route=\/wp\/v2\/posts\/100228\/revisions\/100235"}],"wp:attachment":[{"href":"https:\/\/www.prijedordanas.com\/index.php?rest_route=%2Fwp%2Fv2%2Fmedia&parent=100228"}],"wp:term":[{"taxonomy":"category","embeddable":true,"href":"https:\/\/www.prijedordanas.com\/index.php?rest_route=%2Fwp%2Fv2%2Fcategories&post=100228"},{"taxonomy":"post_tag","embeddable":true,"href":"https:\/\/www.prijedordanas.com\/index.php?rest_route=%2Fwp%2Fv2%2Ftags&post=100228"}],"curies":[{"name":"wp","href":"https:\/\/api.w.org\/{rel}","templated":true}]}}