{"id":100146,"date":"2018-03-08T09:47:21","date_gmt":"2018-03-08T08:47:21","guid":{"rendered":"https:\/\/www.prijedordanas.com\/?p=100146"},"modified":"2018-03-08T09:47:21","modified_gmt":"2018-03-08T08:47:21","slug":"prijedor-snijeg-srusio-garazu-u-pozaru-izgorjelo-meso","status":"publish","type":"post","link":"https:\/\/www.prijedordanas.com\/?p=100146","title":{"rendered":"PRIJEDOR: SNIJEG SRU\u0160IO GARA\u017dU, U PO\u017dARU IZGORJELO MESO"},"content":{"rendered":"<p><a href=\"https:\/\/www.prijedordanas.com\/wp-content\/uploads\/2018\/03\/avaz-fajik-salihovic-1.jpg\"><img loading=\"lazy\" decoding=\"async\" src=\"https:\/\/www.prijedordanas.com\/wp-content\/uploads\/2018\/03\/avaz-fajik-salihovic-1-300x217.jpg\" alt=\"\" width=\"300\" height=\"217\" class=\"alignleft size-medium wp-image-100128\" srcset=\"https:\/\/www.prijedordanas.com\/wp-content\/uploads\/2018\/03\/avaz-fajik-salihovic-1-300x217.jpg 300w, https:\/\/www.prijedordanas.com\/wp-content\/uploads\/2018\/03\/avaz-fajik-salihovic-1-100x72.jpg 100w, https:\/\/www.prijedordanas.com\/wp-content\/uploads\/2018\/03\/avaz-fajik-salihovic-1.jpg 690w\" sizes=\"(max-width: 300px) 100vw, 300px\" \/><\/a>Posljednja od nevolja koje su zadesile Fajika Salihovi\u0107a, mje\u0161tanina \u010carkova i jednog od prvih povratnika u Prijedor, dogodila se prije dva dana, kada se pod te\u017einom snijega uru\u0161io krov i s njim pomo\u0107ni objekt, \u0161tala i gara\u017ea, u kojoj je ostala zarobljena Opel Vectra.<\/p>\n<p>&#8211; Bio sam budan, \u010dujem neki udar, ali na pamet mi nije palo da se to ru\u0161i u mom dvori\u0161tu. Sve mislim snijeg pada, kad ujutro, negdje oko devet sati, dolazi mi kom\u0161ija Dervi\u0161 Musi\u0107 i pita me znam li \u0161ta je bilo. Kad sam vidio, nije mi bilo lako, no poslije sam se smirio. \u0160ta bih drugo &#8211; ka\u017ee Salihovi\u0107, koji je prije desetak dana imao i te\u0161ku operaciju, od koje se jo\u0161 oporavlja. <\/p>\n<p>U pomo\u0107nom objektu, osim Vectre, za koju ne zna je li \u201epre\u017eivjela\u201c udar snijega, jer je jo\u0161 nije izvukao iz ru\u0161evine, ostali su zarobljeni i bu\u0161ilica, mije\u0161alica, prikolica od automobila, alat koji je godinama prikupljao&#8230;<\/p>\n<p><a href=\"https:\/\/www.prijedordanas.com\/wp-content\/uploads\/2018\/03\/avaz-fajik-salihovic-2.jpg\"><img loading=\"lazy\" decoding=\"async\" src=\"https:\/\/www.prijedordanas.com\/wp-content\/uploads\/2018\/03\/avaz-fajik-salihovic-2-300x217.jpg\" alt=\"\" width=\"300\" height=\"217\" class=\"alignleft size-medium wp-image-100129\" srcset=\"https:\/\/www.prijedordanas.com\/wp-content\/uploads\/2018\/03\/avaz-fajik-salihovic-2-300x217.jpg 300w, https:\/\/www.prijedordanas.com\/wp-content\/uploads\/2018\/03\/avaz-fajik-salihovic-2-100x72.jpg 100w, https:\/\/www.prijedordanas.com\/wp-content\/uploads\/2018\/03\/avaz-fajik-salihovic-2.jpg 690w\" sizes=\"(max-width: 300px) 100vw, 300px\" \/><\/a>&#8211; \u0160tetu jo\u0161 nisam procijenio, volio bih da to vidi neko ko je stru\u010dan, poput mog druga, gra\u0111evinca Nezira Bajri\u0107a. Onda \u0107u sve znati &#8211; isti\u010de Salihovi\u0107, kojem je posljednjih dana izgorjela i su\u0161nica s oko 150 kilograma mesa.<\/p>\n<p>&#8211; \u0160teta, velika \u0161teta. Imao sam sud\u017euku, vje\u0161alicu, pastrmu, sve prve kvalitete&#8230; I sve je vatra progutala. Samo s mesom u po\u017earu je nestalo oko 3.000 maraka, a tek koliko ko\u0161ta su\u0161nica &#8211; ka\u017ee Salihovi\u0107, koji i pored svega nije izgubio vedar duh i vjeru da dobre ljude, kakav je i sam, njegove nevolje ne\u0107e ostaviti ravnodu\u0161nima.  <\/p>\n<p>Pomo\u0107 &#8220;Merhameta&#8221; <\/p>\n<p>Ka\u017ee da mu je me\u0111u prvima, s nov\u010danom donacijom, u pomo\u0107 ve\u0107 pritekao njema\u010dki &#8220;Merhamet&#8221;.<\/p>\n<p>&#8211; Ba\u0161 su me obradovali &#8211; ka\u017ee Fajik, koji ina\u010de godinama \u017eivi samo od svog rada i bez bilo kakvih sigurnih primanja. Sad mu treba pomo\u0107 dobrih ljudi, a svi oni koji mogu da pomognu, to mogu uraditi i uplatom na ra\u010dun kod &#8221;UniCredit banke&#8221; Banja Luka na broj 45467471000 i na broj 454 67471 001 (za devizne uplate) na ime Fajik Salihovi\u0107.<\/p>\n<p>Dnevni avaz<\/p>\n","protected":false},"excerpt":{"rendered":"<p>Posljednja od nevolja koje su zadesile Fajika Salihovi\u0107a, mje\u0161tanina \u010carkova i jednog od prvih povratnika u Prijedor, dogodila se prije dva dana, kada se pod te\u017einom snijega uru\u0161io krov i [&hellip;]<\/p>\n","protected":false},"author":1,"featured_media":0,"comment_status":"closed","ping_status":"open","sticky":false,"template":"","format":"standard","meta":{"_monsterinsights_skip_tracking":false,"_monsterinsights_sitenote_active":false,"_monsterinsights_sitenote_note":"","_monsterinsights_sitenote_category":0,"footnotes":""},"categories":[5],"tags":[10466,5724],"yoast_head":"<!-- This site is optimized with the Yoast SEO plugin v21.6 - https:\/\/yoast.com\/wordpress\/plugins\/seo\/ -->\n<title>PRIJEDOR: SNIJEG SRU\u0160IO GARA\u017dU, U PO\u017dARU IZGORJELO MESO - PrijedorDanas.com - Prijedorski gradski portal<\/title>\n<meta name=\"robots\" content=\"index, follow, max-snippet:-1, max-image-preview:large, max-video-preview:-1\" \/>\n<link rel=\"canonical\" href=\"https:\/\/www.prijedordanas.com\/?p=100146\" \/>\n<meta property=\"og:locale\" content=\"en_US\" \/>\n<meta property=\"og:type\" content=\"article\" \/>\n<meta property=\"og:title\" content=\"PRIJEDOR: SNIJEG SRU\u0160IO GARA\u017dU, U PO\u017dARU IZGORJELO MESO - PrijedorDanas.com - Prijedorski gradski portal\" \/>\n<meta property=\"og:description\" content=\"Posljednja od nevolja koje su zadesile Fajika Salihovi\u0107a, mje\u0161tanina \u010carkova i jednog od prvih povratnika u Prijedor, dogodila se prije dva dana, kada se pod te\u017einom snijega uru\u0161io krov i [&hellip;]\" \/>\n<meta property=\"og:url\" content=\"https:\/\/www.prijedordanas.com\/?p=100146\" \/>\n<meta property=\"og:site_name\" content=\"PrijedorDanas.com - Prijedorski gradski portal\" \/>\n<meta property=\"article:publisher\" content=\"https:\/\/www.facebook.com\/PrijedorDanasCom\/\" \/>\n<meta property=\"article:published_time\" content=\"2018-03-08T08:47:21+00:00\" \/>\n<meta property=\"og:image\" content=\"https:\/\/www.prijedordanas.com\/wp-content\/uploads\/2018\/03\/avaz-fajik-salihovic-1-300x217.jpg\" \/>\n<meta name=\"author\" content=\"admin\" \/>\n<meta name=\"twitter:card\" content=\"summary_large_image\" \/>\n<meta name=\"twitter:label1\" content=\"Written by\" \/>\n\t<meta name=\"twitter:data1\" content=\"admin\" \/>\n\t<meta name=\"twitter:label2\" content=\"Est. reading time\" \/>\n\t<meta name=\"twitter:data2\" content=\"2 minutes\" \/>\n<script type=\"application\/ld+json\" class=\"yoast-schema-graph\">{\"@context\":\"https:\/\/schema.org\",\"@graph\":[{\"@type\":\"Article\",\"@id\":\"https:\/\/www.prijedordanas.com\/?p=100146#article\",\"isPartOf\":{\"@id\":\"https:\/\/www.prijedordanas.com\/?p=100146\"},\"author\":{\"name\":\"admin\",\"@id\":\"https:\/\/www.prijedordanas.com\/#\/schema\/person\/4e08ccf29b506ca916ff86d46bb700e6\"},\"headline\":\"PRIJEDOR: SNIJEG SRU\u0160IO GARA\u017dU, U PO\u017dARU IZGORJELO MESO\",\"datePublished\":\"2018-03-08T08:47:21+00:00\",\"dateModified\":\"2018-03-08T08:47:21+00:00\",\"mainEntityOfPage\":{\"@id\":\"https:\/\/www.prijedordanas.com\/?p=100146\"},\"wordCount\":373,\"publisher\":{\"@id\":\"https:\/\/www.prijedordanas.com\/#organization\"},\"keywords\":[\"gara\u017ea\",\"meso\"],\"articleSection\":[\"Hronika\"],\"inLanguage\":\"en-US\"},{\"@type\":\"WebPage\",\"@id\":\"https:\/\/www.prijedordanas.com\/?p=100146\",\"url\":\"https:\/\/www.prijedordanas.com\/?p=100146\",\"name\":\"PRIJEDOR: SNIJEG SRU\u0160IO GARA\u017dU, U PO\u017dARU IZGORJELO MESO - PrijedorDanas.com - Prijedorski gradski portal\",\"isPartOf\":{\"@id\":\"https:\/\/www.prijedordanas.com\/#website\"},\"datePublished\":\"2018-03-08T08:47:21+00:00\",\"dateModified\":\"2018-03-08T08:47:21+00:00\",\"breadcrumb\":{\"@id\":\"https:\/\/www.prijedordanas.com\/?p=100146#breadcrumb\"},\"inLanguage\":\"en-US\",\"potentialAction\":[{\"@type\":\"ReadAction\",\"target\":[\"https:\/\/www.prijedordanas.com\/?p=100146\"]}]},{\"@type\":\"BreadcrumbList\",\"@id\":\"https:\/\/www.prijedordanas.com\/?p=100146#breadcrumb\",\"itemListElement\":[{\"@type\":\"ListItem\",\"position\":1,\"name\":\"Home\",\"item\":\"https:\/\/www.prijedordanas.com\/\"},{\"@type\":\"ListItem\",\"position\":2,\"name\":\"PRIJEDOR: SNIJEG SRU\u0160IO GARA\u017dU, U PO\u017dARU IZGORJELO MESO\"}]},{\"@type\":\"WebSite\",\"@id\":\"https:\/\/www.prijedordanas.com\/#website\",\"url\":\"https:\/\/www.prijedordanas.com\/\",\"name\":\"PrijedorDanas.com - Prijedorski gradski portal\",\"description\":\"Portal o doga\u0111anjima u gradu Prijedoru\",\"publisher\":{\"@id\":\"https:\/\/www.prijedordanas.com\/#organization\"},\"potentialAction\":[{\"@type\":\"SearchAction\",\"target\":{\"@type\":\"EntryPoint\",\"urlTemplate\":\"https:\/\/www.prijedordanas.com\/?s={search_term_string}\"},\"query-input\":\"required name=search_term_string\"}],\"inLanguage\":\"en-US\"},{\"@type\":\"Organization\",\"@id\":\"https:\/\/www.prijedordanas.com\/#organization\",\"name\":\"PrijedorDanas.com\",\"url\":\"https:\/\/www.prijedordanas.com\/\",\"logo\":{\"@type\":\"ImageObject\",\"inLanguage\":\"en-US\",\"@id\":\"https:\/\/www.prijedordanas.com\/#\/schema\/logo\/image\/\",\"url\":\"http:\/\/www.prijedordanas.com\/wp-content\/uploads\/2021\/12\/logopng.png\",\"contentUrl\":\"http:\/\/www.prijedordanas.com\/wp-content\/uploads\/2021\/12\/logopng.png\",\"width\":1019,\"height\":776,\"caption\":\"PrijedorDanas.com\"},\"image\":{\"@id\":\"https:\/\/www.prijedordanas.com\/#\/schema\/logo\/image\/\"},\"sameAs\":[\"https:\/\/www.facebook.com\/PrijedorDanasCom\/\"]},{\"@type\":\"Person\",\"@id\":\"https:\/\/www.prijedordanas.com\/#\/schema\/person\/4e08ccf29b506ca916ff86d46bb700e6\",\"name\":\"admin\",\"image\":{\"@type\":\"ImageObject\",\"inLanguage\":\"en-US\",\"@id\":\"https:\/\/www.prijedordanas.com\/#\/schema\/person\/image\/\",\"url\":\"https:\/\/secure.gravatar.com\/avatar\/1d3fc949d550f0b53a5f0d51e06dfd79?s=96&d=mm&r=g\",\"contentUrl\":\"https:\/\/secure.gravatar.com\/avatar\/1d3fc949d550f0b53a5f0d51e06dfd79?s=96&d=mm&r=g\",\"caption\":\"admin\"},\"url\":\"https:\/\/www.prijedordanas.com\/?author=1\"}]}<\/script>\n<!-- \/ Yoast SEO plugin. -->","yoast_head_json":{"title":"PRIJEDOR: SNIJEG SRU\u0160IO GARA\u017dU, U PO\u017dARU IZGORJELO MESO - PrijedorDanas.com - Prijedorski gradski portal","robots":{"index":"index","follow":"follow","max-snippet":"max-snippet:-1","max-image-preview":"max-image-preview:large","max-video-preview":"max-video-preview:-1"},"canonical":"https:\/\/www.prijedordanas.com\/?p=100146","og_locale":"en_US","og_type":"article","og_title":"PRIJEDOR: SNIJEG SRU\u0160IO GARA\u017dU, U PO\u017dARU IZGORJELO MESO - PrijedorDanas.com - Prijedorski gradski portal","og_description":"Posljednja od nevolja koje su zadesile Fajika Salihovi\u0107a, mje\u0161tanina \u010carkova i jednog od prvih povratnika u Prijedor, dogodila se prije dva dana, kada se pod te\u017einom snijega uru\u0161io krov i [&hellip;]","og_url":"https:\/\/www.prijedordanas.com\/?p=100146","og_site_name":"PrijedorDanas.com - Prijedorski gradski portal","article_publisher":"https:\/\/www.facebook.com\/PrijedorDanasCom\/","article_published_time":"2018-03-08T08:47:21+00:00","og_image":[{"url":"https:\/\/www.prijedordanas.com\/wp-content\/uploads\/2018\/03\/avaz-fajik-salihovic-1-300x217.jpg"}],"author":"admin","twitter_card":"summary_large_image","twitter_misc":{"Written by":"admin","Est. reading time":"2 minutes"},"schema":{"@context":"https:\/\/schema.org","@graph":[{"@type":"Article","@id":"https:\/\/www.prijedordanas.com\/?p=100146#article","isPartOf":{"@id":"https:\/\/www.prijedordanas.com\/?p=100146"},"author":{"name":"admin","@id":"https:\/\/www.prijedordanas.com\/#\/schema\/person\/4e08ccf29b506ca916ff86d46bb700e6"},"headline":"PRIJEDOR: SNIJEG SRU\u0160IO GARA\u017dU, U PO\u017dARU IZGORJELO MESO","datePublished":"2018-03-08T08:47:21+00:00","dateModified":"2018-03-08T08:47:21+00:00","mainEntityOfPage":{"@id":"https:\/\/www.prijedordanas.com\/?p=100146"},"wordCount":373,"publisher":{"@id":"https:\/\/www.prijedordanas.com\/#organization"},"keywords":["gara\u017ea","meso"],"articleSection":["Hronika"],"inLanguage":"en-US"},{"@type":"WebPage","@id":"https:\/\/www.prijedordanas.com\/?p=100146","url":"https:\/\/www.prijedordanas.com\/?p=100146","name":"PRIJEDOR: SNIJEG SRU\u0160IO GARA\u017dU, U PO\u017dARU IZGORJELO MESO - PrijedorDanas.com - Prijedorski gradski portal","isPartOf":{"@id":"https:\/\/www.prijedordanas.com\/#website"},"datePublished":"2018-03-08T08:47:21+00:00","dateModified":"2018-03-08T08:47:21+00:00","breadcrumb":{"@id":"https:\/\/www.prijedordanas.com\/?p=100146#breadcrumb"},"inLanguage":"en-US","potentialAction":[{"@type":"ReadAction","target":["https:\/\/www.prijedordanas.com\/?p=100146"]}]},{"@type":"BreadcrumbList","@id":"https:\/\/www.prijedordanas.com\/?p=100146#breadcrumb","itemListElement":[{"@type":"ListItem","position":1,"name":"Home","item":"https:\/\/www.prijedordanas.com\/"},{"@type":"ListItem","position":2,"name":"PRIJEDOR: SNIJEG SRU\u0160IO GARA\u017dU, U PO\u017dARU IZGORJELO MESO"}]},{"@type":"WebSite","@id":"https:\/\/www.prijedordanas.com\/#website","url":"https:\/\/www.prijedordanas.com\/","name":"PrijedorDanas.com - Prijedorski gradski portal","description":"Portal o doga\u0111anjima u gradu Prijedoru","publisher":{"@id":"https:\/\/www.prijedordanas.com\/#organization"},"potentialAction":[{"@type":"SearchAction","target":{"@type":"EntryPoint","urlTemplate":"https:\/\/www.prijedordanas.com\/?s={search_term_string}"},"query-input":"required name=search_term_string"}],"inLanguage":"en-US"},{"@type":"Organization","@id":"https:\/\/www.prijedordanas.com\/#organization","name":"PrijedorDanas.com","url":"https:\/\/www.prijedordanas.com\/","logo":{"@type":"ImageObject","inLanguage":"en-US","@id":"https:\/\/www.prijedordanas.com\/#\/schema\/logo\/image\/","url":"http:\/\/www.prijedordanas.com\/wp-content\/uploads\/2021\/12\/logopng.png","contentUrl":"http:\/\/www.prijedordanas.com\/wp-content\/uploads\/2021\/12\/logopng.png","width":1019,"height":776,"caption":"PrijedorDanas.com"},"image":{"@id":"https:\/\/www.prijedordanas.com\/#\/schema\/logo\/image\/"},"sameAs":["https:\/\/www.facebook.com\/PrijedorDanasCom\/"]},{"@type":"Person","@id":"https:\/\/www.prijedordanas.com\/#\/schema\/person\/4e08ccf29b506ca916ff86d46bb700e6","name":"admin","image":{"@type":"ImageObject","inLanguage":"en-US","@id":"https:\/\/www.prijedordanas.com\/#\/schema\/person\/image\/","url":"https:\/\/secure.gravatar.com\/avatar\/1d3fc949d550f0b53a5f0d51e06dfd79?s=96&d=mm&r=g","contentUrl":"https:\/\/secure.gravatar.com\/avatar\/1d3fc949d550f0b53a5f0d51e06dfd79?s=96&d=mm&r=g","caption":"admin"},"url":"https:\/\/www.prijedordanas.com\/?author=1"}]}},"_links":{"self":[{"href":"https:\/\/www.prijedordanas.com\/index.php?rest_route=\/wp\/v2\/posts\/100146"}],"collection":[{"href":"https:\/\/www.prijedordanas.com\/index.php?rest_route=\/wp\/v2\/posts"}],"about":[{"href":"https:\/\/www.prijedordanas.com\/index.php?rest_route=\/wp\/v2\/types\/post"}],"author":[{"embeddable":true,"href":"https:\/\/www.prijedordanas.com\/index.php?rest_route=\/wp\/v2\/users\/1"}],"replies":[{"embeddable":true,"href":"https:\/\/www.prijedordanas.com\/index.php?rest_route=%2Fwp%2Fv2%2Fcomments&post=100146"}],"version-history":[{"count":1,"href":"https:\/\/www.prijedordanas.com\/index.php?rest_route=\/wp\/v2\/posts\/100146\/revisions"}],"predecessor-version":[{"id":100147,"href":"https:\/\/www.prijedordanas.com\/index.php?rest_route=\/wp\/v2\/posts\/100146\/revisions\/100147"}],"wp:attachment":[{"href":"https:\/\/www.prijedordanas.com\/index.php?rest_route=%2Fwp%2Fv2%2Fmedia&parent=100146"}],"wp:term":[{"taxonomy":"category","embeddable":true,"href":"https:\/\/www.prijedordanas.com\/index.php?rest_route=%2Fwp%2Fv2%2Fcategories&post=100146"},{"taxonomy":"post_tag","embeddable":true,"href":"https:\/\/www.prijedordanas.com\/index.php?rest_route=%2Fwp%2Fv2%2Ftags&post=100146"}],"curies":[{"name":"wp","href":"https:\/\/api.w.org\/{rel}","templated":true}]}}