{"id":100094,"date":"2018-03-07T09:08:53","date_gmt":"2018-03-07T08:08:53","guid":{"rendered":"https:\/\/www.prijedordanas.com\/?p=100094"},"modified":"2018-03-07T09:08:53","modified_gmt":"2018-03-07T08:08:53","slug":"u-toku-sprovodenje-akcije-odnos-vozac-pjesak-prvog-dana-sankcionisan-81-vozac-16-pjesaka","status":"publish","type":"post","link":"https:\/\/www.prijedordanas.com\/?p=100094","title":{"rendered":"U TOKU SPROVO\u0110ENJE AKCIJE \u201cODNOS VOZA\u010c-PJE\u0160AK\u201d: PRVOG DANA SANKCIONISAN 81 VOZA\u010c I 16 PJE\u0160AKA"},"content":{"rendered":"<p><a href=\"https:\/\/www.prijedordanas.com\/wp-content\/uploads\/2018\/03\/pjesak-vozac-1.jpg\"><img loading=\"lazy\" decoding=\"async\" src=\"https:\/\/www.prijedordanas.com\/wp-content\/uploads\/2018\/03\/pjesak-vozac-1-300x222.jpg\" alt=\"\" width=\"300\" height=\"222\" class=\"alignleft size-medium wp-image-100103\" srcset=\"https:\/\/www.prijedordanas.com\/wp-content\/uploads\/2018\/03\/pjesak-vozac-1-300x222.jpg 300w, https:\/\/www.prijedordanas.com\/wp-content\/uploads\/2018\/03\/pjesak-vozac-1-100x74.jpg 100w, https:\/\/www.prijedordanas.com\/wp-content\/uploads\/2018\/03\/pjesak-vozac-1.jpg 675w\" sizes=\"(max-width: 300px) 100vw, 300px\" \/><\/a>Policijska uprava Prijedor, u vremenskom periodu od 05.03. do 19.03.2018. godine, sprovodi republi\u010dku akciju pod nazivom \u201eOdnos voza\u010d-pje\u0161ak\u201c s ciljem da se preventivnim prisustvom na terenu i preduzimanjem represivnih mjera prema po\u010diniocima prekr\u0161aja stvori \u0161to bezbjedniji ambijent za sve u\u010desnike u saobrac\u0301aju, s posebnim akcentom na bezbjednost pje\u0161aka. <\/p>\n<p>Navodimo, da je tokom prvog dana akcije ukupno kontrolisano 139 voza\u010da i 16 pje\u0161aka, te je tom prilikom zbog po\u010dinjenih prekr\u0161aja izdavanjem prekr\u0161ajnog naloga sankcionisano 97 u\u010desnika u saobrac\u0301aju, od \u010dega 81 voza\u010d i 16 pje\u0161aka. Me\u0111u sankcionisanim u\u010desnicima najvi\u0161e je voza\u010da koji su po\u010dinili prekr\u0161aje iz odnosa voza\u010d-pje\u0161ak, ukupno 56, a radi se o prekr\u0161ajima nepropu\u0161tanja pje\u0161aka na obilje\u017eenom pje\u0161a\u010dkom pelazu, dok je 16 pje\u0161aka sankcionisano zbog nepropisnog kretanja i prelaska kolovoza mimo obilje\u017eenog pje\u0161a\u010dkog prelaza. Tokom sprovo\u0111enja akcije sankcionisano je i 13 voza\u010da zbog nepropisnog parkiranja na obilje\u017eenom pje\u0161a\u010dkom prelazu ili udaljenosti manjoj od 5 metara od prelaza, odnosno na drugim povr\u0161inama namijenjenim za kretanje pje\u0161aka, kao i 12 voza\u010da po ostalim prekr\u0161ajima.<\/p>\n<p><a href=\"https:\/\/www.prijedordanas.com\/wp-content\/uploads\/2018\/02\/cjbpd-policijska-kontrola.jpg\"><img loading=\"lazy\" decoding=\"async\" src=\"https:\/\/www.prijedordanas.com\/wp-content\/uploads\/2018\/02\/cjbpd-policijska-kontrola-300x231.jpg\" alt=\"\" width=\"300\" height=\"231\" class=\"alignleft size-medium wp-image-99467\" srcset=\"https:\/\/www.prijedordanas.com\/wp-content\/uploads\/2018\/02\/cjbpd-policijska-kontrola-300x231.jpg 300w, https:\/\/www.prijedordanas.com\/wp-content\/uploads\/2018\/02\/cjbpd-policijska-kontrola-100x77.jpg 100w, https:\/\/www.prijedordanas.com\/wp-content\/uploads\/2018\/02\/cjbpd-policijska-kontrola.jpg 650w\" sizes=\"(max-width: 300px) 100vw, 300px\" \/><\/a>Policijska uprava Prijedor apeluje na voza\u010de, da se prilikom kretanja vozilom pridr\u017eavaju zakonom propisanih obaveza prema pje\u0161acima, a istovremeno skrec\u0301emo pa\u017enju pje\u0161acima da se pridr\u017eavaju zakonskih pravila o kretanju na putu, da noc\u0301u i u vrijeme smanjene vidljivosti koriste reflektujuc\u0301e prsluke, jer samo na taj na\u010din mogu bezbjedno da u\u010destvuju u saobrac\u0301aju.<\/p>\n<p>PU Prijedor<br \/>\nFoto \u2013 ilustracija<\/p>\n","protected":false},"excerpt":{"rendered":"<p>Policijska uprava Prijedor, u vremenskom periodu od 05.03. do 19.03.2018. godine, sprovodi republi\u010dku akciju pod nazivom \u201eOdnos voza\u010d-pje\u0161ak\u201c s ciljem da se preventivnim prisustvom na terenu i preduzimanjem represivnih mjera [&hellip;]<\/p>\n","protected":false},"author":1,"featured_media":0,"comment_status":"closed","ping_status":"open","sticky":false,"template":"","format":"standard","meta":{"_monsterinsights_skip_tracking":false,"_monsterinsights_sitenote_active":false,"_monsterinsights_sitenote_note":"","_monsterinsights_sitenote_category":0,"footnotes":""},"categories":[5],"tags":[3435,9834,7662],"yoast_head":"<!-- This site is optimized with the Yoast SEO plugin v21.6 - https:\/\/yoast.com\/wordpress\/plugins\/seo\/ -->\n<title>U TOKU SPROVO\u0110ENJE AKCIJE \u201cODNOS VOZA\u010c-PJE\u0160AK\u201d: PRVOG DANA SANKCIONISAN 81 VOZA\u010c I 16 PJE\u0160AKA - PrijedorDanas.com - Prijedorski gradski portal<\/title>\n<meta name=\"robots\" content=\"index, follow, max-snippet:-1, max-image-preview:large, max-video-preview:-1\" \/>\n<link rel=\"canonical\" href=\"https:\/\/www.prijedordanas.com\/?p=100094\" \/>\n<meta property=\"og:locale\" content=\"en_US\" \/>\n<meta property=\"og:type\" content=\"article\" \/>\n<meta property=\"og:title\" content=\"U TOKU SPROVO\u0110ENJE AKCIJE \u201cODNOS VOZA\u010c-PJE\u0160AK\u201d: PRVOG DANA SANKCIONISAN 81 VOZA\u010c I 16 PJE\u0160AKA - PrijedorDanas.com - Prijedorski gradski portal\" \/>\n<meta property=\"og:description\" content=\"Policijska uprava Prijedor, u vremenskom periodu od 05.03. do 19.03.2018. godine, sprovodi republi\u010dku akciju pod nazivom \u201eOdnos voza\u010d-pje\u0161ak\u201c s ciljem da se preventivnim prisustvom na terenu i preduzimanjem represivnih mjera [&hellip;]\" \/>\n<meta property=\"og:url\" content=\"https:\/\/www.prijedordanas.com\/?p=100094\" \/>\n<meta property=\"og:site_name\" content=\"PrijedorDanas.com - Prijedorski gradski portal\" \/>\n<meta property=\"article:publisher\" content=\"https:\/\/www.facebook.com\/PrijedorDanasCom\/\" \/>\n<meta property=\"article:published_time\" content=\"2018-03-07T08:08:53+00:00\" \/>\n<meta property=\"og:image\" content=\"https:\/\/www.prijedordanas.com\/wp-content\/uploads\/2018\/03\/pjesak-vozac-1-300x222.jpg\" \/>\n<meta name=\"author\" content=\"admin\" \/>\n<meta name=\"twitter:card\" content=\"summary_large_image\" \/>\n<meta name=\"twitter:label1\" content=\"Written by\" \/>\n\t<meta name=\"twitter:data1\" content=\"admin\" \/>\n\t<meta name=\"twitter:label2\" content=\"Est. reading time\" \/>\n\t<meta name=\"twitter:data2\" content=\"1 minute\" \/>\n<script type=\"application\/ld+json\" class=\"yoast-schema-graph\">{\"@context\":\"https:\/\/schema.org\",\"@graph\":[{\"@type\":\"Article\",\"@id\":\"https:\/\/www.prijedordanas.com\/?p=100094#article\",\"isPartOf\":{\"@id\":\"https:\/\/www.prijedordanas.com\/?p=100094\"},\"author\":{\"name\":\"admin\",\"@id\":\"https:\/\/www.prijedordanas.com\/#\/schema\/person\/4e08ccf29b506ca916ff86d46bb700e6\"},\"headline\":\"U TOKU SPROVO\u0110ENJE AKCIJE \u201cODNOS VOZA\u010c-PJE\u0160AK\u201d: PRVOG DANA SANKCIONISAN 81 VOZA\u010c I 16 PJE\u0160AKA\",\"datePublished\":\"2018-03-07T08:08:53+00:00\",\"dateModified\":\"2018-03-07T08:08:53+00:00\",\"mainEntityOfPage\":{\"@id\":\"https:\/\/www.prijedordanas.com\/?p=100094\"},\"wordCount\":278,\"publisher\":{\"@id\":\"https:\/\/www.prijedordanas.com\/#organization\"},\"keywords\":[\"pje\u0161ak\",\"PU Prijedor\",\"voza\u010d\"],\"articleSection\":[\"Hronika\"],\"inLanguage\":\"en-US\"},{\"@type\":\"WebPage\",\"@id\":\"https:\/\/www.prijedordanas.com\/?p=100094\",\"url\":\"https:\/\/www.prijedordanas.com\/?p=100094\",\"name\":\"U TOKU SPROVO\u0110ENJE AKCIJE \u201cODNOS VOZA\u010c-PJE\u0160AK\u201d: PRVOG DANA SANKCIONISAN 81 VOZA\u010c I 16 PJE\u0160AKA - PrijedorDanas.com - Prijedorski gradski portal\",\"isPartOf\":{\"@id\":\"https:\/\/www.prijedordanas.com\/#website\"},\"datePublished\":\"2018-03-07T08:08:53+00:00\",\"dateModified\":\"2018-03-07T08:08:53+00:00\",\"breadcrumb\":{\"@id\":\"https:\/\/www.prijedordanas.com\/?p=100094#breadcrumb\"},\"inLanguage\":\"en-US\",\"potentialAction\":[{\"@type\":\"ReadAction\",\"target\":[\"https:\/\/www.prijedordanas.com\/?p=100094\"]}]},{\"@type\":\"BreadcrumbList\",\"@id\":\"https:\/\/www.prijedordanas.com\/?p=100094#breadcrumb\",\"itemListElement\":[{\"@type\":\"ListItem\",\"position\":1,\"name\":\"Home\",\"item\":\"https:\/\/www.prijedordanas.com\/\"},{\"@type\":\"ListItem\",\"position\":2,\"name\":\"U TOKU SPROVO\u0110ENJE AKCIJE \u201cODNOS VOZA\u010c-PJE\u0160AK\u201d: PRVOG DANA SANKCIONISAN 81 VOZA\u010c I 16 PJE\u0160AKA\"}]},{\"@type\":\"WebSite\",\"@id\":\"https:\/\/www.prijedordanas.com\/#website\",\"url\":\"https:\/\/www.prijedordanas.com\/\",\"name\":\"PrijedorDanas.com - Prijedorski gradski portal\",\"description\":\"Portal o doga\u0111anjima u gradu Prijedoru\",\"publisher\":{\"@id\":\"https:\/\/www.prijedordanas.com\/#organization\"},\"potentialAction\":[{\"@type\":\"SearchAction\",\"target\":{\"@type\":\"EntryPoint\",\"urlTemplate\":\"https:\/\/www.prijedordanas.com\/?s={search_term_string}\"},\"query-input\":\"required name=search_term_string\"}],\"inLanguage\":\"en-US\"},{\"@type\":\"Organization\",\"@id\":\"https:\/\/www.prijedordanas.com\/#organization\",\"name\":\"PrijedorDanas.com\",\"url\":\"https:\/\/www.prijedordanas.com\/\",\"logo\":{\"@type\":\"ImageObject\",\"inLanguage\":\"en-US\",\"@id\":\"https:\/\/www.prijedordanas.com\/#\/schema\/logo\/image\/\",\"url\":\"http:\/\/www.prijedordanas.com\/wp-content\/uploads\/2021\/12\/logopng.png\",\"contentUrl\":\"http:\/\/www.prijedordanas.com\/wp-content\/uploads\/2021\/12\/logopng.png\",\"width\":1019,\"height\":776,\"caption\":\"PrijedorDanas.com\"},\"image\":{\"@id\":\"https:\/\/www.prijedordanas.com\/#\/schema\/logo\/image\/\"},\"sameAs\":[\"https:\/\/www.facebook.com\/PrijedorDanasCom\/\"]},{\"@type\":\"Person\",\"@id\":\"https:\/\/www.prijedordanas.com\/#\/schema\/person\/4e08ccf29b506ca916ff86d46bb700e6\",\"name\":\"admin\",\"image\":{\"@type\":\"ImageObject\",\"inLanguage\":\"en-US\",\"@id\":\"https:\/\/www.prijedordanas.com\/#\/schema\/person\/image\/\",\"url\":\"https:\/\/secure.gravatar.com\/avatar\/1d3fc949d550f0b53a5f0d51e06dfd79?s=96&d=mm&r=g\",\"contentUrl\":\"https:\/\/secure.gravatar.com\/avatar\/1d3fc949d550f0b53a5f0d51e06dfd79?s=96&d=mm&r=g\",\"caption\":\"admin\"},\"url\":\"https:\/\/www.prijedordanas.com\/?author=1\"}]}<\/script>\n<!-- \/ Yoast SEO plugin. -->","yoast_head_json":{"title":"U TOKU SPROVO\u0110ENJE AKCIJE \u201cODNOS VOZA\u010c-PJE\u0160AK\u201d: PRVOG DANA SANKCIONISAN 81 VOZA\u010c I 16 PJE\u0160AKA - PrijedorDanas.com - Prijedorski gradski portal","robots":{"index":"index","follow":"follow","max-snippet":"max-snippet:-1","max-image-preview":"max-image-preview:large","max-video-preview":"max-video-preview:-1"},"canonical":"https:\/\/www.prijedordanas.com\/?p=100094","og_locale":"en_US","og_type":"article","og_title":"U TOKU SPROVO\u0110ENJE AKCIJE \u201cODNOS VOZA\u010c-PJE\u0160AK\u201d: PRVOG DANA SANKCIONISAN 81 VOZA\u010c I 16 PJE\u0160AKA - PrijedorDanas.com - Prijedorski gradski portal","og_description":"Policijska uprava Prijedor, u vremenskom periodu od 05.03. do 19.03.2018. godine, sprovodi republi\u010dku akciju pod nazivom \u201eOdnos voza\u010d-pje\u0161ak\u201c s ciljem da se preventivnim prisustvom na terenu i preduzimanjem represivnih mjera [&hellip;]","og_url":"https:\/\/www.prijedordanas.com\/?p=100094","og_site_name":"PrijedorDanas.com - Prijedorski gradski portal","article_publisher":"https:\/\/www.facebook.com\/PrijedorDanasCom\/","article_published_time":"2018-03-07T08:08:53+00:00","og_image":[{"url":"https:\/\/www.prijedordanas.com\/wp-content\/uploads\/2018\/03\/pjesak-vozac-1-300x222.jpg"}],"author":"admin","twitter_card":"summary_large_image","twitter_misc":{"Written by":"admin","Est. reading time":"1 minute"},"schema":{"@context":"https:\/\/schema.org","@graph":[{"@type":"Article","@id":"https:\/\/www.prijedordanas.com\/?p=100094#article","isPartOf":{"@id":"https:\/\/www.prijedordanas.com\/?p=100094"},"author":{"name":"admin","@id":"https:\/\/www.prijedordanas.com\/#\/schema\/person\/4e08ccf29b506ca916ff86d46bb700e6"},"headline":"U TOKU SPROVO\u0110ENJE AKCIJE \u201cODNOS VOZA\u010c-PJE\u0160AK\u201d: PRVOG DANA SANKCIONISAN 81 VOZA\u010c I 16 PJE\u0160AKA","datePublished":"2018-03-07T08:08:53+00:00","dateModified":"2018-03-07T08:08:53+00:00","mainEntityOfPage":{"@id":"https:\/\/www.prijedordanas.com\/?p=100094"},"wordCount":278,"publisher":{"@id":"https:\/\/www.prijedordanas.com\/#organization"},"keywords":["pje\u0161ak","PU Prijedor","voza\u010d"],"articleSection":["Hronika"],"inLanguage":"en-US"},{"@type":"WebPage","@id":"https:\/\/www.prijedordanas.com\/?p=100094","url":"https:\/\/www.prijedordanas.com\/?p=100094","name":"U TOKU SPROVO\u0110ENJE AKCIJE \u201cODNOS VOZA\u010c-PJE\u0160AK\u201d: PRVOG DANA SANKCIONISAN 81 VOZA\u010c I 16 PJE\u0160AKA - PrijedorDanas.com - Prijedorski gradski portal","isPartOf":{"@id":"https:\/\/www.prijedordanas.com\/#website"},"datePublished":"2018-03-07T08:08:53+00:00","dateModified":"2018-03-07T08:08:53+00:00","breadcrumb":{"@id":"https:\/\/www.prijedordanas.com\/?p=100094#breadcrumb"},"inLanguage":"en-US","potentialAction":[{"@type":"ReadAction","target":["https:\/\/www.prijedordanas.com\/?p=100094"]}]},{"@type":"BreadcrumbList","@id":"https:\/\/www.prijedordanas.com\/?p=100094#breadcrumb","itemListElement":[{"@type":"ListItem","position":1,"name":"Home","item":"https:\/\/www.prijedordanas.com\/"},{"@type":"ListItem","position":2,"name":"U TOKU SPROVO\u0110ENJE AKCIJE \u201cODNOS VOZA\u010c-PJE\u0160AK\u201d: PRVOG DANA SANKCIONISAN 81 VOZA\u010c I 16 PJE\u0160AKA"}]},{"@type":"WebSite","@id":"https:\/\/www.prijedordanas.com\/#website","url":"https:\/\/www.prijedordanas.com\/","name":"PrijedorDanas.com - Prijedorski gradski portal","description":"Portal o doga\u0111anjima u gradu Prijedoru","publisher":{"@id":"https:\/\/www.prijedordanas.com\/#organization"},"potentialAction":[{"@type":"SearchAction","target":{"@type":"EntryPoint","urlTemplate":"https:\/\/www.prijedordanas.com\/?s={search_term_string}"},"query-input":"required name=search_term_string"}],"inLanguage":"en-US"},{"@type":"Organization","@id":"https:\/\/www.prijedordanas.com\/#organization","name":"PrijedorDanas.com","url":"https:\/\/www.prijedordanas.com\/","logo":{"@type":"ImageObject","inLanguage":"en-US","@id":"https:\/\/www.prijedordanas.com\/#\/schema\/logo\/image\/","url":"http:\/\/www.prijedordanas.com\/wp-content\/uploads\/2021\/12\/logopng.png","contentUrl":"http:\/\/www.prijedordanas.com\/wp-content\/uploads\/2021\/12\/logopng.png","width":1019,"height":776,"caption":"PrijedorDanas.com"},"image":{"@id":"https:\/\/www.prijedordanas.com\/#\/schema\/logo\/image\/"},"sameAs":["https:\/\/www.facebook.com\/PrijedorDanasCom\/"]},{"@type":"Person","@id":"https:\/\/www.prijedordanas.com\/#\/schema\/person\/4e08ccf29b506ca916ff86d46bb700e6","name":"admin","image":{"@type":"ImageObject","inLanguage":"en-US","@id":"https:\/\/www.prijedordanas.com\/#\/schema\/person\/image\/","url":"https:\/\/secure.gravatar.com\/avatar\/1d3fc949d550f0b53a5f0d51e06dfd79?s=96&d=mm&r=g","contentUrl":"https:\/\/secure.gravatar.com\/avatar\/1d3fc949d550f0b53a5f0d51e06dfd79?s=96&d=mm&r=g","caption":"admin"},"url":"https:\/\/www.prijedordanas.com\/?author=1"}]}},"_links":{"self":[{"href":"https:\/\/www.prijedordanas.com\/index.php?rest_route=\/wp\/v2\/posts\/100094"}],"collection":[{"href":"https:\/\/www.prijedordanas.com\/index.php?rest_route=\/wp\/v2\/posts"}],"about":[{"href":"https:\/\/www.prijedordanas.com\/index.php?rest_route=\/wp\/v2\/types\/post"}],"author":[{"embeddable":true,"href":"https:\/\/www.prijedordanas.com\/index.php?rest_route=\/wp\/v2\/users\/1"}],"replies":[{"embeddable":true,"href":"https:\/\/www.prijedordanas.com\/index.php?rest_route=%2Fwp%2Fv2%2Fcomments&post=100094"}],"version-history":[{"count":2,"href":"https:\/\/www.prijedordanas.com\/index.php?rest_route=\/wp\/v2\/posts\/100094\/revisions"}],"predecessor-version":[{"id":100104,"href":"https:\/\/www.prijedordanas.com\/index.php?rest_route=\/wp\/v2\/posts\/100094\/revisions\/100104"}],"wp:attachment":[{"href":"https:\/\/www.prijedordanas.com\/index.php?rest_route=%2Fwp%2Fv2%2Fmedia&parent=100094"}],"wp:term":[{"taxonomy":"category","embeddable":true,"href":"https:\/\/www.prijedordanas.com\/index.php?rest_route=%2Fwp%2Fv2%2Fcategories&post=100094"},{"taxonomy":"post_tag","embeddable":true,"href":"https:\/\/www.prijedordanas.com\/index.php?rest_route=%2Fwp%2Fv2%2Ftags&post=100094"}],"curies":[{"name":"wp","href":"https:\/\/api.w.org\/{rel}","templated":true}]}}