{"id":100062,"date":"2018-03-06T20:48:15","date_gmt":"2018-03-06T19:48:15","guid":{"rendered":"https:\/\/www.prijedordanas.com\/?p=100062"},"modified":"2018-03-06T21:09:02","modified_gmt":"2018-03-06T20:09:02","slug":"prijedor-uzgoj-koza-poljoprivreda-za-22-godisnju-krstinu-bojic-jedini-posao-video","status":"publish","type":"post","link":"https:\/\/www.prijedordanas.com\/?p=100062","title":{"rendered":"PRIJEDOR: UZGOJ KOZA I POLJOPRIVREDA ZA 22-GODI\u0160NJU KRSTINU BOJI\u0106 JEDINI POSAO \u2013 VIDEO"},"content":{"rendered":"<p><a href=\"https:\/\/www.prijedordanas.com\/wp-content\/uploads\/2018\/03\/rtrs-krstina-bojic.jpg\"><img loading=\"lazy\" decoding=\"async\" class=\"alignleft size-medium wp-image-100059\" src=\"https:\/\/www.prijedordanas.com\/wp-content\/uploads\/2018\/03\/rtrs-krstina-bojic-300x225.jpg\" alt=\"\" width=\"300\" height=\"225\" srcset=\"https:\/\/www.prijedordanas.com\/wp-content\/uploads\/2018\/03\/rtrs-krstina-bojic-300x225.jpg 300w, https:\/\/www.prijedordanas.com\/wp-content\/uploads\/2018\/03\/rtrs-krstina-bojic-100x75.jpg 100w, https:\/\/www.prijedordanas.com\/wp-content\/uploads\/2018\/03\/rtrs-krstina-bojic-640x480.jpg 640w, https:\/\/www.prijedordanas.com\/wp-content\/uploads\/2018\/03\/rtrs-krstina-bojic.jpg 666w\" sizes=\"(max-width: 300px) 100vw, 300px\" \/><\/a>Uzgoj koza i poljoprivreda za 22-godi\u0161nju Krstinu Bojic\u0301 jedini su posao. Nakon \u0161kolovanja, nije ostala u gradu kao vec\u0301ina mladih, vec\u0301 se vratila na porodi\u010dno imanje, gdje nastoji da o\u017eivi vlastiti posao i zaradi, prvu platu.<\/p>\n<p>Po zavr\u0161etku Poljoprivrednog fakulteta Krstina Bojic\u0301, nije prona\u0161la zaposlenje u struci, ali ni sjedila skr\u0161tenih ruku. Prije dvije godine kupila je prvu kozu. Danas je na njenom porodi\u010dnom imanju u Toma\u0161ici kod Prijedora slika sasvim druga\u010dija.<\/p>\n<p>&#8220;Danas imam 20, ukupno sa jaric\u0301ima. Imam \u0161est koza, jednog jarca i 13 jaric\u0301a&#8221;, navela je Krstina.<\/p>\n<p>Iako joj nedostaje finansijskih sredstava za povec\u0301anje broja koza i pro\u0161irenje proizvodnje, Kristina ne odustaje.<\/p>\n<p><a href=\"https:\/\/www.prijedordanas.com\/wp-content\/uploads\/2018\/03\/krstina-bojic-kozarstvo-2.jpg\"><img loading=\"lazy\" decoding=\"async\" src=\"https:\/\/www.prijedordanas.com\/wp-content\/uploads\/2018\/03\/krstina-bojic-kozarstvo-2-298x300.jpg\" alt=\"\" width=\"298\" height=\"300\" class=\"alignleft size-medium wp-image-99973\" srcset=\"https:\/\/www.prijedordanas.com\/wp-content\/uploads\/2018\/03\/krstina-bojic-kozarstvo-2-298x300.jpg 298w, https:\/\/www.prijedordanas.com\/wp-content\/uploads\/2018\/03\/krstina-bojic-kozarstvo-2-150x150.jpg 150w, https:\/\/www.prijedordanas.com\/wp-content\/uploads\/2018\/03\/krstina-bojic-kozarstvo-2-100x100.jpg 100w, https:\/\/www.prijedordanas.com\/wp-content\/uploads\/2018\/03\/krstina-bojic-kozarstvo-2-50x50.jpg 50w, https:\/\/www.prijedordanas.com\/wp-content\/uploads\/2018\/03\/krstina-bojic-kozarstvo-2.jpg 595w\" sizes=\"(max-width: 298px) 100vw, 298px\" \/><\/a>&#8220;Kada vi ne\u0161to volite onda sve mo\u017ee da te\u010de po planu, samo treba posvetiti pa\u017enje mnogo, ljubavi i u\u017eivati u tome i voljeti, i stvarno c\u0301e ic\u0301i sve kako treba, svaki posao&#8221;, istakla je ona.<\/p>\n<p>Sljedec\u0301i korak je, ka\u017ee, izrada proizvoda od kozjeg mlijeka, koji su veoma zdravi i tra\u017eeni.<\/p>\n<p>&#8220;Pravila bih sir i jogurt, ali osnovno sir i surutka kao sporedni proizvod dobijanjem sira&#8221;, naglasila je Krstina.<\/p>\n<p>Najvec\u0301a podr\u0161ka joj je otac. Iako vec\u0301inu posla obavlja sama, bez njegove podr\u0161ke, ka\u017ee, ne bi uspjela. Ova djevojka dokaz je da se znanjem mo\u017ee uspjeti i daleko od gradskog asfalta.<\/p>\n<p>RTRS<\/p>\n<p><iframe loading=\"lazy\" width=\"500\" height=\"281\" src=\"https:\/\/www.youtube.com\/embed\/0vmPOlEq30s?feature=oembed\" frameborder=\"0\" allow=\"autoplay; encrypted-media\" allowfullscreen><\/iframe><\/p>\n<p><iframe loading=\"lazy\" width=\"500\" height=\"281\" src=\"https:\/\/www.youtube.com\/embed\/y_T4sctOo3g?feature=oembed\" frameborder=\"0\" allow=\"autoplay; encrypted-media\" allowfullscreen><\/iframe><\/p>\n","protected":false},"excerpt":{"rendered":"<p>Uzgoj koza i poljoprivreda za 22-godi\u0161nju Krstinu Bojic\u0301 jedini su posao. Nakon \u0161kolovanja, nije ostala u gradu kao vec\u0301ina mladih, vec\u0301 se vratila na porodi\u010dno imanje, gdje nastoji da o\u017eivi [&hellip;]<\/p>\n","protected":false},"author":1,"featured_media":0,"comment_status":"closed","ping_status":"open","sticky":false,"template":"","format":"standard","meta":{"_monsterinsights_skip_tracking":false,"_monsterinsights_sitenote_active":false,"_monsterinsights_sitenote_note":"","_monsterinsights_sitenote_category":0,"footnotes":""},"categories":[7518],"tags":[10459],"yoast_head":"<!-- This site is optimized with the Yoast SEO plugin v21.6 - https:\/\/yoast.com\/wordpress\/plugins\/seo\/ -->\n<title>PRIJEDOR: UZGOJ KOZA I POLJOPRIVREDA ZA 22-GODI\u0160NJU KRSTINU BOJI\u0106 JEDINI POSAO \u2013 VIDEO - PrijedorDanas.com - Prijedorski gradski portal<\/title>\n<meta name=\"robots\" content=\"index, follow, max-snippet:-1, max-image-preview:large, max-video-preview:-1\" \/>\n<link rel=\"canonical\" href=\"https:\/\/www.prijedordanas.com\/?p=100062\" \/>\n<meta property=\"og:locale\" content=\"en_US\" \/>\n<meta property=\"og:type\" content=\"article\" \/>\n<meta property=\"og:title\" content=\"PRIJEDOR: UZGOJ KOZA I POLJOPRIVREDA ZA 22-GODI\u0160NJU KRSTINU BOJI\u0106 JEDINI POSAO \u2013 VIDEO - PrijedorDanas.com - Prijedorski gradski portal\" \/>\n<meta property=\"og:description\" content=\"Uzgoj koza i poljoprivreda za 22-godi\u0161nju Krstinu Bojic\u0301 jedini su posao. Nakon \u0161kolovanja, nije ostala u gradu kao vec\u0301ina mladih, vec\u0301 se vratila na porodi\u010dno imanje, gdje nastoji da o\u017eivi [&hellip;]\" \/>\n<meta property=\"og:url\" content=\"https:\/\/www.prijedordanas.com\/?p=100062\" \/>\n<meta property=\"og:site_name\" content=\"PrijedorDanas.com - Prijedorski gradski portal\" \/>\n<meta property=\"article:publisher\" content=\"https:\/\/www.facebook.com\/PrijedorDanasCom\/\" \/>\n<meta property=\"article:published_time\" content=\"2018-03-06T19:48:15+00:00\" \/>\n<meta property=\"article:modified_time\" content=\"2018-03-06T20:09:02+00:00\" \/>\n<meta property=\"og:image\" content=\"https:\/\/www.prijedordanas.com\/wp-content\/uploads\/2018\/03\/rtrs-krstina-bojic-300x225.jpg\" \/>\n<meta name=\"author\" content=\"admin\" \/>\n<meta name=\"twitter:card\" content=\"summary_large_image\" \/>\n<meta name=\"twitter:label1\" content=\"Written by\" \/>\n\t<meta name=\"twitter:data1\" content=\"admin\" \/>\n\t<meta name=\"twitter:label2\" content=\"Est. reading time\" \/>\n\t<meta name=\"twitter:data2\" content=\"1 minute\" \/>\n<script type=\"application\/ld+json\" class=\"yoast-schema-graph\">{\"@context\":\"https:\/\/schema.org\",\"@graph\":[{\"@type\":\"Article\",\"@id\":\"https:\/\/www.prijedordanas.com\/?p=100062#article\",\"isPartOf\":{\"@id\":\"https:\/\/www.prijedordanas.com\/?p=100062\"},\"author\":{\"name\":\"admin\",\"@id\":\"https:\/\/www.prijedordanas.com\/#\/schema\/person\/4e08ccf29b506ca916ff86d46bb700e6\"},\"headline\":\"PRIJEDOR: UZGOJ KOZA I POLJOPRIVREDA ZA 22-GODI\u0160NJU KRSTINU BOJI\u0106 JEDINI POSAO \u2013 VIDEO\",\"datePublished\":\"2018-03-06T19:48:15+00:00\",\"dateModified\":\"2018-03-06T20:09:02+00:00\",\"mainEntityOfPage\":{\"@id\":\"https:\/\/www.prijedordanas.com\/?p=100062\"},\"wordCount\":257,\"publisher\":{\"@id\":\"https:\/\/www.prijedordanas.com\/#organization\"},\"keywords\":[\"Krstina Boji\u0107\"],\"articleSection\":[\"Mladi\"],\"inLanguage\":\"en-US\"},{\"@type\":\"WebPage\",\"@id\":\"https:\/\/www.prijedordanas.com\/?p=100062\",\"url\":\"https:\/\/www.prijedordanas.com\/?p=100062\",\"name\":\"PRIJEDOR: UZGOJ KOZA I POLJOPRIVREDA ZA 22-GODI\u0160NJU KRSTINU BOJI\u0106 JEDINI POSAO \u2013 VIDEO - PrijedorDanas.com - Prijedorski gradski portal\",\"isPartOf\":{\"@id\":\"https:\/\/www.prijedordanas.com\/#website\"},\"datePublished\":\"2018-03-06T19:48:15+00:00\",\"dateModified\":\"2018-03-06T20:09:02+00:00\",\"breadcrumb\":{\"@id\":\"https:\/\/www.prijedordanas.com\/?p=100062#breadcrumb\"},\"inLanguage\":\"en-US\",\"potentialAction\":[{\"@type\":\"ReadAction\",\"target\":[\"https:\/\/www.prijedordanas.com\/?p=100062\"]}]},{\"@type\":\"BreadcrumbList\",\"@id\":\"https:\/\/www.prijedordanas.com\/?p=100062#breadcrumb\",\"itemListElement\":[{\"@type\":\"ListItem\",\"position\":1,\"name\":\"Home\",\"item\":\"https:\/\/www.prijedordanas.com\/\"},{\"@type\":\"ListItem\",\"position\":2,\"name\":\"PRIJEDOR: UZGOJ KOZA I POLJOPRIVREDA ZA 22-GODI\u0160NJU KRSTINU BOJI\u0106 JEDINI POSAO \u2013 VIDEO\"}]},{\"@type\":\"WebSite\",\"@id\":\"https:\/\/www.prijedordanas.com\/#website\",\"url\":\"https:\/\/www.prijedordanas.com\/\",\"name\":\"PrijedorDanas.com - Prijedorski gradski portal\",\"description\":\"Portal o doga\u0111anjima u gradu Prijedoru\",\"publisher\":{\"@id\":\"https:\/\/www.prijedordanas.com\/#organization\"},\"potentialAction\":[{\"@type\":\"SearchAction\",\"target\":{\"@type\":\"EntryPoint\",\"urlTemplate\":\"https:\/\/www.prijedordanas.com\/?s={search_term_string}\"},\"query-input\":\"required name=search_term_string\"}],\"inLanguage\":\"en-US\"},{\"@type\":\"Organization\",\"@id\":\"https:\/\/www.prijedordanas.com\/#organization\",\"name\":\"PrijedorDanas.com\",\"url\":\"https:\/\/www.prijedordanas.com\/\",\"logo\":{\"@type\":\"ImageObject\",\"inLanguage\":\"en-US\",\"@id\":\"https:\/\/www.prijedordanas.com\/#\/schema\/logo\/image\/\",\"url\":\"http:\/\/www.prijedordanas.com\/wp-content\/uploads\/2021\/12\/logopng.png\",\"contentUrl\":\"http:\/\/www.prijedordanas.com\/wp-content\/uploads\/2021\/12\/logopng.png\",\"width\":1019,\"height\":776,\"caption\":\"PrijedorDanas.com\"},\"image\":{\"@id\":\"https:\/\/www.prijedordanas.com\/#\/schema\/logo\/image\/\"},\"sameAs\":[\"https:\/\/www.facebook.com\/PrijedorDanasCom\/\"]},{\"@type\":\"Person\",\"@id\":\"https:\/\/www.prijedordanas.com\/#\/schema\/person\/4e08ccf29b506ca916ff86d46bb700e6\",\"name\":\"admin\",\"image\":{\"@type\":\"ImageObject\",\"inLanguage\":\"en-US\",\"@id\":\"https:\/\/www.prijedordanas.com\/#\/schema\/person\/image\/\",\"url\":\"https:\/\/secure.gravatar.com\/avatar\/1d3fc949d550f0b53a5f0d51e06dfd79?s=96&d=mm&r=g\",\"contentUrl\":\"https:\/\/secure.gravatar.com\/avatar\/1d3fc949d550f0b53a5f0d51e06dfd79?s=96&d=mm&r=g\",\"caption\":\"admin\"},\"url\":\"https:\/\/www.prijedordanas.com\/?author=1\"}]}<\/script>\n<!-- \/ Yoast SEO plugin. -->","yoast_head_json":{"title":"PRIJEDOR: UZGOJ KOZA I POLJOPRIVREDA ZA 22-GODI\u0160NJU KRSTINU BOJI\u0106 JEDINI POSAO \u2013 VIDEO - PrijedorDanas.com - Prijedorski gradski portal","robots":{"index":"index","follow":"follow","max-snippet":"max-snippet:-1","max-image-preview":"max-image-preview:large","max-video-preview":"max-video-preview:-1"},"canonical":"https:\/\/www.prijedordanas.com\/?p=100062","og_locale":"en_US","og_type":"article","og_title":"PRIJEDOR: UZGOJ KOZA I POLJOPRIVREDA ZA 22-GODI\u0160NJU KRSTINU BOJI\u0106 JEDINI POSAO \u2013 VIDEO - PrijedorDanas.com - Prijedorski gradski portal","og_description":"Uzgoj koza i poljoprivreda za 22-godi\u0161nju Krstinu Bojic\u0301 jedini su posao. Nakon \u0161kolovanja, nije ostala u gradu kao vec\u0301ina mladih, vec\u0301 se vratila na porodi\u010dno imanje, gdje nastoji da o\u017eivi [&hellip;]","og_url":"https:\/\/www.prijedordanas.com\/?p=100062","og_site_name":"PrijedorDanas.com - Prijedorski gradski portal","article_publisher":"https:\/\/www.facebook.com\/PrijedorDanasCom\/","article_published_time":"2018-03-06T19:48:15+00:00","article_modified_time":"2018-03-06T20:09:02+00:00","og_image":[{"url":"https:\/\/www.prijedordanas.com\/wp-content\/uploads\/2018\/03\/rtrs-krstina-bojic-300x225.jpg"}],"author":"admin","twitter_card":"summary_large_image","twitter_misc":{"Written by":"admin","Est. reading time":"1 minute"},"schema":{"@context":"https:\/\/schema.org","@graph":[{"@type":"Article","@id":"https:\/\/www.prijedordanas.com\/?p=100062#article","isPartOf":{"@id":"https:\/\/www.prijedordanas.com\/?p=100062"},"author":{"name":"admin","@id":"https:\/\/www.prijedordanas.com\/#\/schema\/person\/4e08ccf29b506ca916ff86d46bb700e6"},"headline":"PRIJEDOR: UZGOJ KOZA I POLJOPRIVREDA ZA 22-GODI\u0160NJU KRSTINU BOJI\u0106 JEDINI POSAO \u2013 VIDEO","datePublished":"2018-03-06T19:48:15+00:00","dateModified":"2018-03-06T20:09:02+00:00","mainEntityOfPage":{"@id":"https:\/\/www.prijedordanas.com\/?p=100062"},"wordCount":257,"publisher":{"@id":"https:\/\/www.prijedordanas.com\/#organization"},"keywords":["Krstina Boji\u0107"],"articleSection":["Mladi"],"inLanguage":"en-US"},{"@type":"WebPage","@id":"https:\/\/www.prijedordanas.com\/?p=100062","url":"https:\/\/www.prijedordanas.com\/?p=100062","name":"PRIJEDOR: UZGOJ KOZA I POLJOPRIVREDA ZA 22-GODI\u0160NJU KRSTINU BOJI\u0106 JEDINI POSAO \u2013 VIDEO - PrijedorDanas.com - Prijedorski gradski portal","isPartOf":{"@id":"https:\/\/www.prijedordanas.com\/#website"},"datePublished":"2018-03-06T19:48:15+00:00","dateModified":"2018-03-06T20:09:02+00:00","breadcrumb":{"@id":"https:\/\/www.prijedordanas.com\/?p=100062#breadcrumb"},"inLanguage":"en-US","potentialAction":[{"@type":"ReadAction","target":["https:\/\/www.prijedordanas.com\/?p=100062"]}]},{"@type":"BreadcrumbList","@id":"https:\/\/www.prijedordanas.com\/?p=100062#breadcrumb","itemListElement":[{"@type":"ListItem","position":1,"name":"Home","item":"https:\/\/www.prijedordanas.com\/"},{"@type":"ListItem","position":2,"name":"PRIJEDOR: UZGOJ KOZA I POLJOPRIVREDA ZA 22-GODI\u0160NJU KRSTINU BOJI\u0106 JEDINI POSAO \u2013 VIDEO"}]},{"@type":"WebSite","@id":"https:\/\/www.prijedordanas.com\/#website","url":"https:\/\/www.prijedordanas.com\/","name":"PrijedorDanas.com - Prijedorski gradski portal","description":"Portal o doga\u0111anjima u gradu Prijedoru","publisher":{"@id":"https:\/\/www.prijedordanas.com\/#organization"},"potentialAction":[{"@type":"SearchAction","target":{"@type":"EntryPoint","urlTemplate":"https:\/\/www.prijedordanas.com\/?s={search_term_string}"},"query-input":"required name=search_term_string"}],"inLanguage":"en-US"},{"@type":"Organization","@id":"https:\/\/www.prijedordanas.com\/#organization","name":"PrijedorDanas.com","url":"https:\/\/www.prijedordanas.com\/","logo":{"@type":"ImageObject","inLanguage":"en-US","@id":"https:\/\/www.prijedordanas.com\/#\/schema\/logo\/image\/","url":"http:\/\/www.prijedordanas.com\/wp-content\/uploads\/2021\/12\/logopng.png","contentUrl":"http:\/\/www.prijedordanas.com\/wp-content\/uploads\/2021\/12\/logopng.png","width":1019,"height":776,"caption":"PrijedorDanas.com"},"image":{"@id":"https:\/\/www.prijedordanas.com\/#\/schema\/logo\/image\/"},"sameAs":["https:\/\/www.facebook.com\/PrijedorDanasCom\/"]},{"@type":"Person","@id":"https:\/\/www.prijedordanas.com\/#\/schema\/person\/4e08ccf29b506ca916ff86d46bb700e6","name":"admin","image":{"@type":"ImageObject","inLanguage":"en-US","@id":"https:\/\/www.prijedordanas.com\/#\/schema\/person\/image\/","url":"https:\/\/secure.gravatar.com\/avatar\/1d3fc949d550f0b53a5f0d51e06dfd79?s=96&d=mm&r=g","contentUrl":"https:\/\/secure.gravatar.com\/avatar\/1d3fc949d550f0b53a5f0d51e06dfd79?s=96&d=mm&r=g","caption":"admin"},"url":"https:\/\/www.prijedordanas.com\/?author=1"}]}},"_links":{"self":[{"href":"https:\/\/www.prijedordanas.com\/index.php?rest_route=\/wp\/v2\/posts\/100062"}],"collection":[{"href":"https:\/\/www.prijedordanas.com\/index.php?rest_route=\/wp\/v2\/posts"}],"about":[{"href":"https:\/\/www.prijedordanas.com\/index.php?rest_route=\/wp\/v2\/types\/post"}],"author":[{"embeddable":true,"href":"https:\/\/www.prijedordanas.com\/index.php?rest_route=\/wp\/v2\/users\/1"}],"replies":[{"embeddable":true,"href":"https:\/\/www.prijedordanas.com\/index.php?rest_route=%2Fwp%2Fv2%2Fcomments&post=100062"}],"version-history":[{"count":3,"href":"https:\/\/www.prijedordanas.com\/index.php?rest_route=\/wp\/v2\/posts\/100062\/revisions"}],"predecessor-version":[{"id":100066,"href":"https:\/\/www.prijedordanas.com\/index.php?rest_route=\/wp\/v2\/posts\/100062\/revisions\/100066"}],"wp:attachment":[{"href":"https:\/\/www.prijedordanas.com\/index.php?rest_route=%2Fwp%2Fv2%2Fmedia&parent=100062"}],"wp:term":[{"taxonomy":"category","embeddable":true,"href":"https:\/\/www.prijedordanas.com\/index.php?rest_route=%2Fwp%2Fv2%2Fcategories&post=100062"},{"taxonomy":"post_tag","embeddable":true,"href":"https:\/\/www.prijedordanas.com\/index.php?rest_route=%2Fwp%2Fv2%2Ftags&post=100062"}],"curies":[{"name":"wp","href":"https:\/\/api.w.org\/{rel}","templated":true}]}}