{"id":100032,"date":"2018-03-06T14:10:18","date_gmt":"2018-03-06T13:10:18","guid":{"rendered":"https:\/\/www.prijedordanas.com\/?p=100032"},"modified":"2018-03-06T14:10:18","modified_gmt":"2018-03-06T13:10:18","slug":"mladi-u-prijedoru-ne-vjeruju-da-se-posla-moze-doci-na-posten-nacin","status":"publish","type":"post","link":"https:\/\/www.prijedordanas.com\/?p=100032","title":{"rendered":"MLADI U PRIJEDORU NE VJERUJU DA SE DO POSLA MO\u017dE DO\u0106I NA PO\u0160TEN NA\u010cIN"},"content":{"rendered":"<p><a href=\"https:\/\/www.prijedordanas.com\/wp-content\/uploads\/2018\/03\/blic-mladi-posao-1.jpg\"><img loading=\"lazy\" decoding=\"async\" class=\"alignleft size-medium wp-image-100033\" src=\"https:\/\/www.prijedordanas.com\/wp-content\/uploads\/2018\/03\/blic-mladi-posao-1-300x225.jpg\" alt=\"\" width=\"300\" height=\"225\" srcset=\"https:\/\/www.prijedordanas.com\/wp-content\/uploads\/2018\/03\/blic-mladi-posao-1-300x225.jpg 300w, https:\/\/www.prijedordanas.com\/wp-content\/uploads\/2018\/03\/blic-mladi-posao-1-100x75.jpg 100w, https:\/\/www.prijedordanas.com\/wp-content\/uploads\/2018\/03\/blic-mladi-posao-1-640x480.jpg 640w, https:\/\/www.prijedordanas.com\/wp-content\/uploads\/2018\/03\/blic-mladi-posao-1.jpg 667w\" sizes=\"(max-width: 300px) 100vw, 300px\" \/><\/a>Na posljednji javni poziv za zapo\u0161ljavanje mladih u Prijedoru nije se prijavio potreban broj zainteresovanih, zbog \u010dega je rok produ\u017een do polovine marta.<\/p>\n<p>Rije\u010d je o pozivu za inkubator poslovnih ideja koji realizuju grad Prijedor, Agencija za ekonomski razvoj grada Prijedora (PREDA) i Projekat zapo\u0161ljavanja mladih ( YEP) iz Sarajeva, uz pomo\u0107 Vlade \u0160vajcarske. Za mjesec dana trajanja poziva prijavilo se tek 15 Prijedor\u010dana, \u0161to je mnogo manje od planiranih 50 kandidata.<\/p>\n<p>Projekt menad\u017eer PREDE Branislav Vujasin ka\u017ee za \u201eEuroBlic\u201c da je slab odziv bio i razlog za produ\u017eenje roka za prijave.<\/p>\n<p>&#8211; Mo\u017eda je broj od 50 u\u010desnika preambiciozan, jer Prijedor je manji grad i ne mo\u017ee se porediti sa Sarajevom. Mo\u017eda nisu gra\u0111ani dobro informisani ili je bilo lo\u0161e vrijeme za pokretanje javnog poziva \u2013 ka\u017ee Vujasin.<\/p>\n<p>Navodi da na prijedorskom Birou ima oko 3.000 nezaposlenih do 35 godina koji mogu da se prijave na ovaj poziv.<\/p>\n<p>&#8211; Smatram da je bitnija poslovna ideja koju \u0107e prijaviti kandidati nego sam broj u\u010desnika &#8211; isti\u010de on.<\/p>\n<p><a href=\"https:\/\/www.prijedordanas.com\/wp-content\/uploads\/2018\/03\/blic-mladi-posao-2.jpg\"><img loading=\"lazy\" decoding=\"async\" class=\"alignleft size-medium wp-image-100034\" src=\"https:\/\/www.prijedordanas.com\/wp-content\/uploads\/2018\/03\/blic-mladi-posao-2-300x225.jpg\" alt=\"\" width=\"300\" height=\"225\" srcset=\"https:\/\/www.prijedordanas.com\/wp-content\/uploads\/2018\/03\/blic-mladi-posao-2-300x225.jpg 300w, https:\/\/www.prijedordanas.com\/wp-content\/uploads\/2018\/03\/blic-mladi-posao-2-100x75.jpg 100w, https:\/\/www.prijedordanas.com\/wp-content\/uploads\/2018\/03\/blic-mladi-posao-2-640x480.jpg 640w, https:\/\/www.prijedordanas.com\/wp-content\/uploads\/2018\/03\/blic-mladi-posao-2.jpg 667w\" sizes=\"(max-width: 300px) 100vw, 300px\" \/><\/a>Navodi da \u0107e Komisija, koju \u0107e \u010diniti predstavnici YEP projekta i grada, izabrati one koji zadovolje uslove.<\/p>\n<p>&#8211; Prednost smo dali mladima koji \u0107e tokom nekoliko mjeseci imati nadzor stru\u010dnjaka za oblast kojom \u017eele da se bave. Dobi\u0107e i konkretnu pomo\u0107 kao \u0161to su ma\u0161ine ili oprema, ali ne novac &#8211; obja\u0161njava Vujasin. Dodaje da grad Prijedor u ovom projektu u\u010destvuje sa 15.000 KM, ali kolika je ukupna vrijednost projekta nije mogao precizirati.<\/p>\n<p>Iz prijedorskog Centra za mlade \u201eKvart\u201c ka\u017eu da bi javni pozivi za zapo\u0161ljavanje mladih trebalo da budu bolje promovisani, te da je ina\u010de broj ovakvih poziva nedovoljan.<\/p>\n<p>&#8211; Kada je slab odziv mladih, jasno je da poziv nije dovoljno promovisan, ali to je samo jedan od uzroka jer razlozi za nezainteresovanost su i u op\u0161toj dru\u0161tvenoj klimi i vrijednostima &#8211; ka\u017ee Goran Zori\u0107, izvr\u0161ni direktor \u201eKvarta\u201c.<\/p>\n<p>Navodi da bi cijelo dru\u0161tvo, trebalo da povede ra\u010duna o stanju u kojem se na\u0161la populacija mladih.<\/p>\n<p>&#8211; Radi se o tome da mali broj osoba vjeruje da se na po\u0161ten na\u010din u na\u0161em dru\u0161tvu mo\u017ee do\u0107i do pristojno pla\u0107enog posla. Kod mladih dominiraju stavovi da se vi\u0161e isplati u\u010dlaniti u politi\u010dku partiju nego ulagati u sebe i sticati nove vje\u0161tine, ali mladi su jednostavno nau\u010deni na takvo stanje &#8211; isti\u010de Zori\u0107.<\/p>\n<p>Dodaje da zbog takvog stanja, u kombinaciji sa op\u0161tom letargijom, pasivno\u0161\u0107u i osje\u0107ajem bespomo\u0107nosti, mladi ne poku\u0161avaju da pobolj\u0161aju svoj polo\u017eaj u dru\u0161tvu.<\/p>\n<p>Organizacije bez poziva<\/p>\n<p>Iz Centra za mlade \u201eKvart\u201c ka\u017eu da ne dobijaju pozive za zapo\u0161ljavanje mladih koje bi oni dalje promovisali, te da ne u\u010destvuju u projektima za zapo\u0161ljavanje mladih. Ina\u010de, omladinski sektor \u010dini 17 organizacija mladih, \u0161to je vi\u0161e od broja prijavljenih na posljednji poziv za zapo\u0161ljavanje mladih.<\/p>\n<p>EuroBlic<\/p>\n","protected":false},"excerpt":{"rendered":"<p>Na posljednji javni poziv za zapo\u0161ljavanje mladih u Prijedoru nije se prijavio potreban broj zainteresovanih, zbog \u010dega je rok produ\u017een do polovine marta. Rije\u010d je o pozivu za inkubator poslovnih [&hellip;]<\/p>\n","protected":false},"author":1,"featured_media":0,"comment_status":"closed","ping_status":"open","sticky":false,"template":"","format":"standard","meta":{"_monsterinsights_skip_tracking":false,"_monsterinsights_sitenote_active":false,"_monsterinsights_sitenote_note":"","_monsterinsights_sitenote_category":0,"footnotes":""},"categories":[7518],"tags":[143,597],"yoast_head":"<!-- This site is optimized with the Yoast SEO plugin v21.6 - https:\/\/yoast.com\/wordpress\/plugins\/seo\/ -->\n<title>MLADI U PRIJEDORU NE VJERUJU DA SE DO POSLA MO\u017dE DO\u0106I NA PO\u0160TEN NA\u010cIN - PrijedorDanas.com - Prijedorski gradski portal<\/title>\n<meta name=\"robots\" content=\"index, follow, max-snippet:-1, max-image-preview:large, max-video-preview:-1\" \/>\n<link rel=\"canonical\" href=\"https:\/\/www.prijedordanas.com\/?p=100032\" \/>\n<meta property=\"og:locale\" content=\"en_US\" \/>\n<meta property=\"og:type\" content=\"article\" \/>\n<meta property=\"og:title\" content=\"MLADI U PRIJEDORU NE VJERUJU DA SE DO POSLA MO\u017dE DO\u0106I NA PO\u0160TEN NA\u010cIN - PrijedorDanas.com - Prijedorski gradski portal\" \/>\n<meta property=\"og:description\" content=\"Na posljednji javni poziv za zapo\u0161ljavanje mladih u Prijedoru nije se prijavio potreban broj zainteresovanih, zbog \u010dega je rok produ\u017een do polovine marta. Rije\u010d je o pozivu za inkubator poslovnih [&hellip;]\" \/>\n<meta property=\"og:url\" content=\"https:\/\/www.prijedordanas.com\/?p=100032\" \/>\n<meta property=\"og:site_name\" content=\"PrijedorDanas.com - Prijedorski gradski portal\" \/>\n<meta property=\"article:publisher\" content=\"https:\/\/www.facebook.com\/PrijedorDanasCom\/\" \/>\n<meta property=\"article:published_time\" content=\"2018-03-06T13:10:18+00:00\" \/>\n<meta property=\"og:image\" content=\"https:\/\/www.prijedordanas.com\/wp-content\/uploads\/2018\/03\/blic-mladi-posao-1-300x225.jpg\" \/>\n<meta name=\"author\" content=\"admin\" \/>\n<meta name=\"twitter:card\" content=\"summary_large_image\" \/>\n<meta name=\"twitter:label1\" content=\"Written by\" \/>\n\t<meta name=\"twitter:data1\" content=\"admin\" \/>\n\t<meta name=\"twitter:label2\" content=\"Est. reading time\" \/>\n\t<meta name=\"twitter:data2\" content=\"3 minutes\" \/>\n<script type=\"application\/ld+json\" class=\"yoast-schema-graph\">{\"@context\":\"https:\/\/schema.org\",\"@graph\":[{\"@type\":\"Article\",\"@id\":\"https:\/\/www.prijedordanas.com\/?p=100032#article\",\"isPartOf\":{\"@id\":\"https:\/\/www.prijedordanas.com\/?p=100032\"},\"author\":{\"name\":\"admin\",\"@id\":\"https:\/\/www.prijedordanas.com\/#\/schema\/person\/4e08ccf29b506ca916ff86d46bb700e6\"},\"headline\":\"MLADI U PRIJEDORU NE VJERUJU DA SE DO POSLA MO\u017dE DO\u0106I NA PO\u0160TEN NA\u010cIN\",\"datePublished\":\"2018-03-06T13:10:18+00:00\",\"dateModified\":\"2018-03-06T13:10:18+00:00\",\"mainEntityOfPage\":{\"@id\":\"https:\/\/www.prijedordanas.com\/?p=100032\"},\"wordCount\":519,\"publisher\":{\"@id\":\"https:\/\/www.prijedordanas.com\/#organization\"},\"keywords\":[\"mladi\",\"posao\"],\"articleSection\":[\"Mladi\"],\"inLanguage\":\"en-US\"},{\"@type\":\"WebPage\",\"@id\":\"https:\/\/www.prijedordanas.com\/?p=100032\",\"url\":\"https:\/\/www.prijedordanas.com\/?p=100032\",\"name\":\"MLADI U PRIJEDORU NE VJERUJU DA SE DO POSLA MO\u017dE DO\u0106I NA PO\u0160TEN NA\u010cIN - PrijedorDanas.com - Prijedorski gradski portal\",\"isPartOf\":{\"@id\":\"https:\/\/www.prijedordanas.com\/#website\"},\"datePublished\":\"2018-03-06T13:10:18+00:00\",\"dateModified\":\"2018-03-06T13:10:18+00:00\",\"breadcrumb\":{\"@id\":\"https:\/\/www.prijedordanas.com\/?p=100032#breadcrumb\"},\"inLanguage\":\"en-US\",\"potentialAction\":[{\"@type\":\"ReadAction\",\"target\":[\"https:\/\/www.prijedordanas.com\/?p=100032\"]}]},{\"@type\":\"BreadcrumbList\",\"@id\":\"https:\/\/www.prijedordanas.com\/?p=100032#breadcrumb\",\"itemListElement\":[{\"@type\":\"ListItem\",\"position\":1,\"name\":\"Home\",\"item\":\"https:\/\/www.prijedordanas.com\/\"},{\"@type\":\"ListItem\",\"position\":2,\"name\":\"MLADI U PRIJEDORU NE VJERUJU DA SE DO POSLA MO\u017dE DO\u0106I NA PO\u0160TEN NA\u010cIN\"}]},{\"@type\":\"WebSite\",\"@id\":\"https:\/\/www.prijedordanas.com\/#website\",\"url\":\"https:\/\/www.prijedordanas.com\/\",\"name\":\"PrijedorDanas.com - Prijedorski gradski portal\",\"description\":\"Portal o doga\u0111anjima u gradu Prijedoru\",\"publisher\":{\"@id\":\"https:\/\/www.prijedordanas.com\/#organization\"},\"potentialAction\":[{\"@type\":\"SearchAction\",\"target\":{\"@type\":\"EntryPoint\",\"urlTemplate\":\"https:\/\/www.prijedordanas.com\/?s={search_term_string}\"},\"query-input\":\"required name=search_term_string\"}],\"inLanguage\":\"en-US\"},{\"@type\":\"Organization\",\"@id\":\"https:\/\/www.prijedordanas.com\/#organization\",\"name\":\"PrijedorDanas.com\",\"url\":\"https:\/\/www.prijedordanas.com\/\",\"logo\":{\"@type\":\"ImageObject\",\"inLanguage\":\"en-US\",\"@id\":\"https:\/\/www.prijedordanas.com\/#\/schema\/logo\/image\/\",\"url\":\"http:\/\/www.prijedordanas.com\/wp-content\/uploads\/2021\/12\/logopng.png\",\"contentUrl\":\"http:\/\/www.prijedordanas.com\/wp-content\/uploads\/2021\/12\/logopng.png\",\"width\":1019,\"height\":776,\"caption\":\"PrijedorDanas.com\"},\"image\":{\"@id\":\"https:\/\/www.prijedordanas.com\/#\/schema\/logo\/image\/\"},\"sameAs\":[\"https:\/\/www.facebook.com\/PrijedorDanasCom\/\"]},{\"@type\":\"Person\",\"@id\":\"https:\/\/www.prijedordanas.com\/#\/schema\/person\/4e08ccf29b506ca916ff86d46bb700e6\",\"name\":\"admin\",\"image\":{\"@type\":\"ImageObject\",\"inLanguage\":\"en-US\",\"@id\":\"https:\/\/www.prijedordanas.com\/#\/schema\/person\/image\/\",\"url\":\"https:\/\/secure.gravatar.com\/avatar\/1d3fc949d550f0b53a5f0d51e06dfd79?s=96&d=mm&r=g\",\"contentUrl\":\"https:\/\/secure.gravatar.com\/avatar\/1d3fc949d550f0b53a5f0d51e06dfd79?s=96&d=mm&r=g\",\"caption\":\"admin\"},\"url\":\"https:\/\/www.prijedordanas.com\/?author=1\"}]}<\/script>\n<!-- \/ Yoast SEO plugin. -->","yoast_head_json":{"title":"MLADI U PRIJEDORU NE VJERUJU DA SE DO POSLA MO\u017dE DO\u0106I NA PO\u0160TEN NA\u010cIN - PrijedorDanas.com - Prijedorski gradski portal","robots":{"index":"index","follow":"follow","max-snippet":"max-snippet:-1","max-image-preview":"max-image-preview:large","max-video-preview":"max-video-preview:-1"},"canonical":"https:\/\/www.prijedordanas.com\/?p=100032","og_locale":"en_US","og_type":"article","og_title":"MLADI U PRIJEDORU NE VJERUJU DA SE DO POSLA MO\u017dE DO\u0106I NA PO\u0160TEN NA\u010cIN - PrijedorDanas.com - Prijedorski gradski portal","og_description":"Na posljednji javni poziv za zapo\u0161ljavanje mladih u Prijedoru nije se prijavio potreban broj zainteresovanih, zbog \u010dega je rok produ\u017een do polovine marta. Rije\u010d je o pozivu za inkubator poslovnih [&hellip;]","og_url":"https:\/\/www.prijedordanas.com\/?p=100032","og_site_name":"PrijedorDanas.com - Prijedorski gradski portal","article_publisher":"https:\/\/www.facebook.com\/PrijedorDanasCom\/","article_published_time":"2018-03-06T13:10:18+00:00","og_image":[{"url":"https:\/\/www.prijedordanas.com\/wp-content\/uploads\/2018\/03\/blic-mladi-posao-1-300x225.jpg"}],"author":"admin","twitter_card":"summary_large_image","twitter_misc":{"Written by":"admin","Est. reading time":"3 minutes"},"schema":{"@context":"https:\/\/schema.org","@graph":[{"@type":"Article","@id":"https:\/\/www.prijedordanas.com\/?p=100032#article","isPartOf":{"@id":"https:\/\/www.prijedordanas.com\/?p=100032"},"author":{"name":"admin","@id":"https:\/\/www.prijedordanas.com\/#\/schema\/person\/4e08ccf29b506ca916ff86d46bb700e6"},"headline":"MLADI U PRIJEDORU NE VJERUJU DA SE DO POSLA MO\u017dE DO\u0106I NA PO\u0160TEN NA\u010cIN","datePublished":"2018-03-06T13:10:18+00:00","dateModified":"2018-03-06T13:10:18+00:00","mainEntityOfPage":{"@id":"https:\/\/www.prijedordanas.com\/?p=100032"},"wordCount":519,"publisher":{"@id":"https:\/\/www.prijedordanas.com\/#organization"},"keywords":["mladi","posao"],"articleSection":["Mladi"],"inLanguage":"en-US"},{"@type":"WebPage","@id":"https:\/\/www.prijedordanas.com\/?p=100032","url":"https:\/\/www.prijedordanas.com\/?p=100032","name":"MLADI U PRIJEDORU NE VJERUJU DA SE DO POSLA MO\u017dE DO\u0106I NA PO\u0160TEN NA\u010cIN - PrijedorDanas.com - Prijedorski gradski portal","isPartOf":{"@id":"https:\/\/www.prijedordanas.com\/#website"},"datePublished":"2018-03-06T13:10:18+00:00","dateModified":"2018-03-06T13:10:18+00:00","breadcrumb":{"@id":"https:\/\/www.prijedordanas.com\/?p=100032#breadcrumb"},"inLanguage":"en-US","potentialAction":[{"@type":"ReadAction","target":["https:\/\/www.prijedordanas.com\/?p=100032"]}]},{"@type":"BreadcrumbList","@id":"https:\/\/www.prijedordanas.com\/?p=100032#breadcrumb","itemListElement":[{"@type":"ListItem","position":1,"name":"Home","item":"https:\/\/www.prijedordanas.com\/"},{"@type":"ListItem","position":2,"name":"MLADI U PRIJEDORU NE VJERUJU DA SE DO POSLA MO\u017dE DO\u0106I NA PO\u0160TEN NA\u010cIN"}]},{"@type":"WebSite","@id":"https:\/\/www.prijedordanas.com\/#website","url":"https:\/\/www.prijedordanas.com\/","name":"PrijedorDanas.com - Prijedorski gradski portal","description":"Portal o doga\u0111anjima u gradu Prijedoru","publisher":{"@id":"https:\/\/www.prijedordanas.com\/#organization"},"potentialAction":[{"@type":"SearchAction","target":{"@type":"EntryPoint","urlTemplate":"https:\/\/www.prijedordanas.com\/?s={search_term_string}"},"query-input":"required name=search_term_string"}],"inLanguage":"en-US"},{"@type":"Organization","@id":"https:\/\/www.prijedordanas.com\/#organization","name":"PrijedorDanas.com","url":"https:\/\/www.prijedordanas.com\/","logo":{"@type":"ImageObject","inLanguage":"en-US","@id":"https:\/\/www.prijedordanas.com\/#\/schema\/logo\/image\/","url":"http:\/\/www.prijedordanas.com\/wp-content\/uploads\/2021\/12\/logopng.png","contentUrl":"http:\/\/www.prijedordanas.com\/wp-content\/uploads\/2021\/12\/logopng.png","width":1019,"height":776,"caption":"PrijedorDanas.com"},"image":{"@id":"https:\/\/www.prijedordanas.com\/#\/schema\/logo\/image\/"},"sameAs":["https:\/\/www.facebook.com\/PrijedorDanasCom\/"]},{"@type":"Person","@id":"https:\/\/www.prijedordanas.com\/#\/schema\/person\/4e08ccf29b506ca916ff86d46bb700e6","name":"admin","image":{"@type":"ImageObject","inLanguage":"en-US","@id":"https:\/\/www.prijedordanas.com\/#\/schema\/person\/image\/","url":"https:\/\/secure.gravatar.com\/avatar\/1d3fc949d550f0b53a5f0d51e06dfd79?s=96&d=mm&r=g","contentUrl":"https:\/\/secure.gravatar.com\/avatar\/1d3fc949d550f0b53a5f0d51e06dfd79?s=96&d=mm&r=g","caption":"admin"},"url":"https:\/\/www.prijedordanas.com\/?author=1"}]}},"_links":{"self":[{"href":"https:\/\/www.prijedordanas.com\/index.php?rest_route=\/wp\/v2\/posts\/100032"}],"collection":[{"href":"https:\/\/www.prijedordanas.com\/index.php?rest_route=\/wp\/v2\/posts"}],"about":[{"href":"https:\/\/www.prijedordanas.com\/index.php?rest_route=\/wp\/v2\/types\/post"}],"author":[{"embeddable":true,"href":"https:\/\/www.prijedordanas.com\/index.php?rest_route=\/wp\/v2\/users\/1"}],"replies":[{"embeddable":true,"href":"https:\/\/www.prijedordanas.com\/index.php?rest_route=%2Fwp%2Fv2%2Fcomments&post=100032"}],"version-history":[{"count":1,"href":"https:\/\/www.prijedordanas.com\/index.php?rest_route=\/wp\/v2\/posts\/100032\/revisions"}],"predecessor-version":[{"id":100035,"href":"https:\/\/www.prijedordanas.com\/index.php?rest_route=\/wp\/v2\/posts\/100032\/revisions\/100035"}],"wp:attachment":[{"href":"https:\/\/www.prijedordanas.com\/index.php?rest_route=%2Fwp%2Fv2%2Fmedia&parent=100032"}],"wp:term":[{"taxonomy":"category","embeddable":true,"href":"https:\/\/www.prijedordanas.com\/index.php?rest_route=%2Fwp%2Fv2%2Fcategories&post=100032"},{"taxonomy":"post_tag","embeddable":true,"href":"https:\/\/www.prijedordanas.com\/index.php?rest_route=%2Fwp%2Fv2%2Ftags&post=100032"}],"curies":[{"name":"wp","href":"https:\/\/api.w.org\/{rel}","templated":true}]}}