{"id":100030,"date":"2018-03-06T13:22:05","date_gmt":"2018-03-06T12:22:05","guid":{"rendered":"https:\/\/www.prijedordanas.com\/?p=100030"},"modified":"2018-03-06T13:22:05","modified_gmt":"2018-03-06T12:22:05","slug":"nestasica-ogrevnog-drveta-metar-kosta-100-km-video","status":"publish","type":"post","link":"https:\/\/www.prijedordanas.com\/?p=100030","title":{"rendered":"NESTA\u0160ICA OGREVNOG DRVETA: METAR KO\u0160TA I DO 100 KM \u2013 VIDEO"},"content":{"rendered":"<p><a href=\"https:\/\/www.prijedordanas.com\/wp-content\/uploads\/2018\/03\/rtrs-ogrevno-drvo.jpg\"><img loading=\"lazy\" decoding=\"async\" src=\"https:\/\/www.prijedordanas.com\/wp-content\/uploads\/2018\/03\/rtrs-ogrevno-drvo-300x225.jpg\" alt=\"\" width=\"300\" height=\"225\" class=\"alignleft size-medium wp-image-100025\" srcset=\"https:\/\/www.prijedordanas.com\/wp-content\/uploads\/2018\/03\/rtrs-ogrevno-drvo-300x225.jpg 300w, https:\/\/www.prijedordanas.com\/wp-content\/uploads\/2018\/03\/rtrs-ogrevno-drvo-100x75.jpg 100w, https:\/\/www.prijedordanas.com\/wp-content\/uploads\/2018\/03\/rtrs-ogrevno-drvo-640x480.jpg 640w, https:\/\/www.prijedordanas.com\/wp-content\/uploads\/2018\/03\/rtrs-ogrevno-drvo.jpg 666w\" sizes=\"(max-width: 300px) 100vw, 300px\" \/><\/a>Zima koja se odu\u017eila, prac\u0301ena niskim temperaturama, donijela je velike probleme domac\u0301instvima koja se griju na drvo. Zbog nesta\u0161ice i velike potra\u017enje za ogrevnim drvetom, ovaj energent je poskupio, a cijena za kubni metar dosti\u017ee i 100 KM. Nagla poskupljenja osu\u0111uju udru\u017eenja za za\u0161titu potro\u0161a\u010da, ali i gra\u0111ani.<\/p>\n<p>Iako je drva za ogrev na vrijeme obezbijedila, prijedorska porodica Radulovic\u0301 u velikom je problemu. Zalihe su potro\u0161ene, a zbog jake zime koja se odu\u017eila, da bi zagrijali domac\u0301instvo i poslovni objekat prinu\u0111eni su da ovih dana kupuju drvo, i to po cijeni znatno vi\u0161oj od one u sezoni.<\/p>\n<p>&#8211; Metar drva ko\u0161ta od 80 do 100 KM. I to je bezizlazno stanje, idemo u minus do aprila &#8211; ka\u017ee Rada Radulovic\u0301.<\/p>\n<p>Dok potro\u0161a\u010di, zbog naglog poskupljenja ogrjevnog drveta, sabiraju minuse u nov\u010daniku, trgovci ubiru ekstra profit. Za rast cijene, ka\u017eu, postoje jasni razlozi- nedavno poskupljenje goriva, ali i lo\u0161e vrijeme i visok snijeg, koji ote\u017eavaju sje\u010du i pripremanje drveta.<\/p>\n<p>Poslije niza poskupljenja, ovo je samo jo\u0161 jedan udar na bud\u017eet stanovni\u0161tva, kategori\u010dni su u prijedorskom Udru\u017eenju za za\u0161titu potro\u0161a\u010da.<\/p>\n<p>&#8211; Sada c\u0301e koristiti priliku, kakvi su uslovi tako c\u0301e i te cijene ic\u0301i gore, \u0161to svakako nije dobro iz ugla potro\u0161a\u010da. Smatramo da ne treba tako drasti\u010dno da se povec\u0301avaju cijene &#8211; ka\u017ee Murisa Maric\u0301, predsjednica ovog udru\u017eenja.<\/p>\n<p>I dok se trgovci ogrevom nadaju \u0161to du\u017eoj zimi i dodatnoj zaradi, krajnji potro\u0161a\u010di sa zebnjom o\u010dekuju proljec\u0301no sunce i \u0161to skoriji kraj grijne sezone. Ove godine ih je skupo ko\u0161tala.<\/p>\n<p>RTRS<\/p>\n<p><iframe loading=\"lazy\" width=\"500\" height=\"281\" src=\"https:\/\/www.youtube.com\/embed\/aNa83sZkbjw?feature=oembed\" frameborder=\"0\" allow=\"autoplay; encrypted-media\" allowfullscreen><\/iframe><\/p>\n","protected":false},"excerpt":{"rendered":"<p>Zima koja se odu\u017eila, prac\u0301ena niskim temperaturama, donijela je velike probleme domac\u0301instvima koja se griju na drvo. Zbog nesta\u0161ice i velike potra\u017enje za ogrevnim drvetom, ovaj energent je poskupio, a [&hellip;]<\/p>\n","protected":false},"author":1,"featured_media":0,"comment_status":"closed","ping_status":"open","sticky":false,"template":"","format":"standard","meta":{"_monsterinsights_skip_tracking":false,"_monsterinsights_sitenote_active":false,"_monsterinsights_sitenote_note":"","_monsterinsights_sitenote_category":0,"footnotes":""},"categories":[4],"tags":[4926],"yoast_head":"<!-- This site is optimized with the Yoast SEO plugin v21.6 - https:\/\/yoast.com\/wordpress\/plugins\/seo\/ -->\n<title>NESTA\u0160ICA OGREVNOG DRVETA: METAR KO\u0160TA I DO 100 KM \u2013 VIDEO - PrijedorDanas.com - Prijedorski gradski portal<\/title>\n<meta name=\"robots\" content=\"index, follow, max-snippet:-1, max-image-preview:large, max-video-preview:-1\" \/>\n<link rel=\"canonical\" href=\"https:\/\/www.prijedordanas.com\/?p=100030\" \/>\n<meta property=\"og:locale\" content=\"en_US\" \/>\n<meta property=\"og:type\" content=\"article\" \/>\n<meta property=\"og:title\" content=\"NESTA\u0160ICA OGREVNOG DRVETA: METAR KO\u0160TA I DO 100 KM \u2013 VIDEO - PrijedorDanas.com - Prijedorski gradski portal\" \/>\n<meta property=\"og:description\" content=\"Zima koja se odu\u017eila, prac\u0301ena niskim temperaturama, donijela je velike probleme domac\u0301instvima koja se griju na drvo. Zbog nesta\u0161ice i velike potra\u017enje za ogrevnim drvetom, ovaj energent je poskupio, a [&hellip;]\" \/>\n<meta property=\"og:url\" content=\"https:\/\/www.prijedordanas.com\/?p=100030\" \/>\n<meta property=\"og:site_name\" content=\"PrijedorDanas.com - Prijedorski gradski portal\" \/>\n<meta property=\"article:publisher\" content=\"https:\/\/www.facebook.com\/PrijedorDanasCom\/\" \/>\n<meta property=\"article:published_time\" content=\"2018-03-06T12:22:05+00:00\" \/>\n<meta property=\"og:image\" content=\"https:\/\/www.prijedordanas.com\/wp-content\/uploads\/2018\/03\/rtrs-ogrevno-drvo-300x225.jpg\" \/>\n<meta name=\"author\" content=\"admin\" \/>\n<meta name=\"twitter:card\" content=\"summary_large_image\" \/>\n<meta name=\"twitter:label1\" content=\"Written by\" \/>\n\t<meta name=\"twitter:data1\" content=\"admin\" \/>\n\t<meta name=\"twitter:label2\" content=\"Est. reading time\" \/>\n\t<meta name=\"twitter:data2\" content=\"1 minute\" \/>\n<script type=\"application\/ld+json\" class=\"yoast-schema-graph\">{\"@context\":\"https:\/\/schema.org\",\"@graph\":[{\"@type\":\"Article\",\"@id\":\"https:\/\/www.prijedordanas.com\/?p=100030#article\",\"isPartOf\":{\"@id\":\"https:\/\/www.prijedordanas.com\/?p=100030\"},\"author\":{\"name\":\"admin\",\"@id\":\"https:\/\/www.prijedordanas.com\/#\/schema\/person\/4e08ccf29b506ca916ff86d46bb700e6\"},\"headline\":\"NESTA\u0160ICA OGREVNOG DRVETA: METAR KO\u0160TA I DO 100 KM \u2013 VIDEO\",\"datePublished\":\"2018-03-06T12:22:05+00:00\",\"dateModified\":\"2018-03-06T12:22:05+00:00\",\"mainEntityOfPage\":{\"@id\":\"https:\/\/www.prijedordanas.com\/?p=100030\"},\"wordCount\":310,\"publisher\":{\"@id\":\"https:\/\/www.prijedordanas.com\/#organization\"},\"keywords\":[\"ogrev\"],\"articleSection\":[\"Dru\u0161tvo\"],\"inLanguage\":\"en-US\"},{\"@type\":\"WebPage\",\"@id\":\"https:\/\/www.prijedordanas.com\/?p=100030\",\"url\":\"https:\/\/www.prijedordanas.com\/?p=100030\",\"name\":\"NESTA\u0160ICA OGREVNOG DRVETA: METAR KO\u0160TA I DO 100 KM \u2013 VIDEO - PrijedorDanas.com - Prijedorski gradski portal\",\"isPartOf\":{\"@id\":\"https:\/\/www.prijedordanas.com\/#website\"},\"datePublished\":\"2018-03-06T12:22:05+00:00\",\"dateModified\":\"2018-03-06T12:22:05+00:00\",\"breadcrumb\":{\"@id\":\"https:\/\/www.prijedordanas.com\/?p=100030#breadcrumb\"},\"inLanguage\":\"en-US\",\"potentialAction\":[{\"@type\":\"ReadAction\",\"target\":[\"https:\/\/www.prijedordanas.com\/?p=100030\"]}]},{\"@type\":\"BreadcrumbList\",\"@id\":\"https:\/\/www.prijedordanas.com\/?p=100030#breadcrumb\",\"itemListElement\":[{\"@type\":\"ListItem\",\"position\":1,\"name\":\"Home\",\"item\":\"https:\/\/www.prijedordanas.com\/\"},{\"@type\":\"ListItem\",\"position\":2,\"name\":\"NESTA\u0160ICA OGREVNOG DRVETA: METAR KO\u0160TA I DO 100 KM \u2013 VIDEO\"}]},{\"@type\":\"WebSite\",\"@id\":\"https:\/\/www.prijedordanas.com\/#website\",\"url\":\"https:\/\/www.prijedordanas.com\/\",\"name\":\"PrijedorDanas.com - Prijedorski gradski portal\",\"description\":\"Portal o doga\u0111anjima u gradu Prijedoru\",\"publisher\":{\"@id\":\"https:\/\/www.prijedordanas.com\/#organization\"},\"potentialAction\":[{\"@type\":\"SearchAction\",\"target\":{\"@type\":\"EntryPoint\",\"urlTemplate\":\"https:\/\/www.prijedordanas.com\/?s={search_term_string}\"},\"query-input\":\"required name=search_term_string\"}],\"inLanguage\":\"en-US\"},{\"@type\":\"Organization\",\"@id\":\"https:\/\/www.prijedordanas.com\/#organization\",\"name\":\"PrijedorDanas.com\",\"url\":\"https:\/\/www.prijedordanas.com\/\",\"logo\":{\"@type\":\"ImageObject\",\"inLanguage\":\"en-US\",\"@id\":\"https:\/\/www.prijedordanas.com\/#\/schema\/logo\/image\/\",\"url\":\"http:\/\/www.prijedordanas.com\/wp-content\/uploads\/2021\/12\/logopng.png\",\"contentUrl\":\"http:\/\/www.prijedordanas.com\/wp-content\/uploads\/2021\/12\/logopng.png\",\"width\":1019,\"height\":776,\"caption\":\"PrijedorDanas.com\"},\"image\":{\"@id\":\"https:\/\/www.prijedordanas.com\/#\/schema\/logo\/image\/\"},\"sameAs\":[\"https:\/\/www.facebook.com\/PrijedorDanasCom\/\"]},{\"@type\":\"Person\",\"@id\":\"https:\/\/www.prijedordanas.com\/#\/schema\/person\/4e08ccf29b506ca916ff86d46bb700e6\",\"name\":\"admin\",\"image\":{\"@type\":\"ImageObject\",\"inLanguage\":\"en-US\",\"@id\":\"https:\/\/www.prijedordanas.com\/#\/schema\/person\/image\/\",\"url\":\"https:\/\/secure.gravatar.com\/avatar\/1d3fc949d550f0b53a5f0d51e06dfd79?s=96&d=mm&r=g\",\"contentUrl\":\"https:\/\/secure.gravatar.com\/avatar\/1d3fc949d550f0b53a5f0d51e06dfd79?s=96&d=mm&r=g\",\"caption\":\"admin\"},\"url\":\"https:\/\/www.prijedordanas.com\/?author=1\"}]}<\/script>\n<!-- \/ Yoast SEO plugin. -->","yoast_head_json":{"title":"NESTA\u0160ICA OGREVNOG DRVETA: METAR KO\u0160TA I DO 100 KM \u2013 VIDEO - PrijedorDanas.com - Prijedorski gradski portal","robots":{"index":"index","follow":"follow","max-snippet":"max-snippet:-1","max-image-preview":"max-image-preview:large","max-video-preview":"max-video-preview:-1"},"canonical":"https:\/\/www.prijedordanas.com\/?p=100030","og_locale":"en_US","og_type":"article","og_title":"NESTA\u0160ICA OGREVNOG DRVETA: METAR KO\u0160TA I DO 100 KM \u2013 VIDEO - PrijedorDanas.com - Prijedorski gradski portal","og_description":"Zima koja se odu\u017eila, prac\u0301ena niskim temperaturama, donijela je velike probleme domac\u0301instvima koja se griju na drvo. Zbog nesta\u0161ice i velike potra\u017enje za ogrevnim drvetom, ovaj energent je poskupio, a [&hellip;]","og_url":"https:\/\/www.prijedordanas.com\/?p=100030","og_site_name":"PrijedorDanas.com - Prijedorski gradski portal","article_publisher":"https:\/\/www.facebook.com\/PrijedorDanasCom\/","article_published_time":"2018-03-06T12:22:05+00:00","og_image":[{"url":"https:\/\/www.prijedordanas.com\/wp-content\/uploads\/2018\/03\/rtrs-ogrevno-drvo-300x225.jpg"}],"author":"admin","twitter_card":"summary_large_image","twitter_misc":{"Written by":"admin","Est. reading time":"1 minute"},"schema":{"@context":"https:\/\/schema.org","@graph":[{"@type":"Article","@id":"https:\/\/www.prijedordanas.com\/?p=100030#article","isPartOf":{"@id":"https:\/\/www.prijedordanas.com\/?p=100030"},"author":{"name":"admin","@id":"https:\/\/www.prijedordanas.com\/#\/schema\/person\/4e08ccf29b506ca916ff86d46bb700e6"},"headline":"NESTA\u0160ICA OGREVNOG DRVETA: METAR KO\u0160TA I DO 100 KM \u2013 VIDEO","datePublished":"2018-03-06T12:22:05+00:00","dateModified":"2018-03-06T12:22:05+00:00","mainEntityOfPage":{"@id":"https:\/\/www.prijedordanas.com\/?p=100030"},"wordCount":310,"publisher":{"@id":"https:\/\/www.prijedordanas.com\/#organization"},"keywords":["ogrev"],"articleSection":["Dru\u0161tvo"],"inLanguage":"en-US"},{"@type":"WebPage","@id":"https:\/\/www.prijedordanas.com\/?p=100030","url":"https:\/\/www.prijedordanas.com\/?p=100030","name":"NESTA\u0160ICA OGREVNOG DRVETA: METAR KO\u0160TA I DO 100 KM \u2013 VIDEO - PrijedorDanas.com - Prijedorski gradski portal","isPartOf":{"@id":"https:\/\/www.prijedordanas.com\/#website"},"datePublished":"2018-03-06T12:22:05+00:00","dateModified":"2018-03-06T12:22:05+00:00","breadcrumb":{"@id":"https:\/\/www.prijedordanas.com\/?p=100030#breadcrumb"},"inLanguage":"en-US","potentialAction":[{"@type":"ReadAction","target":["https:\/\/www.prijedordanas.com\/?p=100030"]}]},{"@type":"BreadcrumbList","@id":"https:\/\/www.prijedordanas.com\/?p=100030#breadcrumb","itemListElement":[{"@type":"ListItem","position":1,"name":"Home","item":"https:\/\/www.prijedordanas.com\/"},{"@type":"ListItem","position":2,"name":"NESTA\u0160ICA OGREVNOG DRVETA: METAR KO\u0160TA I DO 100 KM \u2013 VIDEO"}]},{"@type":"WebSite","@id":"https:\/\/www.prijedordanas.com\/#website","url":"https:\/\/www.prijedordanas.com\/","name":"PrijedorDanas.com - Prijedorski gradski portal","description":"Portal o doga\u0111anjima u gradu Prijedoru","publisher":{"@id":"https:\/\/www.prijedordanas.com\/#organization"},"potentialAction":[{"@type":"SearchAction","target":{"@type":"EntryPoint","urlTemplate":"https:\/\/www.prijedordanas.com\/?s={search_term_string}"},"query-input":"required name=search_term_string"}],"inLanguage":"en-US"},{"@type":"Organization","@id":"https:\/\/www.prijedordanas.com\/#organization","name":"PrijedorDanas.com","url":"https:\/\/www.prijedordanas.com\/","logo":{"@type":"ImageObject","inLanguage":"en-US","@id":"https:\/\/www.prijedordanas.com\/#\/schema\/logo\/image\/","url":"http:\/\/www.prijedordanas.com\/wp-content\/uploads\/2021\/12\/logopng.png","contentUrl":"http:\/\/www.prijedordanas.com\/wp-content\/uploads\/2021\/12\/logopng.png","width":1019,"height":776,"caption":"PrijedorDanas.com"},"image":{"@id":"https:\/\/www.prijedordanas.com\/#\/schema\/logo\/image\/"},"sameAs":["https:\/\/www.facebook.com\/PrijedorDanasCom\/"]},{"@type":"Person","@id":"https:\/\/www.prijedordanas.com\/#\/schema\/person\/4e08ccf29b506ca916ff86d46bb700e6","name":"admin","image":{"@type":"ImageObject","inLanguage":"en-US","@id":"https:\/\/www.prijedordanas.com\/#\/schema\/person\/image\/","url":"https:\/\/secure.gravatar.com\/avatar\/1d3fc949d550f0b53a5f0d51e06dfd79?s=96&d=mm&r=g","contentUrl":"https:\/\/secure.gravatar.com\/avatar\/1d3fc949d550f0b53a5f0d51e06dfd79?s=96&d=mm&r=g","caption":"admin"},"url":"https:\/\/www.prijedordanas.com\/?author=1"}]}},"_links":{"self":[{"href":"https:\/\/www.prijedordanas.com\/index.php?rest_route=\/wp\/v2\/posts\/100030"}],"collection":[{"href":"https:\/\/www.prijedordanas.com\/index.php?rest_route=\/wp\/v2\/posts"}],"about":[{"href":"https:\/\/www.prijedordanas.com\/index.php?rest_route=\/wp\/v2\/types\/post"}],"author":[{"embeddable":true,"href":"https:\/\/www.prijedordanas.com\/index.php?rest_route=\/wp\/v2\/users\/1"}],"replies":[{"embeddable":true,"href":"https:\/\/www.prijedordanas.com\/index.php?rest_route=%2Fwp%2Fv2%2Fcomments&post=100030"}],"version-history":[{"count":1,"href":"https:\/\/www.prijedordanas.com\/index.php?rest_route=\/wp\/v2\/posts\/100030\/revisions"}],"predecessor-version":[{"id":100031,"href":"https:\/\/www.prijedordanas.com\/index.php?rest_route=\/wp\/v2\/posts\/100030\/revisions\/100031"}],"wp:attachment":[{"href":"https:\/\/www.prijedordanas.com\/index.php?rest_route=%2Fwp%2Fv2%2Fmedia&parent=100030"}],"wp:term":[{"taxonomy":"category","embeddable":true,"href":"https:\/\/www.prijedordanas.com\/index.php?rest_route=%2Fwp%2Fv2%2Fcategories&post=100030"},{"taxonomy":"post_tag","embeddable":true,"href":"https:\/\/www.prijedordanas.com\/index.php?rest_route=%2Fwp%2Fv2%2Ftags&post=100030"}],"curies":[{"name":"wp","href":"https:\/\/api.w.org\/{rel}","templated":true}]}}